{"id":449833,"date":"2021-04-18T16:53:54","date_gmt":"2021-04-18T14:53:54","guid":{"rendered":"https:\/\/hudo.com\/si\/?p=449833"},"modified":"2021-04-18T16:53:54","modified_gmt":"2021-04-18T14:53:54","slug":"neznanec-popisal-dohod-pred-hiso-ministra-hojsa-laznivec","status":"publish","type":"post","link":"https:\/\/hudo.com\/si\/aktualno\/slovenija\/neznanec-popisal-dohod-pred-hiso-ministra-hojsa-laznivec\/","title":{"rendered":"Neznanec popisal dohod pred hi\u0161o ministra Hojsa: &#8220;La\u017enivec&#8221;"},"content":{"rendered":"<p>To ni prvi tovrsten dogodek, ko so neznanci popackali plo\u010dnik ali pro\u010delje hi\u0161e katerega od politikov ali stranke. Pri\u0161lo pa je tudi \u017ee do huj\u0161ih incidentov.<\/p>\n<p>V hi\u0161o ob\u010dinske svetnice stranke LM\u0160 v \u010crnomlju Vesne Fabjan je v petek, 9. aprila, zve\u010der neznanec skozi okno vrgel steklenico, ki je bila napolnjena s petrolejem. Ob tem je izbruhnil manj\u0161i po\u017ear, ki so ga doma\u010di pogasili. S Policijske uprave Novo mesto so sporo\u010dili, da kriminalisti opravljajo intenzivno preiskavo.<\/p>\n<p>V stranki LM\u0160 so poudarili, da nobena politi\u010dna ali kakr\u0161nakoli druga dejavnost ne opravi\u010duje tak\u0161nega napada ter da je \u0161e posebej grozljivo to, da je Vesna Fabjan politi\u010dno aktivna in da je bil napad izveden na domu, kjer \u017eivi z dru\u017eino. V LM\u0160 so izrazili pri\u010dakovanje, da bo policija dejanje \u010dim prej raziskala.<\/p>\n<p>Nasilno dejanje je ostro obsodil tudi predsednik republike Borut Pahor. Pozval je k strpnosti in opozoril na pomen medsebojnega spo\u0161tovanja. Napad so z objavo na Twitterju obsodili tudi predsednik vlade Janez Jan\u0161a, prav tako prvak NSi in obrambni minister Matej Tonin ter predsednica SD Tanja Fajon.<\/p>\n","protected":false},"excerpt":{"rendered":"<p> Minister za notranje zadeve Ale\u0161 Hojs je v soboto zve\u010der na Twitterju objavil posnetek fotografije dohoda k hi\u0161i, na kateri je videti zapis &#8220;la\u017enivec (Hojs)&#8221;. &#8220;Danes popoldan na pragu na\u0161e hi\u0161e. Nestrpnost, poblaznelost levi\u010darjev je vse huj\u0161a,&#8221; je dodal v tvitu.<\/p>\n","protected":false},"author":8,"featured_media":449834,"comment_status":"closed","ping_status":"closed","sticky":false,"template":"","format":"standard","meta":{"footnotes":""},"categories":[18201],"tags":[16159,1595,7523],"source":[4511],"supertag":[5675],"acf":[],"yoast_head":"<!-- This site is optimized with the Yoast SEO plugin v21.3 - https:\/\/yoast.com\/wordpress\/plugins\/seo\/ -->\n<title>Neznanec popisal dohod pred hi\u0161o ministra Hojsa: &quot;La\u017enivec&quot; - Hudo Slovenija<\/title>\n<meta name=\"robots\" content=\"index, follow, max-snippet:-1, max-image-preview:large, max-video-preview:-1\" \/>\n<link rel=\"canonical\" href=\"https:\/\/hudo.com\/si\/aktualno\/slovenija\/neznanec-popisal-dohod-pred-hiso-ministra-hojsa-laznivec\/\" \/>\n<meta property=\"og:locale\" content=\"sl_SI\" \/>\n<meta property=\"og:type\" content=\"article\" \/>\n<meta property=\"og:title\" content=\"Neznanec popisal dohod pred hi\u0161o ministra Hojsa: &quot;La\u017enivec&quot; - Hudo Slovenija\" \/>\n<meta property=\"og:description\" content=\"Minister za notranje zadeve Ale\u0161 Hojs je v soboto zve\u010der na Twitterju objavil posnetek fotografije dohoda k hi\u0161i, na kateri je videti zapis &quot;la\u017enivec (Hojs)&quot;. &quot;Danes popoldan na pragu na\u0161e hi\u0161e. Nestrpnost, poblaznelost levi\u010darjev je vse huj\u0161a,&quot; je dodal v tvitu.\" \/>\n<meta property=\"og:url\" content=\"https:\/\/hudo.com\/si\/aktualno\/slovenija\/neznanec-popisal-dohod-pred-hiso-ministra-hojsa-laznivec\/\" \/>\n<meta property=\"og:site_name\" content=\"Hudo Slovenija\" \/>\n<meta property=\"article:publisher\" content=\"https:\/\/www.facebook.com\/hudo.si\" \/>\n<meta property=\"article:published_time\" content=\"2021-04-18T14:53:54+00:00\" \/>\n<meta property=\"og:image\" content=\"https:\/\/hudo.com\/si\/wp-content\/uploads\/sites\/2\/2021\/04\/20210418-01055938.jpg\" \/>\n\t<meta property=\"og:image:width\" content=\"640\" \/>\n\t<meta property=\"og:image:height\" content=\"480\" \/>\n\t<meta property=\"og:image:type\" content=\"image\/jpeg\" \/>\n<meta name=\"author\" content=\"M. N., STA\" \/>\n<meta name=\"twitter:card\" content=\"summary_large_image\" \/>\n<meta name=\"twitter:creator\" content=\"@hudo_si\" \/>\n<meta name=\"twitter:site\" content=\"@hudo_si\" \/>\n<meta name=\"twitter:label1\" content=\"Written by\" \/>\n\t<meta name=\"twitter:data1\" content=\"M. N., STA\" \/>\n\t<meta name=\"twitter:label2\" content=\"Est. reading time\" \/>\n\t<meta name=\"twitter:data2\" content=\"1 minuta\" \/>\n<script type=\"application\/ld+json\" class=\"yoast-schema-graph\">{\"@context\":\"https:\/\/schema.org\",\"@graph\":[{\"@type\":\"Article\",\"@id\":\"https:\/\/hudo.com\/si\/aktualno\/slovenija\/neznanec-popisal-dohod-pred-hiso-ministra-hojsa-laznivec\/#article\",\"isPartOf\":{\"@id\":\"https:\/\/hudo.com\/si\/aktualno\/slovenija\/neznanec-popisal-dohod-pred-hiso-ministra-hojsa-laznivec\/\"},\"author\":{\"name\":\"M. N., STA\",\"@id\":\"https:\/\/hudo.com\/si\/#\/schema\/person\/c2f10ce65d2e6ede2aeda5be2a0611fa\"},\"headline\":\"Neznanec popisal dohod pred hi\u0161o ministra Hojsa: &#8220;La\u017enivec&#8221;\",\"datePublished\":\"2021-04-18T14:53:54+00:00\",\"dateModified\":\"2021-04-18T14:53:54+00:00\",\"mainEntityOfPage\":{\"@id\":\"https:\/\/hudo.com\/si\/aktualno\/slovenija\/neznanec-popisal-dohod-pred-hiso-ministra-hojsa-laznivec\/\"},\"wordCount\":205,\"publisher\":{\"@id\":\"https:\/\/hudo.com\/si\/#organization\"},\"keywords\":[\"Ale\u0161 Hojs\",\"Slovenija\",\"vandalizem\"],\"articleSection\":[\"Slovenija\"],\"inLanguage\":\"sl-SI\"},{\"@type\":\"WebPage\",\"@id\":\"https:\/\/hudo.com\/si\/aktualno\/slovenija\/neznanec-popisal-dohod-pred-hiso-ministra-hojsa-laznivec\/\",\"url\":\"https:\/\/hudo.com\/si\/aktualno\/slovenija\/neznanec-popisal-dohod-pred-hiso-ministra-hojsa-laznivec\/\",\"name\":\"Neznanec popisal dohod pred hi\u0161o ministra Hojsa: \\\"La\u017enivec\\\" - Hudo Slovenija\",\"isPartOf\":{\"@id\":\"https:\/\/hudo.com\/si\/#website\"},\"datePublished\":\"2021-04-18T14:53:54+00:00\",\"dateModified\":\"2021-04-18T14:53:54+00:00\",\"breadcrumb\":{\"@id\":\"https:\/\/hudo.com\/si\/aktualno\/slovenija\/neznanec-popisal-dohod-pred-hiso-ministra-hojsa-laznivec\/#breadcrumb\"},\"inLanguage\":\"sl-SI\",\"potentialAction\":[{\"@type\":\"ReadAction\",\"target\":[\"https:\/\/hudo.com\/si\/aktualno\/slovenija\/neznanec-popisal-dohod-pred-hiso-ministra-hojsa-laznivec\/\"]}]},{\"@type\":\"BreadcrumbList\",\"@id\":\"https:\/\/hudo.com\/si\/aktualno\/slovenija\/neznanec-popisal-dohod-pred-hiso-ministra-hojsa-laznivec\/#breadcrumb\",\"itemListElement\":[{\"@type\":\"ListItem\",\"position\":1,\"name\":\"Home\",\"item\":\"https:\/\/hudo.com\/si\/\"},{\"@type\":\"ListItem\",\"position\":2,\"name\":\"Neznanec popisal dohod pred hi\u0161o ministra Hojsa: &#8220;La\u017enivec&#8221;\"}]},{\"@type\":\"WebSite\",\"@id\":\"https:\/\/hudo.com\/si\/#website\",\"url\":\"https:\/\/hudo.com\/si\/\",\"name\":\"Hudo Slovenija\",\"description\":\"Vse novice iz Slovenije in sveta\",\"publisher\":{\"@id\":\"https:\/\/hudo.com\/si\/#organization\"},\"potentialAction\":[{\"@type\":\"SearchAction\",\"target\":{\"@type\":\"EntryPoint\",\"urlTemplate\":\"https:\/\/hudo.com\/si\/?s={search_term_string}\"},\"query-input\":\"required name=search_term_string\"}],\"inLanguage\":\"sl-SI\"},{\"@type\":\"Organization\",\"@id\":\"https:\/\/hudo.com\/si\/#organization\",\"name\":\"VSN Media\",\"url\":\"https:\/\/hudo.com\/si\/\",\"logo\":{\"@type\":\"ImageObject\",\"inLanguage\":\"sl-SI\",\"@id\":\"https:\/\/hudo.com\/si\/#\/schema\/logo\/image\/\",\"url\":\"https:\/\/hudo.com\/si\/wp-content\/uploads\/sites\/2\/2021\/03\/hudo-app-2.png\",\"contentUrl\":\"https:\/\/hudo.com\/si\/wp-content\/uploads\/sites\/2\/2021\/03\/hudo-app-2.png\",\"width\":2185,\"height\":2167,\"caption\":\"VSN Media\"},\"image\":{\"@id\":\"https:\/\/hudo.com\/si\/#\/schema\/logo\/image\/\"},\"sameAs\":[\"https:\/\/www.facebook.com\/hudo.si\",\"https:\/\/twitter.com\/hudo_si\"]},{\"@type\":\"Person\",\"@id\":\"https:\/\/hudo.com\/si\/#\/schema\/person\/c2f10ce65d2e6ede2aeda5be2a0611fa\",\"name\":\"M. N., STA\",\"image\":{\"@type\":\"ImageObject\",\"inLanguage\":\"sl-SI\",\"@id\":\"https:\/\/hudo.com\/si\/#\/schema\/person\/image\/\",\"url\":\"https:\/\/secure.gravatar.com\/avatar\/f370d38daa10467f755c5c766a4cac20?s=96&d=mm&r=g\",\"contentUrl\":\"https:\/\/secure.gravatar.com\/avatar\/f370d38daa10467f755c5c766a4cac20?s=96&d=mm&r=g\",\"caption\":\"M. N., STA\"},\"url\":\"https:\/\/hudo.com\/si\/author\/mana\/\"}]}<\/script>\n<!-- \/ Yoast SEO plugin. -->","yoast_head_json":{"title":"Neznanec popisal dohod pred hi\u0161o ministra Hojsa: \"La\u017enivec\" - Hudo Slovenija","robots":{"index":"index","follow":"follow","max-snippet":"max-snippet:-1","max-image-preview":"max-image-preview:large","max-video-preview":"max-video-preview:-1"},"canonical":"https:\/\/hudo.com\/si\/aktualno\/slovenija\/neznanec-popisal-dohod-pred-hiso-ministra-hojsa-laznivec\/","og_locale":"sl_SI","og_type":"article","og_title":"Neznanec popisal dohod pred hi\u0161o ministra Hojsa: \"La\u017enivec\" - Hudo Slovenija","og_description":"Minister za notranje zadeve Ale\u0161 Hojs je v soboto zve\u010der na Twitterju objavil posnetek fotografije dohoda k hi\u0161i, na kateri je videti zapis \"la\u017enivec (Hojs)\". \"Danes popoldan na pragu na\u0161e hi\u0161e. Nestrpnost, poblaznelost levi\u010darjev je vse huj\u0161a,\" je dodal v tvitu.","og_url":"https:\/\/hudo.com\/si\/aktualno\/slovenija\/neznanec-popisal-dohod-pred-hiso-ministra-hojsa-laznivec\/","og_site_name":"Hudo Slovenija","article_publisher":"https:\/\/www.facebook.com\/hudo.si","article_published_time":"2021-04-18T14:53:54+00:00","og_image":[{"width":640,"height":480,"url":"https:\/\/hudo.com\/si\/wp-content\/uploads\/sites\/2\/2021\/04\/20210418-01055938.jpg","type":"image\/jpeg"}],"author":"M. N., STA","twitter_card":"summary_large_image","twitter_creator":"@hudo_si","twitter_site":"@hudo_si","twitter_misc":{"Written by":"M. N., STA","Est. reading time":"1 minuta"},"schema":{"@context":"https:\/\/schema.org","@graph":[{"@type":"Article","@id":"https:\/\/hudo.com\/si\/aktualno\/slovenija\/neznanec-popisal-dohod-pred-hiso-ministra-hojsa-laznivec\/#article","isPartOf":{"@id":"https:\/\/hudo.com\/si\/aktualno\/slovenija\/neznanec-popisal-dohod-pred-hiso-ministra-hojsa-laznivec\/"},"author":{"name":"M. N., STA","@id":"https:\/\/hudo.com\/si\/#\/schema\/person\/c2f10ce65d2e6ede2aeda5be2a0611fa"},"headline":"Neznanec popisal dohod pred hi\u0161o ministra Hojsa: &#8220;La\u017enivec&#8221;","datePublished":"2021-04-18T14:53:54+00:00","dateModified":"2021-04-18T14:53:54+00:00","mainEntityOfPage":{"@id":"https:\/\/hudo.com\/si\/aktualno\/slovenija\/neznanec-popisal-dohod-pred-hiso-ministra-hojsa-laznivec\/"},"wordCount":205,"publisher":{"@id":"https:\/\/hudo.com\/si\/#organization"},"keywords":["Ale\u0161 Hojs","Slovenija","vandalizem"],"articleSection":["Slovenija"],"inLanguage":"sl-SI"},{"@type":"WebPage","@id":"https:\/\/hudo.com\/si\/aktualno\/slovenija\/neznanec-popisal-dohod-pred-hiso-ministra-hojsa-laznivec\/","url":"https:\/\/hudo.com\/si\/aktualno\/slovenija\/neznanec-popisal-dohod-pred-hiso-ministra-hojsa-laznivec\/","name":"Neznanec popisal dohod pred hi\u0161o ministra Hojsa: \"La\u017enivec\" - Hudo Slovenija","isPartOf":{"@id":"https:\/\/hudo.com\/si\/#website"},"datePublished":"2021-04-18T14:53:54+00:00","dateModified":"2021-04-18T14:53:54+00:00","breadcrumb":{"@id":"https:\/\/hudo.com\/si\/aktualno\/slovenija\/neznanec-popisal-dohod-pred-hiso-ministra-hojsa-laznivec\/#breadcrumb"},"inLanguage":"sl-SI","potentialAction":[{"@type":"ReadAction","target":["https:\/\/hudo.com\/si\/aktualno\/slovenija\/neznanec-popisal-dohod-pred-hiso-ministra-hojsa-laznivec\/"]}]},{"@type":"BreadcrumbList","@id":"https:\/\/hudo.com\/si\/aktualno\/slovenija\/neznanec-popisal-dohod-pred-hiso-ministra-hojsa-laznivec\/#breadcrumb","itemListElement":[{"@type":"ListItem","position":1,"name":"Home","item":"https:\/\/hudo.com\/si\/"},{"@type":"ListItem","position":2,"name":"Neznanec popisal dohod pred hi\u0161o ministra Hojsa: &#8220;La\u017enivec&#8221;"}]},{"@type":"WebSite","@id":"https:\/\/hudo.com\/si\/#website","url":"https:\/\/hudo.com\/si\/","name":"Hudo Slovenija","description":"Vse novice iz Slovenije in sveta","publisher":{"@id":"https:\/\/hudo.com\/si\/#organization"},"potentialAction":[{"@type":"SearchAction","target":{"@type":"EntryPoint","urlTemplate":"https:\/\/hudo.com\/si\/?s={search_term_string}"},"query-input":"required name=search_term_string"}],"inLanguage":"sl-SI"},{"@type":"Organization","@id":"https:\/\/hudo.com\/si\/#organization","name":"VSN Media","url":"https:\/\/hudo.com\/si\/","logo":{"@type":"ImageObject","inLanguage":"sl-SI","@id":"https:\/\/hudo.com\/si\/#\/schema\/logo\/image\/","url":"https:\/\/hudo.com\/si\/wp-content\/uploads\/sites\/2\/2021\/03\/hudo-app-2.png","contentUrl":"https:\/\/hudo.com\/si\/wp-content\/uploads\/sites\/2\/2021\/03\/hudo-app-2.png","width":2185,"height":2167,"caption":"VSN Media"},"image":{"@id":"https:\/\/hudo.com\/si\/#\/schema\/logo\/image\/"},"sameAs":["https:\/\/www.facebook.com\/hudo.si","https:\/\/twitter.com\/hudo_si"]},{"@type":"Person","@id":"https:\/\/hudo.com\/si\/#\/schema\/person\/c2f10ce65d2e6ede2aeda5be2a0611fa","name":"M. N., STA","image":{"@type":"ImageObject","inLanguage":"sl-SI","@id":"https:\/\/hudo.com\/si\/#\/schema\/person\/image\/","url":"https:\/\/secure.gravatar.com\/avatar\/f370d38daa10467f755c5c766a4cac20?s=96&d=mm&r=g","contentUrl":"https:\/\/secure.gravatar.com\/avatar\/f370d38daa10467f755c5c766a4cac20?s=96&d=mm&r=g","caption":"M. N., STA"},"url":"https:\/\/hudo.com\/si\/author\/mana\/"}]}},"amp_enabled":true,"_links":{"self":[{"href":"https:\/\/hudo.com\/si\/wp-json\/wp\/v2\/posts\/449833"}],"collection":[{"href":"https:\/\/hudo.com\/si\/wp-json\/wp\/v2\/posts"}],"about":[{"href":"https:\/\/hudo.com\/si\/wp-json\/wp\/v2\/types\/post"}],"author":[{"embeddable":true,"href":"https:\/\/hudo.com\/si\/wp-json\/wp\/v2\/users\/8"}],"replies":[{"embeddable":true,"href":"https:\/\/hudo.com\/si\/wp-json\/wp\/v2\/comments?post=449833"}],"version-history":[{"count":1,"href":"https:\/\/hudo.com\/si\/wp-json\/wp\/v2\/posts\/449833\/revisions"}],"predecessor-version":[{"id":449835,"href":"https:\/\/hudo.com\/si\/wp-json\/wp\/v2\/posts\/449833\/revisions\/449835"}],"wp:featuredmedia":[{"embeddable":true,"href":"https:\/\/hudo.com\/si\/wp-json\/wp\/v2\/media\/449834"}],"wp:attachment":[{"href":"https:\/\/hudo.com\/si\/wp-json\/wp\/v2\/media?parent=449833"}],"wp:term":[{"taxonomy":"category","embeddable":true,"href":"https:\/\/hudo.com\/si\/wp-json\/wp\/v2\/categories?post=449833"},{"taxonomy":"post_tag","embeddable":true,"href":"https:\/\/hudo.com\/si\/wp-json\/wp\/v2\/tags?post=449833"},{"taxonomy":"source","embeddable":true,"href":"https:\/\/hudo.com\/si\/wp-json\/wp\/v2\/source?post=449833"},{"taxonomy":"supertag","embeddable":true,"href":"https:\/\/hudo.com\/si\/wp-json\/wp\/v2\/supertag?post=449833"}],"curies":[{"name":"wp","href":"https:\/\/api.w.org\/{rel}","templated":true}]}}