{"id":450114,"date":"2021-04-22T10:57:46","date_gmt":"2021-04-22T08:57:46","guid":{"rendered":"https:\/\/hudo.com\/si\/?p=450114"},"modified":"2021-04-22T10:57:46","modified_gmt":"2021-04-22T08:57:46","slug":"minister-je-zelo-ponosen-evropska-komisija-zascitila-slovensko-potico","status":"publish","type":"post","link":"https:\/\/hudo.com\/si\/aktualno\/slovenija\/minister-je-zelo-ponosen-evropska-komisija-zascitila-slovensko-potico\/","title":{"rendered":"Minister je zelo ponosen: Evropska komisija za\u0161\u010ditila Slovensko potico"},"content":{"rendered":"<p>Na kmetijskem ministrstvu so ob tem zapisali, da je minister Jo\u017ee Podgor\u0161ek zelo ponosen, da bo potica kot ambasadorka Slovenije in tradicionalna slovenska sladica ter zdaj kot nov za\u0161\u010diten proizvod na ravni EU pomagala Sloveniji k \u0161e bolj\u0161i prepoznavnosti po svetu.<\/p>\n<p>&#8220;Slovenska kuhinja ima zelo bogato tradicijo. Slovenska hrana ima identiteto, ki se odra\u017ea tudi v za\u0161\u010ditenih proizvodih na ravni EU. Potica je zagotovo jed, ki najbolje simbolizira prazni\u010dni jedilnik Slovencev,&#8221; je zapisal Podgor\u0161ek.<\/p>\n<p>V letu, ko je Slovenija v sicer koronsko okrnjeni izvedbi evropska gastronomska regija, je za\u0161\u010dita po njegovem mnenju samo \u0161e dodatna potrditev in spodbuda za vero v izvrstne slovenske tradicionalne jedi in v to, da znamo to tudi izkoristiti. Minister je \u010destital vsem, da so spodbujali in pomagali pri za\u0161\u010diti slovenske potice.<\/p>\n<p>Skupno vlogo za za\u0161\u010dito Slovenske potice z zajam\u010deno tradicionalno posebnostjo so leta 2017 na ministrstvo za kmetijstvo, gozdarstvo in prehrano vlo\u017eile Kmetijsko gozdarska zbornica Slovenije, Zbornica kmetijskih in \u017eivilskih podjetij pri Gospodarski zbornici Slovenije in Obrtno-podjetni\u0161ka zbornica Slovenije.<\/p>\n<p>Ministrstvo jo je nato nacionalno za\u0161\u010ditilo decembra 2017 in v za\u010detku 2018 vlogo za za\u0161\u010dito poslalo Evropski komisiji. V postopku obravnave Slovenske potice pri komisiji je ugovor na vlogo poslala Avstrija, ki je \u017eelela za\u0161\u010dititi svoje proizvajalce, ki izdelujejo proizvode s podobnim imenom, kot so Potize in Putize.<\/p>\n<p>Slovenija in Avstrija sta se v tem postopku dogovorili, da lahko avstrijski proizvajalci navedeni imeni \u0161e naprej uporabljajo, saj je cilj Slovenije za\u0161\u010dititi ime Slovenska potica in ne potice ali izpeljanke tega imena.<\/p>\n<p>Na ministrstvu so spomnili, da ima potica posebno mesto v slovenski kulinariki in da je slovenska posebnost ter znamenitost, skoraj nacionalni simbol. Raz\u0161irjena je po vseh slovenskih pokrajinah, se pa potice med seboj razlikujejo po imenih, nadevih, vrstah testa in tudi po obliki. Znanih je ve\u010d kot 100 razli\u010dnih vrst potic, pri pripravi nadevov pa velja velika raznolikost.<\/p>\n<p>Slovenska potica je medtem enotna tako po vrsti testa, nadevih in obliki. Pripravljena je lahko s petimi razli\u010dnimi tradicionalnimi nadevi &#8211; orehovim, orehovim z rozinami, rozinovim, pehtranovim ali pehtranovim s skuto.<\/p>\n<p>Pe\u010dena mora biti v poti\u010dniku, ki je tradicionalni peka\u010d za peko Slovenske potice in zagotavlja edino pravo obliko potice, to je okroglo, z luknjo v sredini ter gladkim ali pokon\u010dno rebrastim zunanjim robom. Imeti mora tri do \u0161tiri zavoje, potica pe\u010dena v ve\u010djih poti\u010dnikih lahko ima \u0161e zavoj ali dva ve\u010d. Najmanj\u0161o dovoljeno velikost Slovenske potice zagotavlja poti\u010dnik s spodnjim premerom 14 centimetrov. Slovenska potica je lahko potresena s sladkorjem v prahu.<\/p>\n<p>Vsi proizvajalci, ki \u017eelijo proizvajati za\u0161\u010diteno Slovensko potico, se morajo predhodno certificirati, ostali pa lahko \u0161e naprej uporabljajo ime potica, orehova potica, ipd.<\/p>\n","protected":false},"excerpt":{"rendered":"<p>Evropska komisija je danes v uradnem listu EU objavila izvedbeno uredbo, s katero je Slovensko potico za\u0161\u010ditila kot zajam\u010deno tradicionalno posebnost. To pomeni, da proizvodnja te tradicionalne slovenske sladice ni zemljepisno omejena, pogoj je le certifikat, da je izdelana skladno s potrjeno specifikacijo za Slovensko potico.<\/p>\n","protected":false},"author":5,"featured_media":450115,"comment_status":"closed","ping_status":"closed","sticky":false,"template":"","format":"standard","meta":{"footnotes":""},"categories":[18201],"tags":[4545,8478],"source":[4511],"supertag":[6103],"acf":[],"yoast_head":"<!-- This site is optimized with the Yoast SEO plugin v21.3 - https:\/\/yoast.com\/wordpress\/plugins\/seo\/ -->\n<title>Minister je zelo ponosen: Evropska komisija za\u0161\u010ditila Slovensko potico - Hudo Slovenija<\/title>\n<meta name=\"robots\" content=\"index, follow, max-snippet:-1, max-image-preview:large, max-video-preview:-1\" \/>\n<link rel=\"canonical\" href=\"https:\/\/hudo.com\/si\/aktualno\/slovenija\/minister-je-zelo-ponosen-evropska-komisija-zascitila-slovensko-potico\/\" \/>\n<meta property=\"og:locale\" content=\"sl_SI\" \/>\n<meta property=\"og:type\" content=\"article\" \/>\n<meta property=\"og:title\" content=\"Minister je zelo ponosen: Evropska komisija za\u0161\u010ditila Slovensko potico - Hudo Slovenija\" \/>\n<meta property=\"og:description\" content=\"Evropska komisija je danes v uradnem listu EU objavila izvedbeno uredbo, s katero je Slovensko potico za\u0161\u010ditila kot zajam\u010deno tradicionalno posebnost. To pomeni, da proizvodnja te tradicionalne slovenske sladice ni zemljepisno omejena, pogoj je le certifikat, da je izdelana skladno s potrjeno specifikacijo za Slovensko potico.\" \/>\n<meta property=\"og:url\" content=\"https:\/\/hudo.com\/si\/aktualno\/slovenija\/minister-je-zelo-ponosen-evropska-komisija-zascitila-slovensko-potico\/\" \/>\n<meta property=\"og:site_name\" content=\"Hudo Slovenija\" \/>\n<meta property=\"article:publisher\" content=\"https:\/\/www.facebook.com\/hudo.si\" \/>\n<meta property=\"article:published_time\" content=\"2021-04-22T08:57:46+00:00\" \/>\n<meta property=\"og:image\" content=\"https:\/\/hudo.com\/si\/wp-content\/uploads\/sites\/2\/2021\/04\/profimedia-0339960061.jpg\" \/>\n\t<meta property=\"og:image:width\" content=\"1250\" \/>\n\t<meta property=\"og:image:height\" content=\"833\" \/>\n\t<meta property=\"og:image:type\" content=\"image\/jpeg\" \/>\n<meta name=\"author\" content=\"A. G., STA\" \/>\n<meta name=\"twitter:card\" content=\"summary_large_image\" \/>\n<meta name=\"twitter:creator\" content=\"@hudo_si\" \/>\n<meta name=\"twitter:site\" content=\"@hudo_si\" \/>\n<meta name=\"twitter:label1\" content=\"Written by\" \/>\n\t<meta name=\"twitter:data1\" content=\"A. G., STA\" \/>\n\t<meta name=\"twitter:label2\" content=\"Est. reading time\" \/>\n\t<meta name=\"twitter:data2\" content=\"2 minuti\" \/>\n<script type=\"application\/ld+json\" class=\"yoast-schema-graph\">{\"@context\":\"https:\/\/schema.org\",\"@graph\":[{\"@type\":\"Article\",\"@id\":\"https:\/\/hudo.com\/si\/aktualno\/slovenija\/minister-je-zelo-ponosen-evropska-komisija-zascitila-slovensko-potico\/#article\",\"isPartOf\":{\"@id\":\"https:\/\/hudo.com\/si\/aktualno\/slovenija\/minister-je-zelo-ponosen-evropska-komisija-zascitila-slovensko-potico\/\"},\"author\":{\"name\":\"A. G., STA\",\"@id\":\"https:\/\/hudo.com\/si\/#\/schema\/person\/2391667a63ea075ba94f2f2dc6b77537\"},\"headline\":\"Minister je zelo ponosen: Evropska komisija za\u0161\u010ditila Slovensko potico\",\"datePublished\":\"2021-04-22T08:57:46+00:00\",\"dateModified\":\"2021-04-22T08:57:46+00:00\",\"mainEntityOfPage\":{\"@id\":\"https:\/\/hudo.com\/si\/aktualno\/slovenija\/minister-je-zelo-ponosen-evropska-komisija-zascitila-slovensko-potico\/\"},\"wordCount\":465,\"publisher\":{\"@id\":\"https:\/\/hudo.com\/si\/#organization\"},\"keywords\":[\"Evropska komisija\",\"potica\"],\"articleSection\":[\"Slovenija\"],\"inLanguage\":\"sl-SI\"},{\"@type\":\"WebPage\",\"@id\":\"https:\/\/hudo.com\/si\/aktualno\/slovenija\/minister-je-zelo-ponosen-evropska-komisija-zascitila-slovensko-potico\/\",\"url\":\"https:\/\/hudo.com\/si\/aktualno\/slovenija\/minister-je-zelo-ponosen-evropska-komisija-zascitila-slovensko-potico\/\",\"name\":\"Minister je zelo ponosen: Evropska komisija za\u0161\u010ditila Slovensko potico - Hudo Slovenija\",\"isPartOf\":{\"@id\":\"https:\/\/hudo.com\/si\/#website\"},\"datePublished\":\"2021-04-22T08:57:46+00:00\",\"dateModified\":\"2021-04-22T08:57:46+00:00\",\"breadcrumb\":{\"@id\":\"https:\/\/hudo.com\/si\/aktualno\/slovenija\/minister-je-zelo-ponosen-evropska-komisija-zascitila-slovensko-potico\/#breadcrumb\"},\"inLanguage\":\"sl-SI\",\"potentialAction\":[{\"@type\":\"ReadAction\",\"target\":[\"https:\/\/hudo.com\/si\/aktualno\/slovenija\/minister-je-zelo-ponosen-evropska-komisija-zascitila-slovensko-potico\/\"]}]},{\"@type\":\"BreadcrumbList\",\"@id\":\"https:\/\/hudo.com\/si\/aktualno\/slovenija\/minister-je-zelo-ponosen-evropska-komisija-zascitila-slovensko-potico\/#breadcrumb\",\"itemListElement\":[{\"@type\":\"ListItem\",\"position\":1,\"name\":\"Home\",\"item\":\"https:\/\/hudo.com\/si\/\"},{\"@type\":\"ListItem\",\"position\":2,\"name\":\"Minister je zelo ponosen: Evropska komisija za\u0161\u010ditila Slovensko potico\"}]},{\"@type\":\"WebSite\",\"@id\":\"https:\/\/hudo.com\/si\/#website\",\"url\":\"https:\/\/hudo.com\/si\/\",\"name\":\"Hudo Slovenija\",\"description\":\"Vse novice iz Slovenije in sveta\",\"publisher\":{\"@id\":\"https:\/\/hudo.com\/si\/#organization\"},\"potentialAction\":[{\"@type\":\"SearchAction\",\"target\":{\"@type\":\"EntryPoint\",\"urlTemplate\":\"https:\/\/hudo.com\/si\/?s={search_term_string}\"},\"query-input\":\"required name=search_term_string\"}],\"inLanguage\":\"sl-SI\"},{\"@type\":\"Organization\",\"@id\":\"https:\/\/hudo.com\/si\/#organization\",\"name\":\"VSN Media\",\"url\":\"https:\/\/hudo.com\/si\/\",\"logo\":{\"@type\":\"ImageObject\",\"inLanguage\":\"sl-SI\",\"@id\":\"https:\/\/hudo.com\/si\/#\/schema\/logo\/image\/\",\"url\":\"https:\/\/hudo.com\/si\/wp-content\/uploads\/sites\/2\/2021\/03\/hudo-app-2.png\",\"contentUrl\":\"https:\/\/hudo.com\/si\/wp-content\/uploads\/sites\/2\/2021\/03\/hudo-app-2.png\",\"width\":2185,\"height\":2167,\"caption\":\"VSN Media\"},\"image\":{\"@id\":\"https:\/\/hudo.com\/si\/#\/schema\/logo\/image\/\"},\"sameAs\":[\"https:\/\/www.facebook.com\/hudo.si\",\"https:\/\/twitter.com\/hudo_si\"]},{\"@type\":\"Person\",\"@id\":\"https:\/\/hudo.com\/si\/#\/schema\/person\/2391667a63ea075ba94f2f2dc6b77537\",\"name\":\"A. G., STA\",\"image\":{\"@type\":\"ImageObject\",\"inLanguage\":\"sl-SI\",\"@id\":\"https:\/\/hudo.com\/si\/#\/schema\/person\/image\/\",\"url\":\"https:\/\/secure.gravatar.com\/avatar\/e13d22ac3e442658d5025fbbe6238a79?s=96&d=mm&r=g\",\"contentUrl\":\"https:\/\/secure.gravatar.com\/avatar\/e13d22ac3e442658d5025fbbe6238a79?s=96&d=mm&r=g\",\"caption\":\"A. G., STA\"},\"url\":\"https:\/\/hudo.com\/si\/author\/alenka\/\"}]}<\/script>\n<!-- \/ Yoast SEO plugin. -->","yoast_head_json":{"title":"Minister je zelo ponosen: Evropska komisija za\u0161\u010ditila Slovensko potico - Hudo Slovenija","robots":{"index":"index","follow":"follow","max-snippet":"max-snippet:-1","max-image-preview":"max-image-preview:large","max-video-preview":"max-video-preview:-1"},"canonical":"https:\/\/hudo.com\/si\/aktualno\/slovenija\/minister-je-zelo-ponosen-evropska-komisija-zascitila-slovensko-potico\/","og_locale":"sl_SI","og_type":"article","og_title":"Minister je zelo ponosen: Evropska komisija za\u0161\u010ditila Slovensko potico - Hudo Slovenija","og_description":"Evropska komisija je danes v uradnem listu EU objavila izvedbeno uredbo, s katero je Slovensko potico za\u0161\u010ditila kot zajam\u010deno tradicionalno posebnost. To pomeni, da proizvodnja te tradicionalne slovenske sladice ni zemljepisno omejena, pogoj je le certifikat, da je izdelana skladno s potrjeno specifikacijo za Slovensko potico.","og_url":"https:\/\/hudo.com\/si\/aktualno\/slovenija\/minister-je-zelo-ponosen-evropska-komisija-zascitila-slovensko-potico\/","og_site_name":"Hudo Slovenija","article_publisher":"https:\/\/www.facebook.com\/hudo.si","article_published_time":"2021-04-22T08:57:46+00:00","og_image":[{"width":1250,"height":833,"url":"https:\/\/hudo.com\/si\/wp-content\/uploads\/sites\/2\/2021\/04\/profimedia-0339960061.jpg","type":"image\/jpeg"}],"author":"A. G., STA","twitter_card":"summary_large_image","twitter_creator":"@hudo_si","twitter_site":"@hudo_si","twitter_misc":{"Written by":"A. G., STA","Est. reading time":"2 minuti"},"schema":{"@context":"https:\/\/schema.org","@graph":[{"@type":"Article","@id":"https:\/\/hudo.com\/si\/aktualno\/slovenija\/minister-je-zelo-ponosen-evropska-komisija-zascitila-slovensko-potico\/#article","isPartOf":{"@id":"https:\/\/hudo.com\/si\/aktualno\/slovenija\/minister-je-zelo-ponosen-evropska-komisija-zascitila-slovensko-potico\/"},"author":{"name":"A. G., STA","@id":"https:\/\/hudo.com\/si\/#\/schema\/person\/2391667a63ea075ba94f2f2dc6b77537"},"headline":"Minister je zelo ponosen: Evropska komisija za\u0161\u010ditila Slovensko potico","datePublished":"2021-04-22T08:57:46+00:00","dateModified":"2021-04-22T08:57:46+00:00","mainEntityOfPage":{"@id":"https:\/\/hudo.com\/si\/aktualno\/slovenija\/minister-je-zelo-ponosen-evropska-komisija-zascitila-slovensko-potico\/"},"wordCount":465,"publisher":{"@id":"https:\/\/hudo.com\/si\/#organization"},"keywords":["Evropska komisija","potica"],"articleSection":["Slovenija"],"inLanguage":"sl-SI"},{"@type":"WebPage","@id":"https:\/\/hudo.com\/si\/aktualno\/slovenija\/minister-je-zelo-ponosen-evropska-komisija-zascitila-slovensko-potico\/","url":"https:\/\/hudo.com\/si\/aktualno\/slovenija\/minister-je-zelo-ponosen-evropska-komisija-zascitila-slovensko-potico\/","name":"Minister je zelo ponosen: Evropska komisija za\u0161\u010ditila Slovensko potico - Hudo Slovenija","isPartOf":{"@id":"https:\/\/hudo.com\/si\/#website"},"datePublished":"2021-04-22T08:57:46+00:00","dateModified":"2021-04-22T08:57:46+00:00","breadcrumb":{"@id":"https:\/\/hudo.com\/si\/aktualno\/slovenija\/minister-je-zelo-ponosen-evropska-komisija-zascitila-slovensko-potico\/#breadcrumb"},"inLanguage":"sl-SI","potentialAction":[{"@type":"ReadAction","target":["https:\/\/hudo.com\/si\/aktualno\/slovenija\/minister-je-zelo-ponosen-evropska-komisija-zascitila-slovensko-potico\/"]}]},{"@type":"BreadcrumbList","@id":"https:\/\/hudo.com\/si\/aktualno\/slovenija\/minister-je-zelo-ponosen-evropska-komisija-zascitila-slovensko-potico\/#breadcrumb","itemListElement":[{"@type":"ListItem","position":1,"name":"Home","item":"https:\/\/hudo.com\/si\/"},{"@type":"ListItem","position":2,"name":"Minister je zelo ponosen: Evropska komisija za\u0161\u010ditila Slovensko potico"}]},{"@type":"WebSite","@id":"https:\/\/hudo.com\/si\/#website","url":"https:\/\/hudo.com\/si\/","name":"Hudo Slovenija","description":"Vse novice iz Slovenije in sveta","publisher":{"@id":"https:\/\/hudo.com\/si\/#organization"},"potentialAction":[{"@type":"SearchAction","target":{"@type":"EntryPoint","urlTemplate":"https:\/\/hudo.com\/si\/?s={search_term_string}"},"query-input":"required name=search_term_string"}],"inLanguage":"sl-SI"},{"@type":"Organization","@id":"https:\/\/hudo.com\/si\/#organization","name":"VSN Media","url":"https:\/\/hudo.com\/si\/","logo":{"@type":"ImageObject","inLanguage":"sl-SI","@id":"https:\/\/hudo.com\/si\/#\/schema\/logo\/image\/","url":"https:\/\/hudo.com\/si\/wp-content\/uploads\/sites\/2\/2021\/03\/hudo-app-2.png","contentUrl":"https:\/\/hudo.com\/si\/wp-content\/uploads\/sites\/2\/2021\/03\/hudo-app-2.png","width":2185,"height":2167,"caption":"VSN Media"},"image":{"@id":"https:\/\/hudo.com\/si\/#\/schema\/logo\/image\/"},"sameAs":["https:\/\/www.facebook.com\/hudo.si","https:\/\/twitter.com\/hudo_si"]},{"@type":"Person","@id":"https:\/\/hudo.com\/si\/#\/schema\/person\/2391667a63ea075ba94f2f2dc6b77537","name":"A. G., STA","image":{"@type":"ImageObject","inLanguage":"sl-SI","@id":"https:\/\/hudo.com\/si\/#\/schema\/person\/image\/","url":"https:\/\/secure.gravatar.com\/avatar\/e13d22ac3e442658d5025fbbe6238a79?s=96&d=mm&r=g","contentUrl":"https:\/\/secure.gravatar.com\/avatar\/e13d22ac3e442658d5025fbbe6238a79?s=96&d=mm&r=g","caption":"A. G., STA"},"url":"https:\/\/hudo.com\/si\/author\/alenka\/"}]}},"amp_enabled":true,"_links":{"self":[{"href":"https:\/\/hudo.com\/si\/wp-json\/wp\/v2\/posts\/450114"}],"collection":[{"href":"https:\/\/hudo.com\/si\/wp-json\/wp\/v2\/posts"}],"about":[{"href":"https:\/\/hudo.com\/si\/wp-json\/wp\/v2\/types\/post"}],"author":[{"embeddable":true,"href":"https:\/\/hudo.com\/si\/wp-json\/wp\/v2\/users\/5"}],"replies":[{"embeddable":true,"href":"https:\/\/hudo.com\/si\/wp-json\/wp\/v2\/comments?post=450114"}],"version-history":[{"count":1,"href":"https:\/\/hudo.com\/si\/wp-json\/wp\/v2\/posts\/450114\/revisions"}],"predecessor-version":[{"id":450116,"href":"https:\/\/hudo.com\/si\/wp-json\/wp\/v2\/posts\/450114\/revisions\/450116"}],"wp:featuredmedia":[{"embeddable":true,"href":"https:\/\/hudo.com\/si\/wp-json\/wp\/v2\/media\/450115"}],"wp:attachment":[{"href":"https:\/\/hudo.com\/si\/wp-json\/wp\/v2\/media?parent=450114"}],"wp:term":[{"taxonomy":"category","embeddable":true,"href":"https:\/\/hudo.com\/si\/wp-json\/wp\/v2\/categories?post=450114"},{"taxonomy":"post_tag","embeddable":true,"href":"https:\/\/hudo.com\/si\/wp-json\/wp\/v2\/tags?post=450114"},{"taxonomy":"source","embeddable":true,"href":"https:\/\/hudo.com\/si\/wp-json\/wp\/v2\/source?post=450114"},{"taxonomy":"supertag","embeddable":true,"href":"https:\/\/hudo.com\/si\/wp-json\/wp\/v2\/supertag?post=450114"}],"curies":[{"name":"wp","href":"https:\/\/api.w.org\/{rel}","templated":true}]}}