{"id":450307,"date":"2022-03-23T12:00:54","date_gmt":"2022-03-23T11:00:54","guid":{"rendered":"https:\/\/hudo.com\/si\/?p=450307"},"modified":"2022-03-23T12:00:54","modified_gmt":"2022-03-23T11:00:54","slug":"moski-ki-trdi-da-je-sin-princa-charlesa-in-camille-objavil-nov-dokaz-to-ni-zgolj-nakljucje","status":"publish","type":"post","link":"https:\/\/hudo.com\/si\/vip\/moski-ki-trdi-da-je-sin-princa-charlesa-in-camille-objavil-nov-dokaz-to-ni-zgolj-nakljucje\/","title":{"rendered":"Mo\u0161ki, ki trdi, da je sin princa Charlesa in Camille, objavil nov dokaz: &#8220;To ni zgolj naklju\u010dje&#8221;"},"content":{"rendered":"<p>Gre namre\u010d za fotografijo njegovega sina Liama, na kateri je, trdijo mnogi, neverjetno podoben kraljici Elizabeti II. pri dvajsetih letih.<\/p>\n<p>&#8220;Z mojo \u017eeno Elvie se po\u010dutiva, kot da v svojih otrocih vidiva veliko \u010dlanov kraljeve dru\u017eine, vendar je ta dokaz \u0161e posebej poudaril podobnost,&#8221; je za 7 News povedal Simon. Fotografija je takoj za\u010dela kro\u017eiti po dru\u017ebenih omre\u017ejih, nekateri komentatorji pa so se strinjali, da je preve\u010d podobnosti, da bi tu lahko obstajala teorija zarote.<\/p>\n<p><div class=\"embed-notice\">Za ogled vstavljene vsebine morate omogo\u010diti <a href=\"#\" onclick=\"Optanon.ToggleInfoDisplay()\">shranjevanje pi\u0161kotkov v napravi<\/a><\/div><iframe loading=\"lazy\" style=\"border: none; overflow: hidden;\"  class=\"optanon-category-C0002-C0003-C0004\" optanon-src=\"https:\/\/www.facebook.com\/plugins\/post.php?href=https%3A%2F%2Fwww.facebook.com%2FPrinceSimonCharles%2Fposts%2F141238374673510&amp;width=500&amp;show_text=true&amp;height=541&amp;appId\" width=\"500\" height=\"541\" frameborder=\"0\" scrolling=\"no\" allowfullscreen=\"allowfullscreen\"><\/iframe><\/p>\n<p>&#8220;Preve\u010d podobnosti je med vami, va\u0161imi otroki in njimi, da bi to bilo zgolj naklju\u010dje ali teorija zarote,&#8221; se glasi eden od komentarjev.<\/p>\n<p>&#8220;Tudi jaz sem to mislil, ko sem v\u010deraj videl Liamovo fotografijo. Simon, \u017ee nekaj let spremljam va\u0161e iskanje in ob\u010dudujem va\u0161o integriteto &#8230; Enostavno vem, da je tisto, kar trdite, res,&#8221; se je glasil drugi.<\/p>\n<h2>Trdi, da je bil spo\u010det med prvo afero kraljevega para<\/h2>\n<p>Mimogrede, Dorante-Day je s svojo zgodbo, da je sin princa Charlesa in Camille, v javnost pri\u0161el leta 2019. Takrat je trdil, da je prepri\u010dan, da je bil spo\u010det med prvo afero kraljevega para, ko je bil Charles star le 17, Camilla pa 18 let.<\/p>\n<p>Trditve o pripadnosti kraljevi dru\u017eini je takrat podkrepil s fotografijami iz mladosti, na katerih je izjemno podoben princu Charlesu in vojvodinji Cornwallski. Domnevno naj bi bila tudi pokojna princesa Diana seznanjena z dejstvom, da je bil nezakonski sin kraljevega para.<\/p>\n<p><div class=\"embed-notice\">Za ogled vstavljene vsebine morate omogo\u010diti <a href=\"#\" onclick=\"Optanon.ToggleInfoDisplay()\">shranjevanje pi\u0161kotkov v napravi<\/a><\/div><iframe loading=\"lazy\" style=\"border: none; overflow: hidden;\"  class=\"optanon-category-C0002-C0003-C0004\" optanon-src=\"https:\/\/www.facebook.com\/plugins\/post.php?href=https%3A%2F%2Fwww.facebook.com%2Fpermalink.php%3Fstory_fbid%3D1510738302459262%26id%3D511333199066449&amp;width=500&amp;show_text=true&amp;height=465&amp;appId\" width=\"500\" height=\"465\" frameborder=\"0\" scrolling=\"no\" allowfullscreen=\"allowfullscreen\"><\/iframe><\/p>\n<p>&#8220;Verjamem, da je princesa Diana vedela, da obstajam in da je &#8216;zlo\u017eila kocke&#8217;. Mislim, da je na\u0161la vedno ve\u010d odgovorov o svojem \u017eivljenju, o tem, kak\u0161no zlo ji je bilo storjeno, in \u017eelela je to objaviti pred smrtjo,&#8221; je dejal Simon za avstralsko revijo New Idea, prepri\u010dan, da bo takrat ves svet izvedel zanj in to, kar se mu je zgodilo. Mo\u0161ki, ki trdi, da je njegovo srednje ime prav Charles, se je rodil 5. aprila 1966 v Hampshiru. Dru\u017eina, s katero je odra\u0161\u010dal, ga je posvojila, ko je bil star 18 mesecev. Njegova posvojiteljica je bila Winifred, nekdanja uslu\u017ebenka kraljice Elizabete II. in princa Philipa. Menda mu je zelo pogosto pripovedovala o njegovih star\u0161ih, jasno pa je razkrila tudi njihovo identiteto. &#8220;Ni mi dajala namigov, o vsem je govorila zelo odkrito,&#8221; pravi Simon.<\/p>\n<p>Spomnimo, Charles ima za seboj propadli zakon s princeso Diano, s katero je bil od leta 1981 do 1996. Poro\u010dila sta se in dobila dva sinova, Williama in Harryja. Osem let po smrti princese Diane se je Charles poro\u010dil s Camillo, s katero je ljubimkal \u017ee v rani mladosti.<\/p>\n","protected":false},"excerpt":{"rendered":"<p>56-letni Avstralec Simon Dorante-Day, ki \u017ee ve\u010d let posku\u0161a javnost prepri\u010dati, da je sin princa Charlesa in Camille Parker-Bowles, je zdaj objavil nov dokaz, za katerega trdi, da to tudi potrjuje.<\/p>\n","protected":false},"author":6,"featured_media":450314,"comment_status":"closed","ping_status":"closed","sticky":false,"template":"","format":"standard","meta":{"footnotes":""},"categories":[1093],"tags":[9041,4405,18690],"source":[4511],"supertag":[],"acf":[],"yoast_head":"<!-- This site is optimized with the Yoast SEO plugin v21.3 - https:\/\/yoast.com\/wordpress\/plugins\/seo\/ -->\n<title>Mo\u0161ki, ki trdi, da je sin princa Charlesa in Camille, objavil nov dokaz: &quot;To ni zgolj naklju\u010dje&quot; - Hudo Slovenija<\/title>\n<meta name=\"robots\" content=\"index, follow, max-snippet:-1, max-image-preview:large, max-video-preview:-1\" \/>\n<link rel=\"canonical\" href=\"https:\/\/hudo.com\/si\/vip\/moski-ki-trdi-da-je-sin-princa-charlesa-in-camille-objavil-nov-dokaz-to-ni-zgolj-nakljucje\/\" \/>\n<meta property=\"og:locale\" content=\"sl_SI\" \/>\n<meta property=\"og:type\" content=\"article\" \/>\n<meta property=\"og:title\" content=\"Mo\u0161ki, ki trdi, da je sin princa Charlesa in Camille, objavil nov dokaz: &quot;To ni zgolj naklju\u010dje&quot; - Hudo Slovenija\" \/>\n<meta property=\"og:description\" content=\"56-letni Avstralec Simon Dorante-Day, ki \u017ee ve\u010d let posku\u0161a javnost prepri\u010dati, da je sin princa Charlesa in Camille Parker-Bowles, je zdaj objavil nov dokaz, za katerega trdi, da to tudi potrjuje.\" \/>\n<meta property=\"og:url\" content=\"https:\/\/hudo.com\/si\/vip\/moski-ki-trdi-da-je-sin-princa-charlesa-in-camille-objavil-nov-dokaz-to-ni-zgolj-nakljucje\/\" \/>\n<meta property=\"og:site_name\" content=\"Hudo Slovenija\" \/>\n<meta property=\"article:publisher\" content=\"https:\/\/www.facebook.com\/hudo.si\" \/>\n<meta property=\"article:published_time\" content=\"2022-03-23T11:00:54+00:00\" \/>\n<meta property=\"og:image\" content=\"https:\/\/hudo.com\/si\/wp-content\/uploads\/sites\/2\/2021\/04\/profimedia-0606402911.jpg\" \/>\n\t<meta property=\"og:image:width\" content=\"1250\" \/>\n\t<meta property=\"og:image:height\" content=\"833\" \/>\n\t<meta property=\"og:image:type\" content=\"image\/jpeg\" \/>\n<meta name=\"author\" content=\"A. G.\" \/>\n<meta name=\"twitter:card\" content=\"summary_large_image\" \/>\n<meta name=\"twitter:creator\" content=\"@hudo_si\" \/>\n<meta name=\"twitter:site\" content=\"@hudo_si\" \/>\n<meta name=\"twitter:label1\" content=\"Written by\" \/>\n\t<meta name=\"twitter:data1\" content=\"A. G.\" \/>\n\t<meta name=\"twitter:label2\" content=\"Est. reading time\" \/>\n\t<meta name=\"twitter:data2\" content=\"2 minuti\" \/>\n<script type=\"application\/ld+json\" class=\"yoast-schema-graph\">{\"@context\":\"https:\/\/schema.org\",\"@graph\":[{\"@type\":\"Article\",\"@id\":\"https:\/\/hudo.com\/si\/vip\/moski-ki-trdi-da-je-sin-princa-charlesa-in-camille-objavil-nov-dokaz-to-ni-zgolj-nakljucje\/#article\",\"isPartOf\":{\"@id\":\"https:\/\/hudo.com\/si\/vip\/moski-ki-trdi-da-je-sin-princa-charlesa-in-camille-objavil-nov-dokaz-to-ni-zgolj-nakljucje\/\"},\"author\":{\"name\":\"A. G.\",\"@id\":\"https:\/\/hudo.com\/si\/#\/schema\/person\/f95639a66e0dd2c682b0568634e85b8b\"},\"headline\":\"Mo\u0161ki, ki trdi, da je sin princa Charlesa in Camille, objavil nov dokaz: &#8220;To ni zgolj naklju\u010dje&#8221;\",\"datePublished\":\"2022-03-23T11:00:54+00:00\",\"dateModified\":\"2022-03-23T11:00:54+00:00\",\"mainEntityOfPage\":{\"@id\":\"https:\/\/hudo.com\/si\/vip\/moski-ki-trdi-da-je-sin-princa-charlesa-in-camille-objavil-nov-dokaz-to-ni-zgolj-nakljucje\/\"},\"wordCount\":447,\"publisher\":{\"@id\":\"https:\/\/hudo.com\/si\/#organization\"},\"keywords\":[\"Camilla Parker Bowles\",\"princ Charles\",\"Simon Dorante-Day\"],\"articleSection\":[\"VIP\"],\"inLanguage\":\"sl-SI\"},{\"@type\":\"WebPage\",\"@id\":\"https:\/\/hudo.com\/si\/vip\/moski-ki-trdi-da-je-sin-princa-charlesa-in-camille-objavil-nov-dokaz-to-ni-zgolj-nakljucje\/\",\"url\":\"https:\/\/hudo.com\/si\/vip\/moski-ki-trdi-da-je-sin-princa-charlesa-in-camille-objavil-nov-dokaz-to-ni-zgolj-nakljucje\/\",\"name\":\"Mo\u0161ki, ki trdi, da je sin princa Charlesa in Camille, objavil nov dokaz: \\\"To ni zgolj naklju\u010dje\\\" - Hudo Slovenija\",\"isPartOf\":{\"@id\":\"https:\/\/hudo.com\/si\/#website\"},\"datePublished\":\"2022-03-23T11:00:54+00:00\",\"dateModified\":\"2022-03-23T11:00:54+00:00\",\"breadcrumb\":{\"@id\":\"https:\/\/hudo.com\/si\/vip\/moski-ki-trdi-da-je-sin-princa-charlesa-in-camille-objavil-nov-dokaz-to-ni-zgolj-nakljucje\/#breadcrumb\"},\"inLanguage\":\"sl-SI\",\"potentialAction\":[{\"@type\":\"ReadAction\",\"target\":[\"https:\/\/hudo.com\/si\/vip\/moski-ki-trdi-da-je-sin-princa-charlesa-in-camille-objavil-nov-dokaz-to-ni-zgolj-nakljucje\/\"]}]},{\"@type\":\"BreadcrumbList\",\"@id\":\"https:\/\/hudo.com\/si\/vip\/moski-ki-trdi-da-je-sin-princa-charlesa-in-camille-objavil-nov-dokaz-to-ni-zgolj-nakljucje\/#breadcrumb\",\"itemListElement\":[{\"@type\":\"ListItem\",\"position\":1,\"name\":\"Home\",\"item\":\"https:\/\/hudo.com\/si\/\"},{\"@type\":\"ListItem\",\"position\":2,\"name\":\"Mo\u0161ki, ki trdi, da je sin princa Charlesa in Camille, objavil nov dokaz: &#8220;To ni zgolj naklju\u010dje&#8221;\"}]},{\"@type\":\"WebSite\",\"@id\":\"https:\/\/hudo.com\/si\/#website\",\"url\":\"https:\/\/hudo.com\/si\/\",\"name\":\"Hudo Slovenija\",\"description\":\"Vse novice iz Slovenije in sveta\",\"publisher\":{\"@id\":\"https:\/\/hudo.com\/si\/#organization\"},\"potentialAction\":[{\"@type\":\"SearchAction\",\"target\":{\"@type\":\"EntryPoint\",\"urlTemplate\":\"https:\/\/hudo.com\/si\/?s={search_term_string}\"},\"query-input\":\"required name=search_term_string\"}],\"inLanguage\":\"sl-SI\"},{\"@type\":\"Organization\",\"@id\":\"https:\/\/hudo.com\/si\/#organization\",\"name\":\"VSN Media\",\"url\":\"https:\/\/hudo.com\/si\/\",\"logo\":{\"@type\":\"ImageObject\",\"inLanguage\":\"sl-SI\",\"@id\":\"https:\/\/hudo.com\/si\/#\/schema\/logo\/image\/\",\"url\":\"https:\/\/hudo.com\/si\/wp-content\/uploads\/sites\/2\/2021\/03\/hudo-app-2.png\",\"contentUrl\":\"https:\/\/hudo.com\/si\/wp-content\/uploads\/sites\/2\/2021\/03\/hudo-app-2.png\",\"width\":2185,\"height\":2167,\"caption\":\"VSN Media\"},\"image\":{\"@id\":\"https:\/\/hudo.com\/si\/#\/schema\/logo\/image\/\"},\"sameAs\":[\"https:\/\/www.facebook.com\/hudo.si\",\"https:\/\/twitter.com\/hudo_si\"]},{\"@type\":\"Person\",\"@id\":\"https:\/\/hudo.com\/si\/#\/schema\/person\/f95639a66e0dd2c682b0568634e85b8b\",\"name\":\"A. G.\",\"image\":{\"@type\":\"ImageObject\",\"inLanguage\":\"sl-SI\",\"@id\":\"https:\/\/hudo.com\/si\/#\/schema\/person\/image\/\",\"url\":\"https:\/\/secure.gravatar.com\/avatar\/9f44de561c70d5d80348d3ed0f4b142d?s=96&d=mm&r=g\",\"contentUrl\":\"https:\/\/secure.gravatar.com\/avatar\/9f44de561c70d5d80348d3ed0f4b142d?s=96&d=mm&r=g\",\"caption\":\"A. G.\"},\"url\":\"https:\/\/hudo.com\/si\/author\/alenkagrmek\/\"}]}<\/script>\n<!-- \/ Yoast SEO plugin. -->","yoast_head_json":{"title":"Mo\u0161ki, ki trdi, da je sin princa Charlesa in Camille, objavil nov dokaz: \"To ni zgolj naklju\u010dje\" - Hudo Slovenija","robots":{"index":"index","follow":"follow","max-snippet":"max-snippet:-1","max-image-preview":"max-image-preview:large","max-video-preview":"max-video-preview:-1"},"canonical":"https:\/\/hudo.com\/si\/vip\/moski-ki-trdi-da-je-sin-princa-charlesa-in-camille-objavil-nov-dokaz-to-ni-zgolj-nakljucje\/","og_locale":"sl_SI","og_type":"article","og_title":"Mo\u0161ki, ki trdi, da je sin princa Charlesa in Camille, objavil nov dokaz: \"To ni zgolj naklju\u010dje\" - Hudo Slovenija","og_description":"56-letni Avstralec Simon Dorante-Day, ki \u017ee ve\u010d let posku\u0161a javnost prepri\u010dati, da je sin princa Charlesa in Camille Parker-Bowles, je zdaj objavil nov dokaz, za katerega trdi, da to tudi potrjuje.","og_url":"https:\/\/hudo.com\/si\/vip\/moski-ki-trdi-da-je-sin-princa-charlesa-in-camille-objavil-nov-dokaz-to-ni-zgolj-nakljucje\/","og_site_name":"Hudo Slovenija","article_publisher":"https:\/\/www.facebook.com\/hudo.si","article_published_time":"2022-03-23T11:00:54+00:00","og_image":[{"width":1250,"height":833,"url":"https:\/\/hudo.com\/si\/wp-content\/uploads\/sites\/2\/2021\/04\/profimedia-0606402911.jpg","type":"image\/jpeg"}],"author":"A. G.","twitter_card":"summary_large_image","twitter_creator":"@hudo_si","twitter_site":"@hudo_si","twitter_misc":{"Written by":"A. G.","Est. reading time":"2 minuti"},"schema":{"@context":"https:\/\/schema.org","@graph":[{"@type":"Article","@id":"https:\/\/hudo.com\/si\/vip\/moski-ki-trdi-da-je-sin-princa-charlesa-in-camille-objavil-nov-dokaz-to-ni-zgolj-nakljucje\/#article","isPartOf":{"@id":"https:\/\/hudo.com\/si\/vip\/moski-ki-trdi-da-je-sin-princa-charlesa-in-camille-objavil-nov-dokaz-to-ni-zgolj-nakljucje\/"},"author":{"name":"A. G.","@id":"https:\/\/hudo.com\/si\/#\/schema\/person\/f95639a66e0dd2c682b0568634e85b8b"},"headline":"Mo\u0161ki, ki trdi, da je sin princa Charlesa in Camille, objavil nov dokaz: &#8220;To ni zgolj naklju\u010dje&#8221;","datePublished":"2022-03-23T11:00:54+00:00","dateModified":"2022-03-23T11:00:54+00:00","mainEntityOfPage":{"@id":"https:\/\/hudo.com\/si\/vip\/moski-ki-trdi-da-je-sin-princa-charlesa-in-camille-objavil-nov-dokaz-to-ni-zgolj-nakljucje\/"},"wordCount":447,"publisher":{"@id":"https:\/\/hudo.com\/si\/#organization"},"keywords":["Camilla Parker Bowles","princ Charles","Simon Dorante-Day"],"articleSection":["VIP"],"inLanguage":"sl-SI"},{"@type":"WebPage","@id":"https:\/\/hudo.com\/si\/vip\/moski-ki-trdi-da-je-sin-princa-charlesa-in-camille-objavil-nov-dokaz-to-ni-zgolj-nakljucje\/","url":"https:\/\/hudo.com\/si\/vip\/moski-ki-trdi-da-je-sin-princa-charlesa-in-camille-objavil-nov-dokaz-to-ni-zgolj-nakljucje\/","name":"Mo\u0161ki, ki trdi, da je sin princa Charlesa in Camille, objavil nov dokaz: \"To ni zgolj naklju\u010dje\" - Hudo Slovenija","isPartOf":{"@id":"https:\/\/hudo.com\/si\/#website"},"datePublished":"2022-03-23T11:00:54+00:00","dateModified":"2022-03-23T11:00:54+00:00","breadcrumb":{"@id":"https:\/\/hudo.com\/si\/vip\/moski-ki-trdi-da-je-sin-princa-charlesa-in-camille-objavil-nov-dokaz-to-ni-zgolj-nakljucje\/#breadcrumb"},"inLanguage":"sl-SI","potentialAction":[{"@type":"ReadAction","target":["https:\/\/hudo.com\/si\/vip\/moski-ki-trdi-da-je-sin-princa-charlesa-in-camille-objavil-nov-dokaz-to-ni-zgolj-nakljucje\/"]}]},{"@type":"BreadcrumbList","@id":"https:\/\/hudo.com\/si\/vip\/moski-ki-trdi-da-je-sin-princa-charlesa-in-camille-objavil-nov-dokaz-to-ni-zgolj-nakljucje\/#breadcrumb","itemListElement":[{"@type":"ListItem","position":1,"name":"Home","item":"https:\/\/hudo.com\/si\/"},{"@type":"ListItem","position":2,"name":"Mo\u0161ki, ki trdi, da je sin princa Charlesa in Camille, objavil nov dokaz: &#8220;To ni zgolj naklju\u010dje&#8221;"}]},{"@type":"WebSite","@id":"https:\/\/hudo.com\/si\/#website","url":"https:\/\/hudo.com\/si\/","name":"Hudo Slovenija","description":"Vse novice iz Slovenije in sveta","publisher":{"@id":"https:\/\/hudo.com\/si\/#organization"},"potentialAction":[{"@type":"SearchAction","target":{"@type":"EntryPoint","urlTemplate":"https:\/\/hudo.com\/si\/?s={search_term_string}"},"query-input":"required name=search_term_string"}],"inLanguage":"sl-SI"},{"@type":"Organization","@id":"https:\/\/hudo.com\/si\/#organization","name":"VSN Media","url":"https:\/\/hudo.com\/si\/","logo":{"@type":"ImageObject","inLanguage":"sl-SI","@id":"https:\/\/hudo.com\/si\/#\/schema\/logo\/image\/","url":"https:\/\/hudo.com\/si\/wp-content\/uploads\/sites\/2\/2021\/03\/hudo-app-2.png","contentUrl":"https:\/\/hudo.com\/si\/wp-content\/uploads\/sites\/2\/2021\/03\/hudo-app-2.png","width":2185,"height":2167,"caption":"VSN Media"},"image":{"@id":"https:\/\/hudo.com\/si\/#\/schema\/logo\/image\/"},"sameAs":["https:\/\/www.facebook.com\/hudo.si","https:\/\/twitter.com\/hudo_si"]},{"@type":"Person","@id":"https:\/\/hudo.com\/si\/#\/schema\/person\/f95639a66e0dd2c682b0568634e85b8b","name":"A. G.","image":{"@type":"ImageObject","inLanguage":"sl-SI","@id":"https:\/\/hudo.com\/si\/#\/schema\/person\/image\/","url":"https:\/\/secure.gravatar.com\/avatar\/9f44de561c70d5d80348d3ed0f4b142d?s=96&d=mm&r=g","contentUrl":"https:\/\/secure.gravatar.com\/avatar\/9f44de561c70d5d80348d3ed0f4b142d?s=96&d=mm&r=g","caption":"A. G."},"url":"https:\/\/hudo.com\/si\/author\/alenkagrmek\/"}]}},"amp_enabled":true,"_links":{"self":[{"href":"https:\/\/hudo.com\/si\/wp-json\/wp\/v2\/posts\/450307"}],"collection":[{"href":"https:\/\/hudo.com\/si\/wp-json\/wp\/v2\/posts"}],"about":[{"href":"https:\/\/hudo.com\/si\/wp-json\/wp\/v2\/types\/post"}],"author":[{"embeddable":true,"href":"https:\/\/hudo.com\/si\/wp-json\/wp\/v2\/users\/6"}],"replies":[{"embeddable":true,"href":"https:\/\/hudo.com\/si\/wp-json\/wp\/v2\/comments?post=450307"}],"version-history":[{"count":4,"href":"https:\/\/hudo.com\/si\/wp-json\/wp\/v2\/posts\/450307\/revisions"}],"predecessor-version":[{"id":466554,"href":"https:\/\/hudo.com\/si\/wp-json\/wp\/v2\/posts\/450307\/revisions\/466554"}],"wp:featuredmedia":[{"embeddable":true,"href":"https:\/\/hudo.com\/si\/wp-json\/wp\/v2\/media\/450314"}],"wp:attachment":[{"href":"https:\/\/hudo.com\/si\/wp-json\/wp\/v2\/media?parent=450307"}],"wp:term":[{"taxonomy":"category","embeddable":true,"href":"https:\/\/hudo.com\/si\/wp-json\/wp\/v2\/categories?post=450307"},{"taxonomy":"post_tag","embeddable":true,"href":"https:\/\/hudo.com\/si\/wp-json\/wp\/v2\/tags?post=450307"},{"taxonomy":"source","embeddable":true,"href":"https:\/\/hudo.com\/si\/wp-json\/wp\/v2\/source?post=450307"},{"taxonomy":"supertag","embeddable":true,"href":"https:\/\/hudo.com\/si\/wp-json\/wp\/v2\/supertag?post=450307"}],"curies":[{"name":"wp","href":"https:\/\/api.w.org\/{rel}","templated":true}]}}