{"id":450472,"date":"2021-04-28T11:12:21","date_gmt":"2021-04-28T09:12:21","guid":{"rendered":"https:\/\/hudo.com\/si\/?p=450472"},"modified":"2021-04-28T11:12:21","modified_gmt":"2021-04-28T09:12:21","slug":"v-trgovino-z-ljudmi-v-nocnem-klubu-v-sentilju-naj-bi-bil-vpleten-tudi-policist","status":"publish","type":"post","link":"https:\/\/hudo.com\/si\/aktualno\/slovenija\/v-trgovino-z-ljudmi-v-nocnem-klubu-v-sentilju-naj-bi-bil-vpleten-tudi-policist\/","title":{"rendered":"V trgovino z ljudmi v no\u010dnem klubu v \u0160entilju naj bi bil vpleten tudi policist"},"content":{"rendered":"<p>Izsledki kriminalisti\u010dne preiskave zoper vpletene v trgovino z ljudmi v no\u010dnem klubu v \u0160entilju dopu\u0161\u010dajo sum, da je osumljene o morebitnih racijah v lokalu obve\u0161\u010dal policist s policijske postaje za izravnalne ukrepe, pi\u0161e Ve\u010der. Na policiji so potrdili, da v sklopu notranjevarnostnega postopka preverjajo sum odklonskega ravnanja policista.<\/p>\n<p>Po mar\u010devskem policijskem razkritju, da se je v no\u010dnem klubu Tropicana, dolga leta odvijala trgovina z ljudmi in da je kriminalna zdru\u017eba \u017ertve zlorabe prostitucije izkori\u0161\u010dala \u017ee od leta 2012, je bilo na mestu vpra\u0161anje, zakaj policija vpletenih ni aretirala \u017ee prej. Zlasti, ker je vodja mariborskih kriminalistov Beno Megli\u010d povedal, da je policija prvo uradno naznanilo o dogajanju prejela v letu 2016.<\/p>\n<p>Megli\u010d je takrat pojasnil, da se tako dolgo ni zgodilo ni\u010d zato, ker je klasi\u010dno preiskovanje trgovine z ljudmi zelo ote\u017eeno zaradi nepripravljenosti sodelovanja \u017ertev, ki jih \u010dlani hudodelske zdru\u017ebe potisnejo v podrejen polo\u017eaj. &#8220;S klasi\u010dnimi metodami dela ni bilo mogo\u010de preiskati dejanj, zato smo zadevo nadgradili s prikritimi preiskovalnimi ukrepi,&#8221; je razlo\u017eil Megli\u010d.<\/p>\n<p>Natan\u010den pregled izsledkov kriminalisti\u010dne preiskave je po informacijah Ve\u010dera dal rezultat, ki dopu\u0161\u010da sklepanje oziroma vsaj sum, da je policijo pri klasi\u010dnih metodah preiskovanja trgovine z ljudmi v \u0160entilju oviral nekdo iz policijskih vrst. In sicer na na\u010din, da je domnevno vpletene v trgovino z ljudmi obve\u0161\u010dal o napovedanih racijah v no\u010dnem klubu. To je po\u010del po telefonu in se tako ujel v policijske prisluhe, je \u010dasnik neuradno izvedel od virov blizu policiji.<\/p>\n<p>Na Policijski upravi Maribor so Ve\u010deru potrdili, da v sklopu notranjevarnostnega postopka preverjajo sum odklonskega ravnanja policista njihove policijske uprave. Ker postopek \u0161e ni zaklju\u010den, zaenkrat ve\u010d informacij ne morejo posredovati, \u010de pa bodo v ugotovljene nepravilnosti policista, bodo zoper njega uvedli ustrezne postopke, so dodali.<\/p>\n<p>Ve\u010der je, kot poro\u010da, iz zanesljivih virov izvedel, da gre za zaposlenega na mariborski policijski postaji za izravnalne ukrepe, o notranjevarnostnem postopku zoper njega pa da so seznanjeni tudi na posebnem oddelku specializiranega to\u017eilstva, pristojnega za obravnavo kaznivih dejanj, ki so jih osumljene uradne osebe.<\/p>\n<p>Kaznivo dejanje trgovine z ljudmi, ki se je domnevno odvijala v omenjenem no\u010dnem klubu, policija in to\u017eilstvo za zdaj o\u010ditata osmim osumljenim. Glavni med njimi je najemnik lokala, ki je po aretacijah edini pristal v priporu, a se zdaj \u017ee brani s prostosti. Med osumljenimi, da je bil skupaj z njim vpleten v zlorabo prostitucije in celo pranje denarja, naj bi bil po poro\u010danju Ve\u010dera tudi lastnik kluba, sicer dolgoletni ob\u010dinski svetnik SDS Bojan Belna.<\/p>\n<p>Kot \u0161e dodaja \u010dasnik, je preiskovalna sodnica zoper glavno peterico \u017ee uvedla sodno preiskavo, kriminalni zdru\u017ebi pa to\u017eilstvo o\u010dita, da je s trgovino z ljudmi in z zlorabo prostitucije pridobila najmanj 207.500 evrov protipravne premo\u017eenjske koristi. Vpleteni vanjo naj bi bili od leta 2012 do 10. marca letos izkori\u0161\u010dali najmanj 38 \u017eensk iz razli\u010dnih dr\u017eav, ve\u010dinoma iz Dominikanske republike, \u017ertve pa so bile tudi iz Slovenije.<\/p>\n","protected":false},"excerpt":{"rendered":"<p>V afero Tropicana naj bi bil vpleten tudi policist.<\/p>\n","protected":false},"author":5,"featured_media":225747,"comment_status":"closed","ping_status":"closed","sticky":false,"template":"","format":"standard","meta":{"footnotes":""},"categories":[18201],"tags":[18718,5010,1728],"source":[4511],"supertag":[],"acf":[],"yoast_head":"<!-- This site is optimized with the Yoast SEO plugin v21.3 - https:\/\/yoast.com\/wordpress\/plugins\/seo\/ -->\n<title>V trgovino z ljudmi v no\u010dnem klubu v \u0160entilju naj bi bil vpleten tudi policist - Hudo Slovenija<\/title>\n<meta name=\"robots\" content=\"index, follow, max-snippet:-1, max-image-preview:large, max-video-preview:-1\" \/>\n<link rel=\"canonical\" href=\"https:\/\/hudo.com\/si\/aktualno\/slovenija\/v-trgovino-z-ljudmi-v-nocnem-klubu-v-sentilju-naj-bi-bil-vpleten-tudi-policist\/\" \/>\n<meta property=\"og:locale\" content=\"sl_SI\" \/>\n<meta property=\"og:type\" content=\"article\" \/>\n<meta property=\"og:title\" content=\"V trgovino z ljudmi v no\u010dnem klubu v \u0160entilju naj bi bil vpleten tudi policist - Hudo Slovenija\" \/>\n<meta property=\"og:description\" content=\"V afero Tropicana naj bi bil vpleten tudi policist.\" \/>\n<meta property=\"og:url\" content=\"https:\/\/hudo.com\/si\/aktualno\/slovenija\/v-trgovino-z-ljudmi-v-nocnem-klubu-v-sentilju-naj-bi-bil-vpleten-tudi-policist\/\" \/>\n<meta property=\"og:site_name\" content=\"Hudo Slovenija\" \/>\n<meta property=\"article:publisher\" content=\"https:\/\/www.facebook.com\/hudo.si\" \/>\n<meta property=\"article:published_time\" content=\"2021-04-28T09:12:21+00:00\" \/>\n<meta property=\"og:image\" content=\"https:\/\/hudo.com\/si\/wp-content\/uploads\/sites\/2\/2017\/03\/20141110-00567217.jpg\" \/>\n\t<meta property=\"og:image:width\" content=\"640\" \/>\n\t<meta property=\"og:image:height\" content=\"547\" \/>\n\t<meta property=\"og:image:type\" content=\"image\/jpeg\" \/>\n<meta name=\"author\" content=\"A. G., STA\" \/>\n<meta name=\"twitter:card\" content=\"summary_large_image\" \/>\n<meta name=\"twitter:creator\" content=\"@hudo_si\" \/>\n<meta name=\"twitter:site\" content=\"@hudo_si\" \/>\n<meta name=\"twitter:label1\" content=\"Written by\" \/>\n\t<meta name=\"twitter:data1\" content=\"A. G., STA\" \/>\n\t<meta name=\"twitter:label2\" content=\"Est. reading time\" \/>\n\t<meta name=\"twitter:data2\" content=\"3 minute\" \/>\n<script type=\"application\/ld+json\" class=\"yoast-schema-graph\">{\"@context\":\"https:\/\/schema.org\",\"@graph\":[{\"@type\":\"Article\",\"@id\":\"https:\/\/hudo.com\/si\/aktualno\/slovenija\/v-trgovino-z-ljudmi-v-nocnem-klubu-v-sentilju-naj-bi-bil-vpleten-tudi-policist\/#article\",\"isPartOf\":{\"@id\":\"https:\/\/hudo.com\/si\/aktualno\/slovenija\/v-trgovino-z-ljudmi-v-nocnem-klubu-v-sentilju-naj-bi-bil-vpleten-tudi-policist\/\"},\"author\":{\"name\":\"A. G., STA\",\"@id\":\"https:\/\/hudo.com\/si\/#\/schema\/person\/2391667a63ea075ba94f2f2dc6b77537\"},\"headline\":\"V trgovino z ljudmi v no\u010dnem klubu v \u0160entilju naj bi bil vpleten tudi policist\",\"datePublished\":\"2021-04-28T09:12:21+00:00\",\"dateModified\":\"2021-04-28T09:12:21+00:00\",\"mainEntityOfPage\":{\"@id\":\"https:\/\/hudo.com\/si\/aktualno\/slovenija\/v-trgovino-z-ljudmi-v-nocnem-klubu-v-sentilju-naj-bi-bil-vpleten-tudi-policist\/\"},\"wordCount\":526,\"publisher\":{\"@id\":\"https:\/\/hudo.com\/si\/#organization\"},\"keywords\":[\"afera Tropicana\",\"kriminal\",\"policija\"],\"articleSection\":[\"Slovenija\"],\"inLanguage\":\"sl-SI\"},{\"@type\":\"WebPage\",\"@id\":\"https:\/\/hudo.com\/si\/aktualno\/slovenija\/v-trgovino-z-ljudmi-v-nocnem-klubu-v-sentilju-naj-bi-bil-vpleten-tudi-policist\/\",\"url\":\"https:\/\/hudo.com\/si\/aktualno\/slovenija\/v-trgovino-z-ljudmi-v-nocnem-klubu-v-sentilju-naj-bi-bil-vpleten-tudi-policist\/\",\"name\":\"V trgovino z ljudmi v no\u010dnem klubu v \u0160entilju naj bi bil vpleten tudi policist - Hudo Slovenija\",\"isPartOf\":{\"@id\":\"https:\/\/hudo.com\/si\/#website\"},\"datePublished\":\"2021-04-28T09:12:21+00:00\",\"dateModified\":\"2021-04-28T09:12:21+00:00\",\"breadcrumb\":{\"@id\":\"https:\/\/hudo.com\/si\/aktualno\/slovenija\/v-trgovino-z-ljudmi-v-nocnem-klubu-v-sentilju-naj-bi-bil-vpleten-tudi-policist\/#breadcrumb\"},\"inLanguage\":\"sl-SI\",\"potentialAction\":[{\"@type\":\"ReadAction\",\"target\":[\"https:\/\/hudo.com\/si\/aktualno\/slovenija\/v-trgovino-z-ljudmi-v-nocnem-klubu-v-sentilju-naj-bi-bil-vpleten-tudi-policist\/\"]}]},{\"@type\":\"BreadcrumbList\",\"@id\":\"https:\/\/hudo.com\/si\/aktualno\/slovenija\/v-trgovino-z-ljudmi-v-nocnem-klubu-v-sentilju-naj-bi-bil-vpleten-tudi-policist\/#breadcrumb\",\"itemListElement\":[{\"@type\":\"ListItem\",\"position\":1,\"name\":\"Home\",\"item\":\"https:\/\/hudo.com\/si\/\"},{\"@type\":\"ListItem\",\"position\":2,\"name\":\"V trgovino z ljudmi v no\u010dnem klubu v \u0160entilju naj bi bil vpleten tudi policist\"}]},{\"@type\":\"WebSite\",\"@id\":\"https:\/\/hudo.com\/si\/#website\",\"url\":\"https:\/\/hudo.com\/si\/\",\"name\":\"Hudo Slovenija\",\"description\":\"Vse novice iz Slovenije in sveta\",\"publisher\":{\"@id\":\"https:\/\/hudo.com\/si\/#organization\"},\"potentialAction\":[{\"@type\":\"SearchAction\",\"target\":{\"@type\":\"EntryPoint\",\"urlTemplate\":\"https:\/\/hudo.com\/si\/?s={search_term_string}\"},\"query-input\":\"required name=search_term_string\"}],\"inLanguage\":\"sl-SI\"},{\"@type\":\"Organization\",\"@id\":\"https:\/\/hudo.com\/si\/#organization\",\"name\":\"VSN Media\",\"url\":\"https:\/\/hudo.com\/si\/\",\"logo\":{\"@type\":\"ImageObject\",\"inLanguage\":\"sl-SI\",\"@id\":\"https:\/\/hudo.com\/si\/#\/schema\/logo\/image\/\",\"url\":\"https:\/\/hudo.com\/si\/wp-content\/uploads\/sites\/2\/2021\/03\/hudo-app-2.png\",\"contentUrl\":\"https:\/\/hudo.com\/si\/wp-content\/uploads\/sites\/2\/2021\/03\/hudo-app-2.png\",\"width\":2185,\"height\":2167,\"caption\":\"VSN Media\"},\"image\":{\"@id\":\"https:\/\/hudo.com\/si\/#\/schema\/logo\/image\/\"},\"sameAs\":[\"https:\/\/www.facebook.com\/hudo.si\",\"https:\/\/twitter.com\/hudo_si\"]},{\"@type\":\"Person\",\"@id\":\"https:\/\/hudo.com\/si\/#\/schema\/person\/2391667a63ea075ba94f2f2dc6b77537\",\"name\":\"A. G., STA\",\"image\":{\"@type\":\"ImageObject\",\"inLanguage\":\"sl-SI\",\"@id\":\"https:\/\/hudo.com\/si\/#\/schema\/person\/image\/\",\"url\":\"https:\/\/secure.gravatar.com\/avatar\/e13d22ac3e442658d5025fbbe6238a79?s=96&d=mm&r=g\",\"contentUrl\":\"https:\/\/secure.gravatar.com\/avatar\/e13d22ac3e442658d5025fbbe6238a79?s=96&d=mm&r=g\",\"caption\":\"A. G., STA\"},\"url\":\"https:\/\/hudo.com\/si\/author\/alenka\/\"}]}<\/script>\n<!-- \/ Yoast SEO plugin. -->","yoast_head_json":{"title":"V trgovino z ljudmi v no\u010dnem klubu v \u0160entilju naj bi bil vpleten tudi policist - Hudo Slovenija","robots":{"index":"index","follow":"follow","max-snippet":"max-snippet:-1","max-image-preview":"max-image-preview:large","max-video-preview":"max-video-preview:-1"},"canonical":"https:\/\/hudo.com\/si\/aktualno\/slovenija\/v-trgovino-z-ljudmi-v-nocnem-klubu-v-sentilju-naj-bi-bil-vpleten-tudi-policist\/","og_locale":"sl_SI","og_type":"article","og_title":"V trgovino z ljudmi v no\u010dnem klubu v \u0160entilju naj bi bil vpleten tudi policist - Hudo Slovenija","og_description":"V afero Tropicana naj bi bil vpleten tudi policist.","og_url":"https:\/\/hudo.com\/si\/aktualno\/slovenija\/v-trgovino-z-ljudmi-v-nocnem-klubu-v-sentilju-naj-bi-bil-vpleten-tudi-policist\/","og_site_name":"Hudo Slovenija","article_publisher":"https:\/\/www.facebook.com\/hudo.si","article_published_time":"2021-04-28T09:12:21+00:00","og_image":[{"width":640,"height":547,"url":"https:\/\/hudo.com\/si\/wp-content\/uploads\/sites\/2\/2017\/03\/20141110-00567217.jpg","type":"image\/jpeg"}],"author":"A. G., STA","twitter_card":"summary_large_image","twitter_creator":"@hudo_si","twitter_site":"@hudo_si","twitter_misc":{"Written by":"A. G., STA","Est. reading time":"3 minute"},"schema":{"@context":"https:\/\/schema.org","@graph":[{"@type":"Article","@id":"https:\/\/hudo.com\/si\/aktualno\/slovenija\/v-trgovino-z-ljudmi-v-nocnem-klubu-v-sentilju-naj-bi-bil-vpleten-tudi-policist\/#article","isPartOf":{"@id":"https:\/\/hudo.com\/si\/aktualno\/slovenija\/v-trgovino-z-ljudmi-v-nocnem-klubu-v-sentilju-naj-bi-bil-vpleten-tudi-policist\/"},"author":{"name":"A. G., STA","@id":"https:\/\/hudo.com\/si\/#\/schema\/person\/2391667a63ea075ba94f2f2dc6b77537"},"headline":"V trgovino z ljudmi v no\u010dnem klubu v \u0160entilju naj bi bil vpleten tudi policist","datePublished":"2021-04-28T09:12:21+00:00","dateModified":"2021-04-28T09:12:21+00:00","mainEntityOfPage":{"@id":"https:\/\/hudo.com\/si\/aktualno\/slovenija\/v-trgovino-z-ljudmi-v-nocnem-klubu-v-sentilju-naj-bi-bil-vpleten-tudi-policist\/"},"wordCount":526,"publisher":{"@id":"https:\/\/hudo.com\/si\/#organization"},"keywords":["afera Tropicana","kriminal","policija"],"articleSection":["Slovenija"],"inLanguage":"sl-SI"},{"@type":"WebPage","@id":"https:\/\/hudo.com\/si\/aktualno\/slovenija\/v-trgovino-z-ljudmi-v-nocnem-klubu-v-sentilju-naj-bi-bil-vpleten-tudi-policist\/","url":"https:\/\/hudo.com\/si\/aktualno\/slovenija\/v-trgovino-z-ljudmi-v-nocnem-klubu-v-sentilju-naj-bi-bil-vpleten-tudi-policist\/","name":"V trgovino z ljudmi v no\u010dnem klubu v \u0160entilju naj bi bil vpleten tudi policist - Hudo Slovenija","isPartOf":{"@id":"https:\/\/hudo.com\/si\/#website"},"datePublished":"2021-04-28T09:12:21+00:00","dateModified":"2021-04-28T09:12:21+00:00","breadcrumb":{"@id":"https:\/\/hudo.com\/si\/aktualno\/slovenija\/v-trgovino-z-ljudmi-v-nocnem-klubu-v-sentilju-naj-bi-bil-vpleten-tudi-policist\/#breadcrumb"},"inLanguage":"sl-SI","potentialAction":[{"@type":"ReadAction","target":["https:\/\/hudo.com\/si\/aktualno\/slovenija\/v-trgovino-z-ljudmi-v-nocnem-klubu-v-sentilju-naj-bi-bil-vpleten-tudi-policist\/"]}]},{"@type":"BreadcrumbList","@id":"https:\/\/hudo.com\/si\/aktualno\/slovenija\/v-trgovino-z-ljudmi-v-nocnem-klubu-v-sentilju-naj-bi-bil-vpleten-tudi-policist\/#breadcrumb","itemListElement":[{"@type":"ListItem","position":1,"name":"Home","item":"https:\/\/hudo.com\/si\/"},{"@type":"ListItem","position":2,"name":"V trgovino z ljudmi v no\u010dnem klubu v \u0160entilju naj bi bil vpleten tudi policist"}]},{"@type":"WebSite","@id":"https:\/\/hudo.com\/si\/#website","url":"https:\/\/hudo.com\/si\/","name":"Hudo Slovenija","description":"Vse novice iz Slovenije in sveta","publisher":{"@id":"https:\/\/hudo.com\/si\/#organization"},"potentialAction":[{"@type":"SearchAction","target":{"@type":"EntryPoint","urlTemplate":"https:\/\/hudo.com\/si\/?s={search_term_string}"},"query-input":"required name=search_term_string"}],"inLanguage":"sl-SI"},{"@type":"Organization","@id":"https:\/\/hudo.com\/si\/#organization","name":"VSN Media","url":"https:\/\/hudo.com\/si\/","logo":{"@type":"ImageObject","inLanguage":"sl-SI","@id":"https:\/\/hudo.com\/si\/#\/schema\/logo\/image\/","url":"https:\/\/hudo.com\/si\/wp-content\/uploads\/sites\/2\/2021\/03\/hudo-app-2.png","contentUrl":"https:\/\/hudo.com\/si\/wp-content\/uploads\/sites\/2\/2021\/03\/hudo-app-2.png","width":2185,"height":2167,"caption":"VSN Media"},"image":{"@id":"https:\/\/hudo.com\/si\/#\/schema\/logo\/image\/"},"sameAs":["https:\/\/www.facebook.com\/hudo.si","https:\/\/twitter.com\/hudo_si"]},{"@type":"Person","@id":"https:\/\/hudo.com\/si\/#\/schema\/person\/2391667a63ea075ba94f2f2dc6b77537","name":"A. G., STA","image":{"@type":"ImageObject","inLanguage":"sl-SI","@id":"https:\/\/hudo.com\/si\/#\/schema\/person\/image\/","url":"https:\/\/secure.gravatar.com\/avatar\/e13d22ac3e442658d5025fbbe6238a79?s=96&d=mm&r=g","contentUrl":"https:\/\/secure.gravatar.com\/avatar\/e13d22ac3e442658d5025fbbe6238a79?s=96&d=mm&r=g","caption":"A. G., STA"},"url":"https:\/\/hudo.com\/si\/author\/alenka\/"}]}},"amp_enabled":true,"_links":{"self":[{"href":"https:\/\/hudo.com\/si\/wp-json\/wp\/v2\/posts\/450472"}],"collection":[{"href":"https:\/\/hudo.com\/si\/wp-json\/wp\/v2\/posts"}],"about":[{"href":"https:\/\/hudo.com\/si\/wp-json\/wp\/v2\/types\/post"}],"author":[{"embeddable":true,"href":"https:\/\/hudo.com\/si\/wp-json\/wp\/v2\/users\/5"}],"replies":[{"embeddable":true,"href":"https:\/\/hudo.com\/si\/wp-json\/wp\/v2\/comments?post=450472"}],"version-history":[{"count":1,"href":"https:\/\/hudo.com\/si\/wp-json\/wp\/v2\/posts\/450472\/revisions"}],"predecessor-version":[{"id":450473,"href":"https:\/\/hudo.com\/si\/wp-json\/wp\/v2\/posts\/450472\/revisions\/450473"}],"wp:featuredmedia":[{"embeddable":true,"href":"https:\/\/hudo.com\/si\/wp-json\/wp\/v2\/media\/225747"}],"wp:attachment":[{"href":"https:\/\/hudo.com\/si\/wp-json\/wp\/v2\/media?parent=450472"}],"wp:term":[{"taxonomy":"category","embeddable":true,"href":"https:\/\/hudo.com\/si\/wp-json\/wp\/v2\/categories?post=450472"},{"taxonomy":"post_tag","embeddable":true,"href":"https:\/\/hudo.com\/si\/wp-json\/wp\/v2\/tags?post=450472"},{"taxonomy":"source","embeddable":true,"href":"https:\/\/hudo.com\/si\/wp-json\/wp\/v2\/source?post=450472"},{"taxonomy":"supertag","embeddable":true,"href":"https:\/\/hudo.com\/si\/wp-json\/wp\/v2\/supertag?post=450472"}],"curies":[{"name":"wp","href":"https:\/\/api.w.org\/{rel}","templated":true}]}}