{"id":450624,"date":"2021-04-30T10:39:43","date_gmt":"2021-04-30T08:39:43","guid":{"rendered":"https:\/\/hudo.com\/si\/?p=450624"},"modified":"2021-04-30T10:39:43","modified_gmt":"2021-04-30T08:39:43","slug":"luknja-v-slovenskem-proracunu-vse-vecja","status":"publish","type":"post","link":"https:\/\/hudo.com\/si\/aktualno\/slovenija\/luknja-v-slovenskem-proracunu-vse-vecja\/","title":{"rendered":"Luknja v slovenskem prora\u010dunu vse ve\u010dja"},"content":{"rendered":"<p>Kot v dana\u0161nji objavi najnovej\u0161ih javnofinan\u010dnih gibanj pojasnjujejo na ministrstvu za finance, so med odhodki najbolj rasli sredstva za zaposlene, subvencije, transferji posameznikom in gospodinjstvom ter drugi teko\u010di doma\u010di transferi. Ta pove\u010dana poraba je povezana predvsem z epidemijo covida-19 in z bla\u017eenjem njenih posledic za podjetja in prebivalstvo.<\/p>\n<p>Primanjkljaj v obravnavanem obdobju je medtem ubla\u017eila rahla rast prihodkov, predvsem na ra\u010dun vi\u0161je rasti dohodnine in prejetih sredstev iz EU.<\/p>\n<p>Konsolidirana bilanca javnega financiranja, ki jo sestavljajo vse \u0161tiri javne blagajne &#8211; prora\u010dun, zdravstvena in pokojninska blagajna ter prora\u010duni lokalnih skupnosti, je v trimese\u010dju medtem zabele\u017eila pribli\u017eno 4,80 milijarde evrov prihodkov in 6,10 milijarde evrov odhodkov. Prihodki so bili vi\u0161ji za 3,3 odstotka, odhodki pa za 21,5 odstotka. Primanjkljaj je dosegel skoraj 1,30 milijarde evrov.<\/p>\n","protected":false},"excerpt":{"rendered":"<p>Prihodki dr\u017eavnega prora\u010duna so v prvih treh mesecih letos dosegli nekaj nad 2,40 milijarde evrov, kar je en odstotek ve\u010d kot v enakem obdobju lani. Odhodki so narasli za 37 odstotkov na skoraj 3,68 milijarde evrov. Prora\u010dun je zabele\u017eil blizu 1,27 milijarde evrov primanjkljaja, potem ko je bil ta lani ob tem \u010dasu pri 304,9 milijona evrov.<\/p>\n","protected":false},"author":7,"featured_media":395467,"comment_status":"closed","ping_status":"closed","sticky":false,"template":"","format":"standard","meta":{"footnotes":""},"categories":[18201],"tags":[15456],"source":[4511],"supertag":[],"acf":[],"yoast_head":"<!-- This site is optimized with the Yoast SEO plugin v21.3 - https:\/\/yoast.com\/wordpress\/plugins\/seo\/ -->\n<title>Luknja v slovenskem prora\u010dunu vse ve\u010dja - Hudo Slovenija<\/title>\n<meta name=\"robots\" content=\"index, follow, max-snippet:-1, max-image-preview:large, max-video-preview:-1\" \/>\n<link rel=\"canonical\" href=\"https:\/\/hudo.com\/si\/aktualno\/slovenija\/luknja-v-slovenskem-proracunu-vse-vecja\/\" \/>\n<meta property=\"og:locale\" content=\"sl_SI\" \/>\n<meta property=\"og:type\" content=\"article\" \/>\n<meta property=\"og:title\" content=\"Luknja v slovenskem prora\u010dunu vse ve\u010dja - Hudo Slovenija\" \/>\n<meta property=\"og:description\" content=\"Prihodki dr\u017eavnega prora\u010duna so v prvih treh mesecih letos dosegli nekaj nad 2,40 milijarde evrov, kar je en odstotek ve\u010d kot v enakem obdobju lani. Odhodki so narasli za 37 odstotkov na skoraj 3,68 milijarde evrov. Prora\u010dun je zabele\u017eil blizu 1,27 milijarde evrov primanjkljaja, potem ko je bil ta lani ob tem \u010dasu pri 304,9 milijona evrov.\" \/>\n<meta property=\"og:url\" content=\"https:\/\/hudo.com\/si\/aktualno\/slovenija\/luknja-v-slovenskem-proracunu-vse-vecja\/\" \/>\n<meta property=\"og:site_name\" content=\"Hudo Slovenija\" \/>\n<meta property=\"article:publisher\" content=\"https:\/\/www.facebook.com\/hudo.si\" \/>\n<meta property=\"article:published_time\" content=\"2021-04-30T08:39:43+00:00\" \/>\n<meta property=\"og:image\" content=\"https:\/\/hudo.com\/si\/wp-content\/uploads\/sites\/2\/2019\/03\/20181118-00898959.jpg\" \/>\n\t<meta property=\"og:image:width\" content=\"640\" \/>\n\t<meta property=\"og:image:height\" content=\"426\" \/>\n\t<meta property=\"og:image:type\" content=\"image\/jpeg\" \/>\n<meta name=\"author\" content=\"A. P., STA\" \/>\n<meta name=\"twitter:card\" content=\"summary_large_image\" \/>\n<meta name=\"twitter:creator\" content=\"@hudo_si\" \/>\n<meta name=\"twitter:site\" content=\"@hudo_si\" \/>\n<meta name=\"twitter:label1\" content=\"Written by\" \/>\n\t<meta name=\"twitter:data1\" content=\"A. P., STA\" \/>\n\t<meta name=\"twitter:label2\" content=\"Est. reading time\" \/>\n\t<meta name=\"twitter:data2\" content=\"1 minuta\" \/>\n<script type=\"application\/ld+json\" class=\"yoast-schema-graph\">{\"@context\":\"https:\/\/schema.org\",\"@graph\":[{\"@type\":\"Article\",\"@id\":\"https:\/\/hudo.com\/si\/aktualno\/slovenija\/luknja-v-slovenskem-proracunu-vse-vecja\/#article\",\"isPartOf\":{\"@id\":\"https:\/\/hudo.com\/si\/aktualno\/slovenija\/luknja-v-slovenskem-proracunu-vse-vecja\/\"},\"author\":{\"name\":\"A. P., STA\",\"@id\":\"https:\/\/hudo.com\/si\/#\/schema\/person\/18f09c02475ba9e606e941a565b80cff\"},\"headline\":\"Luknja v slovenskem prora\u010dunu vse ve\u010dja\",\"datePublished\":\"2021-04-30T08:39:43+00:00\",\"dateModified\":\"2021-04-30T08:39:43+00:00\",\"mainEntityOfPage\":{\"@id\":\"https:\/\/hudo.com\/si\/aktualno\/slovenija\/luknja-v-slovenskem-proracunu-vse-vecja\/\"},\"wordCount\":143,\"publisher\":{\"@id\":\"https:\/\/hudo.com\/si\/#organization\"},\"keywords\":[\"dr\u017eavni prora\u010dun\"],\"articleSection\":[\"Slovenija\"],\"inLanguage\":\"sl-SI\"},{\"@type\":\"WebPage\",\"@id\":\"https:\/\/hudo.com\/si\/aktualno\/slovenija\/luknja-v-slovenskem-proracunu-vse-vecja\/\",\"url\":\"https:\/\/hudo.com\/si\/aktualno\/slovenija\/luknja-v-slovenskem-proracunu-vse-vecja\/\",\"name\":\"Luknja v slovenskem prora\u010dunu vse ve\u010dja - Hudo Slovenija\",\"isPartOf\":{\"@id\":\"https:\/\/hudo.com\/si\/#website\"},\"datePublished\":\"2021-04-30T08:39:43+00:00\",\"dateModified\":\"2021-04-30T08:39:43+00:00\",\"breadcrumb\":{\"@id\":\"https:\/\/hudo.com\/si\/aktualno\/slovenija\/luknja-v-slovenskem-proracunu-vse-vecja\/#breadcrumb\"},\"inLanguage\":\"sl-SI\",\"potentialAction\":[{\"@type\":\"ReadAction\",\"target\":[\"https:\/\/hudo.com\/si\/aktualno\/slovenija\/luknja-v-slovenskem-proracunu-vse-vecja\/\"]}]},{\"@type\":\"BreadcrumbList\",\"@id\":\"https:\/\/hudo.com\/si\/aktualno\/slovenija\/luknja-v-slovenskem-proracunu-vse-vecja\/#breadcrumb\",\"itemListElement\":[{\"@type\":\"ListItem\",\"position\":1,\"name\":\"Home\",\"item\":\"https:\/\/hudo.com\/si\/\"},{\"@type\":\"ListItem\",\"position\":2,\"name\":\"Luknja v slovenskem prora\u010dunu vse ve\u010dja\"}]},{\"@type\":\"WebSite\",\"@id\":\"https:\/\/hudo.com\/si\/#website\",\"url\":\"https:\/\/hudo.com\/si\/\",\"name\":\"Hudo Slovenija\",\"description\":\"Vse novice iz Slovenije in sveta\",\"publisher\":{\"@id\":\"https:\/\/hudo.com\/si\/#organization\"},\"potentialAction\":[{\"@type\":\"SearchAction\",\"target\":{\"@type\":\"EntryPoint\",\"urlTemplate\":\"https:\/\/hudo.com\/si\/?s={search_term_string}\"},\"query-input\":\"required name=search_term_string\"}],\"inLanguage\":\"sl-SI\"},{\"@type\":\"Organization\",\"@id\":\"https:\/\/hudo.com\/si\/#organization\",\"name\":\"VSN Media\",\"url\":\"https:\/\/hudo.com\/si\/\",\"logo\":{\"@type\":\"ImageObject\",\"inLanguage\":\"sl-SI\",\"@id\":\"https:\/\/hudo.com\/si\/#\/schema\/logo\/image\/\",\"url\":\"https:\/\/hudo.com\/si\/wp-content\/uploads\/sites\/2\/2021\/03\/hudo-app-2.png\",\"contentUrl\":\"https:\/\/hudo.com\/si\/wp-content\/uploads\/sites\/2\/2021\/03\/hudo-app-2.png\",\"width\":2185,\"height\":2167,\"caption\":\"VSN Media\"},\"image\":{\"@id\":\"https:\/\/hudo.com\/si\/#\/schema\/logo\/image\/\"},\"sameAs\":[\"https:\/\/www.facebook.com\/hudo.si\",\"https:\/\/twitter.com\/hudo_si\"]},{\"@type\":\"Person\",\"@id\":\"https:\/\/hudo.com\/si\/#\/schema\/person\/18f09c02475ba9e606e941a565b80cff\",\"name\":\"A. P., STA\",\"image\":{\"@type\":\"ImageObject\",\"inLanguage\":\"sl-SI\",\"@id\":\"https:\/\/hudo.com\/si\/#\/schema\/person\/image\/\",\"url\":\"https:\/\/secure.gravatar.com\/avatar\/03eac8e609f5f04383125d80eaeaaf3e?s=96&d=mm&r=g\",\"contentUrl\":\"https:\/\/secure.gravatar.com\/avatar\/03eac8e609f5f04383125d80eaeaaf3e?s=96&d=mm&r=g\",\"caption\":\"A. P., STA\"},\"url\":\"https:\/\/hudo.com\/si\/author\/lubu\/\"}]}<\/script>\n<!-- \/ Yoast SEO plugin. -->","yoast_head_json":{"title":"Luknja v slovenskem prora\u010dunu vse ve\u010dja - Hudo Slovenija","robots":{"index":"index","follow":"follow","max-snippet":"max-snippet:-1","max-image-preview":"max-image-preview:large","max-video-preview":"max-video-preview:-1"},"canonical":"https:\/\/hudo.com\/si\/aktualno\/slovenija\/luknja-v-slovenskem-proracunu-vse-vecja\/","og_locale":"sl_SI","og_type":"article","og_title":"Luknja v slovenskem prora\u010dunu vse ve\u010dja - Hudo Slovenija","og_description":"Prihodki dr\u017eavnega prora\u010duna so v prvih treh mesecih letos dosegli nekaj nad 2,40 milijarde evrov, kar je en odstotek ve\u010d kot v enakem obdobju lani. Odhodki so narasli za 37 odstotkov na skoraj 3,68 milijarde evrov. Prora\u010dun je zabele\u017eil blizu 1,27 milijarde evrov primanjkljaja, potem ko je bil ta lani ob tem \u010dasu pri 304,9 milijona evrov.","og_url":"https:\/\/hudo.com\/si\/aktualno\/slovenija\/luknja-v-slovenskem-proracunu-vse-vecja\/","og_site_name":"Hudo Slovenija","article_publisher":"https:\/\/www.facebook.com\/hudo.si","article_published_time":"2021-04-30T08:39:43+00:00","og_image":[{"width":640,"height":426,"url":"https:\/\/hudo.com\/si\/wp-content\/uploads\/sites\/2\/2019\/03\/20181118-00898959.jpg","type":"image\/jpeg"}],"author":"A. P., STA","twitter_card":"summary_large_image","twitter_creator":"@hudo_si","twitter_site":"@hudo_si","twitter_misc":{"Written by":"A. P., STA","Est. reading time":"1 minuta"},"schema":{"@context":"https:\/\/schema.org","@graph":[{"@type":"Article","@id":"https:\/\/hudo.com\/si\/aktualno\/slovenija\/luknja-v-slovenskem-proracunu-vse-vecja\/#article","isPartOf":{"@id":"https:\/\/hudo.com\/si\/aktualno\/slovenija\/luknja-v-slovenskem-proracunu-vse-vecja\/"},"author":{"name":"A. P., STA","@id":"https:\/\/hudo.com\/si\/#\/schema\/person\/18f09c02475ba9e606e941a565b80cff"},"headline":"Luknja v slovenskem prora\u010dunu vse ve\u010dja","datePublished":"2021-04-30T08:39:43+00:00","dateModified":"2021-04-30T08:39:43+00:00","mainEntityOfPage":{"@id":"https:\/\/hudo.com\/si\/aktualno\/slovenija\/luknja-v-slovenskem-proracunu-vse-vecja\/"},"wordCount":143,"publisher":{"@id":"https:\/\/hudo.com\/si\/#organization"},"keywords":["dr\u017eavni prora\u010dun"],"articleSection":["Slovenija"],"inLanguage":"sl-SI"},{"@type":"WebPage","@id":"https:\/\/hudo.com\/si\/aktualno\/slovenija\/luknja-v-slovenskem-proracunu-vse-vecja\/","url":"https:\/\/hudo.com\/si\/aktualno\/slovenija\/luknja-v-slovenskem-proracunu-vse-vecja\/","name":"Luknja v slovenskem prora\u010dunu vse ve\u010dja - Hudo Slovenija","isPartOf":{"@id":"https:\/\/hudo.com\/si\/#website"},"datePublished":"2021-04-30T08:39:43+00:00","dateModified":"2021-04-30T08:39:43+00:00","breadcrumb":{"@id":"https:\/\/hudo.com\/si\/aktualno\/slovenija\/luknja-v-slovenskem-proracunu-vse-vecja\/#breadcrumb"},"inLanguage":"sl-SI","potentialAction":[{"@type":"ReadAction","target":["https:\/\/hudo.com\/si\/aktualno\/slovenija\/luknja-v-slovenskem-proracunu-vse-vecja\/"]}]},{"@type":"BreadcrumbList","@id":"https:\/\/hudo.com\/si\/aktualno\/slovenija\/luknja-v-slovenskem-proracunu-vse-vecja\/#breadcrumb","itemListElement":[{"@type":"ListItem","position":1,"name":"Home","item":"https:\/\/hudo.com\/si\/"},{"@type":"ListItem","position":2,"name":"Luknja v slovenskem prora\u010dunu vse ve\u010dja"}]},{"@type":"WebSite","@id":"https:\/\/hudo.com\/si\/#website","url":"https:\/\/hudo.com\/si\/","name":"Hudo Slovenija","description":"Vse novice iz Slovenije in sveta","publisher":{"@id":"https:\/\/hudo.com\/si\/#organization"},"potentialAction":[{"@type":"SearchAction","target":{"@type":"EntryPoint","urlTemplate":"https:\/\/hudo.com\/si\/?s={search_term_string}"},"query-input":"required name=search_term_string"}],"inLanguage":"sl-SI"},{"@type":"Organization","@id":"https:\/\/hudo.com\/si\/#organization","name":"VSN Media","url":"https:\/\/hudo.com\/si\/","logo":{"@type":"ImageObject","inLanguage":"sl-SI","@id":"https:\/\/hudo.com\/si\/#\/schema\/logo\/image\/","url":"https:\/\/hudo.com\/si\/wp-content\/uploads\/sites\/2\/2021\/03\/hudo-app-2.png","contentUrl":"https:\/\/hudo.com\/si\/wp-content\/uploads\/sites\/2\/2021\/03\/hudo-app-2.png","width":2185,"height":2167,"caption":"VSN Media"},"image":{"@id":"https:\/\/hudo.com\/si\/#\/schema\/logo\/image\/"},"sameAs":["https:\/\/www.facebook.com\/hudo.si","https:\/\/twitter.com\/hudo_si"]},{"@type":"Person","@id":"https:\/\/hudo.com\/si\/#\/schema\/person\/18f09c02475ba9e606e941a565b80cff","name":"A. P., STA","image":{"@type":"ImageObject","inLanguage":"sl-SI","@id":"https:\/\/hudo.com\/si\/#\/schema\/person\/image\/","url":"https:\/\/secure.gravatar.com\/avatar\/03eac8e609f5f04383125d80eaeaaf3e?s=96&d=mm&r=g","contentUrl":"https:\/\/secure.gravatar.com\/avatar\/03eac8e609f5f04383125d80eaeaaf3e?s=96&d=mm&r=g","caption":"A. P., STA"},"url":"https:\/\/hudo.com\/si\/author\/lubu\/"}]}},"amp_enabled":true,"_links":{"self":[{"href":"https:\/\/hudo.com\/si\/wp-json\/wp\/v2\/posts\/450624"}],"collection":[{"href":"https:\/\/hudo.com\/si\/wp-json\/wp\/v2\/posts"}],"about":[{"href":"https:\/\/hudo.com\/si\/wp-json\/wp\/v2\/types\/post"}],"author":[{"embeddable":true,"href":"https:\/\/hudo.com\/si\/wp-json\/wp\/v2\/users\/7"}],"replies":[{"embeddable":true,"href":"https:\/\/hudo.com\/si\/wp-json\/wp\/v2\/comments?post=450624"}],"version-history":[{"count":1,"href":"https:\/\/hudo.com\/si\/wp-json\/wp\/v2\/posts\/450624\/revisions"}],"predecessor-version":[{"id":450625,"href":"https:\/\/hudo.com\/si\/wp-json\/wp\/v2\/posts\/450624\/revisions\/450625"}],"wp:featuredmedia":[{"embeddable":true,"href":"https:\/\/hudo.com\/si\/wp-json\/wp\/v2\/media\/395467"}],"wp:attachment":[{"href":"https:\/\/hudo.com\/si\/wp-json\/wp\/v2\/media?parent=450624"}],"wp:term":[{"taxonomy":"category","embeddable":true,"href":"https:\/\/hudo.com\/si\/wp-json\/wp\/v2\/categories?post=450624"},{"taxonomy":"post_tag","embeddable":true,"href":"https:\/\/hudo.com\/si\/wp-json\/wp\/v2\/tags?post=450624"},{"taxonomy":"source","embeddable":true,"href":"https:\/\/hudo.com\/si\/wp-json\/wp\/v2\/source?post=450624"},{"taxonomy":"supertag","embeddable":true,"href":"https:\/\/hudo.com\/si\/wp-json\/wp\/v2\/supertag?post=450624"}],"curies":[{"name":"wp","href":"https:\/\/api.w.org\/{rel}","templated":true}]}}