{"id":450642,"date":"2021-04-30T12:09:05","date_gmt":"2021-04-30T10:09:05","guid":{"rendered":"https:\/\/hudo.com\/si\/?p=450642"},"modified":"2021-04-30T12:09:05","modified_gmt":"2021-04-30T10:09:05","slug":"na-tolminskem-iskali-36-letnika-in-nasli-neprepoznavno-truplo","status":"publish","type":"post","link":"https:\/\/hudo.com\/si\/aktualno\/slovenija\/na-tolminskem-iskali-36-letnika-in-nasli-neprepoznavno-truplo\/","title":{"rendered":"Na Tolminskem iskali 36-letnika in na\u0161li neprepoznavno truplo"},"content":{"rendered":"<p>O najdbi trupla so policisti in kriminalisti, kot so danes sporo\u010dili s Policijska uprava Nova Gorica, obvestili tudi pristojne pravosodne organe v Novi Gorici. Preiskovalni sodnik je odredil tudi sodno obdukcijo z namenom ugotovitve natan\u010dnega vzroka smrti pokojnega. To bodo opravili na In\u0161titutu za sodno medicino v Ljubljani, prav tako bodo v okviru sodne obdukcije ugotovili in dokon\u010dno potrdili identiteto mo\u0161kega.<\/p>\n<p>Pogre\u0161anega so nazadnje videli v torek, ko se je okoli 15. ure s temno modrim osebnim avtomobilom znamke peugeot 307 od doma odpeljal proti vasi Bukovski Vrh, kasneje pa se je za njim izgubila vsaka sled. Za njim je stekla obse\u017ena iskalna akcija na obmo\u010dju naselja Zakojca in \u0161ir\u0161e okolice v Ob\u010dini Cerkno pod vodstvom policijske postaje Idrija, policistom pa so se pri iskanju pridru\u017eili tudi gasilci.<\/p>\n<p>Policija se ob tej prilo\u017enosti ob\u010danom zahvaljuje za koristne informacije med potekom \u010detrtkove obse\u017ene iskalne akcije na Cerkljanskem in Tolminskem.<\/p>\n","protected":false},"excerpt":{"rendered":"<p>Policisti so v okviru iskalne akcije v \u010detrtek popoldne na lokalni cesti med naseljema Klav\u017ee in Logar\u0161\u010de v ob\u010dini Tolmin na\u0161li zaklenjen avtomobil pogre\u0161ane osebe, pribli\u017eno 100 metrov stran v gozdu pa \u0161e neprepoznavno mo\u0161ko truplo. Glede na okoli\u0161\u010dine policija ne izklju\u010duje mo\u017enosti, da gre v tem primeru za pogre\u0161anega 36-letnika.<\/p>\n","protected":false},"author":5,"featured_media":377664,"comment_status":"closed","ping_status":"closed","sticky":false,"template":"","format":"standard","meta":{"footnotes":""},"categories":[18201],"tags":[4688,4917,1728,1595],"source":[4511],"supertag":[5675],"acf":[],"yoast_head":"<!-- This site is optimized with the Yoast SEO plugin v21.3 - https:\/\/yoast.com\/wordpress\/plugins\/seo\/ -->\n<title>Na Tolminskem iskali 36-letnika in na\u0161li neprepoznavno truplo - Hudo Slovenija<\/title>\n<meta name=\"robots\" content=\"index, follow, max-snippet:-1, max-image-preview:large, max-video-preview:-1\" \/>\n<link rel=\"canonical\" href=\"https:\/\/hudo.com\/si\/aktualno\/slovenija\/na-tolminskem-iskali-36-letnika-in-nasli-neprepoznavno-truplo\/\" \/>\n<meta property=\"og:locale\" content=\"sl_SI\" \/>\n<meta property=\"og:type\" content=\"article\" \/>\n<meta property=\"og:title\" content=\"Na Tolminskem iskali 36-letnika in na\u0161li neprepoznavno truplo - Hudo Slovenija\" \/>\n<meta property=\"og:description\" content=\"Policisti so v okviru iskalne akcije v \u010detrtek popoldne na lokalni cesti med naseljema Klav\u017ee in Logar\u0161\u010de v ob\u010dini Tolmin na\u0161li zaklenjen avtomobil pogre\u0161ane osebe, pribli\u017eno 100 metrov stran v gozdu pa \u0161e neprepoznavno mo\u0161ko truplo. Glede na okoli\u0161\u010dine policija ne izklju\u010duje mo\u017enosti, da gre v tem primeru za pogre\u0161anega 36-letnika.\" \/>\n<meta property=\"og:url\" content=\"https:\/\/hudo.com\/si\/aktualno\/slovenija\/na-tolminskem-iskali-36-letnika-in-nasli-neprepoznavno-truplo\/\" \/>\n<meta property=\"og:site_name\" content=\"Hudo Slovenija\" \/>\n<meta property=\"article:publisher\" content=\"https:\/\/www.facebook.com\/hudo.si\" \/>\n<meta property=\"article:published_time\" content=\"2021-04-30T10:09:05+00:00\" \/>\n<meta property=\"og:image\" content=\"https:\/\/hudo.com\/si\/wp-content\/uploads\/sites\/2\/2018\/09\/20120511-00357089.jpg\" \/>\n\t<meta property=\"og:image:width\" content=\"640\" \/>\n\t<meta property=\"og:image:height\" content=\"425\" \/>\n\t<meta property=\"og:image:type\" content=\"image\/jpeg\" \/>\n<meta name=\"author\" content=\"A. G., STA\" \/>\n<meta name=\"twitter:card\" content=\"summary_large_image\" \/>\n<meta name=\"twitter:creator\" content=\"@hudo_si\" \/>\n<meta name=\"twitter:site\" content=\"@hudo_si\" \/>\n<meta name=\"twitter:label1\" content=\"Written by\" \/>\n\t<meta name=\"twitter:data1\" content=\"A. G., STA\" \/>\n\t<meta name=\"twitter:label2\" content=\"Est. reading time\" \/>\n\t<meta name=\"twitter:data2\" content=\"1 minuta\" \/>\n<script type=\"application\/ld+json\" class=\"yoast-schema-graph\">{\"@context\":\"https:\/\/schema.org\",\"@graph\":[{\"@type\":\"Article\",\"@id\":\"https:\/\/hudo.com\/si\/aktualno\/slovenija\/na-tolminskem-iskali-36-letnika-in-nasli-neprepoznavno-truplo\/#article\",\"isPartOf\":{\"@id\":\"https:\/\/hudo.com\/si\/aktualno\/slovenija\/na-tolminskem-iskali-36-letnika-in-nasli-neprepoznavno-truplo\/\"},\"author\":{\"name\":\"A. G., STA\",\"@id\":\"https:\/\/hudo.com\/si\/#\/schema\/person\/2391667a63ea075ba94f2f2dc6b77537\"},\"headline\":\"Na Tolminskem iskali 36-letnika in na\u0161li neprepoznavno truplo\",\"datePublished\":\"2021-04-30T10:09:05+00:00\",\"dateModified\":\"2021-04-30T10:09:05+00:00\",\"mainEntityOfPage\":{\"@id\":\"https:\/\/hudo.com\/si\/aktualno\/slovenija\/na-tolminskem-iskali-36-letnika-in-nasli-neprepoznavno-truplo\/\"},\"wordCount\":169,\"publisher\":{\"@id\":\"https:\/\/hudo.com\/si\/#organization\"},\"keywords\":[\"\u010drna kronika\",\"pogre\u0161ani\",\"policija\",\"Slovenija\"],\"articleSection\":[\"Slovenija\"],\"inLanguage\":\"sl-SI\"},{\"@type\":\"WebPage\",\"@id\":\"https:\/\/hudo.com\/si\/aktualno\/slovenija\/na-tolminskem-iskali-36-letnika-in-nasli-neprepoznavno-truplo\/\",\"url\":\"https:\/\/hudo.com\/si\/aktualno\/slovenija\/na-tolminskem-iskali-36-letnika-in-nasli-neprepoznavno-truplo\/\",\"name\":\"Na Tolminskem iskali 36-letnika in na\u0161li neprepoznavno truplo - Hudo Slovenija\",\"isPartOf\":{\"@id\":\"https:\/\/hudo.com\/si\/#website\"},\"datePublished\":\"2021-04-30T10:09:05+00:00\",\"dateModified\":\"2021-04-30T10:09:05+00:00\",\"breadcrumb\":{\"@id\":\"https:\/\/hudo.com\/si\/aktualno\/slovenija\/na-tolminskem-iskali-36-letnika-in-nasli-neprepoznavno-truplo\/#breadcrumb\"},\"inLanguage\":\"sl-SI\",\"potentialAction\":[{\"@type\":\"ReadAction\",\"target\":[\"https:\/\/hudo.com\/si\/aktualno\/slovenija\/na-tolminskem-iskali-36-letnika-in-nasli-neprepoznavno-truplo\/\"]}]},{\"@type\":\"BreadcrumbList\",\"@id\":\"https:\/\/hudo.com\/si\/aktualno\/slovenija\/na-tolminskem-iskali-36-letnika-in-nasli-neprepoznavno-truplo\/#breadcrumb\",\"itemListElement\":[{\"@type\":\"ListItem\",\"position\":1,\"name\":\"Home\",\"item\":\"https:\/\/hudo.com\/si\/\"},{\"@type\":\"ListItem\",\"position\":2,\"name\":\"Na Tolminskem iskali 36-letnika in na\u0161li neprepoznavno truplo\"}]},{\"@type\":\"WebSite\",\"@id\":\"https:\/\/hudo.com\/si\/#website\",\"url\":\"https:\/\/hudo.com\/si\/\",\"name\":\"Hudo Slovenija\",\"description\":\"Vse novice iz Slovenije in sveta\",\"publisher\":{\"@id\":\"https:\/\/hudo.com\/si\/#organization\"},\"potentialAction\":[{\"@type\":\"SearchAction\",\"target\":{\"@type\":\"EntryPoint\",\"urlTemplate\":\"https:\/\/hudo.com\/si\/?s={search_term_string}\"},\"query-input\":\"required name=search_term_string\"}],\"inLanguage\":\"sl-SI\"},{\"@type\":\"Organization\",\"@id\":\"https:\/\/hudo.com\/si\/#organization\",\"name\":\"VSN Media\",\"url\":\"https:\/\/hudo.com\/si\/\",\"logo\":{\"@type\":\"ImageObject\",\"inLanguage\":\"sl-SI\",\"@id\":\"https:\/\/hudo.com\/si\/#\/schema\/logo\/image\/\",\"url\":\"https:\/\/hudo.com\/si\/wp-content\/uploads\/sites\/2\/2021\/03\/hudo-app-2.png\",\"contentUrl\":\"https:\/\/hudo.com\/si\/wp-content\/uploads\/sites\/2\/2021\/03\/hudo-app-2.png\",\"width\":2185,\"height\":2167,\"caption\":\"VSN Media\"},\"image\":{\"@id\":\"https:\/\/hudo.com\/si\/#\/schema\/logo\/image\/\"},\"sameAs\":[\"https:\/\/www.facebook.com\/hudo.si\",\"https:\/\/twitter.com\/hudo_si\"]},{\"@type\":\"Person\",\"@id\":\"https:\/\/hudo.com\/si\/#\/schema\/person\/2391667a63ea075ba94f2f2dc6b77537\",\"name\":\"A. G., STA\",\"image\":{\"@type\":\"ImageObject\",\"inLanguage\":\"sl-SI\",\"@id\":\"https:\/\/hudo.com\/si\/#\/schema\/person\/image\/\",\"url\":\"https:\/\/secure.gravatar.com\/avatar\/e13d22ac3e442658d5025fbbe6238a79?s=96&d=mm&r=g\",\"contentUrl\":\"https:\/\/secure.gravatar.com\/avatar\/e13d22ac3e442658d5025fbbe6238a79?s=96&d=mm&r=g\",\"caption\":\"A. G., STA\"},\"url\":\"https:\/\/hudo.com\/si\/author\/alenka\/\"}]}<\/script>\n<!-- \/ Yoast SEO plugin. -->","yoast_head_json":{"title":"Na Tolminskem iskali 36-letnika in na\u0161li neprepoznavno truplo - Hudo Slovenija","robots":{"index":"index","follow":"follow","max-snippet":"max-snippet:-1","max-image-preview":"max-image-preview:large","max-video-preview":"max-video-preview:-1"},"canonical":"https:\/\/hudo.com\/si\/aktualno\/slovenija\/na-tolminskem-iskali-36-letnika-in-nasli-neprepoznavno-truplo\/","og_locale":"sl_SI","og_type":"article","og_title":"Na Tolminskem iskali 36-letnika in na\u0161li neprepoznavno truplo - Hudo Slovenija","og_description":"Policisti so v okviru iskalne akcije v \u010detrtek popoldne na lokalni cesti med naseljema Klav\u017ee in Logar\u0161\u010de v ob\u010dini Tolmin na\u0161li zaklenjen avtomobil pogre\u0161ane osebe, pribli\u017eno 100 metrov stran v gozdu pa \u0161e neprepoznavno mo\u0161ko truplo. Glede na okoli\u0161\u010dine policija ne izklju\u010duje mo\u017enosti, da gre v tem primeru za pogre\u0161anega 36-letnika.","og_url":"https:\/\/hudo.com\/si\/aktualno\/slovenija\/na-tolminskem-iskali-36-letnika-in-nasli-neprepoznavno-truplo\/","og_site_name":"Hudo Slovenija","article_publisher":"https:\/\/www.facebook.com\/hudo.si","article_published_time":"2021-04-30T10:09:05+00:00","og_image":[{"width":640,"height":425,"url":"https:\/\/hudo.com\/si\/wp-content\/uploads\/sites\/2\/2018\/09\/20120511-00357089.jpg","type":"image\/jpeg"}],"author":"A. G., STA","twitter_card":"summary_large_image","twitter_creator":"@hudo_si","twitter_site":"@hudo_si","twitter_misc":{"Written by":"A. G., STA","Est. reading time":"1 minuta"},"schema":{"@context":"https:\/\/schema.org","@graph":[{"@type":"Article","@id":"https:\/\/hudo.com\/si\/aktualno\/slovenija\/na-tolminskem-iskali-36-letnika-in-nasli-neprepoznavno-truplo\/#article","isPartOf":{"@id":"https:\/\/hudo.com\/si\/aktualno\/slovenija\/na-tolminskem-iskali-36-letnika-in-nasli-neprepoznavno-truplo\/"},"author":{"name":"A. G., STA","@id":"https:\/\/hudo.com\/si\/#\/schema\/person\/2391667a63ea075ba94f2f2dc6b77537"},"headline":"Na Tolminskem iskali 36-letnika in na\u0161li neprepoznavno truplo","datePublished":"2021-04-30T10:09:05+00:00","dateModified":"2021-04-30T10:09:05+00:00","mainEntityOfPage":{"@id":"https:\/\/hudo.com\/si\/aktualno\/slovenija\/na-tolminskem-iskali-36-letnika-in-nasli-neprepoznavno-truplo\/"},"wordCount":169,"publisher":{"@id":"https:\/\/hudo.com\/si\/#organization"},"keywords":["\u010drna kronika","pogre\u0161ani","policija","Slovenija"],"articleSection":["Slovenija"],"inLanguage":"sl-SI"},{"@type":"WebPage","@id":"https:\/\/hudo.com\/si\/aktualno\/slovenija\/na-tolminskem-iskali-36-letnika-in-nasli-neprepoznavno-truplo\/","url":"https:\/\/hudo.com\/si\/aktualno\/slovenija\/na-tolminskem-iskali-36-letnika-in-nasli-neprepoznavno-truplo\/","name":"Na Tolminskem iskali 36-letnika in na\u0161li neprepoznavno truplo - Hudo Slovenija","isPartOf":{"@id":"https:\/\/hudo.com\/si\/#website"},"datePublished":"2021-04-30T10:09:05+00:00","dateModified":"2021-04-30T10:09:05+00:00","breadcrumb":{"@id":"https:\/\/hudo.com\/si\/aktualno\/slovenija\/na-tolminskem-iskali-36-letnika-in-nasli-neprepoznavno-truplo\/#breadcrumb"},"inLanguage":"sl-SI","potentialAction":[{"@type":"ReadAction","target":["https:\/\/hudo.com\/si\/aktualno\/slovenija\/na-tolminskem-iskali-36-letnika-in-nasli-neprepoznavno-truplo\/"]}]},{"@type":"BreadcrumbList","@id":"https:\/\/hudo.com\/si\/aktualno\/slovenija\/na-tolminskem-iskali-36-letnika-in-nasli-neprepoznavno-truplo\/#breadcrumb","itemListElement":[{"@type":"ListItem","position":1,"name":"Home","item":"https:\/\/hudo.com\/si\/"},{"@type":"ListItem","position":2,"name":"Na Tolminskem iskali 36-letnika in na\u0161li neprepoznavno truplo"}]},{"@type":"WebSite","@id":"https:\/\/hudo.com\/si\/#website","url":"https:\/\/hudo.com\/si\/","name":"Hudo Slovenija","description":"Vse novice iz Slovenije in sveta","publisher":{"@id":"https:\/\/hudo.com\/si\/#organization"},"potentialAction":[{"@type":"SearchAction","target":{"@type":"EntryPoint","urlTemplate":"https:\/\/hudo.com\/si\/?s={search_term_string}"},"query-input":"required name=search_term_string"}],"inLanguage":"sl-SI"},{"@type":"Organization","@id":"https:\/\/hudo.com\/si\/#organization","name":"VSN Media","url":"https:\/\/hudo.com\/si\/","logo":{"@type":"ImageObject","inLanguage":"sl-SI","@id":"https:\/\/hudo.com\/si\/#\/schema\/logo\/image\/","url":"https:\/\/hudo.com\/si\/wp-content\/uploads\/sites\/2\/2021\/03\/hudo-app-2.png","contentUrl":"https:\/\/hudo.com\/si\/wp-content\/uploads\/sites\/2\/2021\/03\/hudo-app-2.png","width":2185,"height":2167,"caption":"VSN Media"},"image":{"@id":"https:\/\/hudo.com\/si\/#\/schema\/logo\/image\/"},"sameAs":["https:\/\/www.facebook.com\/hudo.si","https:\/\/twitter.com\/hudo_si"]},{"@type":"Person","@id":"https:\/\/hudo.com\/si\/#\/schema\/person\/2391667a63ea075ba94f2f2dc6b77537","name":"A. G., STA","image":{"@type":"ImageObject","inLanguage":"sl-SI","@id":"https:\/\/hudo.com\/si\/#\/schema\/person\/image\/","url":"https:\/\/secure.gravatar.com\/avatar\/e13d22ac3e442658d5025fbbe6238a79?s=96&d=mm&r=g","contentUrl":"https:\/\/secure.gravatar.com\/avatar\/e13d22ac3e442658d5025fbbe6238a79?s=96&d=mm&r=g","caption":"A. G., STA"},"url":"https:\/\/hudo.com\/si\/author\/alenka\/"}]}},"amp_enabled":true,"_links":{"self":[{"href":"https:\/\/hudo.com\/si\/wp-json\/wp\/v2\/posts\/450642"}],"collection":[{"href":"https:\/\/hudo.com\/si\/wp-json\/wp\/v2\/posts"}],"about":[{"href":"https:\/\/hudo.com\/si\/wp-json\/wp\/v2\/types\/post"}],"author":[{"embeddable":true,"href":"https:\/\/hudo.com\/si\/wp-json\/wp\/v2\/users\/5"}],"replies":[{"embeddable":true,"href":"https:\/\/hudo.com\/si\/wp-json\/wp\/v2\/comments?post=450642"}],"version-history":[{"count":1,"href":"https:\/\/hudo.com\/si\/wp-json\/wp\/v2\/posts\/450642\/revisions"}],"predecessor-version":[{"id":450643,"href":"https:\/\/hudo.com\/si\/wp-json\/wp\/v2\/posts\/450642\/revisions\/450643"}],"wp:featuredmedia":[{"embeddable":true,"href":"https:\/\/hudo.com\/si\/wp-json\/wp\/v2\/media\/377664"}],"wp:attachment":[{"href":"https:\/\/hudo.com\/si\/wp-json\/wp\/v2\/media?parent=450642"}],"wp:term":[{"taxonomy":"category","embeddable":true,"href":"https:\/\/hudo.com\/si\/wp-json\/wp\/v2\/categories?post=450642"},{"taxonomy":"post_tag","embeddable":true,"href":"https:\/\/hudo.com\/si\/wp-json\/wp\/v2\/tags?post=450642"},{"taxonomy":"source","embeddable":true,"href":"https:\/\/hudo.com\/si\/wp-json\/wp\/v2\/source?post=450642"},{"taxonomy":"supertag","embeddable":true,"href":"https:\/\/hudo.com\/si\/wp-json\/wp\/v2\/supertag?post=450642"}],"curies":[{"name":"wp","href":"https:\/\/api.w.org\/{rel}","templated":true}]}}