{"id":450770,"date":"2021-05-03T07:46:21","date_gmt":"2021-05-03T05:46:21","guid":{"rendered":"https:\/\/hudo.com\/si\/2021\/05\/03\/na-tekmah-roland-garrosa-sprva-le-100-gledalcev\/"},"modified":"2021-05-03T07:46:21","modified_gmt":"2021-05-03T05:46:21","slug":"na-tekmah-roland-garrosa-sprva-le-100-gledalcev","status":"publish","type":"post","link":"https:\/\/hudo.com\/si\/sport\/na-tekmah-roland-garrosa-sprva-le-100-gledalcev\/","title":{"rendered":"Na tekmah Roland Garrosa sprva le 100 gledalcev"},"content":{"rendered":"<figure>\n\t\t\t\t\t<img loading=\"lazy\" decoding=\"async\" width=\"660\" height=\"320\" src=\"image\/gif;base64,R0lGODlhAQABAAAAACH5BAEKAAEALAAAAAABAAEAAAICTAEAOw==\" class=\"lazyload\" data-src=\"https:\/\/moski.hudo.com\/wp-content\/uploads\/2021\/05\/profimedia-0560303335-320x155.jpg\" data-srcset=\"https:\/\/moski.hudo.com\/wp-content\/uploads\/2021\/05\/profimedia-0560303335-660x320.jpg 660w,https:\/\/moski.hudo.com\/wp-content\/uploads\/2021\/05\/profimedia-0560303335-320x155.jpg 330w\" \/><figcaption>Profimedia<\/figcaption><\/figure>\n<p>V Franciji te dni spro\u0161\u010dajo protikoronske ukrepe, zato je Blanquer dejal, da bo ob vsakem igri\u0161\u010du lahko hkrati najve\u010d po tiso\u010d gledalcev, kar je precej\u0161nji napredek glede na lansko izvedbo Roland Garrosa, ko je lahko najve\u010d tiso\u010d gledalcev vstopilo na stadion skozi celoten dan.<\/p>\n<p>Mejo 35-odstotne zasedenosti bodo za zadnjih pet dni turnirja od 9. junija dalje, ko se za\u010dnejo \u010detrtfinalni dvoboji, dvignili na 65-odstotno in najve\u010d 5000 gledalcev na tekmo, je \u0161e dejal Blanquer za televizijo France 3, navaja francoska tiskovna agencija afp.<\/p>\n<p>Organizatorji so odprto prvenstvo Francije v tenisu prelo\u017eili za teden dni &#8211; za\u010delo se bo 30. maja -, da bi ob upo\u0161tevanju protikoronskih ukrepov kar najve\u010d gledalcem zagotovili ogled tenisa v \u017eivo.<\/p>\n<p>Finalni boji Roland Garrosa na pesku bodo 12.\/13. junija, kar pomeni, da bo sezona na travnati podlagi \u0161e kraj\u0161a kot sicer. \u017de dva tedna za tem se bo 28. junija za\u010del Wimbledon.<\/p>\n","protected":false},"excerpt":{"rendered":"<p>Francoski minister za \u0161port Jean-Michel Blanquer je v nedeljo zve\u010der dejal, da si bo teni\u0161ko odprto prvenstvo Francije v Parizu lahko sprva ogledalo po tiso\u010d gledalcev na tekmo. Kot je dodal Blanquer za lokalno televizijo France 3, bo dovoljena najve\u010d 35-odstotna zasedenost stadionskih kapacitet, ki jo bodo nato med turnirjem dvignili.<\/p>\n","protected":false},"author":1,"featured_media":450771,"comment_status":"closed","ping_status":"closed","sticky":false,"template":"","format":"standard","meta":{"footnotes":""},"categories":[18176],"tags":[13872,3469],"source":[1518,1556],"supertag":[],"acf":[],"yoast_head":"<!-- This site is optimized with the Yoast SEO plugin v21.3 - https:\/\/yoast.com\/wordpress\/plugins\/seo\/ -->\n<title>Na tekmah Roland Garrosa sprva le 100 gledalcev - Hudo Slovenija<\/title>\n<meta name=\"robots\" content=\"index, follow, max-snippet:-1, max-image-preview:large, max-video-preview:-1\" \/>\n<link rel=\"canonical\" href=\"https:\/\/hudo.com\/si\/sport\/na-tekmah-roland-garrosa-sprva-le-100-gledalcev\/\" \/>\n<meta property=\"og:locale\" content=\"sl_SI\" \/>\n<meta property=\"og:type\" content=\"article\" \/>\n<meta property=\"og:title\" content=\"Na tekmah Roland Garrosa sprva le 100 gledalcev - Hudo Slovenija\" \/>\n<meta property=\"og:description\" content=\"Francoski minister za \u0161port Jean-Michel Blanquer je v nedeljo zve\u010der dejal, da si bo teni\u0161ko odprto prvenstvo Francije v Parizu lahko sprva ogledalo po tiso\u010d gledalcev na tekmo. Kot je dodal Blanquer za lokalno televizijo France 3, bo dovoljena najve\u010d 35-odstotna zasedenost stadionskih kapacitet, ki jo bodo nato med turnirjem dvignili.\" \/>\n<meta property=\"og:url\" content=\"https:\/\/hudo.com\/si\/sport\/na-tekmah-roland-garrosa-sprva-le-100-gledalcev\/\" \/>\n<meta property=\"og:site_name\" content=\"Hudo Slovenija\" \/>\n<meta property=\"article:publisher\" content=\"https:\/\/www.facebook.com\/hudo.si\" \/>\n<meta property=\"article:published_time\" content=\"2021-05-03T05:46:21+00:00\" \/>\n<meta property=\"og:image\" content=\"https:\/\/hudo.com\/si\/wp-content\/uploads\/sites\/2\/2021\/05\/profimedia-0560303335.jpg\" \/>\n\t<meta property=\"og:image:width\" content=\"1250\" \/>\n\t<meta property=\"og:image:height\" content=\"816\" \/>\n\t<meta property=\"og:image:type\" content=\"image\/jpeg\" \/>\n<meta name=\"author\" content=\"hudo\" \/>\n<meta name=\"twitter:card\" content=\"summary_large_image\" \/>\n<meta name=\"twitter:creator\" content=\"@hudo_si\" \/>\n<meta name=\"twitter:site\" content=\"@hudo_si\" \/>\n<meta name=\"twitter:label1\" content=\"Written by\" \/>\n\t<meta name=\"twitter:data1\" content=\"hudo\" \/>\n\t<meta name=\"twitter:label2\" content=\"Est. reading time\" \/>\n\t<meta name=\"twitter:data2\" content=\"1 minuta\" \/>\n<script type=\"application\/ld+json\" class=\"yoast-schema-graph\">{\"@context\":\"https:\/\/schema.org\",\"@graph\":[{\"@type\":\"Article\",\"@id\":\"https:\/\/hudo.com\/si\/sport\/na-tekmah-roland-garrosa-sprva-le-100-gledalcev\/#article\",\"isPartOf\":{\"@id\":\"https:\/\/hudo.com\/si\/sport\/na-tekmah-roland-garrosa-sprva-le-100-gledalcev\/\"},\"author\":{\"name\":\"hudo\",\"@id\":\"https:\/\/hudo.com\/si\/#\/schema\/person\/601cf3379633985b20f7e50f2bb47707\"},\"headline\":\"Na tekmah Roland Garrosa sprva le 100 gledalcev\",\"datePublished\":\"2021-05-03T05:46:21+00:00\",\"dateModified\":\"2021-05-03T05:46:21+00:00\",\"mainEntityOfPage\":{\"@id\":\"https:\/\/hudo.com\/si\/sport\/na-tekmah-roland-garrosa-sprva-le-100-gledalcev\/\"},\"wordCount\":158,\"publisher\":{\"@id\":\"https:\/\/hudo.com\/si\/#organization\"},\"keywords\":[\"roland garros\",\"tenis\"],\"articleSection\":[\"\u0160port\"],\"inLanguage\":\"sl-SI\"},{\"@type\":\"WebPage\",\"@id\":\"https:\/\/hudo.com\/si\/sport\/na-tekmah-roland-garrosa-sprva-le-100-gledalcev\/\",\"url\":\"https:\/\/hudo.com\/si\/sport\/na-tekmah-roland-garrosa-sprva-le-100-gledalcev\/\",\"name\":\"Na tekmah Roland Garrosa sprva le 100 gledalcev - Hudo Slovenija\",\"isPartOf\":{\"@id\":\"https:\/\/hudo.com\/si\/#website\"},\"datePublished\":\"2021-05-03T05:46:21+00:00\",\"dateModified\":\"2021-05-03T05:46:21+00:00\",\"breadcrumb\":{\"@id\":\"https:\/\/hudo.com\/si\/sport\/na-tekmah-roland-garrosa-sprva-le-100-gledalcev\/#breadcrumb\"},\"inLanguage\":\"sl-SI\",\"potentialAction\":[{\"@type\":\"ReadAction\",\"target\":[\"https:\/\/hudo.com\/si\/sport\/na-tekmah-roland-garrosa-sprva-le-100-gledalcev\/\"]}]},{\"@type\":\"BreadcrumbList\",\"@id\":\"https:\/\/hudo.com\/si\/sport\/na-tekmah-roland-garrosa-sprva-le-100-gledalcev\/#breadcrumb\",\"itemListElement\":[{\"@type\":\"ListItem\",\"position\":1,\"name\":\"Home\",\"item\":\"https:\/\/hudo.com\/si\/\"},{\"@type\":\"ListItem\",\"position\":2,\"name\":\"Na tekmah Roland Garrosa sprva le 100 gledalcev\"}]},{\"@type\":\"WebSite\",\"@id\":\"https:\/\/hudo.com\/si\/#website\",\"url\":\"https:\/\/hudo.com\/si\/\",\"name\":\"Hudo Slovenija\",\"description\":\"Vse novice iz Slovenije in sveta\",\"publisher\":{\"@id\":\"https:\/\/hudo.com\/si\/#organization\"},\"potentialAction\":[{\"@type\":\"SearchAction\",\"target\":{\"@type\":\"EntryPoint\",\"urlTemplate\":\"https:\/\/hudo.com\/si\/?s={search_term_string}\"},\"query-input\":\"required name=search_term_string\"}],\"inLanguage\":\"sl-SI\"},{\"@type\":\"Organization\",\"@id\":\"https:\/\/hudo.com\/si\/#organization\",\"name\":\"VSN Media\",\"url\":\"https:\/\/hudo.com\/si\/\",\"logo\":{\"@type\":\"ImageObject\",\"inLanguage\":\"sl-SI\",\"@id\":\"https:\/\/hudo.com\/si\/#\/schema\/logo\/image\/\",\"url\":\"https:\/\/hudo.com\/si\/wp-content\/uploads\/sites\/2\/2021\/03\/hudo-app-2.png\",\"contentUrl\":\"https:\/\/hudo.com\/si\/wp-content\/uploads\/sites\/2\/2021\/03\/hudo-app-2.png\",\"width\":2185,\"height\":2167,\"caption\":\"VSN Media\"},\"image\":{\"@id\":\"https:\/\/hudo.com\/si\/#\/schema\/logo\/image\/\"},\"sameAs\":[\"https:\/\/www.facebook.com\/hudo.si\",\"https:\/\/twitter.com\/hudo_si\"]},{\"@type\":\"Person\",\"@id\":\"https:\/\/hudo.com\/si\/#\/schema\/person\/601cf3379633985b20f7e50f2bb47707\",\"name\":\"hudo\",\"image\":{\"@type\":\"ImageObject\",\"inLanguage\":\"sl-SI\",\"@id\":\"https:\/\/hudo.com\/si\/#\/schema\/person\/image\/\",\"url\":\"https:\/\/secure.gravatar.com\/avatar\/c4ca25fa72cace7a696b52ff5db9e095?s=96&d=mm&r=g\",\"contentUrl\":\"https:\/\/secure.gravatar.com\/avatar\/c4ca25fa72cace7a696b52ff5db9e095?s=96&d=mm&r=g\",\"caption\":\"hudo\"},\"url\":\"https:\/\/hudo.com\/si\/author\/hudo\/\"}]}<\/script>\n<!-- \/ Yoast SEO plugin. -->","yoast_head_json":{"title":"Na tekmah Roland Garrosa sprva le 100 gledalcev - Hudo Slovenija","robots":{"index":"index","follow":"follow","max-snippet":"max-snippet:-1","max-image-preview":"max-image-preview:large","max-video-preview":"max-video-preview:-1"},"canonical":"https:\/\/hudo.com\/si\/sport\/na-tekmah-roland-garrosa-sprva-le-100-gledalcev\/","og_locale":"sl_SI","og_type":"article","og_title":"Na tekmah Roland Garrosa sprva le 100 gledalcev - Hudo Slovenija","og_description":"Francoski minister za \u0161port Jean-Michel Blanquer je v nedeljo zve\u010der dejal, da si bo teni\u0161ko odprto prvenstvo Francije v Parizu lahko sprva ogledalo po tiso\u010d gledalcev na tekmo. Kot je dodal Blanquer za lokalno televizijo France 3, bo dovoljena najve\u010d 35-odstotna zasedenost stadionskih kapacitet, ki jo bodo nato med turnirjem dvignili.","og_url":"https:\/\/hudo.com\/si\/sport\/na-tekmah-roland-garrosa-sprva-le-100-gledalcev\/","og_site_name":"Hudo Slovenija","article_publisher":"https:\/\/www.facebook.com\/hudo.si","article_published_time":"2021-05-03T05:46:21+00:00","og_image":[{"width":1250,"height":816,"url":"https:\/\/hudo.com\/si\/wp-content\/uploads\/sites\/2\/2021\/05\/profimedia-0560303335.jpg","type":"image\/jpeg"}],"author":"hudo","twitter_card":"summary_large_image","twitter_creator":"@hudo_si","twitter_site":"@hudo_si","twitter_misc":{"Written by":"hudo","Est. reading time":"1 minuta"},"schema":{"@context":"https:\/\/schema.org","@graph":[{"@type":"Article","@id":"https:\/\/hudo.com\/si\/sport\/na-tekmah-roland-garrosa-sprva-le-100-gledalcev\/#article","isPartOf":{"@id":"https:\/\/hudo.com\/si\/sport\/na-tekmah-roland-garrosa-sprva-le-100-gledalcev\/"},"author":{"name":"hudo","@id":"https:\/\/hudo.com\/si\/#\/schema\/person\/601cf3379633985b20f7e50f2bb47707"},"headline":"Na tekmah Roland Garrosa sprva le 100 gledalcev","datePublished":"2021-05-03T05:46:21+00:00","dateModified":"2021-05-03T05:46:21+00:00","mainEntityOfPage":{"@id":"https:\/\/hudo.com\/si\/sport\/na-tekmah-roland-garrosa-sprva-le-100-gledalcev\/"},"wordCount":158,"publisher":{"@id":"https:\/\/hudo.com\/si\/#organization"},"keywords":["roland garros","tenis"],"articleSection":["\u0160port"],"inLanguage":"sl-SI"},{"@type":"WebPage","@id":"https:\/\/hudo.com\/si\/sport\/na-tekmah-roland-garrosa-sprva-le-100-gledalcev\/","url":"https:\/\/hudo.com\/si\/sport\/na-tekmah-roland-garrosa-sprva-le-100-gledalcev\/","name":"Na tekmah Roland Garrosa sprva le 100 gledalcev - Hudo Slovenija","isPartOf":{"@id":"https:\/\/hudo.com\/si\/#website"},"datePublished":"2021-05-03T05:46:21+00:00","dateModified":"2021-05-03T05:46:21+00:00","breadcrumb":{"@id":"https:\/\/hudo.com\/si\/sport\/na-tekmah-roland-garrosa-sprva-le-100-gledalcev\/#breadcrumb"},"inLanguage":"sl-SI","potentialAction":[{"@type":"ReadAction","target":["https:\/\/hudo.com\/si\/sport\/na-tekmah-roland-garrosa-sprva-le-100-gledalcev\/"]}]},{"@type":"BreadcrumbList","@id":"https:\/\/hudo.com\/si\/sport\/na-tekmah-roland-garrosa-sprva-le-100-gledalcev\/#breadcrumb","itemListElement":[{"@type":"ListItem","position":1,"name":"Home","item":"https:\/\/hudo.com\/si\/"},{"@type":"ListItem","position":2,"name":"Na tekmah Roland Garrosa sprva le 100 gledalcev"}]},{"@type":"WebSite","@id":"https:\/\/hudo.com\/si\/#website","url":"https:\/\/hudo.com\/si\/","name":"Hudo Slovenija","description":"Vse novice iz Slovenije in sveta","publisher":{"@id":"https:\/\/hudo.com\/si\/#organization"},"potentialAction":[{"@type":"SearchAction","target":{"@type":"EntryPoint","urlTemplate":"https:\/\/hudo.com\/si\/?s={search_term_string}"},"query-input":"required name=search_term_string"}],"inLanguage":"sl-SI"},{"@type":"Organization","@id":"https:\/\/hudo.com\/si\/#organization","name":"VSN Media","url":"https:\/\/hudo.com\/si\/","logo":{"@type":"ImageObject","inLanguage":"sl-SI","@id":"https:\/\/hudo.com\/si\/#\/schema\/logo\/image\/","url":"https:\/\/hudo.com\/si\/wp-content\/uploads\/sites\/2\/2021\/03\/hudo-app-2.png","contentUrl":"https:\/\/hudo.com\/si\/wp-content\/uploads\/sites\/2\/2021\/03\/hudo-app-2.png","width":2185,"height":2167,"caption":"VSN Media"},"image":{"@id":"https:\/\/hudo.com\/si\/#\/schema\/logo\/image\/"},"sameAs":["https:\/\/www.facebook.com\/hudo.si","https:\/\/twitter.com\/hudo_si"]},{"@type":"Person","@id":"https:\/\/hudo.com\/si\/#\/schema\/person\/601cf3379633985b20f7e50f2bb47707","name":"hudo","image":{"@type":"ImageObject","inLanguage":"sl-SI","@id":"https:\/\/hudo.com\/si\/#\/schema\/person\/image\/","url":"https:\/\/secure.gravatar.com\/avatar\/c4ca25fa72cace7a696b52ff5db9e095?s=96&d=mm&r=g","contentUrl":"https:\/\/secure.gravatar.com\/avatar\/c4ca25fa72cace7a696b52ff5db9e095?s=96&d=mm&r=g","caption":"hudo"},"url":"https:\/\/hudo.com\/si\/author\/hudo\/"}]}},"amp_enabled":true,"_links":{"self":[{"href":"https:\/\/hudo.com\/si\/wp-json\/wp\/v2\/posts\/450770"}],"collection":[{"href":"https:\/\/hudo.com\/si\/wp-json\/wp\/v2\/posts"}],"about":[{"href":"https:\/\/hudo.com\/si\/wp-json\/wp\/v2\/types\/post"}],"author":[{"embeddable":true,"href":"https:\/\/hudo.com\/si\/wp-json\/wp\/v2\/users\/1"}],"replies":[{"embeddable":true,"href":"https:\/\/hudo.com\/si\/wp-json\/wp\/v2\/comments?post=450770"}],"version-history":[{"count":0,"href":"https:\/\/hudo.com\/si\/wp-json\/wp\/v2\/posts\/450770\/revisions"}],"wp:featuredmedia":[{"embeddable":true,"href":"https:\/\/hudo.com\/si\/wp-json\/wp\/v2\/media\/450771"}],"wp:attachment":[{"href":"https:\/\/hudo.com\/si\/wp-json\/wp\/v2\/media?parent=450770"}],"wp:term":[{"taxonomy":"category","embeddable":true,"href":"https:\/\/hudo.com\/si\/wp-json\/wp\/v2\/categories?post=450770"},{"taxonomy":"post_tag","embeddable":true,"href":"https:\/\/hudo.com\/si\/wp-json\/wp\/v2\/tags?post=450770"},{"taxonomy":"source","embeddable":true,"href":"https:\/\/hudo.com\/si\/wp-json\/wp\/v2\/source?post=450770"},{"taxonomy":"supertag","embeddable":true,"href":"https:\/\/hudo.com\/si\/wp-json\/wp\/v2\/supertag?post=450770"}],"curies":[{"name":"wp","href":"https:\/\/api.w.org\/{rel}","templated":true}]}}