{"id":450814,"date":"2021-05-04T08:09:06","date_gmt":"2021-05-04T06:09:06","guid":{"rendered":"https:\/\/hudo.com\/si\/2021\/05\/04\/billie-eilish-sokirala-s-svojo-novo-naslovnico-voguea-fotografija-v-le-nekaj-urah-zbrala-20-milijnov-vseckov\/"},"modified":"2021-05-04T08:09:06","modified_gmt":"2021-05-04T06:09:06","slug":"billie-eilish-sokirala-s-svojo-novo-naslovnico-voguea-fotografija-v-le-nekaj-urah-zbrala-20-milijnov-vseckov","status":"publish","type":"post","link":"https:\/\/hudo.com\/si\/vip\/billie-eilish-sokirala-s-svojo-novo-naslovnico-voguea-fotografija-v-le-nekaj-urah-zbrala-20-milijnov-vseckov\/","title":{"rendered":"Billie Eilish \u0161okirala s svojo novo naslovnico Voguea: Fotografija v le nekaj urah zbrala 20 milijnov v\u0161e\u010dkov!"},"content":{"rendered":"<blockquote class=\"instagram-media\" style=\"background: #FFF;border: 0;border-radius: 3px;margin: 1px;max-width: 540px;min-width: 326px;padding: 0\" data-instgrm-captioned=\"\" data-instgrm-permalink=\"https:\/\/www.instagram.com\/p\/COYGAL4FPns\/?utm_source=ig_embed&amp;utm_campaign=loading\" data-instgrm-version=\"13\">\n<div style=\"padding: 16px\">\n<p>&nbsp;<\/p>\n<div style=\"flex-direction: row;align-items: center\"><\/div>\n<div style=\"padding: 19% 0\"><\/div>\n<div style=\"height: 50px;margin: 0 auto 12px;width: 50px\"><\/div>\n<div style=\"padding-top: 8px\">\n<div style=\"color: #3897f0;font-family: Arial,sans-serif;font-size: 14px;font-style: normal;font-weight: 550;line-height: 18px\">View this post on Instagram<\/div>\n<\/div>\n<div style=\"padding: 12.5% 0\"><\/div>\n<div style=\"flex-direction: row;margin-bottom: 14px;align-items: center\"><\/div>\n<div style=\"flex-direction: column;flex-grow: 1;justify-content: center;margin-bottom: 24px\"><\/div>\n<p>&nbsp;<\/p>\n<p style=\"color: #c9c8cd;font-family: Arial,sans-serif;font-size: 14px;line-height: 17px;margin-bottom: 0;margin-top: 8px;overflow: hidden;padding: 8px 0 7px;text-align: center\"><a style=\"color: #c9c8cd;font-family: Arial,sans-serif;font-size: 14px;font-style: normal;font-weight: normal;line-height: 17px;text-decoration: none\" href=\"https:\/\/www.instagram.com\/p\/COYGAL4FPns\/?utm_source=ig_embed&amp;utm_campaign=loading\" target=\"_blank\" rel=\"noopener noreferrer\">A post shared by British Vogue (@britishvogue)<\/a><\/p>\n<\/div>\n<\/blockquote>\n<p>19-letna pevka Billie Eilish je bila do sedaj poznana predvsem na ra\u010dun svojega izjemnega glasu in pa zelenih las ter &#8220;baggy&#8221; stila obla\u010denja. Njen stil obla\u010denja je bil v resnici nor\u010dav, vpadljiv, provokativen in vse prej kot seksi. Nikoli je nismo videli v \u017eenstvenih obla\u010dilih, oblekah, kaj \u0161ele, da bi pokazala svoje obline. Billie je bila od vsega za\u010detka outsiderka, stvari je po\u010dela po svoje, in ni \u017eelela, da jo kdor koli definira na ra\u010dun njenega videza oziroma telesa.<\/p>\n<blockquote class=\"instagram-media\" style=\"background: #FFF;border: 0;border-radius: 3px;margin: 1px;max-width: 540px;min-width: 326px;padding: 0\" data-instgrm-captioned=\"\" data-instgrm-permalink=\"https:\/\/www.instagram.com\/p\/COYHUUfFsN4\/?utm_source=ig_embed&amp;utm_campaign=loading\" data-instgrm-version=\"13\">\n<div style=\"padding: 16px\">\n<p>&nbsp;<\/p>\n<div style=\"flex-direction: row;align-items: center\"><\/div>\n<div style=\"padding: 19% 0\"><\/div>\n<div style=\"height: 50px;margin: 0 auto 12px;width: 50px\"><\/div>\n<div style=\"padding-top: 8px\">\n<div style=\"color: #3897f0;font-family: Arial,sans-serif;font-size: 14px;font-style: normal;font-weight: 550;line-height: 18px\">View this post on Instagram<\/div>\n<\/div>\n<div style=\"padding: 12.5% 0\"><\/div>\n<div style=\"flex-direction: row;margin-bottom: 14px;align-items: center\"><\/div>\n<div style=\"flex-direction: column;flex-grow: 1;justify-content: center;margin-bottom: 24px\"><\/div>\n<p>&nbsp;<\/p>\n<p style=\"color: #c9c8cd;font-family: Arial,sans-serif;font-size: 14px;line-height: 17px;margin-bottom: 0;margin-top: 8px;overflow: hidden;padding: 8px 0 7px;text-align: center\"><a style=\"color: #c9c8cd;font-family: Arial,sans-serif;font-size: 14px;font-style: normal;font-weight: normal;line-height: 17px;text-decoration: none\" href=\"https:\/\/www.instagram.com\/p\/COYHUUfFsN4\/?utm_source=ig_embed&amp;utm_campaign=loading\" target=\"_blank\" rel=\"noopener noreferrer\">A post shared by British Vogue (@britishvogue)<\/a><\/p>\n<\/div>\n<\/blockquote>\n<h2>Zato je nova naslovnica britanskega Voguea toliko bolj presenetila!<\/h2>\n<p>Billie se je odlo\u010dila, da pristane na nekaj \u010disto novega. Na lateks, seksi satenasto spodnje perilo, bondage stil, rokavice, blond kodre v stilu Marily Monroe. Prvi\u010d je pokazal svoje telo, ki ga je pred svetom skrivala pod prevelikimi obla\u010dili. Pokazala je \u0161e ve\u010d, kot \u010de bi le ko\u010dno oblekla obleko, pokazala je svoje obline, noge, prsi. In to je nekaj povsem novega in nenavadnega za pevko, ki je odkrito priznala, da trpi zaradi depresije in da je njeno telo njena najve\u010dja negotovost.<\/p>\n<blockquote class=\"instagram-media\" data-instgrm-captioned data-instgrm-permalink=\"https:\/\/www.instagram.com\/p\/COa4oYYI6-K\/?utm_source=ig_embed&amp;utm_campaign=loading\" data-instgrm-version=\"13\" style=\"background:#FFF;border:0;border-radius:3px;margin: 1px;max-width:540px;min-width:326px;padding:0;width:99.375%\">\n<div style=\"padding:16px\"> <a href=\"https:\/\/www.instagram.com\/p\/COa4oYYI6-K\/?utm_source=ig_embed&amp;utm_campaign=loading\" style=\"background:#FFFFFF;line-height:0;padding:0 0;text-align:center;text-decoration:none;width:100%\" target=\"_blank\" rel=\"noopener noreferrer\"> <\/p>\n<div style=\"flex-direction: row;align-items: center\">\n<div style=\"background-color: #F4F4F4;border-radius: 50%;flex-grow: 0;height: 40px;margin-right: 14px;width: 40px\"><\/div>\n<div style=\"flex-direction: column;flex-grow: 1;justify-content: center\">\n<div style=\"background-color: #F4F4F4;border-radius: 4px;flex-grow: 0;height: 14px;margin-bottom: 6px;width: 100px\"><\/div>\n<div style=\"background-color: #F4F4F4;border-radius: 4px;flex-grow: 0;height: 14px;width: 60px\"><\/div>\n<\/div>\n<\/div>\n<div style=\"padding: 19% 0\"><\/div>\n<div style=\"height:50px;margin:0 auto 12px;width:50px\"><\/div>\n<div style=\"padding-top: 8px\">\n<div style=\"color:#3897f0;font-family:Arial,sans-serif;font-size:14px;font-style:normal;font-weight:550;line-height:18px\"> View this post on Instagram<\/div>\n<\/div>\n<div style=\"padding: 12.5% 0\"><\/div>\n<div style=\"flex-direction: row;margin-bottom: 14px;align-items: center\">\n<div>\n<div style=\"background-color: #F4F4F4;border-radius: 50%;height: 12.5px;width: 12.5px\"><\/div>\n<div style=\"background-color: #F4F4F4;height: 12.5px;width: 12.5px;flex-grow: 0;margin-right: 14px;margin-left: 2px\"><\/div>\n<div style=\"background-color: #F4F4F4;border-radius: 50%;height: 12.5px;width: 12.5px\"><\/div>\n<\/div>\n<div style=\"margin-left: 8px\">\n<div style=\"background-color: #F4F4F4;border-radius: 50%;flex-grow: 0;height: 20px;width: 20px\"><\/div>\n<div style=\"width: 0;height: 0;border-top: 2px solid transparent;border-left: 6px solid #f4f4f4;border-bottom: 2px solid transparent\"><\/div>\n<\/div>\n<div style=\"margin-left: auto\">\n<div style=\"width: 0px;border-top: 8px solid #F4F4F4;border-right: 8px solid transparent\"><\/div>\n<div style=\"background-color: #F4F4F4;flex-grow: 0;height: 12px;width: 16px\"><\/div>\n<div style=\"width: 0;height: 0;border-top: 8px solid #F4F4F4;border-left: 8px solid transparent\"><\/div>\n<\/div>\n<\/div>\n<div style=\"flex-direction: column;flex-grow: 1;justify-content: center;margin-bottom: 24px\">\n<div style=\"background-color: #F4F4F4;border-radius: 4px;flex-grow: 0;height: 14px;margin-bottom: 6px;width: 224px\"><\/div>\n<div style=\"background-color: #F4F4F4;border-radius: 4px;flex-grow: 0;height: 14px;width: 144px\"><\/div>\n<\/div>\n<p><\/a><\/p>\n<p style=\"color:#c9c8cd;font-family:Arial,sans-serif;font-size:14px;line-height:17px;margin-bottom:0;margin-top:8px;overflow:hidden;padding:8px 0 7px;text-align:center\"><a href=\"https:\/\/www.instagram.com\/p\/COa4oYYI6-K\/?utm_source=ig_embed&amp;utm_campaign=loading\" style=\"color:#c9c8cd;font-family:Arial,sans-serif;font-size:14px;font-style:normal;font-weight:normal;line-height:17px;text-decoration:none\" target=\"_blank\" rel=\"noopener noreferrer\">A post shared by British Vogue (@britishvogue)<\/a><\/p>\n<\/div>\n<\/blockquote>\n<h2>In zakaj sedaj tako zelo ekstremne fotografije za Vogue?<\/h2>\n<p>Kot pojasnjuje Billie za Vogue, so bili ti stajlingi njena oabsolutna modna fantazija, ki je nastala v sodelovanju s stilistko Deno Giannini. Billie, ikona, ki je bila vedno feministka in je delovala kot protiute\u017e proti pretirano objektiviziranim in seksualiziranim telesom pop pevk, je o tem povedala: &#8220;Na koncu vsega je najbolj bistveno to, v \u010dem se dobro po\u010duti\u0161. In sama se o tem nikakor ne mislim pogajati.&#8221; In njenim obo\u017eevalcem so fotografije o\u010ditno izjemno v\u0161e\u010d, saj je fotografija, na kateri pozira v tren\u010d pla\u010du, na instagramu v le nekaj urah zbrala \u017ee 20 milijonov v\u0161e\u010dkov.<\/p>\n<blockquote class=\"instagram-media\" style=\"background: #FFF;border: 0;border-radius: 3px;margin: 1px;max-width: 540px;min-width: 326px;padding: 0\" data-instgrm-captioned=\"\" data-instgrm-permalink=\"https:\/\/www.instagram.com\/p\/COYGqCAlAjj\/?utm_source=ig_embed&amp;utm_campaign=loading\" data-instgrm-version=\"13\">\n<div style=\"padding: 16px\">\n<p>&nbsp;<\/p>\n<div style=\"flex-direction: row;align-items: center\"><\/div>\n<div style=\"padding: 19% 0\"><\/div>\n<div style=\"height: 50px;margin: 0 auto 12px;width: 50px\"><\/div>\n<div style=\"padding-top: 8px\">\n<div style=\"color: #3897f0;font-family: Arial,sans-serif;font-size: 14px;font-style: normal;font-weight: 550;line-height: 18px\">View this post on Instagram<\/div>\n<\/div>\n<div style=\"padding: 12.5% 0\"><\/div>\n<div style=\"flex-direction: row;margin-bottom: 14px;align-items: center\"><\/div>\n<div style=\"flex-direction: column;flex-grow: 1;justify-content: center;margin-bottom: 24px\"><\/div>\n<p>&nbsp;<\/p>\n<p style=\"color: #c9c8cd;font-family: Arial,sans-serif;font-size: 14px;line-height: 17px;margin-bottom: 0;margin-top: 8px;overflow: hidden;padding: 8px 0 7px;text-align: center\"><a style=\"color: #c9c8cd;font-family: Arial,sans-serif;font-size: 14px;font-style: normal;font-weight: normal;line-height: 17px;text-decoration: none\" href=\"https:\/\/www.instagram.com\/p\/COYGqCAlAjj\/?utm_source=ig_embed&amp;utm_campaign=loading\" target=\"_blank\" rel=\"noopener noreferrer\">A post shared by British Vogue (@britishvogue)<\/a><\/p>\n<\/div>\n<\/blockquote>\n<h2>Avgusta prihaja novi album Billie Eilish<\/h2>\n<p>Nedavno je Billie napovedala prihod svojega drugega albuma. Album z naslovom &#8220;Happier Than Ever&#8221; bo lu\u010d sveta ogledal 30. julija. O njem je na instagramu zapisala: &#8220;Gre za mojo najljub\u0161o stvaritev kar sem jih kdaj naredila. Tako vznemirjena in \u017eiv\u010dna sem in komaj \u010dakam, da album sli\u0161ite.&#8221;<\/p>\n<blockquote class=\"instagram-media\" style=\"background: #FFF;border: 0;border-radius: 3px;margin: 1px;max-width: 540px;min-width: 326px;padding: 0\" data-instgrm-captioned=\"\" data-instgrm-permalink=\"https:\/\/www.instagram.com\/p\/COYH3nvFeYg\/?utm_source=ig_embed&amp;utm_campaign=loading\" data-instgrm-version=\"13\">\n<div style=\"padding: 16px\">\n<p>&nbsp;<\/p>\n<div style=\"flex-direction: row;align-items: center\"><\/div>\n<div style=\"padding: 19% 0\"><\/div>\n<div style=\"height: 50px;margin: 0 auto 12px;width: 50px\"><\/div>\n<div style=\"padding-top: 8px\">\n<div style=\"color: #3897f0;font-family: Arial,sans-serif;font-size: 14px;font-style: normal;font-weight: 550;line-height: 18px\">View this post on Instagram<\/div>\n<\/div>\n<div style=\"padding: 12.5% 0\"><\/div>\n<div style=\"flex-direction: row;margin-bottom: 14px;align-items: center\"><\/div>\n<div style=\"flex-direction: column;flex-grow: 1;justify-content: center;margin-bottom: 24px\"><\/div>\n<p>&nbsp;<\/p>\n<p style=\"color: #c9c8cd;font-family: Arial,sans-serif;font-size: 14px;line-height: 17px;margin-bottom: 0;margin-top: 8px;overflow: hidden;padding: 8px 0 7px;text-align: center\"><a style=\"color: #c9c8cd;font-family: Arial,sans-serif;font-size: 14px;font-style: normal;font-weight: normal;line-height: 17px;text-decoration: none\" href=\"https:\/\/www.instagram.com\/p\/COYH3nvFeYg\/?utm_source=ig_embed&amp;utm_campaign=loading\" target=\"_blank\" rel=\"noopener noreferrer\">A post shared by British Vogue (@britishvogue)<\/a><\/p>\n<\/div>\n<\/blockquote>\n","protected":false},"excerpt":{"rendered":"<p>Billie Elish v korzetu in seksi lateks nogavicami z zaponkami. Tako pevke niste videti \u0161e nikoli prej!<\/p>\n","protected":false},"author":1,"featured_media":450815,"comment_status":"closed","ping_status":"closed","sticky":false,"template":"","format":"standard","meta":{"footnotes":""},"categories":[1093],"tags":[15628,18743],"source":[1346,1345,1334],"supertag":[],"acf":[],"yoast_head":"<!-- This site is optimized with the Yoast SEO plugin v21.3 - https:\/\/yoast.com\/wordpress\/plugins\/seo\/ -->\n<title>Billie Eilish \u0161okirala s svojo novo naslovnico Voguea: Fotografija v le nekaj urah zbrala 20 milijnov v\u0161e\u010dkov! - Hudo Slovenija<\/title>\n<meta name=\"robots\" content=\"index, follow, max-snippet:-1, max-image-preview:large, max-video-preview:-1\" \/>\n<link rel=\"canonical\" href=\"https:\/\/hudo.com\/si\/vip\/billie-eilish-sokirala-s-svojo-novo-naslovnico-voguea-fotografija-v-le-nekaj-urah-zbrala-20-milijnov-vseckov\/\" \/>\n<meta property=\"og:locale\" content=\"sl_SI\" \/>\n<meta property=\"og:type\" content=\"article\" \/>\n<meta property=\"og:title\" content=\"Billie Eilish \u0161okirala s svojo novo naslovnico Voguea: Fotografija v le nekaj urah zbrala 20 milijnov v\u0161e\u010dkov! - Hudo Slovenija\" \/>\n<meta property=\"og:description\" content=\"Billie Elish v korzetu in seksi lateks nogavicami z zaponkami. Tako pevke niste videti \u0161e nikoli prej!\" \/>\n<meta property=\"og:url\" content=\"https:\/\/hudo.com\/si\/vip\/billie-eilish-sokirala-s-svojo-novo-naslovnico-voguea-fotografija-v-le-nekaj-urah-zbrala-20-milijnov-vseckov\/\" \/>\n<meta property=\"og:site_name\" content=\"Hudo Slovenija\" \/>\n<meta property=\"article:publisher\" content=\"https:\/\/www.facebook.com\/hudo.si\" \/>\n<meta property=\"article:published_time\" content=\"2021-05-04T06:09:06+00:00\" \/>\n<meta property=\"og:image\" content=\"https:\/\/hudo.com\/si\/wp-content\/uploads\/sites\/2\/2021\/05\/profimedia-0498025596.jpg\" \/>\n\t<meta property=\"og:image:width\" content=\"1250\" \/>\n\t<meta property=\"og:image:height\" content=\"833\" \/>\n\t<meta property=\"og:image:type\" content=\"image\/jpeg\" \/>\n<meta name=\"author\" content=\"hudo\" \/>\n<meta name=\"twitter:card\" content=\"summary_large_image\" \/>\n<meta name=\"twitter:creator\" content=\"@hudo_si\" \/>\n<meta name=\"twitter:site\" content=\"@hudo_si\" \/>\n<meta name=\"twitter:label1\" content=\"Written by\" \/>\n\t<meta name=\"twitter:data1\" content=\"hudo\" \/>\n\t<meta name=\"twitter:label2\" content=\"Est. reading time\" \/>\n\t<meta name=\"twitter:data2\" content=\"2 minuti\" \/>\n<script type=\"application\/ld+json\" class=\"yoast-schema-graph\">{\"@context\":\"https:\/\/schema.org\",\"@graph\":[{\"@type\":\"Article\",\"@id\":\"https:\/\/hudo.com\/si\/vip\/billie-eilish-sokirala-s-svojo-novo-naslovnico-voguea-fotografija-v-le-nekaj-urah-zbrala-20-milijnov-vseckov\/#article\",\"isPartOf\":{\"@id\":\"https:\/\/hudo.com\/si\/vip\/billie-eilish-sokirala-s-svojo-novo-naslovnico-voguea-fotografija-v-le-nekaj-urah-zbrala-20-milijnov-vseckov\/\"},\"author\":{\"name\":\"hudo\",\"@id\":\"https:\/\/hudo.com\/si\/#\/schema\/person\/601cf3379633985b20f7e50f2bb47707\"},\"headline\":\"Billie Eilish \u0161okirala s svojo novo naslovnico Voguea: Fotografija v le nekaj urah zbrala 20 milijnov v\u0161e\u010dkov!\",\"datePublished\":\"2021-05-04T06:09:06+00:00\",\"dateModified\":\"2021-05-04T06:09:06+00:00\",\"mainEntityOfPage\":{\"@id\":\"https:\/\/hudo.com\/si\/vip\/billie-eilish-sokirala-s-svojo-novo-naslovnico-voguea-fotografija-v-le-nekaj-urah-zbrala-20-milijnov-vseckov\/\"},\"wordCount\":433,\"publisher\":{\"@id\":\"https:\/\/hudo.com\/si\/#organization\"},\"keywords\":[\"Billie Eilish\",\"Billie Eilish Vogue\"],\"articleSection\":[\"VIP\"],\"inLanguage\":\"sl-SI\"},{\"@type\":\"WebPage\",\"@id\":\"https:\/\/hudo.com\/si\/vip\/billie-eilish-sokirala-s-svojo-novo-naslovnico-voguea-fotografija-v-le-nekaj-urah-zbrala-20-milijnov-vseckov\/\",\"url\":\"https:\/\/hudo.com\/si\/vip\/billie-eilish-sokirala-s-svojo-novo-naslovnico-voguea-fotografija-v-le-nekaj-urah-zbrala-20-milijnov-vseckov\/\",\"name\":\"Billie Eilish \u0161okirala s svojo novo naslovnico Voguea: Fotografija v le nekaj urah zbrala 20 milijnov v\u0161e\u010dkov! - Hudo Slovenija\",\"isPartOf\":{\"@id\":\"https:\/\/hudo.com\/si\/#website\"},\"datePublished\":\"2021-05-04T06:09:06+00:00\",\"dateModified\":\"2021-05-04T06:09:06+00:00\",\"breadcrumb\":{\"@id\":\"https:\/\/hudo.com\/si\/vip\/billie-eilish-sokirala-s-svojo-novo-naslovnico-voguea-fotografija-v-le-nekaj-urah-zbrala-20-milijnov-vseckov\/#breadcrumb\"},\"inLanguage\":\"sl-SI\",\"potentialAction\":[{\"@type\":\"ReadAction\",\"target\":[\"https:\/\/hudo.com\/si\/vip\/billie-eilish-sokirala-s-svojo-novo-naslovnico-voguea-fotografija-v-le-nekaj-urah-zbrala-20-milijnov-vseckov\/\"]}]},{\"@type\":\"BreadcrumbList\",\"@id\":\"https:\/\/hudo.com\/si\/vip\/billie-eilish-sokirala-s-svojo-novo-naslovnico-voguea-fotografija-v-le-nekaj-urah-zbrala-20-milijnov-vseckov\/#breadcrumb\",\"itemListElement\":[{\"@type\":\"ListItem\",\"position\":1,\"name\":\"Home\",\"item\":\"https:\/\/hudo.com\/si\/\"},{\"@type\":\"ListItem\",\"position\":2,\"name\":\"Billie Eilish \u0161okirala s svojo novo naslovnico Voguea: Fotografija v le nekaj urah zbrala 20 milijnov v\u0161e\u010dkov!\"}]},{\"@type\":\"WebSite\",\"@id\":\"https:\/\/hudo.com\/si\/#website\",\"url\":\"https:\/\/hudo.com\/si\/\",\"name\":\"Hudo Slovenija\",\"description\":\"Vse novice iz Slovenije in sveta\",\"publisher\":{\"@id\":\"https:\/\/hudo.com\/si\/#organization\"},\"potentialAction\":[{\"@type\":\"SearchAction\",\"target\":{\"@type\":\"EntryPoint\",\"urlTemplate\":\"https:\/\/hudo.com\/si\/?s={search_term_string}\"},\"query-input\":\"required name=search_term_string\"}],\"inLanguage\":\"sl-SI\"},{\"@type\":\"Organization\",\"@id\":\"https:\/\/hudo.com\/si\/#organization\",\"name\":\"VSN Media\",\"url\":\"https:\/\/hudo.com\/si\/\",\"logo\":{\"@type\":\"ImageObject\",\"inLanguage\":\"sl-SI\",\"@id\":\"https:\/\/hudo.com\/si\/#\/schema\/logo\/image\/\",\"url\":\"https:\/\/hudo.com\/si\/wp-content\/uploads\/sites\/2\/2021\/03\/hudo-app-2.png\",\"contentUrl\":\"https:\/\/hudo.com\/si\/wp-content\/uploads\/sites\/2\/2021\/03\/hudo-app-2.png\",\"width\":2185,\"height\":2167,\"caption\":\"VSN Media\"},\"image\":{\"@id\":\"https:\/\/hudo.com\/si\/#\/schema\/logo\/image\/\"},\"sameAs\":[\"https:\/\/www.facebook.com\/hudo.si\",\"https:\/\/twitter.com\/hudo_si\"]},{\"@type\":\"Person\",\"@id\":\"https:\/\/hudo.com\/si\/#\/schema\/person\/601cf3379633985b20f7e50f2bb47707\",\"name\":\"hudo\",\"image\":{\"@type\":\"ImageObject\",\"inLanguage\":\"sl-SI\",\"@id\":\"https:\/\/hudo.com\/si\/#\/schema\/person\/image\/\",\"url\":\"https:\/\/secure.gravatar.com\/avatar\/c4ca25fa72cace7a696b52ff5db9e095?s=96&d=mm&r=g\",\"contentUrl\":\"https:\/\/secure.gravatar.com\/avatar\/c4ca25fa72cace7a696b52ff5db9e095?s=96&d=mm&r=g\",\"caption\":\"hudo\"},\"url\":\"https:\/\/hudo.com\/si\/author\/hudo\/\"}]}<\/script>\n<!-- \/ Yoast SEO plugin. -->","yoast_head_json":{"title":"Billie Eilish \u0161okirala s svojo novo naslovnico Voguea: Fotografija v le nekaj urah zbrala 20 milijnov v\u0161e\u010dkov! - Hudo Slovenija","robots":{"index":"index","follow":"follow","max-snippet":"max-snippet:-1","max-image-preview":"max-image-preview:large","max-video-preview":"max-video-preview:-1"},"canonical":"https:\/\/hudo.com\/si\/vip\/billie-eilish-sokirala-s-svojo-novo-naslovnico-voguea-fotografija-v-le-nekaj-urah-zbrala-20-milijnov-vseckov\/","og_locale":"sl_SI","og_type":"article","og_title":"Billie Eilish \u0161okirala s svojo novo naslovnico Voguea: Fotografija v le nekaj urah zbrala 20 milijnov v\u0161e\u010dkov! - Hudo Slovenija","og_description":"Billie Elish v korzetu in seksi lateks nogavicami z zaponkami. Tako pevke niste videti \u0161e nikoli prej!","og_url":"https:\/\/hudo.com\/si\/vip\/billie-eilish-sokirala-s-svojo-novo-naslovnico-voguea-fotografija-v-le-nekaj-urah-zbrala-20-milijnov-vseckov\/","og_site_name":"Hudo Slovenija","article_publisher":"https:\/\/www.facebook.com\/hudo.si","article_published_time":"2021-05-04T06:09:06+00:00","og_image":[{"width":1250,"height":833,"url":"https:\/\/hudo.com\/si\/wp-content\/uploads\/sites\/2\/2021\/05\/profimedia-0498025596.jpg","type":"image\/jpeg"}],"author":"hudo","twitter_card":"summary_large_image","twitter_creator":"@hudo_si","twitter_site":"@hudo_si","twitter_misc":{"Written by":"hudo","Est. reading time":"2 minuti"},"schema":{"@context":"https:\/\/schema.org","@graph":[{"@type":"Article","@id":"https:\/\/hudo.com\/si\/vip\/billie-eilish-sokirala-s-svojo-novo-naslovnico-voguea-fotografija-v-le-nekaj-urah-zbrala-20-milijnov-vseckov\/#article","isPartOf":{"@id":"https:\/\/hudo.com\/si\/vip\/billie-eilish-sokirala-s-svojo-novo-naslovnico-voguea-fotografija-v-le-nekaj-urah-zbrala-20-milijnov-vseckov\/"},"author":{"name":"hudo","@id":"https:\/\/hudo.com\/si\/#\/schema\/person\/601cf3379633985b20f7e50f2bb47707"},"headline":"Billie Eilish \u0161okirala s svojo novo naslovnico Voguea: Fotografija v le nekaj urah zbrala 20 milijnov v\u0161e\u010dkov!","datePublished":"2021-05-04T06:09:06+00:00","dateModified":"2021-05-04T06:09:06+00:00","mainEntityOfPage":{"@id":"https:\/\/hudo.com\/si\/vip\/billie-eilish-sokirala-s-svojo-novo-naslovnico-voguea-fotografija-v-le-nekaj-urah-zbrala-20-milijnov-vseckov\/"},"wordCount":433,"publisher":{"@id":"https:\/\/hudo.com\/si\/#organization"},"keywords":["Billie Eilish","Billie Eilish Vogue"],"articleSection":["VIP"],"inLanguage":"sl-SI"},{"@type":"WebPage","@id":"https:\/\/hudo.com\/si\/vip\/billie-eilish-sokirala-s-svojo-novo-naslovnico-voguea-fotografija-v-le-nekaj-urah-zbrala-20-milijnov-vseckov\/","url":"https:\/\/hudo.com\/si\/vip\/billie-eilish-sokirala-s-svojo-novo-naslovnico-voguea-fotografija-v-le-nekaj-urah-zbrala-20-milijnov-vseckov\/","name":"Billie Eilish \u0161okirala s svojo novo naslovnico Voguea: Fotografija v le nekaj urah zbrala 20 milijnov v\u0161e\u010dkov! - Hudo Slovenija","isPartOf":{"@id":"https:\/\/hudo.com\/si\/#website"},"datePublished":"2021-05-04T06:09:06+00:00","dateModified":"2021-05-04T06:09:06+00:00","breadcrumb":{"@id":"https:\/\/hudo.com\/si\/vip\/billie-eilish-sokirala-s-svojo-novo-naslovnico-voguea-fotografija-v-le-nekaj-urah-zbrala-20-milijnov-vseckov\/#breadcrumb"},"inLanguage":"sl-SI","potentialAction":[{"@type":"ReadAction","target":["https:\/\/hudo.com\/si\/vip\/billie-eilish-sokirala-s-svojo-novo-naslovnico-voguea-fotografija-v-le-nekaj-urah-zbrala-20-milijnov-vseckov\/"]}]},{"@type":"BreadcrumbList","@id":"https:\/\/hudo.com\/si\/vip\/billie-eilish-sokirala-s-svojo-novo-naslovnico-voguea-fotografija-v-le-nekaj-urah-zbrala-20-milijnov-vseckov\/#breadcrumb","itemListElement":[{"@type":"ListItem","position":1,"name":"Home","item":"https:\/\/hudo.com\/si\/"},{"@type":"ListItem","position":2,"name":"Billie Eilish \u0161okirala s svojo novo naslovnico Voguea: Fotografija v le nekaj urah zbrala 20 milijnov v\u0161e\u010dkov!"}]},{"@type":"WebSite","@id":"https:\/\/hudo.com\/si\/#website","url":"https:\/\/hudo.com\/si\/","name":"Hudo Slovenija","description":"Vse novice iz Slovenije in sveta","publisher":{"@id":"https:\/\/hudo.com\/si\/#organization"},"potentialAction":[{"@type":"SearchAction","target":{"@type":"EntryPoint","urlTemplate":"https:\/\/hudo.com\/si\/?s={search_term_string}"},"query-input":"required name=search_term_string"}],"inLanguage":"sl-SI"},{"@type":"Organization","@id":"https:\/\/hudo.com\/si\/#organization","name":"VSN Media","url":"https:\/\/hudo.com\/si\/","logo":{"@type":"ImageObject","inLanguage":"sl-SI","@id":"https:\/\/hudo.com\/si\/#\/schema\/logo\/image\/","url":"https:\/\/hudo.com\/si\/wp-content\/uploads\/sites\/2\/2021\/03\/hudo-app-2.png","contentUrl":"https:\/\/hudo.com\/si\/wp-content\/uploads\/sites\/2\/2021\/03\/hudo-app-2.png","width":2185,"height":2167,"caption":"VSN Media"},"image":{"@id":"https:\/\/hudo.com\/si\/#\/schema\/logo\/image\/"},"sameAs":["https:\/\/www.facebook.com\/hudo.si","https:\/\/twitter.com\/hudo_si"]},{"@type":"Person","@id":"https:\/\/hudo.com\/si\/#\/schema\/person\/601cf3379633985b20f7e50f2bb47707","name":"hudo","image":{"@type":"ImageObject","inLanguage":"sl-SI","@id":"https:\/\/hudo.com\/si\/#\/schema\/person\/image\/","url":"https:\/\/secure.gravatar.com\/avatar\/c4ca25fa72cace7a696b52ff5db9e095?s=96&d=mm&r=g","contentUrl":"https:\/\/secure.gravatar.com\/avatar\/c4ca25fa72cace7a696b52ff5db9e095?s=96&d=mm&r=g","caption":"hudo"},"url":"https:\/\/hudo.com\/si\/author\/hudo\/"}]}},"amp_enabled":true,"_links":{"self":[{"href":"https:\/\/hudo.com\/si\/wp-json\/wp\/v2\/posts\/450814"}],"collection":[{"href":"https:\/\/hudo.com\/si\/wp-json\/wp\/v2\/posts"}],"about":[{"href":"https:\/\/hudo.com\/si\/wp-json\/wp\/v2\/types\/post"}],"author":[{"embeddable":true,"href":"https:\/\/hudo.com\/si\/wp-json\/wp\/v2\/users\/1"}],"replies":[{"embeddable":true,"href":"https:\/\/hudo.com\/si\/wp-json\/wp\/v2\/comments?post=450814"}],"version-history":[{"count":0,"href":"https:\/\/hudo.com\/si\/wp-json\/wp\/v2\/posts\/450814\/revisions"}],"wp:featuredmedia":[{"embeddable":true,"href":"https:\/\/hudo.com\/si\/wp-json\/wp\/v2\/media\/450815"}],"wp:attachment":[{"href":"https:\/\/hudo.com\/si\/wp-json\/wp\/v2\/media?parent=450814"}],"wp:term":[{"taxonomy":"category","embeddable":true,"href":"https:\/\/hudo.com\/si\/wp-json\/wp\/v2\/categories?post=450814"},{"taxonomy":"post_tag","embeddable":true,"href":"https:\/\/hudo.com\/si\/wp-json\/wp\/v2\/tags?post=450814"},{"taxonomy":"source","embeddable":true,"href":"https:\/\/hudo.com\/si\/wp-json\/wp\/v2\/source?post=450814"},{"taxonomy":"supertag","embeddable":true,"href":"https:\/\/hudo.com\/si\/wp-json\/wp\/v2\/supertag?post=450814"}],"curies":[{"name":"wp","href":"https:\/\/api.w.org\/{rel}","templated":true}]}}