{"id":450915,"date":"2021-05-06T10:33:50","date_gmt":"2021-05-06T08:33:50","guid":{"rendered":"https:\/\/hudo.com\/si\/?p=450915"},"modified":"2021-05-06T10:37:26","modified_gmt":"2021-05-06T08:37:26","slug":"meghan-markle-na-skrivaj-rodila-hcerko","status":"publish","type":"post","link":"https:\/\/hudo.com\/si\/vip\/meghan-markle-na-skrivaj-rodila-hcerko\/","title":{"rendered":"Meghan Markle na skrivaj rodila h\u010derko?"},"content":{"rendered":"<p>Vojvodinja in vojvoda Susse\u0161ka, 39-letna Meghan Markle in tri leta mlaj\u0161i princ Harry, bosta kmalu praznovala drugi rojstni dan svojega sina Archieja, kot najlep\u0161e darilo pa bo dobil sestrico, ki bi se morala kmalu roditi. A po poro\u010danju revije New Idea naj bi bila deklica, o imenu katere se ugiba \u017ee mesece, \u017ee rojena. Po poro\u010danju tabloida v zadnji \u0161tevilki je nekdanja igralka spro\u017eila govorice o prezgodnjem porodu, potem ko naj bi jo videli, kako je bila v naglici odpeljana v bolni\u0161nico.<\/p>\n<figure id=\"attachment_421462\" aria-describedby=\"caption-attachment-421462\" style=\"width: 901px\" class=\"wp-caption alignnone\"><a href=\"https:\/\/hudo.com\/si\/wp-content\/uploads\/sites\/2\/2020\/04\/profimedia-0454968817.jpg\"><img loading=\"lazy\" decoding=\"async\" class=\"size-full wp-image-421462\" src=\"https:\/\/hudo.com\/si\/wp-content\/uploads\/sites\/2\/2020\/04\/profimedia-0454968817.jpg\" alt=\"\" width=\"901\" height=\"901\" srcset=\"https:\/\/hudo.com\/si\/wp-content\/uploads\/sites\/2\/2020\/04\/profimedia-0454968817.jpg 901w, https:\/\/hudo.com\/si\/wp-content\/uploads\/sites\/2\/2020\/04\/profimedia-0454968817-300x300.jpg 300w, https:\/\/hudo.com\/si\/wp-content\/uploads\/sites\/2\/2020\/04\/profimedia-0454968817-150x150.jpg 150w, https:\/\/hudo.com\/si\/wp-content\/uploads\/sites\/2\/2020\/04\/profimedia-0454968817-768x768.jpg 768w, https:\/\/hudo.com\/si\/wp-content\/uploads\/sites\/2\/2020\/04\/profimedia-0454968817-600x600.jpg 600w, https:\/\/hudo.com\/si\/wp-content\/uploads\/sites\/2\/2020\/04\/profimedia-0454968817-60x60.jpg 60w\" sizes=\"(max-width: 901px) 100vw, 901px\" \/><\/a><figcaption id=\"caption-attachment-421462\" class=\"wp-caption-text\">Foto: Profimedia<\/figcaption><\/figure>\n<p>Vir je za omenjeni medij povedal, da so kmalu po Harryjevi vrnitvi iz Velike Britanije, kjer je zaradi pogreba princa Filipa pre\u017eivel teden dni, njegovo nose\u010do \u017eeno hitro odpeljali s \u010drnim terencem in glede na to, da naj bi vojvodinja rodila doma, vir trdi, da je povsem mogo\u010de, da se je porod \u017ee zgodil v bli\u017enji bolni\u0161nici. &#8220;Cottage je najbolj\u0161a bolni\u0161nica v mestu in dobro je znano, da so njihovi pacienti poznani in premo\u017eni ljudje. Meghan se je moralo zagotovo nekaj zgoditi, ko se je odlo\u010dila, da ne bo rodila doma, ampak v bolni\u0161nici,&#8221; je povedal neimenovani vir, ki trdi, da je vojvodinjo pred dnevi videl na poti v bolni\u0161nico.<\/p>\n<figure id=\"attachment_420389\" aria-describedby=\"caption-attachment-420389\" style=\"width: 1024px\" class=\"wp-caption alignnone\"><a href=\"https:\/\/hudo.com\/si\/wp-content\/uploads\/sites\/2\/2020\/04\/profimedia-0510802244.jpg\"><img loading=\"lazy\" decoding=\"async\" class=\"size-large wp-image-420389\" src=\"https:\/\/hudo.com\/si\/wp-content\/uploads\/sites\/2\/2020\/04\/profimedia-0510802244-1024x682.jpg\" alt=\"archiejev rojstni list\" width=\"1024\" height=\"682\" srcset=\"https:\/\/hudo.com\/si\/wp-content\/uploads\/sites\/2\/2020\/04\/profimedia-0510802244-1024x682.jpg 1024w, https:\/\/hudo.com\/si\/wp-content\/uploads\/sites\/2\/2020\/04\/profimedia-0510802244-300x200.jpg 300w, https:\/\/hudo.com\/si\/wp-content\/uploads\/sites\/2\/2020\/04\/profimedia-0510802244-768x512.jpg 768w, https:\/\/hudo.com\/si\/wp-content\/uploads\/sites\/2\/2020\/04\/profimedia-0510802244-600x400.jpg 600w, https:\/\/hudo.com\/si\/wp-content\/uploads\/sites\/2\/2020\/04\/profimedia-0510802244.jpg 1250w\" sizes=\"(max-width: 1024px) 100vw, 1024px\" \/><\/a><figcaption id=\"caption-attachment-420389\" class=\"wp-caption-text\">Foto: Profimedia<\/figcaption><\/figure>\n<p>Mimogrede, uradnih informacij o rojstvu drugega otroka pobeglega kraljevega para \u0161e vedno ni, a glede na to, da je bila Meghan v javnosti nazadnje videna pred dvema tednoma, ko so jo paparaci posneli v dru\u017ebi njenega sina, in je bila vedno precej skrivnostna, ko je bilo govora o njeni nose\u010dnosti, saj je novico odkrila \u0161ele februarja letos, mnogi obo\u017eevalci verjamejo, da bi lahko trditve o rojstvu drugega otroka bile resni\u010dne.<\/p>\n","protected":false},"excerpt":{"rendered":"<p>Vojvodinjo naj bi opazili, kako so jo v naglici odpeljali v bolni\u0161nico.<\/p>\n","protected":false},"author":6,"featured_media":450916,"comment_status":"closed","ping_status":"closed","sticky":false,"template":"","format":"standard","meta":{"footnotes":""},"categories":[1093],"tags":[6934],"source":[4511],"supertag":[],"acf":[],"yoast_head":"<!-- This site is optimized with the Yoast SEO plugin v21.3 - https:\/\/yoast.com\/wordpress\/plugins\/seo\/ -->\n<title>Meghan Markle na skrivaj rodila h\u010derko? - Hudo Slovenija<\/title>\n<meta name=\"robots\" content=\"index, follow, max-snippet:-1, max-image-preview:large, max-video-preview:-1\" \/>\n<link rel=\"canonical\" href=\"https:\/\/hudo.com\/si\/vip\/meghan-markle-na-skrivaj-rodila-hcerko\/\" \/>\n<meta property=\"og:locale\" content=\"sl_SI\" \/>\n<meta property=\"og:type\" content=\"article\" \/>\n<meta property=\"og:title\" content=\"Meghan Markle na skrivaj rodila h\u010derko? - Hudo Slovenija\" \/>\n<meta property=\"og:description\" content=\"Vojvodinjo naj bi opazili, kako so jo v naglici odpeljali v bolni\u0161nico.\" \/>\n<meta property=\"og:url\" content=\"https:\/\/hudo.com\/si\/vip\/meghan-markle-na-skrivaj-rodila-hcerko\/\" \/>\n<meta property=\"og:site_name\" content=\"Hudo Slovenija\" \/>\n<meta property=\"article:publisher\" content=\"https:\/\/www.facebook.com\/hudo.si\" \/>\n<meta property=\"article:published_time\" content=\"2021-05-06T08:33:50+00:00\" \/>\n<meta property=\"article:modified_time\" content=\"2021-05-06T08:37:26+00:00\" \/>\n<meta property=\"og:image\" content=\"https:\/\/hudo.com\/si\/wp-content\/uploads\/sites\/2\/2021\/05\/profimedia-0431770100.jpg\" \/>\n\t<meta property=\"og:image:width\" content=\"1250\" \/>\n\t<meta property=\"og:image:height\" content=\"833\" \/>\n\t<meta property=\"og:image:type\" content=\"image\/jpeg\" \/>\n<meta name=\"author\" content=\"A. G.\" \/>\n<meta name=\"twitter:card\" content=\"summary_large_image\" \/>\n<meta name=\"twitter:creator\" content=\"@hudo_si\" \/>\n<meta name=\"twitter:site\" content=\"@hudo_si\" \/>\n<meta name=\"twitter:label1\" content=\"Written by\" \/>\n\t<meta name=\"twitter:data1\" content=\"A. G.\" \/>\n\t<meta name=\"twitter:label2\" content=\"Est. reading time\" \/>\n\t<meta name=\"twitter:data2\" content=\"2 minuti\" \/>\n<script type=\"application\/ld+json\" class=\"yoast-schema-graph\">{\"@context\":\"https:\/\/schema.org\",\"@graph\":[{\"@type\":\"Article\",\"@id\":\"https:\/\/hudo.com\/si\/vip\/meghan-markle-na-skrivaj-rodila-hcerko\/#article\",\"isPartOf\":{\"@id\":\"https:\/\/hudo.com\/si\/vip\/meghan-markle-na-skrivaj-rodila-hcerko\/\"},\"author\":{\"name\":\"A. G.\",\"@id\":\"https:\/\/hudo.com\/si\/#\/schema\/person\/f95639a66e0dd2c682b0568634e85b8b\"},\"headline\":\"Meghan Markle na skrivaj rodila h\u010derko?\",\"datePublished\":\"2021-05-06T08:33:50+00:00\",\"dateModified\":\"2021-05-06T08:37:26+00:00\",\"mainEntityOfPage\":{\"@id\":\"https:\/\/hudo.com\/si\/vip\/meghan-markle-na-skrivaj-rodila-hcerko\/\"},\"wordCount\":309,\"publisher\":{\"@id\":\"https:\/\/hudo.com\/si\/#organization\"},\"keywords\":[\"Meghan Markle\"],\"articleSection\":[\"VIP\"],\"inLanguage\":\"sl-SI\"},{\"@type\":\"WebPage\",\"@id\":\"https:\/\/hudo.com\/si\/vip\/meghan-markle-na-skrivaj-rodila-hcerko\/\",\"url\":\"https:\/\/hudo.com\/si\/vip\/meghan-markle-na-skrivaj-rodila-hcerko\/\",\"name\":\"Meghan Markle na skrivaj rodila h\u010derko? - Hudo Slovenija\",\"isPartOf\":{\"@id\":\"https:\/\/hudo.com\/si\/#website\"},\"datePublished\":\"2021-05-06T08:33:50+00:00\",\"dateModified\":\"2021-05-06T08:37:26+00:00\",\"breadcrumb\":{\"@id\":\"https:\/\/hudo.com\/si\/vip\/meghan-markle-na-skrivaj-rodila-hcerko\/#breadcrumb\"},\"inLanguage\":\"sl-SI\",\"potentialAction\":[{\"@type\":\"ReadAction\",\"target\":[\"https:\/\/hudo.com\/si\/vip\/meghan-markle-na-skrivaj-rodila-hcerko\/\"]}]},{\"@type\":\"BreadcrumbList\",\"@id\":\"https:\/\/hudo.com\/si\/vip\/meghan-markle-na-skrivaj-rodila-hcerko\/#breadcrumb\",\"itemListElement\":[{\"@type\":\"ListItem\",\"position\":1,\"name\":\"Home\",\"item\":\"https:\/\/hudo.com\/si\/\"},{\"@type\":\"ListItem\",\"position\":2,\"name\":\"Meghan Markle na skrivaj rodila h\u010derko?\"}]},{\"@type\":\"WebSite\",\"@id\":\"https:\/\/hudo.com\/si\/#website\",\"url\":\"https:\/\/hudo.com\/si\/\",\"name\":\"Hudo Slovenija\",\"description\":\"Vse novice iz Slovenije in sveta\",\"publisher\":{\"@id\":\"https:\/\/hudo.com\/si\/#organization\"},\"potentialAction\":[{\"@type\":\"SearchAction\",\"target\":{\"@type\":\"EntryPoint\",\"urlTemplate\":\"https:\/\/hudo.com\/si\/?s={search_term_string}\"},\"query-input\":\"required name=search_term_string\"}],\"inLanguage\":\"sl-SI\"},{\"@type\":\"Organization\",\"@id\":\"https:\/\/hudo.com\/si\/#organization\",\"name\":\"VSN Media\",\"url\":\"https:\/\/hudo.com\/si\/\",\"logo\":{\"@type\":\"ImageObject\",\"inLanguage\":\"sl-SI\",\"@id\":\"https:\/\/hudo.com\/si\/#\/schema\/logo\/image\/\",\"url\":\"https:\/\/hudo.com\/si\/wp-content\/uploads\/sites\/2\/2021\/03\/hudo-app-2.png\",\"contentUrl\":\"https:\/\/hudo.com\/si\/wp-content\/uploads\/sites\/2\/2021\/03\/hudo-app-2.png\",\"width\":2185,\"height\":2167,\"caption\":\"VSN Media\"},\"image\":{\"@id\":\"https:\/\/hudo.com\/si\/#\/schema\/logo\/image\/\"},\"sameAs\":[\"https:\/\/www.facebook.com\/hudo.si\",\"https:\/\/twitter.com\/hudo_si\"]},{\"@type\":\"Person\",\"@id\":\"https:\/\/hudo.com\/si\/#\/schema\/person\/f95639a66e0dd2c682b0568634e85b8b\",\"name\":\"A. G.\",\"image\":{\"@type\":\"ImageObject\",\"inLanguage\":\"sl-SI\",\"@id\":\"https:\/\/hudo.com\/si\/#\/schema\/person\/image\/\",\"url\":\"https:\/\/secure.gravatar.com\/avatar\/9f44de561c70d5d80348d3ed0f4b142d?s=96&d=mm&r=g\",\"contentUrl\":\"https:\/\/secure.gravatar.com\/avatar\/9f44de561c70d5d80348d3ed0f4b142d?s=96&d=mm&r=g\",\"caption\":\"A. G.\"},\"url\":\"https:\/\/hudo.com\/si\/author\/alenkagrmek\/\"}]}<\/script>\n<!-- \/ Yoast SEO plugin. -->","yoast_head_json":{"title":"Meghan Markle na skrivaj rodila h\u010derko? - Hudo Slovenija","robots":{"index":"index","follow":"follow","max-snippet":"max-snippet:-1","max-image-preview":"max-image-preview:large","max-video-preview":"max-video-preview:-1"},"canonical":"https:\/\/hudo.com\/si\/vip\/meghan-markle-na-skrivaj-rodila-hcerko\/","og_locale":"sl_SI","og_type":"article","og_title":"Meghan Markle na skrivaj rodila h\u010derko? - Hudo Slovenija","og_description":"Vojvodinjo naj bi opazili, kako so jo v naglici odpeljali v bolni\u0161nico.","og_url":"https:\/\/hudo.com\/si\/vip\/meghan-markle-na-skrivaj-rodila-hcerko\/","og_site_name":"Hudo Slovenija","article_publisher":"https:\/\/www.facebook.com\/hudo.si","article_published_time":"2021-05-06T08:33:50+00:00","article_modified_time":"2021-05-06T08:37:26+00:00","og_image":[{"width":1250,"height":833,"url":"https:\/\/hudo.com\/si\/wp-content\/uploads\/sites\/2\/2021\/05\/profimedia-0431770100.jpg","type":"image\/jpeg"}],"author":"A. G.","twitter_card":"summary_large_image","twitter_creator":"@hudo_si","twitter_site":"@hudo_si","twitter_misc":{"Written by":"A. G.","Est. reading time":"2 minuti"},"schema":{"@context":"https:\/\/schema.org","@graph":[{"@type":"Article","@id":"https:\/\/hudo.com\/si\/vip\/meghan-markle-na-skrivaj-rodila-hcerko\/#article","isPartOf":{"@id":"https:\/\/hudo.com\/si\/vip\/meghan-markle-na-skrivaj-rodila-hcerko\/"},"author":{"name":"A. G.","@id":"https:\/\/hudo.com\/si\/#\/schema\/person\/f95639a66e0dd2c682b0568634e85b8b"},"headline":"Meghan Markle na skrivaj rodila h\u010derko?","datePublished":"2021-05-06T08:33:50+00:00","dateModified":"2021-05-06T08:37:26+00:00","mainEntityOfPage":{"@id":"https:\/\/hudo.com\/si\/vip\/meghan-markle-na-skrivaj-rodila-hcerko\/"},"wordCount":309,"publisher":{"@id":"https:\/\/hudo.com\/si\/#organization"},"keywords":["Meghan Markle"],"articleSection":["VIP"],"inLanguage":"sl-SI"},{"@type":"WebPage","@id":"https:\/\/hudo.com\/si\/vip\/meghan-markle-na-skrivaj-rodila-hcerko\/","url":"https:\/\/hudo.com\/si\/vip\/meghan-markle-na-skrivaj-rodila-hcerko\/","name":"Meghan Markle na skrivaj rodila h\u010derko? - Hudo Slovenija","isPartOf":{"@id":"https:\/\/hudo.com\/si\/#website"},"datePublished":"2021-05-06T08:33:50+00:00","dateModified":"2021-05-06T08:37:26+00:00","breadcrumb":{"@id":"https:\/\/hudo.com\/si\/vip\/meghan-markle-na-skrivaj-rodila-hcerko\/#breadcrumb"},"inLanguage":"sl-SI","potentialAction":[{"@type":"ReadAction","target":["https:\/\/hudo.com\/si\/vip\/meghan-markle-na-skrivaj-rodila-hcerko\/"]}]},{"@type":"BreadcrumbList","@id":"https:\/\/hudo.com\/si\/vip\/meghan-markle-na-skrivaj-rodila-hcerko\/#breadcrumb","itemListElement":[{"@type":"ListItem","position":1,"name":"Home","item":"https:\/\/hudo.com\/si\/"},{"@type":"ListItem","position":2,"name":"Meghan Markle na skrivaj rodila h\u010derko?"}]},{"@type":"WebSite","@id":"https:\/\/hudo.com\/si\/#website","url":"https:\/\/hudo.com\/si\/","name":"Hudo Slovenija","description":"Vse novice iz Slovenije in sveta","publisher":{"@id":"https:\/\/hudo.com\/si\/#organization"},"potentialAction":[{"@type":"SearchAction","target":{"@type":"EntryPoint","urlTemplate":"https:\/\/hudo.com\/si\/?s={search_term_string}"},"query-input":"required name=search_term_string"}],"inLanguage":"sl-SI"},{"@type":"Organization","@id":"https:\/\/hudo.com\/si\/#organization","name":"VSN Media","url":"https:\/\/hudo.com\/si\/","logo":{"@type":"ImageObject","inLanguage":"sl-SI","@id":"https:\/\/hudo.com\/si\/#\/schema\/logo\/image\/","url":"https:\/\/hudo.com\/si\/wp-content\/uploads\/sites\/2\/2021\/03\/hudo-app-2.png","contentUrl":"https:\/\/hudo.com\/si\/wp-content\/uploads\/sites\/2\/2021\/03\/hudo-app-2.png","width":2185,"height":2167,"caption":"VSN Media"},"image":{"@id":"https:\/\/hudo.com\/si\/#\/schema\/logo\/image\/"},"sameAs":["https:\/\/www.facebook.com\/hudo.si","https:\/\/twitter.com\/hudo_si"]},{"@type":"Person","@id":"https:\/\/hudo.com\/si\/#\/schema\/person\/f95639a66e0dd2c682b0568634e85b8b","name":"A. G.","image":{"@type":"ImageObject","inLanguage":"sl-SI","@id":"https:\/\/hudo.com\/si\/#\/schema\/person\/image\/","url":"https:\/\/secure.gravatar.com\/avatar\/9f44de561c70d5d80348d3ed0f4b142d?s=96&d=mm&r=g","contentUrl":"https:\/\/secure.gravatar.com\/avatar\/9f44de561c70d5d80348d3ed0f4b142d?s=96&d=mm&r=g","caption":"A. G."},"url":"https:\/\/hudo.com\/si\/author\/alenkagrmek\/"}]}},"amp_enabled":true,"_links":{"self":[{"href":"https:\/\/hudo.com\/si\/wp-json\/wp\/v2\/posts\/450915"}],"collection":[{"href":"https:\/\/hudo.com\/si\/wp-json\/wp\/v2\/posts"}],"about":[{"href":"https:\/\/hudo.com\/si\/wp-json\/wp\/v2\/types\/post"}],"author":[{"embeddable":true,"href":"https:\/\/hudo.com\/si\/wp-json\/wp\/v2\/users\/6"}],"replies":[{"embeddable":true,"href":"https:\/\/hudo.com\/si\/wp-json\/wp\/v2\/comments?post=450915"}],"version-history":[{"count":4,"href":"https:\/\/hudo.com\/si\/wp-json\/wp\/v2\/posts\/450915\/revisions"}],"predecessor-version":[{"id":450937,"href":"https:\/\/hudo.com\/si\/wp-json\/wp\/v2\/posts\/450915\/revisions\/450937"}],"wp:featuredmedia":[{"embeddable":true,"href":"https:\/\/hudo.com\/si\/wp-json\/wp\/v2\/media\/450916"}],"wp:attachment":[{"href":"https:\/\/hudo.com\/si\/wp-json\/wp\/v2\/media?parent=450915"}],"wp:term":[{"taxonomy":"category","embeddable":true,"href":"https:\/\/hudo.com\/si\/wp-json\/wp\/v2\/categories?post=450915"},{"taxonomy":"post_tag","embeddable":true,"href":"https:\/\/hudo.com\/si\/wp-json\/wp\/v2\/tags?post=450915"},{"taxonomy":"source","embeddable":true,"href":"https:\/\/hudo.com\/si\/wp-json\/wp\/v2\/source?post=450915"},{"taxonomy":"supertag","embeddable":true,"href":"https:\/\/hudo.com\/si\/wp-json\/wp\/v2\/supertag?post=450915"}],"curies":[{"name":"wp","href":"https:\/\/api.w.org\/{rel}","templated":true}]}}