{"id":450997,"date":"2021-05-07T11:31:44","date_gmt":"2021-05-07T09:31:44","guid":{"rendered":"https:\/\/hudo.com\/si\/?p=450997"},"modified":"2021-05-07T11:31:44","modified_gmt":"2021-05-07T09:31:44","slug":"archiejeva-zadnja-fotografija-povzrocila-burno-razpravo-na-spletu-zakaj-to-pocneta","status":"publish","type":"post","link":"https:\/\/hudo.com\/si\/vip\/archiejeva-zadnja-fotografija-povzrocila-burno-razpravo-na-spletu-zakaj-to-pocneta\/","title":{"rendered":"Archiejeva zadnja fotografija povzro\u010dila burno razpravo na spletu: &#8220;Zakaj to po\u010dneta?&#8221;"},"content":{"rendered":"<p>\u010ceprav dale\u010d od kraljeve dru\u017eine, malemu Archieju, prvemu otroku 39-letne nekdanje igralke Meghan Markle in 36-letnega princa Harryja, dru\u017einski \u010dlani niso pozabili \u010destitati za drugi rojstni dan. Archieju so najlep\u0161e \u017eelje poslali z objavo njegovih fotografij, ko sta ga vojvodinja in vojvoda Susse\u0161ka prvi\u010d predstavila dru\u017eini. No, obo\u017eevalci kraljeve dru\u017eine pa so nestrpno pri\u010dakovali, kdaj bosta Meghan in Harry objavila njegovo novo fotografijo.<\/p>\n<p>Na uradnem profilu na Instagramu se nista uradno oglasila, tako kot ostala kraljeva dru\u017eina, sta pa na spletni strani svoje javne organizacije Archewell objavila novo fotografijo malega Archieja. De\u010dek na fotografiji v roki dr\u017ei balone pred vilo v Montecitu, kalifornijski soseski, kjer par \u017eivi s sin\u010dkom. A z objavo fotografije sta Meghan in Harry spro\u017eila nepri\u010dakovane reakcije.<\/p>\n<blockquote class=\"instagram-media\" style=\"background: #FFF; border: 0; border-radius: 3px; box-shadow: 0 0 1px 0 rgba(0,0,0,0.5),0 1px 10px 0 rgba(0,0,0,0.15); margin: 1px; max-width: 540px; min-width: 326px; padding: 0; width: calc(100% - 2px);\" data-instgrm-permalink=\"https:\/\/www.instagram.com\/p\/COivoTdF29k\/?utm_source=ig_embed&amp;utm_campaign=loading\" data-instgrm-version=\"13\">\n<div style=\"padding: 16px;\">\n<p>&nbsp;<\/p>\n<div style=\"display: flex; flex-direction: row; align-items: center;\">\n<div style=\"background-color: #f4f4f4; border-radius: 50%; flex-grow: 0; height: 40px; margin-right: 14px; width: 40px;\"><\/div>\n<div style=\"display: flex; flex-direction: column; flex-grow: 1; justify-content: center;\">\n<div style=\"background-color: #f4f4f4; border-radius: 4px; flex-grow: 0; height: 14px; margin-bottom: 6px; width: 100px;\"><\/div>\n<div style=\"background-color: #f4f4f4; border-radius: 4px; flex-grow: 0; height: 14px; width: 60px;\"><\/div>\n<\/div>\n<\/div>\n<div style=\"padding: 19% 0;\"><\/div>\n<div style=\"display: block; height: 50px; margin: 0 auto 12px; width: 50px;\"><\/div>\n<div style=\"padding-top: 8px;\">\n<div style=\"color: #3897f0; font-family: Arial,sans-serif; font-size: 14px; font-style: normal; font-weight: 550; line-height: 18px;\">View this post on Instagram<\/div>\n<\/div>\n<div style=\"padding: 12.5% 0;\"><\/div>\n<div style=\"display: flex; flex-direction: row; margin-bottom: 14px; align-items: center;\">\n<div>\n<div style=\"background-color: #f4f4f4; border-radius: 50%; height: 12.5px; width: 12.5px; transform: translateX(0px) translateY(7px);\"><\/div>\n<div style=\"background-color: #f4f4f4; height: 12.5px; transform: rotate(-45deg) translateX(3px) translateY(1px); width: 12.5px; flex-grow: 0; margin-right: 14px; margin-left: 2px;\"><\/div>\n<div style=\"background-color: #f4f4f4; border-radius: 50%; height: 12.5px; width: 12.5px; transform: translateX(9px) translateY(-18px);\"><\/div>\n<\/div>\n<div style=\"margin-left: 8px;\">\n<div style=\"background-color: #f4f4f4; border-radius: 50%; flex-grow: 0; height: 20px; width: 20px;\"><\/div>\n<div style=\"width: 0; height: 0; border-top: 2px solid transparent; border-left: 6px solid #f4f4f4; border-bottom: 2px solid transparent; transform: translateX(16px) translateY(-4px) rotate(30deg);\"><\/div>\n<\/div>\n<div style=\"margin-left: auto;\">\n<div style=\"width: 0px; border-top: 8px solid #F4F4F4; border-right: 8px solid transparent; transform: translateY(16px);\"><\/div>\n<div style=\"background-color: #f4f4f4; flex-grow: 0; height: 12px; width: 16px; transform: translateY(-4px);\"><\/div>\n<div style=\"width: 0; height: 0; border-top: 8px solid #F4F4F4; border-left: 8px solid transparent; transform: translateY(-4px) translateX(8px);\"><\/div>\n<\/div>\n<\/div>\n<div style=\"display: flex; flex-direction: column; flex-grow: 1; justify-content: center; margin-bottom: 24px;\">\n<div style=\"background-color: #f4f4f4; border-radius: 4px; flex-grow: 0; height: 14px; margin-bottom: 6px; width: 224px;\"><\/div>\n<div style=\"background-color: #f4f4f4; border-radius: 4px; flex-grow: 0; height: 14px; width: 144px;\"><\/div>\n<\/div>\n<p>&nbsp;<\/p>\n<p style=\"color: #c9c8cd; font-family: Arial,sans-serif; font-size: 14px; line-height: 17px; margin-bottom: 0; margin-top: 8px; overflow: hidden; padding: 8px 0 7px; text-align: center; text-overflow: ellipsis; white-space: nowrap;\"><a style=\"color: #c9c8cd; font-family: Arial,sans-serif; font-size: 14px; font-style: normal; font-weight: normal; line-height: 17px; text-decoration: none;\" href=\"https:\/\/www.instagram.com\/p\/COivoTdF29k\/?utm_source=ig_embed&amp;utm_campaign=loading\" target=\"_blank\" rel=\"noopener noreferrer\">A post shared by British Vogue (@britishvogue)<\/a><\/p>\n<\/div>\n<\/blockquote>\n<p><div class=\"embed-notice\">Za ogled vstavljene vsebine morate omogo\u010diti <a href=\"#\" onclick=\"Optanon.ToggleInfoDisplay()\">shranjevanje pi\u0161kotkov v napravi<\/a><\/div><script async type=\"text\/plain\" class=\"optanon-category-C0002-C0003-C0004\" optanon-src=\"\/\/www.instagram.com\/embed.js\"><\/script><\/p>\n<p>Njihovi obo\u017eevalci so bili ogor\u010deni, ker niso videli Archiejevega obraza, kar pa se ni zgodilo prvi\u010d. Na mednarodni dan \u017eena je znani fotograf in njun prijatelj, 44-letni Misan Harriman, objavil njihovo dru\u017einsko fotografijo, a Archiejev obraz je zakrival Meghanin obraz. &#8220;Archiejev skrivnostni obraz, to je res sme\u0161no,&#8221; je eden od komentarjev na dru\u017ebenih omre\u017ejih, ki so se vsuli po objavi zadnje fotografije.<\/p>\n<blockquote class=\"instagram-media\" style=\"background: #FFF; border: 0; border-radius: 3px; box-shadow: 0 0 1px 0 rgba(0,0,0,0.5),0 1px 10px 0 rgba(0,0,0,0.15); margin: 1px; max-width: 540px; min-width: 326px; padding: 0; width: calc(100% - 2px);\" data-instgrm-permalink=\"https:\/\/www.instagram.com\/p\/CMKrsFlAIfa\/?utm_source=ig_embed&amp;utm_campaign=loading\" data-instgrm-version=\"13\">\n<div style=\"padding: 16px;\">\n<p>&nbsp;<\/p>\n<div style=\"display: flex; flex-direction: row; align-items: center;\">\n<div style=\"background-color: #f4f4f4; border-radius: 50%; flex-grow: 0; height: 40px; margin-right: 14px; width: 40px;\"><\/div>\n<div style=\"display: flex; flex-direction: column; flex-grow: 1; justify-content: center;\">\n<div style=\"background-color: #f4f4f4; border-radius: 4px; flex-grow: 0; height: 14px; margin-bottom: 6px; width: 100px;\"><\/div>\n<div style=\"background-color: #f4f4f4; border-radius: 4px; flex-grow: 0; height: 14px; width: 60px;\"><\/div>\n<\/div>\n<\/div>\n<div style=\"padding: 19% 0;\"><\/div>\n<div style=\"display: block; height: 50px; margin: 0 auto 12px; width: 50px;\"><\/div>\n<div style=\"padding-top: 8px;\">\n<div style=\"color: #3897f0; font-family: Arial,sans-serif; font-size: 14px; font-style: normal; font-weight: 550; line-height: 18px;\">View this post on Instagram<\/div>\n<\/div>\n<div style=\"padding: 12.5% 0;\"><\/div>\n<div style=\"display: flex; flex-direction: row; margin-bottom: 14px; align-items: center;\">\n<div>\n<div style=\"background-color: #f4f4f4; border-radius: 50%; height: 12.5px; width: 12.5px; transform: translateX(0px) translateY(7px);\"><\/div>\n<div style=\"background-color: #f4f4f4; height: 12.5px; transform: rotate(-45deg) translateX(3px) translateY(1px); width: 12.5px; flex-grow: 0; margin-right: 14px; margin-left: 2px;\"><\/div>\n<div style=\"background-color: #f4f4f4; border-radius: 50%; height: 12.5px; width: 12.5px; transform: translateX(9px) translateY(-18px);\"><\/div>\n<\/div>\n<div style=\"margin-left: 8px;\">\n<div style=\"background-color: #f4f4f4; border-radius: 50%; flex-grow: 0; height: 20px; width: 20px;\"><\/div>\n<div style=\"width: 0; height: 0; border-top: 2px solid transparent; border-left: 6px solid #f4f4f4; border-bottom: 2px solid transparent; transform: translateX(16px) translateY(-4px) rotate(30deg);\"><\/div>\n<\/div>\n<div style=\"margin-left: auto;\">\n<div style=\"width: 0px; border-top: 8px solid #F4F4F4; border-right: 8px solid transparent; transform: translateY(16px);\"><\/div>\n<div style=\"background-color: #f4f4f4; flex-grow: 0; height: 12px; width: 16px; transform: translateY(-4px);\"><\/div>\n<div style=\"width: 0; height: 0; border-top: 8px solid #F4F4F4; border-left: 8px solid transparent; transform: translateY(-4px) translateX(8px);\"><\/div>\n<\/div>\n<\/div>\n<div style=\"display: flex; flex-direction: column; flex-grow: 1; justify-content: center; margin-bottom: 24px;\">\n<div style=\"background-color: #f4f4f4; border-radius: 4px; flex-grow: 0; height: 14px; margin-bottom: 6px; width: 224px;\"><\/div>\n<div style=\"background-color: #f4f4f4; border-radius: 4px; flex-grow: 0; height: 14px; width: 144px;\"><\/div>\n<\/div>\n<p>&nbsp;<\/p>\n<p style=\"color: #c9c8cd; font-family: Arial,sans-serif; font-size: 14px; line-height: 17px; margin-bottom: 0; margin-top: 8px; overflow: hidden; padding: 8px 0 7px; text-align: center; text-overflow: ellipsis; white-space: nowrap;\"><a style=\"color: #c9c8cd; font-family: Arial,sans-serif; font-size: 14px; font-style: normal; font-weight: normal; line-height: 17px; text-decoration: none;\" href=\"https:\/\/www.instagram.com\/p\/CMKrsFlAIfa\/?utm_source=ig_embed&amp;utm_campaign=loading\" target=\"_blank\" rel=\"noopener noreferrer\">A post shared by Misan Harriman (@misanharriman)<\/a><\/p>\n<\/div>\n<\/blockquote>\n<p><div class=\"embed-notice\">Za ogled vstavljene vsebine morate omogo\u010diti <a href=\"#\" onclick=\"Optanon.ToggleInfoDisplay()\">shranjevanje pi\u0161kotkov v napravi<\/a><\/div><script async type=\"text\/plain\" class=\"optanon-category-C0002-C0003-C0004\" optanon-src=\"\/\/www.instagram.com\/embed.js\"><\/script><\/p>\n<p>&#8220;Ali jih je sram pokazati Archiejev obraz? Prepri\u010dan sem, da je zelo simpati\u010den. Vedno vidimo otroke Williama in Kate, zakaj ne bi tudi Archieja?,&#8221; so se razpisali drugi. Toda nekateri obo\u017eevalci so se postavili v obrambo vojvode in vojvodinje Susse\u0161ke in zapisali, da ima njihov sin pravico do zasebnosti, ker je \u0161e otrok.<\/p>\n<p>Spomnimo, Archieju ni bilo usojeno odra\u0161\u010dati na dvoru. Velika \u017eelja Meghan in Harryja je bila, da bi mu omogo\u010dila odra\u0161\u010danje stran od radovednih o\u010di javnosti, \u010demur je bila izpostavljena celotna kraljeva dru\u017eina, kar pomeni tudi odra\u0161\u010danje po protokolu.<\/p>\n<p>Njegova star\u0161a sta prekinila kraljevo tradicijo. Kar nekaj dni sta namre\u010d po\u010dakala, preden sta ga pokazala svetu. Archie poleg tega ob rojstvu ni dobil kraljevega naziva, kot jih imajo vsi otroci Williama in Kate. Prav tako Archiejevo ime ni bilo znano do trenutka, ko je spoznal Meghanino mamo, 64-letno Dorijo Ragland, in 95-letno kraljico Elizabeto.<\/p>\n","protected":false},"excerpt":{"rendered":"<p>Vojvoda in vojvodinja Susse\u0161ka sta s fotografijo svojega sin\u010dka izzvala nepri\u010dakovane reakcije.<\/p>\n","protected":false},"author":6,"featured_media":423894,"comment_status":"closed","ping_status":"closed","sticky":false,"template":"","format":"standard","meta":{"footnotes":""},"categories":[1093],"tags":[13629],"source":[4511],"supertag":[],"acf":[],"yoast_head":"<!-- This site is optimized with the Yoast SEO plugin v21.3 - https:\/\/yoast.com\/wordpress\/plugins\/seo\/ -->\n<title>Archiejeva zadnja fotografija povzro\u010dila burno razpravo na spletu: &quot;Zakaj to po\u010dneta?&quot; - Hudo Slovenija<\/title>\n<meta name=\"robots\" content=\"index, follow, max-snippet:-1, max-image-preview:large, max-video-preview:-1\" \/>\n<link rel=\"canonical\" href=\"https:\/\/hudo.com\/si\/vip\/archiejeva-zadnja-fotografija-povzrocila-burno-razpravo-na-spletu-zakaj-to-pocneta\/\" \/>\n<meta property=\"og:locale\" content=\"sl_SI\" \/>\n<meta property=\"og:type\" content=\"article\" \/>\n<meta property=\"og:title\" content=\"Archiejeva zadnja fotografija povzro\u010dila burno razpravo na spletu: &quot;Zakaj to po\u010dneta?&quot; - Hudo Slovenija\" \/>\n<meta property=\"og:description\" content=\"Vojvoda in vojvodinja Susse\u0161ka sta s fotografijo svojega sin\u010dka izzvala nepri\u010dakovane reakcije.\" \/>\n<meta property=\"og:url\" content=\"https:\/\/hudo.com\/si\/vip\/archiejeva-zadnja-fotografija-povzrocila-burno-razpravo-na-spletu-zakaj-to-pocneta\/\" \/>\n<meta property=\"og:site_name\" content=\"Hudo Slovenija\" \/>\n<meta property=\"article:publisher\" content=\"https:\/\/www.facebook.com\/hudo.si\" \/>\n<meta property=\"article:published_time\" content=\"2021-05-07T09:31:44+00:00\" \/>\n<meta property=\"og:image\" content=\"https:\/\/hudo.com\/si\/wp-content\/uploads\/sites\/2\/2020\/05\/profimedia-0517508012.jpg\" \/>\n\t<meta property=\"og:image:width\" content=\"1250\" \/>\n\t<meta property=\"og:image:height\" content=\"1154\" \/>\n\t<meta property=\"og:image:type\" content=\"image\/jpeg\" \/>\n<meta name=\"author\" content=\"A. G.\" \/>\n<meta name=\"twitter:card\" content=\"summary_large_image\" \/>\n<meta name=\"twitter:creator\" content=\"@hudo_si\" \/>\n<meta name=\"twitter:site\" content=\"@hudo_si\" \/>\n<meta name=\"twitter:label1\" content=\"Written by\" \/>\n\t<meta name=\"twitter:data1\" content=\"A. G.\" \/>\n\t<meta name=\"twitter:label2\" content=\"Est. reading time\" \/>\n\t<meta name=\"twitter:data2\" content=\"2 minuti\" \/>\n<script type=\"application\/ld+json\" class=\"yoast-schema-graph\">{\"@context\":\"https:\/\/schema.org\",\"@graph\":[{\"@type\":\"Article\",\"@id\":\"https:\/\/hudo.com\/si\/vip\/archiejeva-zadnja-fotografija-povzrocila-burno-razpravo-na-spletu-zakaj-to-pocneta\/#article\",\"isPartOf\":{\"@id\":\"https:\/\/hudo.com\/si\/vip\/archiejeva-zadnja-fotografija-povzrocila-burno-razpravo-na-spletu-zakaj-to-pocneta\/\"},\"author\":{\"name\":\"A. G.\",\"@id\":\"https:\/\/hudo.com\/si\/#\/schema\/person\/f95639a66e0dd2c682b0568634e85b8b\"},\"headline\":\"Archiejeva zadnja fotografija povzro\u010dila burno razpravo na spletu: &#8220;Zakaj to po\u010dneta?&#8221;\",\"datePublished\":\"2021-05-07T09:31:44+00:00\",\"dateModified\":\"2021-05-07T09:31:44+00:00\",\"mainEntityOfPage\":{\"@id\":\"https:\/\/hudo.com\/si\/vip\/archiejeva-zadnja-fotografija-povzrocila-burno-razpravo-na-spletu-zakaj-to-pocneta\/\"},\"wordCount\":401,\"publisher\":{\"@id\":\"https:\/\/hudo.com\/si\/#organization\"},\"keywords\":[\"Archie Harrison Mountbatten-Windsor\"],\"articleSection\":[\"VIP\"],\"inLanguage\":\"sl-SI\"},{\"@type\":\"WebPage\",\"@id\":\"https:\/\/hudo.com\/si\/vip\/archiejeva-zadnja-fotografija-povzrocila-burno-razpravo-na-spletu-zakaj-to-pocneta\/\",\"url\":\"https:\/\/hudo.com\/si\/vip\/archiejeva-zadnja-fotografija-povzrocila-burno-razpravo-na-spletu-zakaj-to-pocneta\/\",\"name\":\"Archiejeva zadnja fotografija povzro\u010dila burno razpravo na spletu: \\\"Zakaj to po\u010dneta?\\\" - Hudo Slovenija\",\"isPartOf\":{\"@id\":\"https:\/\/hudo.com\/si\/#website\"},\"datePublished\":\"2021-05-07T09:31:44+00:00\",\"dateModified\":\"2021-05-07T09:31:44+00:00\",\"breadcrumb\":{\"@id\":\"https:\/\/hudo.com\/si\/vip\/archiejeva-zadnja-fotografija-povzrocila-burno-razpravo-na-spletu-zakaj-to-pocneta\/#breadcrumb\"},\"inLanguage\":\"sl-SI\",\"potentialAction\":[{\"@type\":\"ReadAction\",\"target\":[\"https:\/\/hudo.com\/si\/vip\/archiejeva-zadnja-fotografija-povzrocila-burno-razpravo-na-spletu-zakaj-to-pocneta\/\"]}]},{\"@type\":\"BreadcrumbList\",\"@id\":\"https:\/\/hudo.com\/si\/vip\/archiejeva-zadnja-fotografija-povzrocila-burno-razpravo-na-spletu-zakaj-to-pocneta\/#breadcrumb\",\"itemListElement\":[{\"@type\":\"ListItem\",\"position\":1,\"name\":\"Home\",\"item\":\"https:\/\/hudo.com\/si\/\"},{\"@type\":\"ListItem\",\"position\":2,\"name\":\"Archiejeva zadnja fotografija povzro\u010dila burno razpravo na spletu: &#8220;Zakaj to po\u010dneta?&#8221;\"}]},{\"@type\":\"WebSite\",\"@id\":\"https:\/\/hudo.com\/si\/#website\",\"url\":\"https:\/\/hudo.com\/si\/\",\"name\":\"Hudo Slovenija\",\"description\":\"Vse novice iz Slovenije in sveta\",\"publisher\":{\"@id\":\"https:\/\/hudo.com\/si\/#organization\"},\"potentialAction\":[{\"@type\":\"SearchAction\",\"target\":{\"@type\":\"EntryPoint\",\"urlTemplate\":\"https:\/\/hudo.com\/si\/?s={search_term_string}\"},\"query-input\":\"required name=search_term_string\"}],\"inLanguage\":\"sl-SI\"},{\"@type\":\"Organization\",\"@id\":\"https:\/\/hudo.com\/si\/#organization\",\"name\":\"VSN Media\",\"url\":\"https:\/\/hudo.com\/si\/\",\"logo\":{\"@type\":\"ImageObject\",\"inLanguage\":\"sl-SI\",\"@id\":\"https:\/\/hudo.com\/si\/#\/schema\/logo\/image\/\",\"url\":\"https:\/\/hudo.com\/si\/wp-content\/uploads\/sites\/2\/2021\/03\/hudo-app-2.png\",\"contentUrl\":\"https:\/\/hudo.com\/si\/wp-content\/uploads\/sites\/2\/2021\/03\/hudo-app-2.png\",\"width\":2185,\"height\":2167,\"caption\":\"VSN Media\"},\"image\":{\"@id\":\"https:\/\/hudo.com\/si\/#\/schema\/logo\/image\/\"},\"sameAs\":[\"https:\/\/www.facebook.com\/hudo.si\",\"https:\/\/twitter.com\/hudo_si\"]},{\"@type\":\"Person\",\"@id\":\"https:\/\/hudo.com\/si\/#\/schema\/person\/f95639a66e0dd2c682b0568634e85b8b\",\"name\":\"A. G.\",\"image\":{\"@type\":\"ImageObject\",\"inLanguage\":\"sl-SI\",\"@id\":\"https:\/\/hudo.com\/si\/#\/schema\/person\/image\/\",\"url\":\"https:\/\/secure.gravatar.com\/avatar\/9f44de561c70d5d80348d3ed0f4b142d?s=96&d=mm&r=g\",\"contentUrl\":\"https:\/\/secure.gravatar.com\/avatar\/9f44de561c70d5d80348d3ed0f4b142d?s=96&d=mm&r=g\",\"caption\":\"A. G.\"},\"url\":\"https:\/\/hudo.com\/si\/author\/alenkagrmek\/\"}]}<\/script>\n<!-- \/ Yoast SEO plugin. -->","yoast_head_json":{"title":"Archiejeva zadnja fotografija povzro\u010dila burno razpravo na spletu: \"Zakaj to po\u010dneta?\" - Hudo Slovenija","robots":{"index":"index","follow":"follow","max-snippet":"max-snippet:-1","max-image-preview":"max-image-preview:large","max-video-preview":"max-video-preview:-1"},"canonical":"https:\/\/hudo.com\/si\/vip\/archiejeva-zadnja-fotografija-povzrocila-burno-razpravo-na-spletu-zakaj-to-pocneta\/","og_locale":"sl_SI","og_type":"article","og_title":"Archiejeva zadnja fotografija povzro\u010dila burno razpravo na spletu: \"Zakaj to po\u010dneta?\" - Hudo Slovenija","og_description":"Vojvoda in vojvodinja Susse\u0161ka sta s fotografijo svojega sin\u010dka izzvala nepri\u010dakovane reakcije.","og_url":"https:\/\/hudo.com\/si\/vip\/archiejeva-zadnja-fotografija-povzrocila-burno-razpravo-na-spletu-zakaj-to-pocneta\/","og_site_name":"Hudo Slovenija","article_publisher":"https:\/\/www.facebook.com\/hudo.si","article_published_time":"2021-05-07T09:31:44+00:00","og_image":[{"width":1250,"height":1154,"url":"https:\/\/hudo.com\/si\/wp-content\/uploads\/sites\/2\/2020\/05\/profimedia-0517508012.jpg","type":"image\/jpeg"}],"author":"A. G.","twitter_card":"summary_large_image","twitter_creator":"@hudo_si","twitter_site":"@hudo_si","twitter_misc":{"Written by":"A. G.","Est. reading time":"2 minuti"},"schema":{"@context":"https:\/\/schema.org","@graph":[{"@type":"Article","@id":"https:\/\/hudo.com\/si\/vip\/archiejeva-zadnja-fotografija-povzrocila-burno-razpravo-na-spletu-zakaj-to-pocneta\/#article","isPartOf":{"@id":"https:\/\/hudo.com\/si\/vip\/archiejeva-zadnja-fotografija-povzrocila-burno-razpravo-na-spletu-zakaj-to-pocneta\/"},"author":{"name":"A. G.","@id":"https:\/\/hudo.com\/si\/#\/schema\/person\/f95639a66e0dd2c682b0568634e85b8b"},"headline":"Archiejeva zadnja fotografija povzro\u010dila burno razpravo na spletu: &#8220;Zakaj to po\u010dneta?&#8221;","datePublished":"2021-05-07T09:31:44+00:00","dateModified":"2021-05-07T09:31:44+00:00","mainEntityOfPage":{"@id":"https:\/\/hudo.com\/si\/vip\/archiejeva-zadnja-fotografija-povzrocila-burno-razpravo-na-spletu-zakaj-to-pocneta\/"},"wordCount":401,"publisher":{"@id":"https:\/\/hudo.com\/si\/#organization"},"keywords":["Archie Harrison Mountbatten-Windsor"],"articleSection":["VIP"],"inLanguage":"sl-SI"},{"@type":"WebPage","@id":"https:\/\/hudo.com\/si\/vip\/archiejeva-zadnja-fotografija-povzrocila-burno-razpravo-na-spletu-zakaj-to-pocneta\/","url":"https:\/\/hudo.com\/si\/vip\/archiejeva-zadnja-fotografija-povzrocila-burno-razpravo-na-spletu-zakaj-to-pocneta\/","name":"Archiejeva zadnja fotografija povzro\u010dila burno razpravo na spletu: \"Zakaj to po\u010dneta?\" - Hudo Slovenija","isPartOf":{"@id":"https:\/\/hudo.com\/si\/#website"},"datePublished":"2021-05-07T09:31:44+00:00","dateModified":"2021-05-07T09:31:44+00:00","breadcrumb":{"@id":"https:\/\/hudo.com\/si\/vip\/archiejeva-zadnja-fotografija-povzrocila-burno-razpravo-na-spletu-zakaj-to-pocneta\/#breadcrumb"},"inLanguage":"sl-SI","potentialAction":[{"@type":"ReadAction","target":["https:\/\/hudo.com\/si\/vip\/archiejeva-zadnja-fotografija-povzrocila-burno-razpravo-na-spletu-zakaj-to-pocneta\/"]}]},{"@type":"BreadcrumbList","@id":"https:\/\/hudo.com\/si\/vip\/archiejeva-zadnja-fotografija-povzrocila-burno-razpravo-na-spletu-zakaj-to-pocneta\/#breadcrumb","itemListElement":[{"@type":"ListItem","position":1,"name":"Home","item":"https:\/\/hudo.com\/si\/"},{"@type":"ListItem","position":2,"name":"Archiejeva zadnja fotografija povzro\u010dila burno razpravo na spletu: &#8220;Zakaj to po\u010dneta?&#8221;"}]},{"@type":"WebSite","@id":"https:\/\/hudo.com\/si\/#website","url":"https:\/\/hudo.com\/si\/","name":"Hudo Slovenija","description":"Vse novice iz Slovenije in sveta","publisher":{"@id":"https:\/\/hudo.com\/si\/#organization"},"potentialAction":[{"@type":"SearchAction","target":{"@type":"EntryPoint","urlTemplate":"https:\/\/hudo.com\/si\/?s={search_term_string}"},"query-input":"required name=search_term_string"}],"inLanguage":"sl-SI"},{"@type":"Organization","@id":"https:\/\/hudo.com\/si\/#organization","name":"VSN Media","url":"https:\/\/hudo.com\/si\/","logo":{"@type":"ImageObject","inLanguage":"sl-SI","@id":"https:\/\/hudo.com\/si\/#\/schema\/logo\/image\/","url":"https:\/\/hudo.com\/si\/wp-content\/uploads\/sites\/2\/2021\/03\/hudo-app-2.png","contentUrl":"https:\/\/hudo.com\/si\/wp-content\/uploads\/sites\/2\/2021\/03\/hudo-app-2.png","width":2185,"height":2167,"caption":"VSN Media"},"image":{"@id":"https:\/\/hudo.com\/si\/#\/schema\/logo\/image\/"},"sameAs":["https:\/\/www.facebook.com\/hudo.si","https:\/\/twitter.com\/hudo_si"]},{"@type":"Person","@id":"https:\/\/hudo.com\/si\/#\/schema\/person\/f95639a66e0dd2c682b0568634e85b8b","name":"A. G.","image":{"@type":"ImageObject","inLanguage":"sl-SI","@id":"https:\/\/hudo.com\/si\/#\/schema\/person\/image\/","url":"https:\/\/secure.gravatar.com\/avatar\/9f44de561c70d5d80348d3ed0f4b142d?s=96&d=mm&r=g","contentUrl":"https:\/\/secure.gravatar.com\/avatar\/9f44de561c70d5d80348d3ed0f4b142d?s=96&d=mm&r=g","caption":"A. G."},"url":"https:\/\/hudo.com\/si\/author\/alenkagrmek\/"}]}},"amp_enabled":true,"_links":{"self":[{"href":"https:\/\/hudo.com\/si\/wp-json\/wp\/v2\/posts\/450997"}],"collection":[{"href":"https:\/\/hudo.com\/si\/wp-json\/wp\/v2\/posts"}],"about":[{"href":"https:\/\/hudo.com\/si\/wp-json\/wp\/v2\/types\/post"}],"author":[{"embeddable":true,"href":"https:\/\/hudo.com\/si\/wp-json\/wp\/v2\/users\/6"}],"replies":[{"embeddable":true,"href":"https:\/\/hudo.com\/si\/wp-json\/wp\/v2\/comments?post=450997"}],"version-history":[{"count":1,"href":"https:\/\/hudo.com\/si\/wp-json\/wp\/v2\/posts\/450997\/revisions"}],"predecessor-version":[{"id":451002,"href":"https:\/\/hudo.com\/si\/wp-json\/wp\/v2\/posts\/450997\/revisions\/451002"}],"wp:featuredmedia":[{"embeddable":true,"href":"https:\/\/hudo.com\/si\/wp-json\/wp\/v2\/media\/423894"}],"wp:attachment":[{"href":"https:\/\/hudo.com\/si\/wp-json\/wp\/v2\/media?parent=450997"}],"wp:term":[{"taxonomy":"category","embeddable":true,"href":"https:\/\/hudo.com\/si\/wp-json\/wp\/v2\/categories?post=450997"},{"taxonomy":"post_tag","embeddable":true,"href":"https:\/\/hudo.com\/si\/wp-json\/wp\/v2\/tags?post=450997"},{"taxonomy":"source","embeddable":true,"href":"https:\/\/hudo.com\/si\/wp-json\/wp\/v2\/source?post=450997"},{"taxonomy":"supertag","embeddable":true,"href":"https:\/\/hudo.com\/si\/wp-json\/wp\/v2\/supertag?post=450997"}],"curies":[{"name":"wp","href":"https:\/\/api.w.org\/{rel}","templated":true}]}}