{"id":451141,"date":"2021-05-10T12:32:46","date_gmt":"2021-05-10T10:32:46","guid":{"rendered":"https:\/\/hudo.com\/si\/2021\/05\/10\/taylor-swift-bo-kot-prva-zenska-prejela-nagrado-brit-za-globalno-ikono\/"},"modified":"2021-05-10T12:32:46","modified_gmt":"2021-05-10T10:32:46","slug":"taylor-swift-bo-kot-prva-zenska-prejela-nagrado-brit-za-globalno-ikono","status":"publish","type":"post","link":"https:\/\/hudo.com\/si\/vip\/taylor-swift-bo-kot-prva-zenska-prejela-nagrado-brit-za-globalno-ikono\/","title":{"rendered":"Taylor Swift bo kot prva \u017eenska prejela nagrado brit za globalno ikono"},"content":{"rendered":"<figure>\n\t\t\t\t\t<img loading=\"lazy\" decoding=\"async\" width=\"660\" height=\"320\" src=\"image\/gif;base64,R0lGODlhAQABAAAAACH5BAEKAAEALAAAAAABAAEAAAICTAEAOw==\" class=\"lazyload\" data-src=\"https:\/\/zenska.hudo.com\/files\/2020\/11\/profimedia-0554051381-320x155.jpg\" data-srcset=\"https:\/\/zenska.hudo.com\/files\/2020\/11\/profimedia-0554051381-660x320.jpg 660w,https:\/\/zenska.hudo.com\/files\/2020\/11\/profimedia-0554051381-320x155.jpg 330w\" \/><figcaption>Foto: Profimedia<\/figcaption><\/figure>\n<p>Prireditelji dogodka pravijo, da si kantavtorica Taylor Swift nagrado za globalno ikono zaslu\u017ei zaradi svojega vpliva na svetovno glasbeno sceno, glasbenega repertoarja in dosedanjih dose\u017ekov. Prej\u0161nji mesec je z albumom Fearless \u017ee sedmi\u010d zasedla vrh britanske lestvice, s svojo glasbo pa izpostavlja pomembne tematike, kot je sprejemanje LGBTQ skupnosti.<\/p>\n<p>Nominirana je \u0161e za najbolj\u0161o mednarodno solo izvajalko, kar je \u017ee njena \u0161esta nominacija za nagrade brit.<\/p>\n<p>Nagrado brit za glasbeno ikono so doslej prejeli samo mo\u0161ki, med njimi Elton John, Robbie Williams in David Bowie.<\/p>\n<p>Leto\u0161nja podelitev bo v torek v londonski areni O2. Vodil jo bo Jack Whitenhall, v \u017eivo pa jo bo lahko spremljalo 4000 ljudi, saj bo del vladnega pilotnega projekta za prirejanje dogodkov v \u017eivo.<\/p>\n","protected":false},"excerpt":{"rendered":"<p>Taylor Swift bo na podelitvi nagrad Brit v torek v Londonu kot prva \u017eenska prejela nagrado za globalno ikono. Obenem je nominirana za najbolj\u0161o mednarodno solo izvajalko, kar je \u017ee njena \u0161esta nominacija za nagrado brit.<\/p>\n","protected":false},"author":1,"featured_media":451142,"comment_status":"closed","ping_status":"closed","sticky":false,"template":"","format":"standard","meta":{"footnotes":""},"categories":[1093],"tags":[1496,17253],"source":[1346,1345,1334],"supertag":[],"acf":[],"yoast_head":"<!-- This site is optimized with the Yoast SEO plugin v21.3 - https:\/\/yoast.com\/wordpress\/plugins\/seo\/ -->\n<title>Taylor Swift bo kot prva \u017eenska prejela nagrado brit za globalno ikono - Hudo Slovenija<\/title>\n<meta name=\"robots\" content=\"index, follow, max-snippet:-1, max-image-preview:large, max-video-preview:-1\" \/>\n<link rel=\"canonical\" href=\"https:\/\/hudo.com\/si\/vip\/taylor-swift-bo-kot-prva-zenska-prejela-nagrado-brit-za-globalno-ikono\/\" \/>\n<meta property=\"og:locale\" content=\"sl_SI\" \/>\n<meta property=\"og:type\" content=\"article\" \/>\n<meta property=\"og:title\" content=\"Taylor Swift bo kot prva \u017eenska prejela nagrado brit za globalno ikono - Hudo Slovenija\" \/>\n<meta property=\"og:description\" content=\"Taylor Swift bo na podelitvi nagrad Brit v torek v Londonu kot prva \u017eenska prejela nagrado za globalno ikono. Obenem je nominirana za najbolj\u0161o mednarodno solo izvajalko, kar je \u017ee njena \u0161esta nominacija za nagrado brit.\" \/>\n<meta property=\"og:url\" content=\"https:\/\/hudo.com\/si\/vip\/taylor-swift-bo-kot-prva-zenska-prejela-nagrado-brit-za-globalno-ikono\/\" \/>\n<meta property=\"og:site_name\" content=\"Hudo Slovenija\" \/>\n<meta property=\"article:publisher\" content=\"https:\/\/www.facebook.com\/hudo.si\" \/>\n<meta property=\"article:published_time\" content=\"2021-05-10T10:32:46+00:00\" \/>\n<meta property=\"og:image\" content=\"https:\/\/hudo.com\/si\/wp-content\/uploads\/sites\/2\/2021\/05\/profimedia-0554051381.jpg\" \/>\n\t<meta property=\"og:image:width\" content=\"1250\" \/>\n\t<meta property=\"og:image:height\" content=\"856\" \/>\n\t<meta property=\"og:image:type\" content=\"image\/jpeg\" \/>\n<meta name=\"author\" content=\"hudo\" \/>\n<meta name=\"twitter:card\" content=\"summary_large_image\" \/>\n<meta name=\"twitter:creator\" content=\"@hudo_si\" \/>\n<meta name=\"twitter:site\" content=\"@hudo_si\" \/>\n<meta name=\"twitter:label1\" content=\"Written by\" \/>\n\t<meta name=\"twitter:data1\" content=\"hudo\" \/>\n\t<meta name=\"twitter:label2\" content=\"Est. reading time\" \/>\n\t<meta name=\"twitter:data2\" content=\"1 minuta\" \/>\n<script type=\"application\/ld+json\" class=\"yoast-schema-graph\">{\"@context\":\"https:\/\/schema.org\",\"@graph\":[{\"@type\":\"Article\",\"@id\":\"https:\/\/hudo.com\/si\/vip\/taylor-swift-bo-kot-prva-zenska-prejela-nagrado-brit-za-globalno-ikono\/#article\",\"isPartOf\":{\"@id\":\"https:\/\/hudo.com\/si\/vip\/taylor-swift-bo-kot-prva-zenska-prejela-nagrado-brit-za-globalno-ikono\/\"},\"author\":{\"name\":\"hudo\",\"@id\":\"https:\/\/hudo.com\/si\/#\/schema\/person\/601cf3379633985b20f7e50f2bb47707\"},\"headline\":\"Taylor Swift bo kot prva \u017eenska prejela nagrado brit za globalno ikono\",\"datePublished\":\"2021-05-10T10:32:46+00:00\",\"dateModified\":\"2021-05-10T10:32:46+00:00\",\"mainEntityOfPage\":{\"@id\":\"https:\/\/hudo.com\/si\/vip\/taylor-swift-bo-kot-prva-zenska-prejela-nagrado-brit-za-globalno-ikono\/\"},\"wordCount\":138,\"publisher\":{\"@id\":\"https:\/\/hudo.com\/si\/#organization\"},\"keywords\":[\"taylor swift\",\"Zabavno zvezdni\u0161ko dejstvo dneva\"],\"articleSection\":[\"VIP\"],\"inLanguage\":\"sl-SI\"},{\"@type\":\"WebPage\",\"@id\":\"https:\/\/hudo.com\/si\/vip\/taylor-swift-bo-kot-prva-zenska-prejela-nagrado-brit-za-globalno-ikono\/\",\"url\":\"https:\/\/hudo.com\/si\/vip\/taylor-swift-bo-kot-prva-zenska-prejela-nagrado-brit-za-globalno-ikono\/\",\"name\":\"Taylor Swift bo kot prva \u017eenska prejela nagrado brit za globalno ikono - Hudo Slovenija\",\"isPartOf\":{\"@id\":\"https:\/\/hudo.com\/si\/#website\"},\"datePublished\":\"2021-05-10T10:32:46+00:00\",\"dateModified\":\"2021-05-10T10:32:46+00:00\",\"breadcrumb\":{\"@id\":\"https:\/\/hudo.com\/si\/vip\/taylor-swift-bo-kot-prva-zenska-prejela-nagrado-brit-za-globalno-ikono\/#breadcrumb\"},\"inLanguage\":\"sl-SI\",\"potentialAction\":[{\"@type\":\"ReadAction\",\"target\":[\"https:\/\/hudo.com\/si\/vip\/taylor-swift-bo-kot-prva-zenska-prejela-nagrado-brit-za-globalno-ikono\/\"]}]},{\"@type\":\"BreadcrumbList\",\"@id\":\"https:\/\/hudo.com\/si\/vip\/taylor-swift-bo-kot-prva-zenska-prejela-nagrado-brit-za-globalno-ikono\/#breadcrumb\",\"itemListElement\":[{\"@type\":\"ListItem\",\"position\":1,\"name\":\"Home\",\"item\":\"https:\/\/hudo.com\/si\/\"},{\"@type\":\"ListItem\",\"position\":2,\"name\":\"Taylor Swift bo kot prva \u017eenska prejela nagrado brit za globalno ikono\"}]},{\"@type\":\"WebSite\",\"@id\":\"https:\/\/hudo.com\/si\/#website\",\"url\":\"https:\/\/hudo.com\/si\/\",\"name\":\"Hudo Slovenija\",\"description\":\"Vse novice iz Slovenije in sveta\",\"publisher\":{\"@id\":\"https:\/\/hudo.com\/si\/#organization\"},\"potentialAction\":[{\"@type\":\"SearchAction\",\"target\":{\"@type\":\"EntryPoint\",\"urlTemplate\":\"https:\/\/hudo.com\/si\/?s={search_term_string}\"},\"query-input\":\"required name=search_term_string\"}],\"inLanguage\":\"sl-SI\"},{\"@type\":\"Organization\",\"@id\":\"https:\/\/hudo.com\/si\/#organization\",\"name\":\"VSN Media\",\"url\":\"https:\/\/hudo.com\/si\/\",\"logo\":{\"@type\":\"ImageObject\",\"inLanguage\":\"sl-SI\",\"@id\":\"https:\/\/hudo.com\/si\/#\/schema\/logo\/image\/\",\"url\":\"https:\/\/hudo.com\/si\/wp-content\/uploads\/sites\/2\/2021\/03\/hudo-app-2.png\",\"contentUrl\":\"https:\/\/hudo.com\/si\/wp-content\/uploads\/sites\/2\/2021\/03\/hudo-app-2.png\",\"width\":2185,\"height\":2167,\"caption\":\"VSN Media\"},\"image\":{\"@id\":\"https:\/\/hudo.com\/si\/#\/schema\/logo\/image\/\"},\"sameAs\":[\"https:\/\/www.facebook.com\/hudo.si\",\"https:\/\/twitter.com\/hudo_si\"]},{\"@type\":\"Person\",\"@id\":\"https:\/\/hudo.com\/si\/#\/schema\/person\/601cf3379633985b20f7e50f2bb47707\",\"name\":\"hudo\",\"image\":{\"@type\":\"ImageObject\",\"inLanguage\":\"sl-SI\",\"@id\":\"https:\/\/hudo.com\/si\/#\/schema\/person\/image\/\",\"url\":\"https:\/\/secure.gravatar.com\/avatar\/c4ca25fa72cace7a696b52ff5db9e095?s=96&d=mm&r=g\",\"contentUrl\":\"https:\/\/secure.gravatar.com\/avatar\/c4ca25fa72cace7a696b52ff5db9e095?s=96&d=mm&r=g\",\"caption\":\"hudo\"},\"url\":\"https:\/\/hudo.com\/si\/author\/hudo\/\"}]}<\/script>\n<!-- \/ Yoast SEO plugin. -->","yoast_head_json":{"title":"Taylor Swift bo kot prva \u017eenska prejela nagrado brit za globalno ikono - Hudo Slovenija","robots":{"index":"index","follow":"follow","max-snippet":"max-snippet:-1","max-image-preview":"max-image-preview:large","max-video-preview":"max-video-preview:-1"},"canonical":"https:\/\/hudo.com\/si\/vip\/taylor-swift-bo-kot-prva-zenska-prejela-nagrado-brit-za-globalno-ikono\/","og_locale":"sl_SI","og_type":"article","og_title":"Taylor Swift bo kot prva \u017eenska prejela nagrado brit za globalno ikono - Hudo Slovenija","og_description":"Taylor Swift bo na podelitvi nagrad Brit v torek v Londonu kot prva \u017eenska prejela nagrado za globalno ikono. Obenem je nominirana za najbolj\u0161o mednarodno solo izvajalko, kar je \u017ee njena \u0161esta nominacija za nagrado brit.","og_url":"https:\/\/hudo.com\/si\/vip\/taylor-swift-bo-kot-prva-zenska-prejela-nagrado-brit-za-globalno-ikono\/","og_site_name":"Hudo Slovenija","article_publisher":"https:\/\/www.facebook.com\/hudo.si","article_published_time":"2021-05-10T10:32:46+00:00","og_image":[{"width":1250,"height":856,"url":"https:\/\/hudo.com\/si\/wp-content\/uploads\/sites\/2\/2021\/05\/profimedia-0554051381.jpg","type":"image\/jpeg"}],"author":"hudo","twitter_card":"summary_large_image","twitter_creator":"@hudo_si","twitter_site":"@hudo_si","twitter_misc":{"Written by":"hudo","Est. reading time":"1 minuta"},"schema":{"@context":"https:\/\/schema.org","@graph":[{"@type":"Article","@id":"https:\/\/hudo.com\/si\/vip\/taylor-swift-bo-kot-prva-zenska-prejela-nagrado-brit-za-globalno-ikono\/#article","isPartOf":{"@id":"https:\/\/hudo.com\/si\/vip\/taylor-swift-bo-kot-prva-zenska-prejela-nagrado-brit-za-globalno-ikono\/"},"author":{"name":"hudo","@id":"https:\/\/hudo.com\/si\/#\/schema\/person\/601cf3379633985b20f7e50f2bb47707"},"headline":"Taylor Swift bo kot prva \u017eenska prejela nagrado brit za globalno ikono","datePublished":"2021-05-10T10:32:46+00:00","dateModified":"2021-05-10T10:32:46+00:00","mainEntityOfPage":{"@id":"https:\/\/hudo.com\/si\/vip\/taylor-swift-bo-kot-prva-zenska-prejela-nagrado-brit-za-globalno-ikono\/"},"wordCount":138,"publisher":{"@id":"https:\/\/hudo.com\/si\/#organization"},"keywords":["taylor swift","Zabavno zvezdni\u0161ko dejstvo dneva"],"articleSection":["VIP"],"inLanguage":"sl-SI"},{"@type":"WebPage","@id":"https:\/\/hudo.com\/si\/vip\/taylor-swift-bo-kot-prva-zenska-prejela-nagrado-brit-za-globalno-ikono\/","url":"https:\/\/hudo.com\/si\/vip\/taylor-swift-bo-kot-prva-zenska-prejela-nagrado-brit-za-globalno-ikono\/","name":"Taylor Swift bo kot prva \u017eenska prejela nagrado brit za globalno ikono - Hudo Slovenija","isPartOf":{"@id":"https:\/\/hudo.com\/si\/#website"},"datePublished":"2021-05-10T10:32:46+00:00","dateModified":"2021-05-10T10:32:46+00:00","breadcrumb":{"@id":"https:\/\/hudo.com\/si\/vip\/taylor-swift-bo-kot-prva-zenska-prejela-nagrado-brit-za-globalno-ikono\/#breadcrumb"},"inLanguage":"sl-SI","potentialAction":[{"@type":"ReadAction","target":["https:\/\/hudo.com\/si\/vip\/taylor-swift-bo-kot-prva-zenska-prejela-nagrado-brit-za-globalno-ikono\/"]}]},{"@type":"BreadcrumbList","@id":"https:\/\/hudo.com\/si\/vip\/taylor-swift-bo-kot-prva-zenska-prejela-nagrado-brit-za-globalno-ikono\/#breadcrumb","itemListElement":[{"@type":"ListItem","position":1,"name":"Home","item":"https:\/\/hudo.com\/si\/"},{"@type":"ListItem","position":2,"name":"Taylor Swift bo kot prva \u017eenska prejela nagrado brit za globalno ikono"}]},{"@type":"WebSite","@id":"https:\/\/hudo.com\/si\/#website","url":"https:\/\/hudo.com\/si\/","name":"Hudo Slovenija","description":"Vse novice iz Slovenije in sveta","publisher":{"@id":"https:\/\/hudo.com\/si\/#organization"},"potentialAction":[{"@type":"SearchAction","target":{"@type":"EntryPoint","urlTemplate":"https:\/\/hudo.com\/si\/?s={search_term_string}"},"query-input":"required name=search_term_string"}],"inLanguage":"sl-SI"},{"@type":"Organization","@id":"https:\/\/hudo.com\/si\/#organization","name":"VSN Media","url":"https:\/\/hudo.com\/si\/","logo":{"@type":"ImageObject","inLanguage":"sl-SI","@id":"https:\/\/hudo.com\/si\/#\/schema\/logo\/image\/","url":"https:\/\/hudo.com\/si\/wp-content\/uploads\/sites\/2\/2021\/03\/hudo-app-2.png","contentUrl":"https:\/\/hudo.com\/si\/wp-content\/uploads\/sites\/2\/2021\/03\/hudo-app-2.png","width":2185,"height":2167,"caption":"VSN Media"},"image":{"@id":"https:\/\/hudo.com\/si\/#\/schema\/logo\/image\/"},"sameAs":["https:\/\/www.facebook.com\/hudo.si","https:\/\/twitter.com\/hudo_si"]},{"@type":"Person","@id":"https:\/\/hudo.com\/si\/#\/schema\/person\/601cf3379633985b20f7e50f2bb47707","name":"hudo","image":{"@type":"ImageObject","inLanguage":"sl-SI","@id":"https:\/\/hudo.com\/si\/#\/schema\/person\/image\/","url":"https:\/\/secure.gravatar.com\/avatar\/c4ca25fa72cace7a696b52ff5db9e095?s=96&d=mm&r=g","contentUrl":"https:\/\/secure.gravatar.com\/avatar\/c4ca25fa72cace7a696b52ff5db9e095?s=96&d=mm&r=g","caption":"hudo"},"url":"https:\/\/hudo.com\/si\/author\/hudo\/"}]}},"amp_enabled":true,"_links":{"self":[{"href":"https:\/\/hudo.com\/si\/wp-json\/wp\/v2\/posts\/451141"}],"collection":[{"href":"https:\/\/hudo.com\/si\/wp-json\/wp\/v2\/posts"}],"about":[{"href":"https:\/\/hudo.com\/si\/wp-json\/wp\/v2\/types\/post"}],"author":[{"embeddable":true,"href":"https:\/\/hudo.com\/si\/wp-json\/wp\/v2\/users\/1"}],"replies":[{"embeddable":true,"href":"https:\/\/hudo.com\/si\/wp-json\/wp\/v2\/comments?post=451141"}],"version-history":[{"count":0,"href":"https:\/\/hudo.com\/si\/wp-json\/wp\/v2\/posts\/451141\/revisions"}],"wp:featuredmedia":[{"embeddable":true,"href":"https:\/\/hudo.com\/si\/wp-json\/wp\/v2\/media\/451142"}],"wp:attachment":[{"href":"https:\/\/hudo.com\/si\/wp-json\/wp\/v2\/media?parent=451141"}],"wp:term":[{"taxonomy":"category","embeddable":true,"href":"https:\/\/hudo.com\/si\/wp-json\/wp\/v2\/categories?post=451141"},{"taxonomy":"post_tag","embeddable":true,"href":"https:\/\/hudo.com\/si\/wp-json\/wp\/v2\/tags?post=451141"},{"taxonomy":"source","embeddable":true,"href":"https:\/\/hudo.com\/si\/wp-json\/wp\/v2\/source?post=451141"},{"taxonomy":"supertag","embeddable":true,"href":"https:\/\/hudo.com\/si\/wp-json\/wp\/v2\/supertag?post=451141"}],"curies":[{"name":"wp","href":"https:\/\/api.w.org\/{rel}","templated":true}]}}