{"id":451175,"date":"2021-05-11T15:25:06","date_gmt":"2021-05-11T13:25:06","guid":{"rendered":"https:\/\/hudo.com\/si\/?p=451175"},"modified":"2021-05-11T15:25:06","modified_gmt":"2021-05-11T13:25:06","slug":"kacin-astrazeneca-bo-cepivo-sloveniji-dobavljala-do-konca-leta","status":"publish","type":"post","link":"https:\/\/hudo.com\/si\/aktualno\/slovenija\/kacin-astrazeneca-bo-cepivo-sloveniji-dobavljala-do-konca-leta\/","title":{"rendered":"Kacin: AstraZeneca bo cepivo Sloveniji dobavljala do konca leta"},"content":{"rendered":"<p>Kacin je v izjavi za medije povedal tudi, da dodatnih naro\u010dil cepiva AstraZenece ne bo, ker je Evropska komisija \u0161la v sodno izterjavo \u017ee dogovorjenih odmerkov cepiva, kar za Slovenijo pomeni 1,4 milijona odmerkov.<\/p>\n<p>Ocenil je tudi, da je dobava cepiva AstraZenece v Slovenijo zelo osiroma\u0161ena, zato ve\u010dji del naro\u010denih odmerkov \u0161e nismo prejeli. Po njegovih besedah ne dr\u017ei informacija, da cepiva AstraZenece od junija ne bo ve\u010d.<\/p>\n<p>&#8220;Zavedamo se, kako je ranljiva dr\u017eava pri cepljenju, \u010de je odvisna samo od enega cepiva. Treba je imeti na voljo ve\u010d cepiv. Za prihodnje leto se \u017ee pogovarjamo, da bi imeli zadosten nabor cepiv, vse dr\u017eave pa si \u017eelijo, da bi imele \u0161tiri vrste cepiva,&#8221; je dejal Kacin.<\/p>\n<p>Dobavitelj drugega vektorskega cepiva Janssen po Kacinovi oceni stabilizira dobavo svojega cepiva in trenutno v Slovenijo tedensko dobavlja 6000 odmerkov. Pred odobritvijo Evropske agencije za zdravila so tudi nove vrste cepiva, ki pa jih v Sloveniji ne bo pred jesenjo.<\/p>\n<p>Dejal je tudi, da Nacionalni in\u0161titut za javno zdravje pripravlja kampanjo glede cepljenja, ki jo bo pognal v teh dneh. V kampanji pa bo in\u0161titut prebivalce Slovenije pozval k cepljenju s cepivom AstraZenece, saj se je pri ljudeh pojavil strah zaradi strdkov, ki naj bi jih povzro\u010dalo to cepivo.<\/p>\n<p>Ocenil je, da je treba pravo\u010dasno precepiti zadostno \u0161tevilo odraslih, da nas ne bo doletela kisla, hladna in covidna jesen.<\/p>\n<p>Po Kacinovih besedah je trenutno na zdravljenju zaradi covida-19 na intenzivnih oddelkih po dr\u017eavi veliko mlaj\u0161ih oseb. Te osebe so osem let mlaj\u0161e od oseb, ki so jih zdravili v prvem valu epidemije, a le\u017ealna doba je ostala enaka. Mlaj\u0161e generacije so tiste, ki zdaj zbolevajo, zato jih je treba \u010dim prej cepiti, je opozoril Kacin.<\/p>\n<p>Po njegovi oceni je bilo doslej v Sloveniji cepljenih 30 odstotkov odraslih, z veliko udele\u017ebo ljudi pa je junija mogo\u010de dose\u010di 60-odstotno precepljenost odrasle populacije.<\/p>\n<p>Glede nacionalne aplikacije za prijavo na cepljenje je dejal, da je to tretji digitalni pripomo\u010dek, s katerim se bomo izognili uporabi razli\u010dnih aplikacij za naro\u010danje na cepljenje. To je dr\u017eavna aplikacija, ki je brezpla\u010dna, je \u0161e dejal Kacin. Po njegovem opozorilu se ne sme ve\u010d zgoditi, da nekdo pride na cepljenje, pa dobi informacijo, da je cepiva zmanjkalo.<\/p>\n","protected":false},"excerpt":{"rendered":"<p>Nacionalni koordinator za logisti\u010dni del akcije mno\u017ei\u010dnega cepljenja proti covidu-19 Jelko Kacin je danes ob obisku celjskega cepilnega mesta zatrdil, da bo AstraZeneca cepivo Sloveniji dobavljala do konca leta. Danes bo \u0161lo v cepilne centre po dr\u017eavi skupno 14.300 odmerkov tega cepiva, prihodnji teden 14.600, zadnji teden maja pa 65.000 odmerkov.<\/p>\n","protected":false},"author":5,"featured_media":441285,"comment_status":"closed","ping_status":"closed","sticky":false,"template":"","format":"standard","meta":{"footnotes":""},"categories":[18201],"tags":[17647,15940,1595],"source":[4511],"supertag":[5675,16298],"acf":[],"yoast_head":"<!-- This site is optimized with the Yoast SEO plugin v21.3 - https:\/\/yoast.com\/wordpress\/plugins\/seo\/ -->\n<title>Kacin: AstraZeneca bo cepivo Sloveniji dobavljala do konca leta - Hudo Slovenija<\/title>\n<meta name=\"robots\" content=\"index, follow, max-snippet:-1, max-image-preview:large, max-video-preview:-1\" \/>\n<link rel=\"canonical\" href=\"https:\/\/hudo.com\/si\/aktualno\/slovenija\/kacin-astrazeneca-bo-cepivo-sloveniji-dobavljala-do-konca-leta\/\" \/>\n<meta property=\"og:locale\" content=\"sl_SI\" \/>\n<meta property=\"og:type\" content=\"article\" \/>\n<meta property=\"og:title\" content=\"Kacin: AstraZeneca bo cepivo Sloveniji dobavljala do konca leta - Hudo Slovenija\" \/>\n<meta property=\"og:description\" content=\"Nacionalni koordinator za logisti\u010dni del akcije mno\u017ei\u010dnega cepljenja proti covidu-19 Jelko Kacin je danes ob obisku celjskega cepilnega mesta zatrdil, da bo AstraZeneca cepivo Sloveniji dobavljala do konca leta. Danes bo \u0161lo v cepilne centre po dr\u017eavi skupno 14.300 odmerkov tega cepiva, prihodnji teden 14.600, zadnji teden maja pa 65.000 odmerkov.\" \/>\n<meta property=\"og:url\" content=\"https:\/\/hudo.com\/si\/aktualno\/slovenija\/kacin-astrazeneca-bo-cepivo-sloveniji-dobavljala-do-konca-leta\/\" \/>\n<meta property=\"og:site_name\" content=\"Hudo Slovenija\" \/>\n<meta property=\"article:publisher\" content=\"https:\/\/www.facebook.com\/hudo.si\" \/>\n<meta property=\"article:published_time\" content=\"2021-05-11T13:25:06+00:00\" \/>\n<meta property=\"og:image\" content=\"https:\/\/hudo.com\/si\/wp-content\/uploads\/sites\/2\/2020\/12\/profimedia-0579491000.jpg\" \/>\n\t<meta property=\"og:image:width\" content=\"1250\" \/>\n\t<meta property=\"og:image:height\" content=\"833\" \/>\n\t<meta property=\"og:image:type\" content=\"image\/jpeg\" \/>\n<meta name=\"author\" content=\"A. G., STA\" \/>\n<meta name=\"twitter:card\" content=\"summary_large_image\" \/>\n<meta name=\"twitter:creator\" content=\"@hudo_si\" \/>\n<meta name=\"twitter:site\" content=\"@hudo_si\" \/>\n<meta name=\"twitter:label1\" content=\"Written by\" \/>\n\t<meta name=\"twitter:data1\" content=\"A. G., STA\" \/>\n\t<meta name=\"twitter:label2\" content=\"Est. reading time\" \/>\n\t<meta name=\"twitter:data2\" content=\"2 minuti\" \/>\n<script type=\"application\/ld+json\" class=\"yoast-schema-graph\">{\"@context\":\"https:\/\/schema.org\",\"@graph\":[{\"@type\":\"Article\",\"@id\":\"https:\/\/hudo.com\/si\/aktualno\/slovenija\/kacin-astrazeneca-bo-cepivo-sloveniji-dobavljala-do-konca-leta\/#article\",\"isPartOf\":{\"@id\":\"https:\/\/hudo.com\/si\/aktualno\/slovenija\/kacin-astrazeneca-bo-cepivo-sloveniji-dobavljala-do-konca-leta\/\"},\"author\":{\"name\":\"A. G., STA\",\"@id\":\"https:\/\/hudo.com\/si\/#\/schema\/person\/2391667a63ea075ba94f2f2dc6b77537\"},\"headline\":\"Kacin: AstraZeneca bo cepivo Sloveniji dobavljala do konca leta\",\"datePublished\":\"2021-05-11T13:25:06+00:00\",\"dateModified\":\"2021-05-11T13:25:06+00:00\",\"mainEntityOfPage\":{\"@id\":\"https:\/\/hudo.com\/si\/aktualno\/slovenija\/kacin-astrazeneca-bo-cepivo-sloveniji-dobavljala-do-konca-leta\/\"},\"wordCount\":394,\"publisher\":{\"@id\":\"https:\/\/hudo.com\/si\/#organization\"},\"keywords\":[\"AstraZeneca\",\"cepivo proti koronavirusu\",\"Slovenija\"],\"articleSection\":[\"Slovenija\"],\"inLanguage\":\"sl-SI\"},{\"@type\":\"WebPage\",\"@id\":\"https:\/\/hudo.com\/si\/aktualno\/slovenija\/kacin-astrazeneca-bo-cepivo-sloveniji-dobavljala-do-konca-leta\/\",\"url\":\"https:\/\/hudo.com\/si\/aktualno\/slovenija\/kacin-astrazeneca-bo-cepivo-sloveniji-dobavljala-do-konca-leta\/\",\"name\":\"Kacin: AstraZeneca bo cepivo Sloveniji dobavljala do konca leta - Hudo Slovenija\",\"isPartOf\":{\"@id\":\"https:\/\/hudo.com\/si\/#website\"},\"datePublished\":\"2021-05-11T13:25:06+00:00\",\"dateModified\":\"2021-05-11T13:25:06+00:00\",\"breadcrumb\":{\"@id\":\"https:\/\/hudo.com\/si\/aktualno\/slovenija\/kacin-astrazeneca-bo-cepivo-sloveniji-dobavljala-do-konca-leta\/#breadcrumb\"},\"inLanguage\":\"sl-SI\",\"potentialAction\":[{\"@type\":\"ReadAction\",\"target\":[\"https:\/\/hudo.com\/si\/aktualno\/slovenija\/kacin-astrazeneca-bo-cepivo-sloveniji-dobavljala-do-konca-leta\/\"]}]},{\"@type\":\"BreadcrumbList\",\"@id\":\"https:\/\/hudo.com\/si\/aktualno\/slovenija\/kacin-astrazeneca-bo-cepivo-sloveniji-dobavljala-do-konca-leta\/#breadcrumb\",\"itemListElement\":[{\"@type\":\"ListItem\",\"position\":1,\"name\":\"Home\",\"item\":\"https:\/\/hudo.com\/si\/\"},{\"@type\":\"ListItem\",\"position\":2,\"name\":\"Kacin: AstraZeneca bo cepivo Sloveniji dobavljala do konca leta\"}]},{\"@type\":\"WebSite\",\"@id\":\"https:\/\/hudo.com\/si\/#website\",\"url\":\"https:\/\/hudo.com\/si\/\",\"name\":\"Hudo Slovenija\",\"description\":\"Vse novice iz Slovenije in sveta\",\"publisher\":{\"@id\":\"https:\/\/hudo.com\/si\/#organization\"},\"potentialAction\":[{\"@type\":\"SearchAction\",\"target\":{\"@type\":\"EntryPoint\",\"urlTemplate\":\"https:\/\/hudo.com\/si\/?s={search_term_string}\"},\"query-input\":\"required name=search_term_string\"}],\"inLanguage\":\"sl-SI\"},{\"@type\":\"Organization\",\"@id\":\"https:\/\/hudo.com\/si\/#organization\",\"name\":\"VSN Media\",\"url\":\"https:\/\/hudo.com\/si\/\",\"logo\":{\"@type\":\"ImageObject\",\"inLanguage\":\"sl-SI\",\"@id\":\"https:\/\/hudo.com\/si\/#\/schema\/logo\/image\/\",\"url\":\"https:\/\/hudo.com\/si\/wp-content\/uploads\/sites\/2\/2021\/03\/hudo-app-2.png\",\"contentUrl\":\"https:\/\/hudo.com\/si\/wp-content\/uploads\/sites\/2\/2021\/03\/hudo-app-2.png\",\"width\":2185,\"height\":2167,\"caption\":\"VSN Media\"},\"image\":{\"@id\":\"https:\/\/hudo.com\/si\/#\/schema\/logo\/image\/\"},\"sameAs\":[\"https:\/\/www.facebook.com\/hudo.si\",\"https:\/\/twitter.com\/hudo_si\"]},{\"@type\":\"Person\",\"@id\":\"https:\/\/hudo.com\/si\/#\/schema\/person\/2391667a63ea075ba94f2f2dc6b77537\",\"name\":\"A. G., STA\",\"image\":{\"@type\":\"ImageObject\",\"inLanguage\":\"sl-SI\",\"@id\":\"https:\/\/hudo.com\/si\/#\/schema\/person\/image\/\",\"url\":\"https:\/\/secure.gravatar.com\/avatar\/e13d22ac3e442658d5025fbbe6238a79?s=96&d=mm&r=g\",\"contentUrl\":\"https:\/\/secure.gravatar.com\/avatar\/e13d22ac3e442658d5025fbbe6238a79?s=96&d=mm&r=g\",\"caption\":\"A. G., STA\"},\"url\":\"https:\/\/hudo.com\/si\/author\/alenka\/\"}]}<\/script>\n<!-- \/ Yoast SEO plugin. -->","yoast_head_json":{"title":"Kacin: AstraZeneca bo cepivo Sloveniji dobavljala do konca leta - Hudo Slovenija","robots":{"index":"index","follow":"follow","max-snippet":"max-snippet:-1","max-image-preview":"max-image-preview:large","max-video-preview":"max-video-preview:-1"},"canonical":"https:\/\/hudo.com\/si\/aktualno\/slovenija\/kacin-astrazeneca-bo-cepivo-sloveniji-dobavljala-do-konca-leta\/","og_locale":"sl_SI","og_type":"article","og_title":"Kacin: AstraZeneca bo cepivo Sloveniji dobavljala do konca leta - Hudo Slovenija","og_description":"Nacionalni koordinator za logisti\u010dni del akcije mno\u017ei\u010dnega cepljenja proti covidu-19 Jelko Kacin je danes ob obisku celjskega cepilnega mesta zatrdil, da bo AstraZeneca cepivo Sloveniji dobavljala do konca leta. Danes bo \u0161lo v cepilne centre po dr\u017eavi skupno 14.300 odmerkov tega cepiva, prihodnji teden 14.600, zadnji teden maja pa 65.000 odmerkov.","og_url":"https:\/\/hudo.com\/si\/aktualno\/slovenija\/kacin-astrazeneca-bo-cepivo-sloveniji-dobavljala-do-konca-leta\/","og_site_name":"Hudo Slovenija","article_publisher":"https:\/\/www.facebook.com\/hudo.si","article_published_time":"2021-05-11T13:25:06+00:00","og_image":[{"width":1250,"height":833,"url":"https:\/\/hudo.com\/si\/wp-content\/uploads\/sites\/2\/2020\/12\/profimedia-0579491000.jpg","type":"image\/jpeg"}],"author":"A. G., STA","twitter_card":"summary_large_image","twitter_creator":"@hudo_si","twitter_site":"@hudo_si","twitter_misc":{"Written by":"A. G., STA","Est. reading time":"2 minuti"},"schema":{"@context":"https:\/\/schema.org","@graph":[{"@type":"Article","@id":"https:\/\/hudo.com\/si\/aktualno\/slovenija\/kacin-astrazeneca-bo-cepivo-sloveniji-dobavljala-do-konca-leta\/#article","isPartOf":{"@id":"https:\/\/hudo.com\/si\/aktualno\/slovenija\/kacin-astrazeneca-bo-cepivo-sloveniji-dobavljala-do-konca-leta\/"},"author":{"name":"A. G., STA","@id":"https:\/\/hudo.com\/si\/#\/schema\/person\/2391667a63ea075ba94f2f2dc6b77537"},"headline":"Kacin: AstraZeneca bo cepivo Sloveniji dobavljala do konca leta","datePublished":"2021-05-11T13:25:06+00:00","dateModified":"2021-05-11T13:25:06+00:00","mainEntityOfPage":{"@id":"https:\/\/hudo.com\/si\/aktualno\/slovenija\/kacin-astrazeneca-bo-cepivo-sloveniji-dobavljala-do-konca-leta\/"},"wordCount":394,"publisher":{"@id":"https:\/\/hudo.com\/si\/#organization"},"keywords":["AstraZeneca","cepivo proti koronavirusu","Slovenija"],"articleSection":["Slovenija"],"inLanguage":"sl-SI"},{"@type":"WebPage","@id":"https:\/\/hudo.com\/si\/aktualno\/slovenija\/kacin-astrazeneca-bo-cepivo-sloveniji-dobavljala-do-konca-leta\/","url":"https:\/\/hudo.com\/si\/aktualno\/slovenija\/kacin-astrazeneca-bo-cepivo-sloveniji-dobavljala-do-konca-leta\/","name":"Kacin: AstraZeneca bo cepivo Sloveniji dobavljala do konca leta - Hudo Slovenija","isPartOf":{"@id":"https:\/\/hudo.com\/si\/#website"},"datePublished":"2021-05-11T13:25:06+00:00","dateModified":"2021-05-11T13:25:06+00:00","breadcrumb":{"@id":"https:\/\/hudo.com\/si\/aktualno\/slovenija\/kacin-astrazeneca-bo-cepivo-sloveniji-dobavljala-do-konca-leta\/#breadcrumb"},"inLanguage":"sl-SI","potentialAction":[{"@type":"ReadAction","target":["https:\/\/hudo.com\/si\/aktualno\/slovenija\/kacin-astrazeneca-bo-cepivo-sloveniji-dobavljala-do-konca-leta\/"]}]},{"@type":"BreadcrumbList","@id":"https:\/\/hudo.com\/si\/aktualno\/slovenija\/kacin-astrazeneca-bo-cepivo-sloveniji-dobavljala-do-konca-leta\/#breadcrumb","itemListElement":[{"@type":"ListItem","position":1,"name":"Home","item":"https:\/\/hudo.com\/si\/"},{"@type":"ListItem","position":2,"name":"Kacin: AstraZeneca bo cepivo Sloveniji dobavljala do konca leta"}]},{"@type":"WebSite","@id":"https:\/\/hudo.com\/si\/#website","url":"https:\/\/hudo.com\/si\/","name":"Hudo Slovenija","description":"Vse novice iz Slovenije in sveta","publisher":{"@id":"https:\/\/hudo.com\/si\/#organization"},"potentialAction":[{"@type":"SearchAction","target":{"@type":"EntryPoint","urlTemplate":"https:\/\/hudo.com\/si\/?s={search_term_string}"},"query-input":"required name=search_term_string"}],"inLanguage":"sl-SI"},{"@type":"Organization","@id":"https:\/\/hudo.com\/si\/#organization","name":"VSN Media","url":"https:\/\/hudo.com\/si\/","logo":{"@type":"ImageObject","inLanguage":"sl-SI","@id":"https:\/\/hudo.com\/si\/#\/schema\/logo\/image\/","url":"https:\/\/hudo.com\/si\/wp-content\/uploads\/sites\/2\/2021\/03\/hudo-app-2.png","contentUrl":"https:\/\/hudo.com\/si\/wp-content\/uploads\/sites\/2\/2021\/03\/hudo-app-2.png","width":2185,"height":2167,"caption":"VSN Media"},"image":{"@id":"https:\/\/hudo.com\/si\/#\/schema\/logo\/image\/"},"sameAs":["https:\/\/www.facebook.com\/hudo.si","https:\/\/twitter.com\/hudo_si"]},{"@type":"Person","@id":"https:\/\/hudo.com\/si\/#\/schema\/person\/2391667a63ea075ba94f2f2dc6b77537","name":"A. G., STA","image":{"@type":"ImageObject","inLanguage":"sl-SI","@id":"https:\/\/hudo.com\/si\/#\/schema\/person\/image\/","url":"https:\/\/secure.gravatar.com\/avatar\/e13d22ac3e442658d5025fbbe6238a79?s=96&d=mm&r=g","contentUrl":"https:\/\/secure.gravatar.com\/avatar\/e13d22ac3e442658d5025fbbe6238a79?s=96&d=mm&r=g","caption":"A. G., STA"},"url":"https:\/\/hudo.com\/si\/author\/alenka\/"}]}},"amp_enabled":true,"_links":{"self":[{"href":"https:\/\/hudo.com\/si\/wp-json\/wp\/v2\/posts\/451175"}],"collection":[{"href":"https:\/\/hudo.com\/si\/wp-json\/wp\/v2\/posts"}],"about":[{"href":"https:\/\/hudo.com\/si\/wp-json\/wp\/v2\/types\/post"}],"author":[{"embeddable":true,"href":"https:\/\/hudo.com\/si\/wp-json\/wp\/v2\/users\/5"}],"replies":[{"embeddable":true,"href":"https:\/\/hudo.com\/si\/wp-json\/wp\/v2\/comments?post=451175"}],"version-history":[{"count":1,"href":"https:\/\/hudo.com\/si\/wp-json\/wp\/v2\/posts\/451175\/revisions"}],"predecessor-version":[{"id":451176,"href":"https:\/\/hudo.com\/si\/wp-json\/wp\/v2\/posts\/451175\/revisions\/451176"}],"wp:featuredmedia":[{"embeddable":true,"href":"https:\/\/hudo.com\/si\/wp-json\/wp\/v2\/media\/441285"}],"wp:attachment":[{"href":"https:\/\/hudo.com\/si\/wp-json\/wp\/v2\/media?parent=451175"}],"wp:term":[{"taxonomy":"category","embeddable":true,"href":"https:\/\/hudo.com\/si\/wp-json\/wp\/v2\/categories?post=451175"},{"taxonomy":"post_tag","embeddable":true,"href":"https:\/\/hudo.com\/si\/wp-json\/wp\/v2\/tags?post=451175"},{"taxonomy":"source","embeddable":true,"href":"https:\/\/hudo.com\/si\/wp-json\/wp\/v2\/source?post=451175"},{"taxonomy":"supertag","embeddable":true,"href":"https:\/\/hudo.com\/si\/wp-json\/wp\/v2\/supertag?post=451175"}],"curies":[{"name":"wp","href":"https:\/\/api.w.org\/{rel}","templated":true}]}}