{"id":451216,"date":"2021-05-12T11:56:04","date_gmt":"2021-05-12T09:56:04","guid":{"rendered":"https:\/\/hudo.com\/si\/?p=451216"},"modified":"2021-05-12T11:56:04","modified_gmt":"2021-05-12T09:56:04","slug":"drzavno-tozilstvo-za-zadeve-gospodarskega-kriminala-in-korupcijo-proti-avstrojsemu-kanzlerju-kurzu-sprozilo-preiskavo","status":"publish","type":"post","link":"https:\/\/hudo.com\/si\/aktualno\/svet\/drzavno-tozilstvo-za-zadeve-gospodarskega-kriminala-in-korupcijo-proti-avstrojsemu-kanzlerju-kurzu-sprozilo-preiskavo\/","title":{"rendered":"Dr\u017eavno to\u017eilstvo za zadeve gospodarskega kriminala in korupcijo proti avstrojsemu kanzlerju Kurzu spro\u017eilo preiskavo"},"content":{"rendered":"<p>Preiskava temelji na prijavi, ki so jo zaradi domnevno la\u017enega pri\u010danja pred parlamentarno preiskovalno komisijo, ki preiskuje afero Ibiza, vlo\u017eili avstrijski socialdemokrati (SP\u00d6) in stranka NEOS, poro\u010da avstrijska tiskovna agencija APA.<\/p>\n<p>Kot je danes dejal Kurz, se lahko to\u017eilstvo kadarkoli odlo\u010di za vlo\u017eitev to\u017ebe in sam predvideva, da bo to tudi storilo. Zatrdil je, da se bo obravnave pred sodnikom z veseljem udele\u017eil. Termina za zasli\u0161anje s strani to\u017eilstva sicer \u0161e ni prejel, seznanjen je bil zgolj s spro\u017eitvijo preiskave, je pojasnil.<\/p>\n<p>Kot je \u0161e ponovil, je na vsa vpra\u0161anja vedno odgovarjal po resnici. Tudi pred omenjeno komisijo se je po svojih najbolj\u0161ih mo\u010deh trudil dajati \u010dim bolj resni\u010dne izjave, vendar pa je \u0161lo za zadeve, ki so se dogajale pred leti in s katerimi je bil sam v\u010dasih le obrobno seznanjen.<\/p>\n<p>Svoje delo \u017eeli kancler medtem nadaljevati in o odstopu ne razmi\u0161lja, na polo\u017eaju prav tako ostaja vodja kabineta Bonelli, je dejal. Na vpra\u0161anje, ali bo odstopil po morebitni obsodbi, je odgovoril: &#8220;Iskreno re\u010deno si tega pri najbolj\u0161i volji ne morem predstavljati.&#8221;<\/p>\n<p>Afera Ibiza je maja 2019 pretresla avstrijsko politiko. Takrat se je v javnosti pojavil videoposnetek, ki je nastal na Ibizi, v katerem takratni vodja svobodnjakov (FP\u00d6) Heinz-Christian Strache domnevno ne\u010dakinjo ruskega oligarha posredno nagovarja h korupciji.<\/p>\n<p>Strache je v posnetku govoril \u0161e o tajnih politi\u010dnih donacijah ve\u010djih avstrijskih podjetij. Med drugim je omenil vodilno igralni\u0161ko skupino Novomatic. Sporno naj bi bilo tudi imenovanje politika iz vrst FP\u00d6 na vodilno mesto v z Novomaticom povezani skupini kazinojev.<\/p>\n<p>Po aferi je Strache odstopil kot podkancler in kot vodja svobodnjakov, posledi\u010dno je razpadla tudi takratna koalicijska vlada med FP\u00d6 in ljudsko stranko (\u00d6VP). Slednja je vlado po novih volitvah oblikovala z Zelenimi.<\/p>\n<p>Kurz je bil v zvezi z afero pred parlamentarno preiskovalno komisijo zasli\u0161an maja lani. Zatrdil je, da njegova \u00d6VP ne sprejema donacij od podjetij, ki se ukvarjajo z igralni\u0161tvom ali oro\u017ejem, ter da ni bil vpleten v imenovanja, ki jih preiskuje parlament.<\/p>\n","protected":false},"excerpt":{"rendered":"<p>Avstrijsko dr\u017eavno to\u017eilstvo za zadeve gospodarskega kriminala in korupcijo je spro\u017eilo preiskovalni postopek proti kanclerju Sebastianu Kurzu in vodji njegovega kabineta Bernhardu Bonelliju, v katerem oba obravnava kot obdol\u017eenca. To je danes na vladi sporo\u010dil sam kancler, ki pa o odstopu ne razmi\u0161lja.<\/p>\n","protected":false},"author":8,"featured_media":426472,"comment_status":"closed","ping_status":"closed","sticky":false,"template":"","format":"standard","meta":{"footnotes":""},"categories":[18202],"tags":[1934,8205,5221,6982],"source":[4511],"supertag":[7150],"acf":[],"yoast_head":"<!-- This site is optimized with the Yoast SEO plugin v21.3 - https:\/\/yoast.com\/wordpress\/plugins\/seo\/ -->\n<title>Dr\u017eavno to\u017eilstvo za zadeve gospodarskega kriminala in korupcijo proti avstrojsemu kanzlerju Kurzu spro\u017eilo preiskavo - Hudo Slovenija<\/title>\n<meta name=\"robots\" content=\"index, follow, max-snippet:-1, max-image-preview:large, max-video-preview:-1\" \/>\n<link rel=\"canonical\" href=\"https:\/\/hudo.com\/si\/aktualno\/svet\/drzavno-tozilstvo-za-zadeve-gospodarskega-kriminala-in-korupcijo-proti-avstrojsemu-kanzlerju-kurzu-sprozilo-preiskavo\/\" \/>\n<meta property=\"og:locale\" content=\"sl_SI\" \/>\n<meta property=\"og:type\" content=\"article\" \/>\n<meta property=\"og:title\" content=\"Dr\u017eavno to\u017eilstvo za zadeve gospodarskega kriminala in korupcijo proti avstrojsemu kanzlerju Kurzu spro\u017eilo preiskavo - Hudo Slovenija\" \/>\n<meta property=\"og:description\" content=\"Avstrijsko dr\u017eavno to\u017eilstvo za zadeve gospodarskega kriminala in korupcijo je spro\u017eilo preiskovalni postopek proti kanclerju Sebastianu Kurzu in vodji njegovega kabineta Bernhardu Bonelliju, v katerem oba obravnava kot obdol\u017eenca. To je danes na vladi sporo\u010dil sam kancler, ki pa o odstopu ne razmi\u0161lja.\" \/>\n<meta property=\"og:url\" content=\"https:\/\/hudo.com\/si\/aktualno\/svet\/drzavno-tozilstvo-za-zadeve-gospodarskega-kriminala-in-korupcijo-proti-avstrojsemu-kanzlerju-kurzu-sprozilo-preiskavo\/\" \/>\n<meta property=\"og:site_name\" content=\"Hudo Slovenija\" \/>\n<meta property=\"article:publisher\" content=\"https:\/\/www.facebook.com\/hudo.si\" \/>\n<meta property=\"article:published_time\" content=\"2021-05-12T09:56:04+00:00\" \/>\n<meta property=\"og:image\" content=\"https:\/\/hudo.com\/si\/wp-content\/uploads\/sites\/2\/2020\/07\/profimedia-0512074335.jpg\" \/>\n\t<meta property=\"og:image:width\" content=\"1250\" \/>\n\t<meta property=\"og:image:height\" content=\"833\" \/>\n\t<meta property=\"og:image:type\" content=\"image\/jpeg\" \/>\n<meta name=\"author\" content=\"M. N., STA\" \/>\n<meta name=\"twitter:card\" content=\"summary_large_image\" \/>\n<meta name=\"twitter:creator\" content=\"@hudo_si\" \/>\n<meta name=\"twitter:site\" content=\"@hudo_si\" \/>\n<meta name=\"twitter:label1\" content=\"Written by\" \/>\n\t<meta name=\"twitter:data1\" content=\"M. N., STA\" \/>\n\t<meta name=\"twitter:label2\" content=\"Est. reading time\" \/>\n\t<meta name=\"twitter:data2\" content=\"2 minuti\" \/>\n<script type=\"application\/ld+json\" class=\"yoast-schema-graph\">{\"@context\":\"https:\/\/schema.org\",\"@graph\":[{\"@type\":\"Article\",\"@id\":\"https:\/\/hudo.com\/si\/aktualno\/svet\/drzavno-tozilstvo-za-zadeve-gospodarskega-kriminala-in-korupcijo-proti-avstrojsemu-kanzlerju-kurzu-sprozilo-preiskavo\/#article\",\"isPartOf\":{\"@id\":\"https:\/\/hudo.com\/si\/aktualno\/svet\/drzavno-tozilstvo-za-zadeve-gospodarskega-kriminala-in-korupcijo-proti-avstrojsemu-kanzlerju-kurzu-sprozilo-preiskavo\/\"},\"author\":{\"name\":\"M. N., STA\",\"@id\":\"https:\/\/hudo.com\/si\/#\/schema\/person\/c2f10ce65d2e6ede2aeda5be2a0611fa\"},\"headline\":\"Dr\u017eavno to\u017eilstvo za zadeve gospodarskega kriminala in korupcijo proti avstrojsemu kanzlerju Kurzu spro\u017eilo preiskavo\",\"datePublished\":\"2021-05-12T09:56:04+00:00\",\"dateModified\":\"2021-05-12T09:56:04+00:00\",\"mainEntityOfPage\":{\"@id\":\"https:\/\/hudo.com\/si\/aktualno\/svet\/drzavno-tozilstvo-za-zadeve-gospodarskega-kriminala-in-korupcijo-proti-avstrojsemu-kanzlerju-kurzu-sprozilo-preiskavo\/\"},\"wordCount\":370,\"publisher\":{\"@id\":\"https:\/\/hudo.com\/si\/#organization\"},\"keywords\":[\"Avstrija\",\"gospodarski kriminal\",\"korupcija\",\"Sebastian Kurz\"],\"articleSection\":[\"Svet\"],\"inLanguage\":\"sl-SI\"},{\"@type\":\"WebPage\",\"@id\":\"https:\/\/hudo.com\/si\/aktualno\/svet\/drzavno-tozilstvo-za-zadeve-gospodarskega-kriminala-in-korupcijo-proti-avstrojsemu-kanzlerju-kurzu-sprozilo-preiskavo\/\",\"url\":\"https:\/\/hudo.com\/si\/aktualno\/svet\/drzavno-tozilstvo-za-zadeve-gospodarskega-kriminala-in-korupcijo-proti-avstrojsemu-kanzlerju-kurzu-sprozilo-preiskavo\/\",\"name\":\"Dr\u017eavno to\u017eilstvo za zadeve gospodarskega kriminala in korupcijo proti avstrojsemu kanzlerju Kurzu spro\u017eilo preiskavo - Hudo Slovenija\",\"isPartOf\":{\"@id\":\"https:\/\/hudo.com\/si\/#website\"},\"datePublished\":\"2021-05-12T09:56:04+00:00\",\"dateModified\":\"2021-05-12T09:56:04+00:00\",\"breadcrumb\":{\"@id\":\"https:\/\/hudo.com\/si\/aktualno\/svet\/drzavno-tozilstvo-za-zadeve-gospodarskega-kriminala-in-korupcijo-proti-avstrojsemu-kanzlerju-kurzu-sprozilo-preiskavo\/#breadcrumb\"},\"inLanguage\":\"sl-SI\",\"potentialAction\":[{\"@type\":\"ReadAction\",\"target\":[\"https:\/\/hudo.com\/si\/aktualno\/svet\/drzavno-tozilstvo-za-zadeve-gospodarskega-kriminala-in-korupcijo-proti-avstrojsemu-kanzlerju-kurzu-sprozilo-preiskavo\/\"]}]},{\"@type\":\"BreadcrumbList\",\"@id\":\"https:\/\/hudo.com\/si\/aktualno\/svet\/drzavno-tozilstvo-za-zadeve-gospodarskega-kriminala-in-korupcijo-proti-avstrojsemu-kanzlerju-kurzu-sprozilo-preiskavo\/#breadcrumb\",\"itemListElement\":[{\"@type\":\"ListItem\",\"position\":1,\"name\":\"Home\",\"item\":\"https:\/\/hudo.com\/si\/\"},{\"@type\":\"ListItem\",\"position\":2,\"name\":\"Dr\u017eavno to\u017eilstvo za zadeve gospodarskega kriminala in korupcijo proti avstrojsemu kanzlerju Kurzu spro\u017eilo preiskavo\"}]},{\"@type\":\"WebSite\",\"@id\":\"https:\/\/hudo.com\/si\/#website\",\"url\":\"https:\/\/hudo.com\/si\/\",\"name\":\"Hudo Slovenija\",\"description\":\"Vse novice iz Slovenije in sveta\",\"publisher\":{\"@id\":\"https:\/\/hudo.com\/si\/#organization\"},\"potentialAction\":[{\"@type\":\"SearchAction\",\"target\":{\"@type\":\"EntryPoint\",\"urlTemplate\":\"https:\/\/hudo.com\/si\/?s={search_term_string}\"},\"query-input\":\"required name=search_term_string\"}],\"inLanguage\":\"sl-SI\"},{\"@type\":\"Organization\",\"@id\":\"https:\/\/hudo.com\/si\/#organization\",\"name\":\"VSN Media\",\"url\":\"https:\/\/hudo.com\/si\/\",\"logo\":{\"@type\":\"ImageObject\",\"inLanguage\":\"sl-SI\",\"@id\":\"https:\/\/hudo.com\/si\/#\/schema\/logo\/image\/\",\"url\":\"https:\/\/hudo.com\/si\/wp-content\/uploads\/sites\/2\/2021\/03\/hudo-app-2.png\",\"contentUrl\":\"https:\/\/hudo.com\/si\/wp-content\/uploads\/sites\/2\/2021\/03\/hudo-app-2.png\",\"width\":2185,\"height\":2167,\"caption\":\"VSN Media\"},\"image\":{\"@id\":\"https:\/\/hudo.com\/si\/#\/schema\/logo\/image\/\"},\"sameAs\":[\"https:\/\/www.facebook.com\/hudo.si\",\"https:\/\/twitter.com\/hudo_si\"]},{\"@type\":\"Person\",\"@id\":\"https:\/\/hudo.com\/si\/#\/schema\/person\/c2f10ce65d2e6ede2aeda5be2a0611fa\",\"name\":\"M. N., STA\",\"image\":{\"@type\":\"ImageObject\",\"inLanguage\":\"sl-SI\",\"@id\":\"https:\/\/hudo.com\/si\/#\/schema\/person\/image\/\",\"url\":\"https:\/\/secure.gravatar.com\/avatar\/f370d38daa10467f755c5c766a4cac20?s=96&d=mm&r=g\",\"contentUrl\":\"https:\/\/secure.gravatar.com\/avatar\/f370d38daa10467f755c5c766a4cac20?s=96&d=mm&r=g\",\"caption\":\"M. N., STA\"},\"url\":\"https:\/\/hudo.com\/si\/author\/mana\/\"}]}<\/script>\n<!-- \/ Yoast SEO plugin. -->","yoast_head_json":{"title":"Dr\u017eavno to\u017eilstvo za zadeve gospodarskega kriminala in korupcijo proti avstrojsemu kanzlerju Kurzu spro\u017eilo preiskavo - Hudo Slovenija","robots":{"index":"index","follow":"follow","max-snippet":"max-snippet:-1","max-image-preview":"max-image-preview:large","max-video-preview":"max-video-preview:-1"},"canonical":"https:\/\/hudo.com\/si\/aktualno\/svet\/drzavno-tozilstvo-za-zadeve-gospodarskega-kriminala-in-korupcijo-proti-avstrojsemu-kanzlerju-kurzu-sprozilo-preiskavo\/","og_locale":"sl_SI","og_type":"article","og_title":"Dr\u017eavno to\u017eilstvo za zadeve gospodarskega kriminala in korupcijo proti avstrojsemu kanzlerju Kurzu spro\u017eilo preiskavo - Hudo Slovenija","og_description":"Avstrijsko dr\u017eavno to\u017eilstvo za zadeve gospodarskega kriminala in korupcijo je spro\u017eilo preiskovalni postopek proti kanclerju Sebastianu Kurzu in vodji njegovega kabineta Bernhardu Bonelliju, v katerem oba obravnava kot obdol\u017eenca. To je danes na vladi sporo\u010dil sam kancler, ki pa o odstopu ne razmi\u0161lja.","og_url":"https:\/\/hudo.com\/si\/aktualno\/svet\/drzavno-tozilstvo-za-zadeve-gospodarskega-kriminala-in-korupcijo-proti-avstrojsemu-kanzlerju-kurzu-sprozilo-preiskavo\/","og_site_name":"Hudo Slovenija","article_publisher":"https:\/\/www.facebook.com\/hudo.si","article_published_time":"2021-05-12T09:56:04+00:00","og_image":[{"width":1250,"height":833,"url":"https:\/\/hudo.com\/si\/wp-content\/uploads\/sites\/2\/2020\/07\/profimedia-0512074335.jpg","type":"image\/jpeg"}],"author":"M. N., STA","twitter_card":"summary_large_image","twitter_creator":"@hudo_si","twitter_site":"@hudo_si","twitter_misc":{"Written by":"M. N., STA","Est. reading time":"2 minuti"},"schema":{"@context":"https:\/\/schema.org","@graph":[{"@type":"Article","@id":"https:\/\/hudo.com\/si\/aktualno\/svet\/drzavno-tozilstvo-za-zadeve-gospodarskega-kriminala-in-korupcijo-proti-avstrojsemu-kanzlerju-kurzu-sprozilo-preiskavo\/#article","isPartOf":{"@id":"https:\/\/hudo.com\/si\/aktualno\/svet\/drzavno-tozilstvo-za-zadeve-gospodarskega-kriminala-in-korupcijo-proti-avstrojsemu-kanzlerju-kurzu-sprozilo-preiskavo\/"},"author":{"name":"M. N., STA","@id":"https:\/\/hudo.com\/si\/#\/schema\/person\/c2f10ce65d2e6ede2aeda5be2a0611fa"},"headline":"Dr\u017eavno to\u017eilstvo za zadeve gospodarskega kriminala in korupcijo proti avstrojsemu kanzlerju Kurzu spro\u017eilo preiskavo","datePublished":"2021-05-12T09:56:04+00:00","dateModified":"2021-05-12T09:56:04+00:00","mainEntityOfPage":{"@id":"https:\/\/hudo.com\/si\/aktualno\/svet\/drzavno-tozilstvo-za-zadeve-gospodarskega-kriminala-in-korupcijo-proti-avstrojsemu-kanzlerju-kurzu-sprozilo-preiskavo\/"},"wordCount":370,"publisher":{"@id":"https:\/\/hudo.com\/si\/#organization"},"keywords":["Avstrija","gospodarski kriminal","korupcija","Sebastian Kurz"],"articleSection":["Svet"],"inLanguage":"sl-SI"},{"@type":"WebPage","@id":"https:\/\/hudo.com\/si\/aktualno\/svet\/drzavno-tozilstvo-za-zadeve-gospodarskega-kriminala-in-korupcijo-proti-avstrojsemu-kanzlerju-kurzu-sprozilo-preiskavo\/","url":"https:\/\/hudo.com\/si\/aktualno\/svet\/drzavno-tozilstvo-za-zadeve-gospodarskega-kriminala-in-korupcijo-proti-avstrojsemu-kanzlerju-kurzu-sprozilo-preiskavo\/","name":"Dr\u017eavno to\u017eilstvo za zadeve gospodarskega kriminala in korupcijo proti avstrojsemu kanzlerju Kurzu spro\u017eilo preiskavo - Hudo Slovenija","isPartOf":{"@id":"https:\/\/hudo.com\/si\/#website"},"datePublished":"2021-05-12T09:56:04+00:00","dateModified":"2021-05-12T09:56:04+00:00","breadcrumb":{"@id":"https:\/\/hudo.com\/si\/aktualno\/svet\/drzavno-tozilstvo-za-zadeve-gospodarskega-kriminala-in-korupcijo-proti-avstrojsemu-kanzlerju-kurzu-sprozilo-preiskavo\/#breadcrumb"},"inLanguage":"sl-SI","potentialAction":[{"@type":"ReadAction","target":["https:\/\/hudo.com\/si\/aktualno\/svet\/drzavno-tozilstvo-za-zadeve-gospodarskega-kriminala-in-korupcijo-proti-avstrojsemu-kanzlerju-kurzu-sprozilo-preiskavo\/"]}]},{"@type":"BreadcrumbList","@id":"https:\/\/hudo.com\/si\/aktualno\/svet\/drzavno-tozilstvo-za-zadeve-gospodarskega-kriminala-in-korupcijo-proti-avstrojsemu-kanzlerju-kurzu-sprozilo-preiskavo\/#breadcrumb","itemListElement":[{"@type":"ListItem","position":1,"name":"Home","item":"https:\/\/hudo.com\/si\/"},{"@type":"ListItem","position":2,"name":"Dr\u017eavno to\u017eilstvo za zadeve gospodarskega kriminala in korupcijo proti avstrojsemu kanzlerju Kurzu spro\u017eilo preiskavo"}]},{"@type":"WebSite","@id":"https:\/\/hudo.com\/si\/#website","url":"https:\/\/hudo.com\/si\/","name":"Hudo Slovenija","description":"Vse novice iz Slovenije in sveta","publisher":{"@id":"https:\/\/hudo.com\/si\/#organization"},"potentialAction":[{"@type":"SearchAction","target":{"@type":"EntryPoint","urlTemplate":"https:\/\/hudo.com\/si\/?s={search_term_string}"},"query-input":"required name=search_term_string"}],"inLanguage":"sl-SI"},{"@type":"Organization","@id":"https:\/\/hudo.com\/si\/#organization","name":"VSN Media","url":"https:\/\/hudo.com\/si\/","logo":{"@type":"ImageObject","inLanguage":"sl-SI","@id":"https:\/\/hudo.com\/si\/#\/schema\/logo\/image\/","url":"https:\/\/hudo.com\/si\/wp-content\/uploads\/sites\/2\/2021\/03\/hudo-app-2.png","contentUrl":"https:\/\/hudo.com\/si\/wp-content\/uploads\/sites\/2\/2021\/03\/hudo-app-2.png","width":2185,"height":2167,"caption":"VSN Media"},"image":{"@id":"https:\/\/hudo.com\/si\/#\/schema\/logo\/image\/"},"sameAs":["https:\/\/www.facebook.com\/hudo.si","https:\/\/twitter.com\/hudo_si"]},{"@type":"Person","@id":"https:\/\/hudo.com\/si\/#\/schema\/person\/c2f10ce65d2e6ede2aeda5be2a0611fa","name":"M. N., STA","image":{"@type":"ImageObject","inLanguage":"sl-SI","@id":"https:\/\/hudo.com\/si\/#\/schema\/person\/image\/","url":"https:\/\/secure.gravatar.com\/avatar\/f370d38daa10467f755c5c766a4cac20?s=96&d=mm&r=g","contentUrl":"https:\/\/secure.gravatar.com\/avatar\/f370d38daa10467f755c5c766a4cac20?s=96&d=mm&r=g","caption":"M. N., STA"},"url":"https:\/\/hudo.com\/si\/author\/mana\/"}]}},"amp_enabled":true,"_links":{"self":[{"href":"https:\/\/hudo.com\/si\/wp-json\/wp\/v2\/posts\/451216"}],"collection":[{"href":"https:\/\/hudo.com\/si\/wp-json\/wp\/v2\/posts"}],"about":[{"href":"https:\/\/hudo.com\/si\/wp-json\/wp\/v2\/types\/post"}],"author":[{"embeddable":true,"href":"https:\/\/hudo.com\/si\/wp-json\/wp\/v2\/users\/8"}],"replies":[{"embeddable":true,"href":"https:\/\/hudo.com\/si\/wp-json\/wp\/v2\/comments?post=451216"}],"version-history":[{"count":1,"href":"https:\/\/hudo.com\/si\/wp-json\/wp\/v2\/posts\/451216\/revisions"}],"predecessor-version":[{"id":451217,"href":"https:\/\/hudo.com\/si\/wp-json\/wp\/v2\/posts\/451216\/revisions\/451217"}],"wp:featuredmedia":[{"embeddable":true,"href":"https:\/\/hudo.com\/si\/wp-json\/wp\/v2\/media\/426472"}],"wp:attachment":[{"href":"https:\/\/hudo.com\/si\/wp-json\/wp\/v2\/media?parent=451216"}],"wp:term":[{"taxonomy":"category","embeddable":true,"href":"https:\/\/hudo.com\/si\/wp-json\/wp\/v2\/categories?post=451216"},{"taxonomy":"post_tag","embeddable":true,"href":"https:\/\/hudo.com\/si\/wp-json\/wp\/v2\/tags?post=451216"},{"taxonomy":"source","embeddable":true,"href":"https:\/\/hudo.com\/si\/wp-json\/wp\/v2\/source?post=451216"},{"taxonomy":"supertag","embeddable":true,"href":"https:\/\/hudo.com\/si\/wp-json\/wp\/v2\/supertag?post=451216"}],"curies":[{"name":"wp","href":"https:\/\/api.w.org\/{rel}","templated":true}]}}