{"id":451248,"date":"2021-05-13T11:50:43","date_gmt":"2021-05-13T09:50:43","guid":{"rendered":"https:\/\/hudo.com\/si\/?p=451248"},"modified":"2021-05-13T11:53:15","modified_gmt":"2021-05-13T09:53:15","slug":"palaca-ne-bo-navdusena-na-archieju-se-ze-sedaj-vidi-meghanin-vpliv","status":"publish","type":"post","link":"https:\/\/hudo.com\/si\/vip\/palaca-ne-bo-navdusena-na-archieju-se-ze-sedaj-vidi-meghanin-vpliv\/","title":{"rendered":"Pala\u010da ne bo navdu\u0161ena: Na Archieju se \u017ee sedaj vidi Meghanin vpliv"},"content":{"rendered":"<p>Sin princa Harryja in Meghan Markle, Archie Mountbatten-Windsor, je prej\u0161nji \u010detrtek praznoval drugi rojstni dan, de\u010dek, ki zadnje leto \u017eivi v domovini svoje mame, pa kot ka\u017ee odra\u0161\u010da v pravega ameri\u0161kega otroka. Kot je namre\u010d za Mirror povedal vir, ki je blizu paru, \u010deprav je fantek star le dve leti, Archie, ki bo kmalu dobil mlaj\u0161o sestro, \u017ee i\u0161\u010de osnove jezika, vpliv njegove matere pa je zelo prisoten v njegovem govoru.<\/p>\n<figure id=\"attachment_427167\" aria-describedby=\"caption-attachment-427167\" style=\"width: 1024px\" class=\"wp-caption alignnone\"><a href=\"https:\/\/hudo.com\/si\/wp-content\/uploads\/sites\/2\/2020\/07\/profimedia-0517563270.jpg\"><img loading=\"lazy\" decoding=\"async\" class=\"size-large wp-image-427167\" src=\"https:\/\/hudo.com\/si\/wp-content\/uploads\/sites\/2\/2020\/07\/profimedia-0517563270-1024x576.jpg\" alt=\"\" width=\"1024\" height=\"576\" srcset=\"https:\/\/hudo.com\/si\/wp-content\/uploads\/sites\/2\/2020\/07\/profimedia-0517563270-1024x576.jpg 1024w, https:\/\/hudo.com\/si\/wp-content\/uploads\/sites\/2\/2020\/07\/profimedia-0517563270-300x169.jpg 300w, https:\/\/hudo.com\/si\/wp-content\/uploads\/sites\/2\/2020\/07\/profimedia-0517563270-768x432.jpg 768w, https:\/\/hudo.com\/si\/wp-content\/uploads\/sites\/2\/2020\/07\/profimedia-0517563270-600x337.jpg 600w, https:\/\/hudo.com\/si\/wp-content\/uploads\/sites\/2\/2020\/07\/profimedia-0517563270.jpg 1250w\" sizes=\"(max-width: 1024px) 100vw, 1024px\" \/><\/a><figcaption id=\"caption-attachment-427167\" class=\"wp-caption-text\">Foto: Profimedia<\/figcaption><\/figure>\n<p>&#8220;Ko se je za svoj rojstni dan sli\u0161al prek video klica s svojo prababico, 95-letno britansko kraljico Elizabeto II., se je v Archiejevem govoru \u017ee sedaj pokazal mo\u010dan vpliv Amerike, za razliko od o\u010deta Harryja ima namre\u010d ameri\u0161ki in ne britanski naglas,&#8221; je pojasnil neimenovani vir, ki je poudaril, kako se \u017ee sedaj na de\u010dku vidi vpliv ameri\u0161kega jezika in kulture, ki je prav tako popolnoma druga\u010den od tistega, v katerem odra\u0161\u010data njegova bratranca, princa George in Louise, ter njegova sestri\u010dna, princesa Charlotte.<\/p>\n<figure id=\"attachment_398441\" aria-describedby=\"caption-attachment-398441\" style=\"width: 1024px\" class=\"wp-caption alignnone\"><a href=\"https:\/\/hudo.com\/si\/wp-content\/uploads\/sites\/2\/2019\/05\/profimedia-0431891163.jpg\"><img loading=\"lazy\" decoding=\"async\" class=\"size-large wp-image-398441\" src=\"https:\/\/hudo.com\/si\/wp-content\/uploads\/sites\/2\/2019\/05\/profimedia-0431891163-1024x886.jpg\" alt=\"\" width=\"1024\" height=\"886\" srcset=\"https:\/\/hudo.com\/si\/wp-content\/uploads\/sites\/2\/2019\/05\/profimedia-0431891163-1024x886.jpg 1024w, https:\/\/hudo.com\/si\/wp-content\/uploads\/sites\/2\/2019\/05\/profimedia-0431891163-300x260.jpg 300w, https:\/\/hudo.com\/si\/wp-content\/uploads\/sites\/2\/2019\/05\/profimedia-0431891163-768x665.jpg 768w, https:\/\/hudo.com\/si\/wp-content\/uploads\/sites\/2\/2019\/05\/profimedia-0431891163-600x519.jpg 600w, https:\/\/hudo.com\/si\/wp-content\/uploads\/sites\/2\/2019\/05\/profimedia-0431891163.jpg 1250w\" sizes=\"(max-width: 1024px) 100vw, 1024px\" \/><\/a><figcaption id=\"caption-attachment-398441\" class=\"wp-caption-text\">Foto: Profimedia<\/figcaption><\/figure>\n<p>Mimogrede, omenjeni medij pi\u0161e, da so ravno zaradi teh otrok, otrok princa Williama in Kate Middleton, za 36-letnega Harryja zadnji dnevi izjemno te\u017eki. Pobegli britanski princ naj bi si vedno predstavljal \u017eivljenje, v katerem bi njegovi otroci odra\u0161\u010dali v bli\u017eini njegovega brata Williama z dru\u017eino, zato ga dejstvo, da jih Archie \u017ee ve\u010d kot eno leto ni videl, zelo \u017ealosti. Glede na to, da bi moral \u010dez nekaj tednov mlaj\u0161i sin princa Charlesa in pokojne princese Diane dobiti drugega otroka, mu ne preostane drugega, kot da upa, da bo imela deklica v prihodnosti ve\u010d sre\u010de kot njen brat in da se bo z bratrancema in sestri\u010dno videla v \u017eivo in ne samo prek video klicev.<\/p>\n","protected":false},"excerpt":{"rendered":"<p>De\u010dek odra\u0161\u010da v povsem druga\u010dnem okolju, kot je tisto, v katerem odra\u0161\u010dajo njegova bratranca in sestri\u010dna.<\/p>\n","protected":false},"author":6,"featured_media":413721,"comment_status":"closed","ping_status":"closed","sticky":false,"template":"","format":"standard","meta":{"footnotes":""},"categories":[1093],"tags":[13629],"source":[4511],"supertag":[],"acf":[],"yoast_head":"<!-- This site is optimized with the Yoast SEO plugin v21.3 - https:\/\/yoast.com\/wordpress\/plugins\/seo\/ -->\n<title>Pala\u010da ne bo navdu\u0161ena: Na Archieju se \u017ee sedaj vidi Meghanin vpliv - Hudo Slovenija<\/title>\n<meta name=\"robots\" content=\"index, follow, max-snippet:-1, max-image-preview:large, max-video-preview:-1\" \/>\n<link rel=\"canonical\" href=\"https:\/\/hudo.com\/si\/vip\/palaca-ne-bo-navdusena-na-archieju-se-ze-sedaj-vidi-meghanin-vpliv\/\" \/>\n<meta property=\"og:locale\" content=\"sl_SI\" \/>\n<meta property=\"og:type\" content=\"article\" \/>\n<meta property=\"og:title\" content=\"Pala\u010da ne bo navdu\u0161ena: Na Archieju se \u017ee sedaj vidi Meghanin vpliv - Hudo Slovenija\" \/>\n<meta property=\"og:description\" content=\"De\u010dek odra\u0161\u010da v povsem druga\u010dnem okolju, kot je tisto, v katerem odra\u0161\u010dajo njegova bratranca in sestri\u010dna.\" \/>\n<meta property=\"og:url\" content=\"https:\/\/hudo.com\/si\/vip\/palaca-ne-bo-navdusena-na-archieju-se-ze-sedaj-vidi-meghanin-vpliv\/\" \/>\n<meta property=\"og:site_name\" content=\"Hudo Slovenija\" \/>\n<meta property=\"article:publisher\" content=\"https:\/\/www.facebook.com\/hudo.si\" \/>\n<meta property=\"article:published_time\" content=\"2021-05-13T09:50:43+00:00\" \/>\n<meta property=\"article:modified_time\" content=\"2021-05-13T09:53:15+00:00\" \/>\n<meta property=\"og:image\" content=\"https:\/\/hudo.com\/si\/wp-content\/uploads\/sites\/2\/2020\/01\/profimedia-0490987272.jpg\" \/>\n\t<meta property=\"og:image:width\" content=\"1772\" \/>\n\t<meta property=\"og:image:height\" content=\"1744\" \/>\n\t<meta property=\"og:image:type\" content=\"image\/jpeg\" \/>\n<meta name=\"author\" content=\"A. G.\" \/>\n<meta name=\"twitter:card\" content=\"summary_large_image\" \/>\n<meta name=\"twitter:creator\" content=\"@hudo_si\" \/>\n<meta name=\"twitter:site\" content=\"@hudo_si\" \/>\n<meta name=\"twitter:label1\" content=\"Written by\" \/>\n\t<meta name=\"twitter:data1\" content=\"A. G.\" \/>\n\t<meta name=\"twitter:label2\" content=\"Est. reading time\" \/>\n\t<meta name=\"twitter:data2\" content=\"2 minuti\" \/>\n<script type=\"application\/ld+json\" class=\"yoast-schema-graph\">{\"@context\":\"https:\/\/schema.org\",\"@graph\":[{\"@type\":\"Article\",\"@id\":\"https:\/\/hudo.com\/si\/vip\/palaca-ne-bo-navdusena-na-archieju-se-ze-sedaj-vidi-meghanin-vpliv\/#article\",\"isPartOf\":{\"@id\":\"https:\/\/hudo.com\/si\/vip\/palaca-ne-bo-navdusena-na-archieju-se-ze-sedaj-vidi-meghanin-vpliv\/\"},\"author\":{\"name\":\"A. G.\",\"@id\":\"https:\/\/hudo.com\/si\/#\/schema\/person\/f95639a66e0dd2c682b0568634e85b8b\"},\"headline\":\"Pala\u010da ne bo navdu\u0161ena: Na Archieju se \u017ee sedaj vidi Meghanin vpliv\",\"datePublished\":\"2021-05-13T09:50:43+00:00\",\"dateModified\":\"2021-05-13T09:53:15+00:00\",\"mainEntityOfPage\":{\"@id\":\"https:\/\/hudo.com\/si\/vip\/palaca-ne-bo-navdusena-na-archieju-se-ze-sedaj-vidi-meghanin-vpliv\/\"},\"wordCount\":325,\"publisher\":{\"@id\":\"https:\/\/hudo.com\/si\/#organization\"},\"keywords\":[\"Archie Harrison Mountbatten-Windsor\"],\"articleSection\":[\"VIP\"],\"inLanguage\":\"sl-SI\"},{\"@type\":\"WebPage\",\"@id\":\"https:\/\/hudo.com\/si\/vip\/palaca-ne-bo-navdusena-na-archieju-se-ze-sedaj-vidi-meghanin-vpliv\/\",\"url\":\"https:\/\/hudo.com\/si\/vip\/palaca-ne-bo-navdusena-na-archieju-se-ze-sedaj-vidi-meghanin-vpliv\/\",\"name\":\"Pala\u010da ne bo navdu\u0161ena: Na Archieju se \u017ee sedaj vidi Meghanin vpliv - Hudo Slovenija\",\"isPartOf\":{\"@id\":\"https:\/\/hudo.com\/si\/#website\"},\"datePublished\":\"2021-05-13T09:50:43+00:00\",\"dateModified\":\"2021-05-13T09:53:15+00:00\",\"breadcrumb\":{\"@id\":\"https:\/\/hudo.com\/si\/vip\/palaca-ne-bo-navdusena-na-archieju-se-ze-sedaj-vidi-meghanin-vpliv\/#breadcrumb\"},\"inLanguage\":\"sl-SI\",\"potentialAction\":[{\"@type\":\"ReadAction\",\"target\":[\"https:\/\/hudo.com\/si\/vip\/palaca-ne-bo-navdusena-na-archieju-se-ze-sedaj-vidi-meghanin-vpliv\/\"]}]},{\"@type\":\"BreadcrumbList\",\"@id\":\"https:\/\/hudo.com\/si\/vip\/palaca-ne-bo-navdusena-na-archieju-se-ze-sedaj-vidi-meghanin-vpliv\/#breadcrumb\",\"itemListElement\":[{\"@type\":\"ListItem\",\"position\":1,\"name\":\"Home\",\"item\":\"https:\/\/hudo.com\/si\/\"},{\"@type\":\"ListItem\",\"position\":2,\"name\":\"Pala\u010da ne bo navdu\u0161ena: Na Archieju se \u017ee sedaj vidi Meghanin vpliv\"}]},{\"@type\":\"WebSite\",\"@id\":\"https:\/\/hudo.com\/si\/#website\",\"url\":\"https:\/\/hudo.com\/si\/\",\"name\":\"Hudo Slovenija\",\"description\":\"Vse novice iz Slovenije in sveta\",\"publisher\":{\"@id\":\"https:\/\/hudo.com\/si\/#organization\"},\"potentialAction\":[{\"@type\":\"SearchAction\",\"target\":{\"@type\":\"EntryPoint\",\"urlTemplate\":\"https:\/\/hudo.com\/si\/?s={search_term_string}\"},\"query-input\":\"required name=search_term_string\"}],\"inLanguage\":\"sl-SI\"},{\"@type\":\"Organization\",\"@id\":\"https:\/\/hudo.com\/si\/#organization\",\"name\":\"VSN Media\",\"url\":\"https:\/\/hudo.com\/si\/\",\"logo\":{\"@type\":\"ImageObject\",\"inLanguage\":\"sl-SI\",\"@id\":\"https:\/\/hudo.com\/si\/#\/schema\/logo\/image\/\",\"url\":\"https:\/\/hudo.com\/si\/wp-content\/uploads\/sites\/2\/2021\/03\/hudo-app-2.png\",\"contentUrl\":\"https:\/\/hudo.com\/si\/wp-content\/uploads\/sites\/2\/2021\/03\/hudo-app-2.png\",\"width\":2185,\"height\":2167,\"caption\":\"VSN Media\"},\"image\":{\"@id\":\"https:\/\/hudo.com\/si\/#\/schema\/logo\/image\/\"},\"sameAs\":[\"https:\/\/www.facebook.com\/hudo.si\",\"https:\/\/twitter.com\/hudo_si\"]},{\"@type\":\"Person\",\"@id\":\"https:\/\/hudo.com\/si\/#\/schema\/person\/f95639a66e0dd2c682b0568634e85b8b\",\"name\":\"A. G.\",\"image\":{\"@type\":\"ImageObject\",\"inLanguage\":\"sl-SI\",\"@id\":\"https:\/\/hudo.com\/si\/#\/schema\/person\/image\/\",\"url\":\"https:\/\/secure.gravatar.com\/avatar\/9f44de561c70d5d80348d3ed0f4b142d?s=96&d=mm&r=g\",\"contentUrl\":\"https:\/\/secure.gravatar.com\/avatar\/9f44de561c70d5d80348d3ed0f4b142d?s=96&d=mm&r=g\",\"caption\":\"A. G.\"},\"url\":\"https:\/\/hudo.com\/si\/author\/alenkagrmek\/\"}]}<\/script>\n<!-- \/ Yoast SEO plugin. -->","yoast_head_json":{"title":"Pala\u010da ne bo navdu\u0161ena: Na Archieju se \u017ee sedaj vidi Meghanin vpliv - Hudo Slovenija","robots":{"index":"index","follow":"follow","max-snippet":"max-snippet:-1","max-image-preview":"max-image-preview:large","max-video-preview":"max-video-preview:-1"},"canonical":"https:\/\/hudo.com\/si\/vip\/palaca-ne-bo-navdusena-na-archieju-se-ze-sedaj-vidi-meghanin-vpliv\/","og_locale":"sl_SI","og_type":"article","og_title":"Pala\u010da ne bo navdu\u0161ena: Na Archieju se \u017ee sedaj vidi Meghanin vpliv - Hudo Slovenija","og_description":"De\u010dek odra\u0161\u010da v povsem druga\u010dnem okolju, kot je tisto, v katerem odra\u0161\u010dajo njegova bratranca in sestri\u010dna.","og_url":"https:\/\/hudo.com\/si\/vip\/palaca-ne-bo-navdusena-na-archieju-se-ze-sedaj-vidi-meghanin-vpliv\/","og_site_name":"Hudo Slovenija","article_publisher":"https:\/\/www.facebook.com\/hudo.si","article_published_time":"2021-05-13T09:50:43+00:00","article_modified_time":"2021-05-13T09:53:15+00:00","og_image":[{"width":1772,"height":1744,"url":"https:\/\/hudo.com\/si\/wp-content\/uploads\/sites\/2\/2020\/01\/profimedia-0490987272.jpg","type":"image\/jpeg"}],"author":"A. G.","twitter_card":"summary_large_image","twitter_creator":"@hudo_si","twitter_site":"@hudo_si","twitter_misc":{"Written by":"A. G.","Est. reading time":"2 minuti"},"schema":{"@context":"https:\/\/schema.org","@graph":[{"@type":"Article","@id":"https:\/\/hudo.com\/si\/vip\/palaca-ne-bo-navdusena-na-archieju-se-ze-sedaj-vidi-meghanin-vpliv\/#article","isPartOf":{"@id":"https:\/\/hudo.com\/si\/vip\/palaca-ne-bo-navdusena-na-archieju-se-ze-sedaj-vidi-meghanin-vpliv\/"},"author":{"name":"A. G.","@id":"https:\/\/hudo.com\/si\/#\/schema\/person\/f95639a66e0dd2c682b0568634e85b8b"},"headline":"Pala\u010da ne bo navdu\u0161ena: Na Archieju se \u017ee sedaj vidi Meghanin vpliv","datePublished":"2021-05-13T09:50:43+00:00","dateModified":"2021-05-13T09:53:15+00:00","mainEntityOfPage":{"@id":"https:\/\/hudo.com\/si\/vip\/palaca-ne-bo-navdusena-na-archieju-se-ze-sedaj-vidi-meghanin-vpliv\/"},"wordCount":325,"publisher":{"@id":"https:\/\/hudo.com\/si\/#organization"},"keywords":["Archie Harrison Mountbatten-Windsor"],"articleSection":["VIP"],"inLanguage":"sl-SI"},{"@type":"WebPage","@id":"https:\/\/hudo.com\/si\/vip\/palaca-ne-bo-navdusena-na-archieju-se-ze-sedaj-vidi-meghanin-vpliv\/","url":"https:\/\/hudo.com\/si\/vip\/palaca-ne-bo-navdusena-na-archieju-se-ze-sedaj-vidi-meghanin-vpliv\/","name":"Pala\u010da ne bo navdu\u0161ena: Na Archieju se \u017ee sedaj vidi Meghanin vpliv - Hudo Slovenija","isPartOf":{"@id":"https:\/\/hudo.com\/si\/#website"},"datePublished":"2021-05-13T09:50:43+00:00","dateModified":"2021-05-13T09:53:15+00:00","breadcrumb":{"@id":"https:\/\/hudo.com\/si\/vip\/palaca-ne-bo-navdusena-na-archieju-se-ze-sedaj-vidi-meghanin-vpliv\/#breadcrumb"},"inLanguage":"sl-SI","potentialAction":[{"@type":"ReadAction","target":["https:\/\/hudo.com\/si\/vip\/palaca-ne-bo-navdusena-na-archieju-se-ze-sedaj-vidi-meghanin-vpliv\/"]}]},{"@type":"BreadcrumbList","@id":"https:\/\/hudo.com\/si\/vip\/palaca-ne-bo-navdusena-na-archieju-se-ze-sedaj-vidi-meghanin-vpliv\/#breadcrumb","itemListElement":[{"@type":"ListItem","position":1,"name":"Home","item":"https:\/\/hudo.com\/si\/"},{"@type":"ListItem","position":2,"name":"Pala\u010da ne bo navdu\u0161ena: Na Archieju se \u017ee sedaj vidi Meghanin vpliv"}]},{"@type":"WebSite","@id":"https:\/\/hudo.com\/si\/#website","url":"https:\/\/hudo.com\/si\/","name":"Hudo Slovenija","description":"Vse novice iz Slovenije in sveta","publisher":{"@id":"https:\/\/hudo.com\/si\/#organization"},"potentialAction":[{"@type":"SearchAction","target":{"@type":"EntryPoint","urlTemplate":"https:\/\/hudo.com\/si\/?s={search_term_string}"},"query-input":"required name=search_term_string"}],"inLanguage":"sl-SI"},{"@type":"Organization","@id":"https:\/\/hudo.com\/si\/#organization","name":"VSN Media","url":"https:\/\/hudo.com\/si\/","logo":{"@type":"ImageObject","inLanguage":"sl-SI","@id":"https:\/\/hudo.com\/si\/#\/schema\/logo\/image\/","url":"https:\/\/hudo.com\/si\/wp-content\/uploads\/sites\/2\/2021\/03\/hudo-app-2.png","contentUrl":"https:\/\/hudo.com\/si\/wp-content\/uploads\/sites\/2\/2021\/03\/hudo-app-2.png","width":2185,"height":2167,"caption":"VSN Media"},"image":{"@id":"https:\/\/hudo.com\/si\/#\/schema\/logo\/image\/"},"sameAs":["https:\/\/www.facebook.com\/hudo.si","https:\/\/twitter.com\/hudo_si"]},{"@type":"Person","@id":"https:\/\/hudo.com\/si\/#\/schema\/person\/f95639a66e0dd2c682b0568634e85b8b","name":"A. G.","image":{"@type":"ImageObject","inLanguage":"sl-SI","@id":"https:\/\/hudo.com\/si\/#\/schema\/person\/image\/","url":"https:\/\/secure.gravatar.com\/avatar\/9f44de561c70d5d80348d3ed0f4b142d?s=96&d=mm&r=g","contentUrl":"https:\/\/secure.gravatar.com\/avatar\/9f44de561c70d5d80348d3ed0f4b142d?s=96&d=mm&r=g","caption":"A. G."},"url":"https:\/\/hudo.com\/si\/author\/alenkagrmek\/"}]}},"amp_enabled":true,"_links":{"self":[{"href":"https:\/\/hudo.com\/si\/wp-json\/wp\/v2\/posts\/451248"}],"collection":[{"href":"https:\/\/hudo.com\/si\/wp-json\/wp\/v2\/posts"}],"about":[{"href":"https:\/\/hudo.com\/si\/wp-json\/wp\/v2\/types\/post"}],"author":[{"embeddable":true,"href":"https:\/\/hudo.com\/si\/wp-json\/wp\/v2\/users\/6"}],"replies":[{"embeddable":true,"href":"https:\/\/hudo.com\/si\/wp-json\/wp\/v2\/comments?post=451248"}],"version-history":[{"count":4,"href":"https:\/\/hudo.com\/si\/wp-json\/wp\/v2\/posts\/451248\/revisions"}],"predecessor-version":[{"id":451294,"href":"https:\/\/hudo.com\/si\/wp-json\/wp\/v2\/posts\/451248\/revisions\/451294"}],"wp:featuredmedia":[{"embeddable":true,"href":"https:\/\/hudo.com\/si\/wp-json\/wp\/v2\/media\/413721"}],"wp:attachment":[{"href":"https:\/\/hudo.com\/si\/wp-json\/wp\/v2\/media?parent=451248"}],"wp:term":[{"taxonomy":"category","embeddable":true,"href":"https:\/\/hudo.com\/si\/wp-json\/wp\/v2\/categories?post=451248"},{"taxonomy":"post_tag","embeddable":true,"href":"https:\/\/hudo.com\/si\/wp-json\/wp\/v2\/tags?post=451248"},{"taxonomy":"source","embeddable":true,"href":"https:\/\/hudo.com\/si\/wp-json\/wp\/v2\/source?post=451248"},{"taxonomy":"supertag","embeddable":true,"href":"https:\/\/hudo.com\/si\/wp-json\/wp\/v2\/supertag?post=451248"}],"curies":[{"name":"wp","href":"https:\/\/api.w.org\/{rel}","templated":true}]}}