{"id":451559,"date":"2021-05-18T15:43:16","date_gmt":"2021-05-18T13:43:16","guid":{"rendered":"https:\/\/hudo.com\/si\/?p=451559"},"modified":"2021-05-18T15:43:16","modified_gmt":"2021-05-18T13:43:16","slug":"alen-kobilica-bo-sodeloval-na-dirki-po-italiji","status":"publish","type":"post","link":"https:\/\/hudo.com\/si\/aktualno\/slovenija\/alen-kobilica-bo-sodeloval-na-dirki-po-italiji\/","title":{"rendered":"Alen Kobilica bo sodeloval na dirki po Italiji"},"content":{"rendered":"<p>Elektri\u010dno kolo tandem oz. dvojec, ki ga je priznani nem\u0161ki proizvajalec koles Schauff izdelal po naro\u010dilu Medob\u010dinskega dru\u0161tva slepih in slabovidnih Nova Gorica, bo namenjeno programu rehabilitacije slepih in slabovidnih v doma\u010dem in lokalnem okolju.<\/p>\n<p>Za kolo bodo od\u0161teli okoli 6000 evrov, ve\u010d kot polovico vseh potrebnih sredstev so prispevali razli\u010dni donatorji, preostali del potrebnih finan\u010dnih sredstev pa \u017eelijo pridobiti preko SMS donacij.<\/p>\n<p>&#8220;To je neka dodana vrednost na\u0161im aktivnostim, da se bodo lahko slepi in slabovidni in njihove dru\u017eine enakopravno vklju\u010devali v turizem. To kolo je bilo posebej razvito prav v ta namen in je zato v barvah na\u0161ega dru\u0161tva,&#8221; je na dana\u0161nji novinarski konferenci povedal predsednik dru\u0161tva Igor Miljavec.<\/p>\n<p>V imenu Medob\u010dinskega dru\u0161tva slepih in slabovidnih Nova Gorica sta e-kolo danes prevzela nekdanja gori\u0161ka kolesarja, ki sta tudi \u010dlana dru\u0161tva, Anton Ukmar in Matej Leban.<\/p>\n<p>&#8220;Pred \u010dasom, ko so nas organizatorji Giru d&#8217;Italia povabili k sodelovanju pri t.i. e-giru, ki je dejansko promocija samega kolesarjenja in kolesarjenja z elektri\u010dnimi kolesi. Pri\u0161lo je do ideje, da bi na tej predtekmovalni dirki samega Gira zasnovali skupno ekipo Gorice in Nove Gorice, kjer bi vsaka stran dala tri \u010dlane, ki so nekako vzor in navdih v tem trenutku za vse generacije,&#8221; je na kraj\u0161i slovesnosti ob predaji povedal novogori\u0161ki pod\u017eupan Simon Rosi\u010d.<\/p>\n<p>Me\u0161ano ekipo z imenom Nova Gorica &#8211; Gorica 2025 bo sestavljalo \u0161est \u010dlanov: smu\u010darka Ana Bucik, Alen Kobilica in nekdanji nogometa\u0161 Matej Ro\u017ei\u010d Mavri\u010d s slovenske strani ter nekdanja gorska kolesarja Samira Todone in Andrea Zoratti in nekdanji ko\u0161arkar Michele Mian z italijanske strani. Etapa se bo za\u010dela v Ogleju in zaklju\u010dila na Travniku v Gorici. Trasa je enaka Giru s tem, da se skozi Brda zapeljejo le enkrat, start pa je predviden dve uri in pol pred profesionalnimi kolesarji.<\/p>\n<p>&#8220;Zato smo za\u010deli iskati re\u0161itev za Alena Kobilico in jo na\u0161li v tandemu elektri\u010dnega kolesa. Tandem bo kasneje tudi obogatil ta prostor, saj bo ta turisti\u010dna destinacija v prihodnje slepim in slabovidnim omogo\u010dala do\u017eivetja tudi z elektri\u010dnim kolesom,&#8221; je \u0161e povedal Rosi\u010d.<\/p>\n","protected":false},"excerpt":{"rendered":"<p>Medob\u010dinsko dru\u0161tvo slepih in slabovidnih Nova Gorica je danes predstavilo elektri\u010dno kolo tandem, s katerim bo slovenski para-triatlonec Alen Kobilica skupaj s spremljevalcem Urhom Klenov\u0161kom sodeloval na posebni promocijski e-etapi ene od treh najve\u010djih kolesarskih dirk na svetu Giru d&#8217;Italia.<\/p>\n","protected":false},"author":7,"featured_media":451560,"comment_status":"closed","ping_status":"closed","sticky":false,"template":"","format":"standard","meta":{"footnotes":""},"categories":[18201,18176],"tags":[],"source":[4511],"supertag":[],"acf":[],"yoast_head":"<!-- This site is optimized with the Yoast SEO plugin v21.3 - https:\/\/yoast.com\/wordpress\/plugins\/seo\/ -->\n<title>Alen Kobilica bo sodeloval na dirki po Italiji - Hudo Slovenija<\/title>\n<meta name=\"robots\" content=\"index, follow, max-snippet:-1, max-image-preview:large, max-video-preview:-1\" \/>\n<link rel=\"canonical\" href=\"https:\/\/hudo.com\/si\/aktualno\/slovenija\/alen-kobilica-bo-sodeloval-na-dirki-po-italiji\/\" \/>\n<meta property=\"og:locale\" content=\"sl_SI\" \/>\n<meta property=\"og:type\" content=\"article\" \/>\n<meta property=\"og:title\" content=\"Alen Kobilica bo sodeloval na dirki po Italiji - Hudo Slovenija\" \/>\n<meta property=\"og:description\" content=\"Medob\u010dinsko dru\u0161tvo slepih in slabovidnih Nova Gorica je danes predstavilo elektri\u010dno kolo tandem, s katerim bo slovenski para-triatlonec Alen Kobilica skupaj s spremljevalcem Urhom Klenov\u0161kom sodeloval na posebni promocijski e-etapi ene od treh najve\u010djih kolesarskih dirk na svetu Giru d&#039;Italia.\" \/>\n<meta property=\"og:url\" content=\"https:\/\/hudo.com\/si\/aktualno\/slovenija\/alen-kobilica-bo-sodeloval-na-dirki-po-italiji\/\" \/>\n<meta property=\"og:site_name\" content=\"Hudo Slovenija\" \/>\n<meta property=\"article:publisher\" content=\"https:\/\/www.facebook.com\/hudo.si\" \/>\n<meta property=\"article:published_time\" content=\"2021-05-18T13:43:16+00:00\" \/>\n<meta property=\"og:image\" content=\"https:\/\/hudo.com\/si\/wp-content\/uploads\/sites\/2\/2021\/05\/20160623-00702395.jpg\" \/>\n\t<meta property=\"og:image:width\" content=\"640\" \/>\n\t<meta property=\"og:image:height\" content=\"427\" \/>\n\t<meta property=\"og:image:type\" content=\"image\/jpeg\" \/>\n<meta name=\"author\" content=\"A. P., STA\" \/>\n<meta name=\"twitter:card\" content=\"summary_large_image\" \/>\n<meta name=\"twitter:creator\" content=\"@hudo_si\" \/>\n<meta name=\"twitter:site\" content=\"@hudo_si\" \/>\n<meta name=\"twitter:label1\" content=\"Written by\" \/>\n\t<meta name=\"twitter:data1\" content=\"A. P., STA\" \/>\n\t<meta name=\"twitter:label2\" content=\"Est. reading time\" \/>\n\t<meta name=\"twitter:data2\" content=\"2 minuti\" \/>\n<script type=\"application\/ld+json\" class=\"yoast-schema-graph\">{\"@context\":\"https:\/\/schema.org\",\"@graph\":[{\"@type\":\"Article\",\"@id\":\"https:\/\/hudo.com\/si\/aktualno\/slovenija\/alen-kobilica-bo-sodeloval-na-dirki-po-italiji\/#article\",\"isPartOf\":{\"@id\":\"https:\/\/hudo.com\/si\/aktualno\/slovenija\/alen-kobilica-bo-sodeloval-na-dirki-po-italiji\/\"},\"author\":{\"name\":\"A. P., STA\",\"@id\":\"https:\/\/hudo.com\/si\/#\/schema\/person\/18f09c02475ba9e606e941a565b80cff\"},\"headline\":\"Alen Kobilica bo sodeloval na dirki po Italiji\",\"datePublished\":\"2021-05-18T13:43:16+00:00\",\"dateModified\":\"2021-05-18T13:43:16+00:00\",\"mainEntityOfPage\":{\"@id\":\"https:\/\/hudo.com\/si\/aktualno\/slovenija\/alen-kobilica-bo-sodeloval-na-dirki-po-italiji\/\"},\"wordCount\":379,\"publisher\":{\"@id\":\"https:\/\/hudo.com\/si\/#organization\"},\"articleSection\":[\"Slovenija\",\"\u0160port\"],\"inLanguage\":\"sl-SI\"},{\"@type\":\"WebPage\",\"@id\":\"https:\/\/hudo.com\/si\/aktualno\/slovenija\/alen-kobilica-bo-sodeloval-na-dirki-po-italiji\/\",\"url\":\"https:\/\/hudo.com\/si\/aktualno\/slovenija\/alen-kobilica-bo-sodeloval-na-dirki-po-italiji\/\",\"name\":\"Alen Kobilica bo sodeloval na dirki po Italiji - Hudo Slovenija\",\"isPartOf\":{\"@id\":\"https:\/\/hudo.com\/si\/#website\"},\"datePublished\":\"2021-05-18T13:43:16+00:00\",\"dateModified\":\"2021-05-18T13:43:16+00:00\",\"breadcrumb\":{\"@id\":\"https:\/\/hudo.com\/si\/aktualno\/slovenija\/alen-kobilica-bo-sodeloval-na-dirki-po-italiji\/#breadcrumb\"},\"inLanguage\":\"sl-SI\",\"potentialAction\":[{\"@type\":\"ReadAction\",\"target\":[\"https:\/\/hudo.com\/si\/aktualno\/slovenija\/alen-kobilica-bo-sodeloval-na-dirki-po-italiji\/\"]}]},{\"@type\":\"BreadcrumbList\",\"@id\":\"https:\/\/hudo.com\/si\/aktualno\/slovenija\/alen-kobilica-bo-sodeloval-na-dirki-po-italiji\/#breadcrumb\",\"itemListElement\":[{\"@type\":\"ListItem\",\"position\":1,\"name\":\"Home\",\"item\":\"https:\/\/hudo.com\/si\/\"},{\"@type\":\"ListItem\",\"position\":2,\"name\":\"Alen Kobilica bo sodeloval na dirki po Italiji\"}]},{\"@type\":\"WebSite\",\"@id\":\"https:\/\/hudo.com\/si\/#website\",\"url\":\"https:\/\/hudo.com\/si\/\",\"name\":\"Hudo Slovenija\",\"description\":\"Vse novice iz Slovenije in sveta\",\"publisher\":{\"@id\":\"https:\/\/hudo.com\/si\/#organization\"},\"potentialAction\":[{\"@type\":\"SearchAction\",\"target\":{\"@type\":\"EntryPoint\",\"urlTemplate\":\"https:\/\/hudo.com\/si\/?s={search_term_string}\"},\"query-input\":\"required name=search_term_string\"}],\"inLanguage\":\"sl-SI\"},{\"@type\":\"Organization\",\"@id\":\"https:\/\/hudo.com\/si\/#organization\",\"name\":\"VSN Media\",\"url\":\"https:\/\/hudo.com\/si\/\",\"logo\":{\"@type\":\"ImageObject\",\"inLanguage\":\"sl-SI\",\"@id\":\"https:\/\/hudo.com\/si\/#\/schema\/logo\/image\/\",\"url\":\"https:\/\/hudo.com\/si\/wp-content\/uploads\/sites\/2\/2021\/03\/hudo-app-2.png\",\"contentUrl\":\"https:\/\/hudo.com\/si\/wp-content\/uploads\/sites\/2\/2021\/03\/hudo-app-2.png\",\"width\":2185,\"height\":2167,\"caption\":\"VSN Media\"},\"image\":{\"@id\":\"https:\/\/hudo.com\/si\/#\/schema\/logo\/image\/\"},\"sameAs\":[\"https:\/\/www.facebook.com\/hudo.si\",\"https:\/\/twitter.com\/hudo_si\"]},{\"@type\":\"Person\",\"@id\":\"https:\/\/hudo.com\/si\/#\/schema\/person\/18f09c02475ba9e606e941a565b80cff\",\"name\":\"A. P., STA\",\"image\":{\"@type\":\"ImageObject\",\"inLanguage\":\"sl-SI\",\"@id\":\"https:\/\/hudo.com\/si\/#\/schema\/person\/image\/\",\"url\":\"https:\/\/secure.gravatar.com\/avatar\/03eac8e609f5f04383125d80eaeaaf3e?s=96&d=mm&r=g\",\"contentUrl\":\"https:\/\/secure.gravatar.com\/avatar\/03eac8e609f5f04383125d80eaeaaf3e?s=96&d=mm&r=g\",\"caption\":\"A. P., STA\"},\"url\":\"https:\/\/hudo.com\/si\/author\/lubu\/\"}]}<\/script>\n<!-- \/ Yoast SEO plugin. -->","yoast_head_json":{"title":"Alen Kobilica bo sodeloval na dirki po Italiji - Hudo Slovenija","robots":{"index":"index","follow":"follow","max-snippet":"max-snippet:-1","max-image-preview":"max-image-preview:large","max-video-preview":"max-video-preview:-1"},"canonical":"https:\/\/hudo.com\/si\/aktualno\/slovenija\/alen-kobilica-bo-sodeloval-na-dirki-po-italiji\/","og_locale":"sl_SI","og_type":"article","og_title":"Alen Kobilica bo sodeloval na dirki po Italiji - Hudo Slovenija","og_description":"Medob\u010dinsko dru\u0161tvo slepih in slabovidnih Nova Gorica je danes predstavilo elektri\u010dno kolo tandem, s katerim bo slovenski para-triatlonec Alen Kobilica skupaj s spremljevalcem Urhom Klenov\u0161kom sodeloval na posebni promocijski e-etapi ene od treh najve\u010djih kolesarskih dirk na svetu Giru d'Italia.","og_url":"https:\/\/hudo.com\/si\/aktualno\/slovenija\/alen-kobilica-bo-sodeloval-na-dirki-po-italiji\/","og_site_name":"Hudo Slovenija","article_publisher":"https:\/\/www.facebook.com\/hudo.si","article_published_time":"2021-05-18T13:43:16+00:00","og_image":[{"width":640,"height":427,"url":"https:\/\/hudo.com\/si\/wp-content\/uploads\/sites\/2\/2021\/05\/20160623-00702395.jpg","type":"image\/jpeg"}],"author":"A. P., STA","twitter_card":"summary_large_image","twitter_creator":"@hudo_si","twitter_site":"@hudo_si","twitter_misc":{"Written by":"A. P., STA","Est. reading time":"2 minuti"},"schema":{"@context":"https:\/\/schema.org","@graph":[{"@type":"Article","@id":"https:\/\/hudo.com\/si\/aktualno\/slovenija\/alen-kobilica-bo-sodeloval-na-dirki-po-italiji\/#article","isPartOf":{"@id":"https:\/\/hudo.com\/si\/aktualno\/slovenija\/alen-kobilica-bo-sodeloval-na-dirki-po-italiji\/"},"author":{"name":"A. P., STA","@id":"https:\/\/hudo.com\/si\/#\/schema\/person\/18f09c02475ba9e606e941a565b80cff"},"headline":"Alen Kobilica bo sodeloval na dirki po Italiji","datePublished":"2021-05-18T13:43:16+00:00","dateModified":"2021-05-18T13:43:16+00:00","mainEntityOfPage":{"@id":"https:\/\/hudo.com\/si\/aktualno\/slovenija\/alen-kobilica-bo-sodeloval-na-dirki-po-italiji\/"},"wordCount":379,"publisher":{"@id":"https:\/\/hudo.com\/si\/#organization"},"articleSection":["Slovenija","\u0160port"],"inLanguage":"sl-SI"},{"@type":"WebPage","@id":"https:\/\/hudo.com\/si\/aktualno\/slovenija\/alen-kobilica-bo-sodeloval-na-dirki-po-italiji\/","url":"https:\/\/hudo.com\/si\/aktualno\/slovenija\/alen-kobilica-bo-sodeloval-na-dirki-po-italiji\/","name":"Alen Kobilica bo sodeloval na dirki po Italiji - Hudo Slovenija","isPartOf":{"@id":"https:\/\/hudo.com\/si\/#website"},"datePublished":"2021-05-18T13:43:16+00:00","dateModified":"2021-05-18T13:43:16+00:00","breadcrumb":{"@id":"https:\/\/hudo.com\/si\/aktualno\/slovenija\/alen-kobilica-bo-sodeloval-na-dirki-po-italiji\/#breadcrumb"},"inLanguage":"sl-SI","potentialAction":[{"@type":"ReadAction","target":["https:\/\/hudo.com\/si\/aktualno\/slovenija\/alen-kobilica-bo-sodeloval-na-dirki-po-italiji\/"]}]},{"@type":"BreadcrumbList","@id":"https:\/\/hudo.com\/si\/aktualno\/slovenija\/alen-kobilica-bo-sodeloval-na-dirki-po-italiji\/#breadcrumb","itemListElement":[{"@type":"ListItem","position":1,"name":"Home","item":"https:\/\/hudo.com\/si\/"},{"@type":"ListItem","position":2,"name":"Alen Kobilica bo sodeloval na dirki po Italiji"}]},{"@type":"WebSite","@id":"https:\/\/hudo.com\/si\/#website","url":"https:\/\/hudo.com\/si\/","name":"Hudo Slovenija","description":"Vse novice iz Slovenije in sveta","publisher":{"@id":"https:\/\/hudo.com\/si\/#organization"},"potentialAction":[{"@type":"SearchAction","target":{"@type":"EntryPoint","urlTemplate":"https:\/\/hudo.com\/si\/?s={search_term_string}"},"query-input":"required name=search_term_string"}],"inLanguage":"sl-SI"},{"@type":"Organization","@id":"https:\/\/hudo.com\/si\/#organization","name":"VSN Media","url":"https:\/\/hudo.com\/si\/","logo":{"@type":"ImageObject","inLanguage":"sl-SI","@id":"https:\/\/hudo.com\/si\/#\/schema\/logo\/image\/","url":"https:\/\/hudo.com\/si\/wp-content\/uploads\/sites\/2\/2021\/03\/hudo-app-2.png","contentUrl":"https:\/\/hudo.com\/si\/wp-content\/uploads\/sites\/2\/2021\/03\/hudo-app-2.png","width":2185,"height":2167,"caption":"VSN Media"},"image":{"@id":"https:\/\/hudo.com\/si\/#\/schema\/logo\/image\/"},"sameAs":["https:\/\/www.facebook.com\/hudo.si","https:\/\/twitter.com\/hudo_si"]},{"@type":"Person","@id":"https:\/\/hudo.com\/si\/#\/schema\/person\/18f09c02475ba9e606e941a565b80cff","name":"A. P., STA","image":{"@type":"ImageObject","inLanguage":"sl-SI","@id":"https:\/\/hudo.com\/si\/#\/schema\/person\/image\/","url":"https:\/\/secure.gravatar.com\/avatar\/03eac8e609f5f04383125d80eaeaaf3e?s=96&d=mm&r=g","contentUrl":"https:\/\/secure.gravatar.com\/avatar\/03eac8e609f5f04383125d80eaeaaf3e?s=96&d=mm&r=g","caption":"A. P., STA"},"url":"https:\/\/hudo.com\/si\/author\/lubu\/"}]}},"amp_enabled":true,"_links":{"self":[{"href":"https:\/\/hudo.com\/si\/wp-json\/wp\/v2\/posts\/451559"}],"collection":[{"href":"https:\/\/hudo.com\/si\/wp-json\/wp\/v2\/posts"}],"about":[{"href":"https:\/\/hudo.com\/si\/wp-json\/wp\/v2\/types\/post"}],"author":[{"embeddable":true,"href":"https:\/\/hudo.com\/si\/wp-json\/wp\/v2\/users\/7"}],"replies":[{"embeddable":true,"href":"https:\/\/hudo.com\/si\/wp-json\/wp\/v2\/comments?post=451559"}],"version-history":[{"count":1,"href":"https:\/\/hudo.com\/si\/wp-json\/wp\/v2\/posts\/451559\/revisions"}],"predecessor-version":[{"id":451561,"href":"https:\/\/hudo.com\/si\/wp-json\/wp\/v2\/posts\/451559\/revisions\/451561"}],"wp:featuredmedia":[{"embeddable":true,"href":"https:\/\/hudo.com\/si\/wp-json\/wp\/v2\/media\/451560"}],"wp:attachment":[{"href":"https:\/\/hudo.com\/si\/wp-json\/wp\/v2\/media?parent=451559"}],"wp:term":[{"taxonomy":"category","embeddable":true,"href":"https:\/\/hudo.com\/si\/wp-json\/wp\/v2\/categories?post=451559"},{"taxonomy":"post_tag","embeddable":true,"href":"https:\/\/hudo.com\/si\/wp-json\/wp\/v2\/tags?post=451559"},{"taxonomy":"source","embeddable":true,"href":"https:\/\/hudo.com\/si\/wp-json\/wp\/v2\/source?post=451559"},{"taxonomy":"supertag","embeddable":true,"href":"https:\/\/hudo.com\/si\/wp-json\/wp\/v2\/supertag?post=451559"}],"curies":[{"name":"wp","href":"https:\/\/api.w.org\/{rel}","templated":true}]}}