{"id":451836,"date":"2021-05-23T14:29:05","date_gmt":"2021-05-23T12:29:05","guid":{"rendered":"https:\/\/hudo.com\/si\/?p=451836"},"modified":"2021-05-23T14:29:05","modified_gmt":"2021-05-23T12:29:05","slug":"slovenski-premier-jansa-sledi-madzarski-na-poti-avtoritarnosti","status":"publish","type":"post","link":"https:\/\/hudo.com\/si\/aktualno\/slovenija\/slovenski-premier-jansa-sledi-madzarski-na-poti-avtoritarnosti\/","title":{"rendered":"&#8221;Slovenski premier Jan\u0161a sledi Mad\u017earski na poti avtoritarnosti&#8221;"},"content":{"rendered":"<p>\u010casnik med drugim navaja izjavo predsednika ra\u010dunskega sodi\u0161\u010da Toma\u017ea Vesela, da so se napadi nanj za\u010deli kmalu po tistem, ko je ra\u010dunsko sodi\u0161\u010de za\u010delo preiskovati nabavo za\u0161\u010ditne in medicinske opreme za zajezitev \u0161irjenja novega koronavirusa.<\/p>\n<p>&#8220;Pri\u0161lo je do nenadne spremembe. Za\u010deli so se napadi na ra\u010dunsko sodi\u0161\u010de in zelo osebni napadi name, z jasnim namenom relativizirati morebitne ugotovljene nepravilnosti,&#8221; je za Financial Times dejal Vesel.<\/p>\n<p>Kot \u0161e navaja \u010dasnik, je revizija sicer ugotovila nepravilnosti pri javnih naro\u010dilih, a so revizorji obenem priznali, da je \u0161lo v zgodnjih dneh epidemije za nenavadno tekmo za zagotavljanje za\u0161\u010ditnih mask in opreme. Kljub temu so se napadi na Vesela nadaljevali, med drugim z vrsto zapisov na Twitterju, v katerih je Jan\u0161a izra\u017eal dvom o Veselovi integriteti, pi\u0161e \u010dasnik.<\/p>\n<p>Vesel je za Financial Times prav tako pojasnil, da je kmalu po objavi poro\u010dila prostore ra\u010dunskega sodi\u0161\u010da za\u010dela preiskovati policija, kar se je zgodilo prvi\u010d v njegovi karieri in v zgodovini institucije. &#8220;Upam, da je kaj resnega na stvari. V nasprotnem primeru gre za obliko politi\u010dnega pritiska,&#8221; je dodal. Ocenil je, da je v dr\u017eavi tudi sicer mogo\u010de \u010dutiti &#8220;kulturo nesprejemanja nadzornih mehanizmov&#8221;.<\/p>\n<p>Financial Times v nadaljevanju opozarja tudi na kritike razsodbe ustavnega sodi\u0161\u010da, da so vladne omejitve v \u010dasu pandemije neupravi\u010deno posegle v osebne svobo\u0161\u010dine, ki sta jih izra\u017eala premier Jan\u0161a in notranji minister Ale\u0161 Hojs. &#8220;V demokracijah bi morale obstajati meje sprejemljive kritike sodnikov, vendar na\u0161a vlada teh meja ne spo\u0161tuje,&#8221; je za \u010dasnik dejal ustavni sodnik Rok \u010ceferin.<\/p>\n<p>Prispevek opisuje tudi Jan\u0161evo vlogo v \u010dasu osamosvajanja in pospe\u0161evanja demokrati\u010dnih procesov v Sloveniji. Obenem pa se dotakne njegove obsodbe v zadevi Patria leta 2013, ki jo je ustavno sodi\u0161\u010de pozneje razveljavilo, \u010de\u0161 da Jan\u0161a \u017ee dolgo obto\u017euje medije, da so ga izrinili s polo\u017eaja.<\/p>\n<p>Prav tako navaja nekatere njegove zapise na Twitterju, v katerih kritizira medijske organizacije in novinarje, ter problematizira zastoj v financiranju Slovenske tiskovne agencije. V zvezi s slednjim je odgovorna urednica STA Barbara \u0160trukelj opozorila, da je agencija na robu insolventnosti.<\/p>\n<p>Marko Milosavljevi\u0107 s katedre za novinarstvo na fakulteti za dru\u017ebene vede (FVD) je v zvezi z odnosom vlade do medijev ocenil, da vlada sledi mad\u017earskim &#8220;strategijam, njihovim vzorcem cenzure in nadzora nad javnimi mediji&#8221;.<\/p>\n","protected":false},"excerpt":{"rendered":"<p>Premier Janez Jan\u0161a sledi Mad\u017earski na poti avtoritarnosti, v dana\u0161njem prispevku na spletu ocenjuje \u010dasnik Financial Times. Sklicuje se na izjave predsednika ra\u010dunskega sodi\u0161\u010da Toma\u017ea Vesela, ustavnega sodnika Roka \u010ceferina in Marka Milosavljevi\u0107a s FDV o vpra\u0161ljivih metodah ravnanja vlade v odnosu do nadzornih institucij, sodstva in medijev.<\/p>\n","protected":false},"author":7,"featured_media":375845,"comment_status":"closed","ping_status":"closed","sticky":false,"template":"","format":"standard","meta":{"footnotes":""},"categories":[18201],"tags":[5845],"source":[4511],"supertag":[],"acf":[],"yoast_head":"<!-- This site is optimized with the Yoast SEO plugin v21.3 - https:\/\/yoast.com\/wordpress\/plugins\/seo\/ -->\n<title>&#039;&#039;Slovenski premier Jan\u0161a sledi Mad\u017earski na poti avtoritarnosti&#039;&#039; - Hudo Slovenija<\/title>\n<meta name=\"robots\" content=\"index, follow, max-snippet:-1, max-image-preview:large, max-video-preview:-1\" \/>\n<link rel=\"canonical\" href=\"https:\/\/hudo.com\/si\/aktualno\/slovenija\/slovenski-premier-jansa-sledi-madzarski-na-poti-avtoritarnosti\/\" \/>\n<meta property=\"og:locale\" content=\"sl_SI\" \/>\n<meta property=\"og:type\" content=\"article\" \/>\n<meta property=\"og:title\" content=\"&#039;&#039;Slovenski premier Jan\u0161a sledi Mad\u017earski na poti avtoritarnosti&#039;&#039; - Hudo Slovenija\" \/>\n<meta property=\"og:description\" content=\"Premier Janez Jan\u0161a sledi Mad\u017earski na poti avtoritarnosti, v dana\u0161njem prispevku na spletu ocenjuje \u010dasnik Financial Times. Sklicuje se na izjave predsednika ra\u010dunskega sodi\u0161\u010da Toma\u017ea Vesela, ustavnega sodnika Roka \u010ceferina in Marka Milosavljevi\u0107a s FDV o vpra\u0161ljivih metodah ravnanja vlade v odnosu do nadzornih institucij, sodstva in medijev.\" \/>\n<meta property=\"og:url\" content=\"https:\/\/hudo.com\/si\/aktualno\/slovenija\/slovenski-premier-jansa-sledi-madzarski-na-poti-avtoritarnosti\/\" \/>\n<meta property=\"og:site_name\" content=\"Hudo Slovenija\" \/>\n<meta property=\"article:publisher\" content=\"https:\/\/www.facebook.com\/hudo.si\" \/>\n<meta property=\"article:published_time\" content=\"2021-05-23T12:29:05+00:00\" \/>\n<meta property=\"og:image\" content=\"https:\/\/hudo.com\/si\/wp-content\/uploads\/sites\/2\/2018\/08\/20180511-00859294.jpg\" \/>\n\t<meta property=\"og:image:width\" content=\"640\" \/>\n\t<meta property=\"og:image:height\" content=\"426\" \/>\n\t<meta property=\"og:image:type\" content=\"image\/jpeg\" \/>\n<meta name=\"author\" content=\"A. P., STA\" \/>\n<meta name=\"twitter:card\" content=\"summary_large_image\" \/>\n<meta name=\"twitter:creator\" content=\"@hudo_si\" \/>\n<meta name=\"twitter:site\" content=\"@hudo_si\" \/>\n<meta name=\"twitter:label1\" content=\"Written by\" \/>\n\t<meta name=\"twitter:data1\" content=\"A. P., STA\" \/>\n\t<meta name=\"twitter:label2\" content=\"Est. reading time\" \/>\n\t<meta name=\"twitter:data2\" content=\"2 minuti\" \/>\n<script type=\"application\/ld+json\" class=\"yoast-schema-graph\">{\"@context\":\"https:\/\/schema.org\",\"@graph\":[{\"@type\":\"Article\",\"@id\":\"https:\/\/hudo.com\/si\/aktualno\/slovenija\/slovenski-premier-jansa-sledi-madzarski-na-poti-avtoritarnosti\/#article\",\"isPartOf\":{\"@id\":\"https:\/\/hudo.com\/si\/aktualno\/slovenija\/slovenski-premier-jansa-sledi-madzarski-na-poti-avtoritarnosti\/\"},\"author\":{\"name\":\"A. P., STA\",\"@id\":\"https:\/\/hudo.com\/si\/#\/schema\/person\/18f09c02475ba9e606e941a565b80cff\"},\"headline\":\"&#8221;Slovenski premier Jan\u0161a sledi Mad\u017earski na poti avtoritarnosti&#8221;\",\"datePublished\":\"2021-05-23T12:29:05+00:00\",\"dateModified\":\"2021-05-23T12:29:05+00:00\",\"mainEntityOfPage\":{\"@id\":\"https:\/\/hudo.com\/si\/aktualno\/slovenija\/slovenski-premier-jansa-sledi-madzarski-na-poti-avtoritarnosti\/\"},\"wordCount\":413,\"publisher\":{\"@id\":\"https:\/\/hudo.com\/si\/#organization\"},\"keywords\":[\"janez jan\u0161a\"],\"articleSection\":[\"Slovenija\"],\"inLanguage\":\"sl-SI\"},{\"@type\":\"WebPage\",\"@id\":\"https:\/\/hudo.com\/si\/aktualno\/slovenija\/slovenski-premier-jansa-sledi-madzarski-na-poti-avtoritarnosti\/\",\"url\":\"https:\/\/hudo.com\/si\/aktualno\/slovenija\/slovenski-premier-jansa-sledi-madzarski-na-poti-avtoritarnosti\/\",\"name\":\"''Slovenski premier Jan\u0161a sledi Mad\u017earski na poti avtoritarnosti'' - Hudo Slovenija\",\"isPartOf\":{\"@id\":\"https:\/\/hudo.com\/si\/#website\"},\"datePublished\":\"2021-05-23T12:29:05+00:00\",\"dateModified\":\"2021-05-23T12:29:05+00:00\",\"breadcrumb\":{\"@id\":\"https:\/\/hudo.com\/si\/aktualno\/slovenija\/slovenski-premier-jansa-sledi-madzarski-na-poti-avtoritarnosti\/#breadcrumb\"},\"inLanguage\":\"sl-SI\",\"potentialAction\":[{\"@type\":\"ReadAction\",\"target\":[\"https:\/\/hudo.com\/si\/aktualno\/slovenija\/slovenski-premier-jansa-sledi-madzarski-na-poti-avtoritarnosti\/\"]}]},{\"@type\":\"BreadcrumbList\",\"@id\":\"https:\/\/hudo.com\/si\/aktualno\/slovenija\/slovenski-premier-jansa-sledi-madzarski-na-poti-avtoritarnosti\/#breadcrumb\",\"itemListElement\":[{\"@type\":\"ListItem\",\"position\":1,\"name\":\"Home\",\"item\":\"https:\/\/hudo.com\/si\/\"},{\"@type\":\"ListItem\",\"position\":2,\"name\":\"&#8221;Slovenski premier Jan\u0161a sledi Mad\u017earski na poti avtoritarnosti&#8221;\"}]},{\"@type\":\"WebSite\",\"@id\":\"https:\/\/hudo.com\/si\/#website\",\"url\":\"https:\/\/hudo.com\/si\/\",\"name\":\"Hudo Slovenija\",\"description\":\"Vse novice iz Slovenije in sveta\",\"publisher\":{\"@id\":\"https:\/\/hudo.com\/si\/#organization\"},\"potentialAction\":[{\"@type\":\"SearchAction\",\"target\":{\"@type\":\"EntryPoint\",\"urlTemplate\":\"https:\/\/hudo.com\/si\/?s={search_term_string}\"},\"query-input\":\"required name=search_term_string\"}],\"inLanguage\":\"sl-SI\"},{\"@type\":\"Organization\",\"@id\":\"https:\/\/hudo.com\/si\/#organization\",\"name\":\"VSN Media\",\"url\":\"https:\/\/hudo.com\/si\/\",\"logo\":{\"@type\":\"ImageObject\",\"inLanguage\":\"sl-SI\",\"@id\":\"https:\/\/hudo.com\/si\/#\/schema\/logo\/image\/\",\"url\":\"https:\/\/hudo.com\/si\/wp-content\/uploads\/sites\/2\/2021\/03\/hudo-app-2.png\",\"contentUrl\":\"https:\/\/hudo.com\/si\/wp-content\/uploads\/sites\/2\/2021\/03\/hudo-app-2.png\",\"width\":2185,\"height\":2167,\"caption\":\"VSN Media\"},\"image\":{\"@id\":\"https:\/\/hudo.com\/si\/#\/schema\/logo\/image\/\"},\"sameAs\":[\"https:\/\/www.facebook.com\/hudo.si\",\"https:\/\/twitter.com\/hudo_si\"]},{\"@type\":\"Person\",\"@id\":\"https:\/\/hudo.com\/si\/#\/schema\/person\/18f09c02475ba9e606e941a565b80cff\",\"name\":\"A. P., STA\",\"image\":{\"@type\":\"ImageObject\",\"inLanguage\":\"sl-SI\",\"@id\":\"https:\/\/hudo.com\/si\/#\/schema\/person\/image\/\",\"url\":\"https:\/\/secure.gravatar.com\/avatar\/03eac8e609f5f04383125d80eaeaaf3e?s=96&d=mm&r=g\",\"contentUrl\":\"https:\/\/secure.gravatar.com\/avatar\/03eac8e609f5f04383125d80eaeaaf3e?s=96&d=mm&r=g\",\"caption\":\"A. P., STA\"},\"url\":\"https:\/\/hudo.com\/si\/author\/lubu\/\"}]}<\/script>\n<!-- \/ Yoast SEO plugin. -->","yoast_head_json":{"title":"''Slovenski premier Jan\u0161a sledi Mad\u017earski na poti avtoritarnosti'' - Hudo Slovenija","robots":{"index":"index","follow":"follow","max-snippet":"max-snippet:-1","max-image-preview":"max-image-preview:large","max-video-preview":"max-video-preview:-1"},"canonical":"https:\/\/hudo.com\/si\/aktualno\/slovenija\/slovenski-premier-jansa-sledi-madzarski-na-poti-avtoritarnosti\/","og_locale":"sl_SI","og_type":"article","og_title":"''Slovenski premier Jan\u0161a sledi Mad\u017earski na poti avtoritarnosti'' - Hudo Slovenija","og_description":"Premier Janez Jan\u0161a sledi Mad\u017earski na poti avtoritarnosti, v dana\u0161njem prispevku na spletu ocenjuje \u010dasnik Financial Times. Sklicuje se na izjave predsednika ra\u010dunskega sodi\u0161\u010da Toma\u017ea Vesela, ustavnega sodnika Roka \u010ceferina in Marka Milosavljevi\u0107a s FDV o vpra\u0161ljivih metodah ravnanja vlade v odnosu do nadzornih institucij, sodstva in medijev.","og_url":"https:\/\/hudo.com\/si\/aktualno\/slovenija\/slovenski-premier-jansa-sledi-madzarski-na-poti-avtoritarnosti\/","og_site_name":"Hudo Slovenija","article_publisher":"https:\/\/www.facebook.com\/hudo.si","article_published_time":"2021-05-23T12:29:05+00:00","og_image":[{"width":640,"height":426,"url":"https:\/\/hudo.com\/si\/wp-content\/uploads\/sites\/2\/2018\/08\/20180511-00859294.jpg","type":"image\/jpeg"}],"author":"A. P., STA","twitter_card":"summary_large_image","twitter_creator":"@hudo_si","twitter_site":"@hudo_si","twitter_misc":{"Written by":"A. P., STA","Est. reading time":"2 minuti"},"schema":{"@context":"https:\/\/schema.org","@graph":[{"@type":"Article","@id":"https:\/\/hudo.com\/si\/aktualno\/slovenija\/slovenski-premier-jansa-sledi-madzarski-na-poti-avtoritarnosti\/#article","isPartOf":{"@id":"https:\/\/hudo.com\/si\/aktualno\/slovenija\/slovenski-premier-jansa-sledi-madzarski-na-poti-avtoritarnosti\/"},"author":{"name":"A. P., STA","@id":"https:\/\/hudo.com\/si\/#\/schema\/person\/18f09c02475ba9e606e941a565b80cff"},"headline":"&#8221;Slovenski premier Jan\u0161a sledi Mad\u017earski na poti avtoritarnosti&#8221;","datePublished":"2021-05-23T12:29:05+00:00","dateModified":"2021-05-23T12:29:05+00:00","mainEntityOfPage":{"@id":"https:\/\/hudo.com\/si\/aktualno\/slovenija\/slovenski-premier-jansa-sledi-madzarski-na-poti-avtoritarnosti\/"},"wordCount":413,"publisher":{"@id":"https:\/\/hudo.com\/si\/#organization"},"keywords":["janez jan\u0161a"],"articleSection":["Slovenija"],"inLanguage":"sl-SI"},{"@type":"WebPage","@id":"https:\/\/hudo.com\/si\/aktualno\/slovenija\/slovenski-premier-jansa-sledi-madzarski-na-poti-avtoritarnosti\/","url":"https:\/\/hudo.com\/si\/aktualno\/slovenija\/slovenski-premier-jansa-sledi-madzarski-na-poti-avtoritarnosti\/","name":"''Slovenski premier Jan\u0161a sledi Mad\u017earski na poti avtoritarnosti'' - Hudo Slovenija","isPartOf":{"@id":"https:\/\/hudo.com\/si\/#website"},"datePublished":"2021-05-23T12:29:05+00:00","dateModified":"2021-05-23T12:29:05+00:00","breadcrumb":{"@id":"https:\/\/hudo.com\/si\/aktualno\/slovenija\/slovenski-premier-jansa-sledi-madzarski-na-poti-avtoritarnosti\/#breadcrumb"},"inLanguage":"sl-SI","potentialAction":[{"@type":"ReadAction","target":["https:\/\/hudo.com\/si\/aktualno\/slovenija\/slovenski-premier-jansa-sledi-madzarski-na-poti-avtoritarnosti\/"]}]},{"@type":"BreadcrumbList","@id":"https:\/\/hudo.com\/si\/aktualno\/slovenija\/slovenski-premier-jansa-sledi-madzarski-na-poti-avtoritarnosti\/#breadcrumb","itemListElement":[{"@type":"ListItem","position":1,"name":"Home","item":"https:\/\/hudo.com\/si\/"},{"@type":"ListItem","position":2,"name":"&#8221;Slovenski premier Jan\u0161a sledi Mad\u017earski na poti avtoritarnosti&#8221;"}]},{"@type":"WebSite","@id":"https:\/\/hudo.com\/si\/#website","url":"https:\/\/hudo.com\/si\/","name":"Hudo Slovenija","description":"Vse novice iz Slovenije in sveta","publisher":{"@id":"https:\/\/hudo.com\/si\/#organization"},"potentialAction":[{"@type":"SearchAction","target":{"@type":"EntryPoint","urlTemplate":"https:\/\/hudo.com\/si\/?s={search_term_string}"},"query-input":"required name=search_term_string"}],"inLanguage":"sl-SI"},{"@type":"Organization","@id":"https:\/\/hudo.com\/si\/#organization","name":"VSN Media","url":"https:\/\/hudo.com\/si\/","logo":{"@type":"ImageObject","inLanguage":"sl-SI","@id":"https:\/\/hudo.com\/si\/#\/schema\/logo\/image\/","url":"https:\/\/hudo.com\/si\/wp-content\/uploads\/sites\/2\/2021\/03\/hudo-app-2.png","contentUrl":"https:\/\/hudo.com\/si\/wp-content\/uploads\/sites\/2\/2021\/03\/hudo-app-2.png","width":2185,"height":2167,"caption":"VSN Media"},"image":{"@id":"https:\/\/hudo.com\/si\/#\/schema\/logo\/image\/"},"sameAs":["https:\/\/www.facebook.com\/hudo.si","https:\/\/twitter.com\/hudo_si"]},{"@type":"Person","@id":"https:\/\/hudo.com\/si\/#\/schema\/person\/18f09c02475ba9e606e941a565b80cff","name":"A. P., STA","image":{"@type":"ImageObject","inLanguage":"sl-SI","@id":"https:\/\/hudo.com\/si\/#\/schema\/person\/image\/","url":"https:\/\/secure.gravatar.com\/avatar\/03eac8e609f5f04383125d80eaeaaf3e?s=96&d=mm&r=g","contentUrl":"https:\/\/secure.gravatar.com\/avatar\/03eac8e609f5f04383125d80eaeaaf3e?s=96&d=mm&r=g","caption":"A. P., STA"},"url":"https:\/\/hudo.com\/si\/author\/lubu\/"}]}},"amp_enabled":true,"_links":{"self":[{"href":"https:\/\/hudo.com\/si\/wp-json\/wp\/v2\/posts\/451836"}],"collection":[{"href":"https:\/\/hudo.com\/si\/wp-json\/wp\/v2\/posts"}],"about":[{"href":"https:\/\/hudo.com\/si\/wp-json\/wp\/v2\/types\/post"}],"author":[{"embeddable":true,"href":"https:\/\/hudo.com\/si\/wp-json\/wp\/v2\/users\/7"}],"replies":[{"embeddable":true,"href":"https:\/\/hudo.com\/si\/wp-json\/wp\/v2\/comments?post=451836"}],"version-history":[{"count":1,"href":"https:\/\/hudo.com\/si\/wp-json\/wp\/v2\/posts\/451836\/revisions"}],"predecessor-version":[{"id":451837,"href":"https:\/\/hudo.com\/si\/wp-json\/wp\/v2\/posts\/451836\/revisions\/451837"}],"wp:featuredmedia":[{"embeddable":true,"href":"https:\/\/hudo.com\/si\/wp-json\/wp\/v2\/media\/375845"}],"wp:attachment":[{"href":"https:\/\/hudo.com\/si\/wp-json\/wp\/v2\/media?parent=451836"}],"wp:term":[{"taxonomy":"category","embeddable":true,"href":"https:\/\/hudo.com\/si\/wp-json\/wp\/v2\/categories?post=451836"},{"taxonomy":"post_tag","embeddable":true,"href":"https:\/\/hudo.com\/si\/wp-json\/wp\/v2\/tags?post=451836"},{"taxonomy":"source","embeddable":true,"href":"https:\/\/hudo.com\/si\/wp-json\/wp\/v2\/source?post=451836"},{"taxonomy":"supertag","embeddable":true,"href":"https:\/\/hudo.com\/si\/wp-json\/wp\/v2\/supertag?post=451836"}],"curies":[{"name":"wp","href":"https:\/\/api.w.org\/{rel}","templated":true}]}}