{"id":451845,"date":"2021-05-23T20:05:52","date_gmt":"2021-05-23T18:05:52","guid":{"rendered":"https:\/\/hudo.com\/si\/?p=451845"},"modified":"2021-05-23T20:05:52","modified_gmt":"2021-05-23T18:05:52","slug":"goriska-brda-in-nova-gorica-sta-bili-danes-odeti-v-roznato","status":"publish","type":"post","link":"https:\/\/hudo.com\/si\/sport\/goriska-brda-in-nova-gorica-sta-bili-danes-odeti-v-roznato\/","title":{"rendered":"Gori\u0161ka Brda in Nova Gorica sta bili danes odeti v ro\u017enato"},"content":{"rendered":"<p>Kolesarske dirke ni bilo mogo\u010de uradno spremljati in navijati, kolesarje so lahko pozdravljali le &#8220;naklju\u010dni&#8221; obiskovalci Gori\u0161kih Brd in Nove Gorice. Teh pa je bilo ob celotni slovenski trasi Dirke po Italiji, dolgi pribli\u017eno 40 kilometrov, ve\u010d tiso\u010d, najve\u010d zagotovo na strmem vzponu med Vipol\u017eami in Gornjim Cerovim in na Trgu Evropa v Novi Gorici.<\/p>\n<p>\u010ceprav je bilo napovedano de\u017eevno vreme, je ljudi na novogori\u0161ke ulice privabilo delno son\u010dno vreme. &#8220;Prvi tak dogodek po za\u010detku epidemije je, zato smo tako mno\u017ei\u010dno pri\u0161li iz svojih stanovanj in hi\u0161,&#8221; je za STA povedala ena izmed obiskovalk na Trgu Evropa. Tam je potekal tudi program z glasbo v \u017eivo.<\/p>\n<p>Drugi obiskovalec, doma\u010din iz Gorice, pa je dejal, da je pri\u0161el na slovensko stran zato, ker \u017eivi blizu meje, na cilju sredi Gorice pa je bila \u017ee okrog poldneva ve\u010dja gne\u010da. Spet drugi so hiteli povedati, da so pri\u0161li navijati za kolesarje, \u0161e posebej za edinega ostalega Slovenca na Giru Jana Tratnika.<\/p>\n<p>&#8220;Ta trg je videl veliko hudega, v zadnjem \u010dasu tudi veliko lepega. In vsakokrat, ko so tu objemi in poljubi in veselje in lep dan, je najlep\u0161e priti ravno sem, na trg,&#8221; je svojo odlo\u010ditev za prihod na Trg Evropa opisala druga obiskovalka.<\/p>\n<p>Redarji pa nad dogajanjem niso bili prav navdu\u0161eni, saj so morali nenehno opozarjati ljudi na to, da naj ne hodijo po cesti, veliko jih je bilo tudi brez za\u0161\u010ditnih mask in brez primerne varnostne razdalje.<\/p>\n<p>Vzdu\u0161je je ravno ob prihodu prve skupine ube\u017enih kolesarjev skozi Novo Gorico nekoliko pokvaril de\u017e, vendar ploha ni trajala dolgo. Glavnina kolesarjev pa se je nato pripeljala preko lete\u010dega cilja na Trgu Evropa \u017ee potem, ko je de\u017e ponehal, in so jih gledalci pospremili z navdu\u0161enim aplavzom in glasnim spodbujanjem.<\/p>\n<p>&#8220;Gre za izjemno promocijsko prilo\u017enost ne zgolj za kraje, ki so se v 15. etapi obarvali v roza barvo, temve\u010d za celotno Slovenijo in Furlanijo &#8211; Julijsko krajino, zato smo v Mestni ob\u010dini Nova Gorica in v Ob\u010dini Brda pripravili ve\u010d kot 30 spremljevalnih aktivnosti,&#8221; je pred dirko povedal novogori\u0161ki pod\u017eupan Simon Rosi\u010d.<\/p>\n<p>Zato so se slovenski gostitelji dirke po Italiji zelo potrudili za svojo prepoznavnost. Traso 15. etape so v preteklih tednih popestrili umetniki in umetnice iz Francije, Italije in Slovenije. Na petih lokacijah so v sklopu projekta GO! 2025 &#8211; Evropska prestolnica ustvarili stenske poslikave in grafite na temo Svobode gibanja.<\/p>\n<p>Otroci osnovnih \u0161ol in vrtcev so pripravili umetni\u0161ke dobrodo\u0161lice, ki so jih razobesili ob trasi na Trgu Evrope. \u0160ole in vrtci Mestne ob\u010dine Nova Gorica ter nekaj \u0161ol in vrtcev iz Gorice so tematske risbe ter in\u0161talacije razstavili na mejni ograji vzdol\u017e Kolodvorske poti. V Brdih so u\u010denci osnovne \u0161ole na Dobrovem in v Kojskem s pripadajo\u010dima vrtcema postavili roza kolesa ter lon\u010dnice ob \u0161olah, na strehi \u0161ole v Kojskem in na igri\u0161\u010du pri \u0161oli na Dobrovem pa pozdravni napis.<\/p>\n<p>Na trasi od Medane proti Ple\u0161ivemu so postavili dve preko sedem metrov visoki steklenici s posvetilom. Na Cerovskem klancu, kjer je bilo zaradi atraktivnega strmega naklona, ki so ga morali premagati kolesarji, je posnetke iz zraka lovila bri\u0161ka \u010de\u0161nja v velikosti 50 krat 37 metrov. Velik dres (pol ro\u017enat za dirko po Italiji, pol zelen za dirko Po Sloveniji) je obe\u0161en na novi stavbi Tisa v Novi Gorici, prav tako velik dres pozdravlja obiskovalce na trgu v Medani v Gori\u0161kih Brdih.<\/p>\n<p>Trajno pa bo v Novi Gorici in okolici ostalo 1000 ro\u017enatih vrtnic, ki so jih posadili v zadnjih dneh.<\/p>\n<p>Nova Gorica, ki je danes dihala &#8220;kolesarsko&#8221;, bo podobnega spektakla ponovno dele\u017ena \u010dez slabe tri tedne. Na Sveti gori nad Novo Gorico bo namre\u010d cilj predzadnje, kraljevske etape dirke po Sloveniji s startom v Ajdov\u0161\u010dini.<\/p>\n","protected":false},"excerpt":{"rendered":"<p>Mestna ob\u010dina Nova Gorica in Ob\u010dina Brda sta se v pri\u010dakovanju prihoda dirke po Italiji na Gori\u0161ko v zadnjih dneh odeli v ro\u017enato. Obiskovalce Gori\u0161ke so na vsakem koraku spremljala ro\u017enata kolesa, po ve\u010djih kro\u017ei\u0161\u010dih v Novi Gorici in na celotni trasi Brd so izobe\u0161ene roza zastave z logotipom Gira d&#8217;Italie in zelene z logotipom dirke po Sloveniji.<\/p>\n","protected":false},"author":7,"featured_media":451846,"comment_status":"closed","ping_status":"closed","sticky":false,"template":"","format":"standard","meta":{"footnotes":""},"categories":[18201,18176],"tags":[17434],"source":[4511],"supertag":[],"acf":[],"yoast_head":"<!-- This site is optimized with the Yoast SEO plugin v21.3 - https:\/\/yoast.com\/wordpress\/plugins\/seo\/ -->\n<title>Gori\u0161ka Brda in Nova Gorica sta bili danes odeti v ro\u017enato - Hudo Slovenija<\/title>\n<meta name=\"robots\" content=\"index, follow, max-snippet:-1, max-image-preview:large, max-video-preview:-1\" \/>\n<link rel=\"canonical\" href=\"https:\/\/hudo.com\/si\/sport\/goriska-brda-in-nova-gorica-sta-bili-danes-odeti-v-roznato\/\" \/>\n<meta property=\"og:locale\" content=\"sl_SI\" \/>\n<meta property=\"og:type\" content=\"article\" \/>\n<meta property=\"og:title\" content=\"Gori\u0161ka Brda in Nova Gorica sta bili danes odeti v ro\u017enato - Hudo Slovenija\" \/>\n<meta property=\"og:description\" content=\"Mestna ob\u010dina Nova Gorica in Ob\u010dina Brda sta se v pri\u010dakovanju prihoda dirke po Italiji na Gori\u0161ko v zadnjih dneh odeli v ro\u017enato. Obiskovalce Gori\u0161ke so na vsakem koraku spremljala ro\u017enata kolesa, po ve\u010djih kro\u017ei\u0161\u010dih v Novi Gorici in na celotni trasi Brd so izobe\u0161ene roza zastave z logotipom Gira d&#039;Italie in zelene z logotipom dirke po Sloveniji.\" \/>\n<meta property=\"og:url\" content=\"https:\/\/hudo.com\/si\/sport\/goriska-brda-in-nova-gorica-sta-bili-danes-odeti-v-roznato\/\" \/>\n<meta property=\"og:site_name\" content=\"Hudo Slovenija\" \/>\n<meta property=\"article:publisher\" content=\"https:\/\/www.facebook.com\/hudo.si\" \/>\n<meta property=\"article:published_time\" content=\"2021-05-23T18:05:52+00:00\" \/>\n<meta property=\"og:image\" content=\"https:\/\/hudo.com\/si\/wp-content\/uploads\/sites\/2\/2021\/05\/profimedia-0612296132.jpg\" \/>\n\t<meta property=\"og:image:width\" content=\"1250\" \/>\n\t<meta property=\"og:image:height\" content=\"833\" \/>\n\t<meta property=\"og:image:type\" content=\"image\/jpeg\" \/>\n<meta name=\"author\" content=\"A. P., STA\" \/>\n<meta name=\"twitter:card\" content=\"summary_large_image\" \/>\n<meta name=\"twitter:creator\" content=\"@hudo_si\" \/>\n<meta name=\"twitter:site\" content=\"@hudo_si\" \/>\n<meta name=\"twitter:label1\" content=\"Written by\" \/>\n\t<meta name=\"twitter:data1\" content=\"A. P., STA\" \/>\n\t<meta name=\"twitter:label2\" content=\"Est. reading time\" \/>\n\t<meta name=\"twitter:data2\" content=\"3 minute\" \/>\n<script type=\"application\/ld+json\" class=\"yoast-schema-graph\">{\"@context\":\"https:\/\/schema.org\",\"@graph\":[{\"@type\":\"Article\",\"@id\":\"https:\/\/hudo.com\/si\/sport\/goriska-brda-in-nova-gorica-sta-bili-danes-odeti-v-roznato\/#article\",\"isPartOf\":{\"@id\":\"https:\/\/hudo.com\/si\/sport\/goriska-brda-in-nova-gorica-sta-bili-danes-odeti-v-roznato\/\"},\"author\":{\"name\":\"A. P., STA\",\"@id\":\"https:\/\/hudo.com\/si\/#\/schema\/person\/18f09c02475ba9e606e941a565b80cff\"},\"headline\":\"Gori\u0161ka Brda in Nova Gorica sta bili danes odeti v ro\u017enato\",\"datePublished\":\"2021-05-23T18:05:52+00:00\",\"dateModified\":\"2021-05-23T18:05:52+00:00\",\"mainEntityOfPage\":{\"@id\":\"https:\/\/hudo.com\/si\/sport\/goriska-brda-in-nova-gorica-sta-bili-danes-odeti-v-roznato\/\"},\"wordCount\":656,\"publisher\":{\"@id\":\"https:\/\/hudo.com\/si\/#organization\"},\"keywords\":[\"giro d'italia\"],\"articleSection\":[\"Slovenija\",\"\u0160port\"],\"inLanguage\":\"sl-SI\"},{\"@type\":\"WebPage\",\"@id\":\"https:\/\/hudo.com\/si\/sport\/goriska-brda-in-nova-gorica-sta-bili-danes-odeti-v-roznato\/\",\"url\":\"https:\/\/hudo.com\/si\/sport\/goriska-brda-in-nova-gorica-sta-bili-danes-odeti-v-roznato\/\",\"name\":\"Gori\u0161ka Brda in Nova Gorica sta bili danes odeti v ro\u017enato - Hudo Slovenija\",\"isPartOf\":{\"@id\":\"https:\/\/hudo.com\/si\/#website\"},\"datePublished\":\"2021-05-23T18:05:52+00:00\",\"dateModified\":\"2021-05-23T18:05:52+00:00\",\"breadcrumb\":{\"@id\":\"https:\/\/hudo.com\/si\/sport\/goriska-brda-in-nova-gorica-sta-bili-danes-odeti-v-roznato\/#breadcrumb\"},\"inLanguage\":\"sl-SI\",\"potentialAction\":[{\"@type\":\"ReadAction\",\"target\":[\"https:\/\/hudo.com\/si\/sport\/goriska-brda-in-nova-gorica-sta-bili-danes-odeti-v-roznato\/\"]}]},{\"@type\":\"BreadcrumbList\",\"@id\":\"https:\/\/hudo.com\/si\/sport\/goriska-brda-in-nova-gorica-sta-bili-danes-odeti-v-roznato\/#breadcrumb\",\"itemListElement\":[{\"@type\":\"ListItem\",\"position\":1,\"name\":\"Home\",\"item\":\"https:\/\/hudo.com\/si\/\"},{\"@type\":\"ListItem\",\"position\":2,\"name\":\"Gori\u0161ka Brda in Nova Gorica sta bili danes odeti v ro\u017enato\"}]},{\"@type\":\"WebSite\",\"@id\":\"https:\/\/hudo.com\/si\/#website\",\"url\":\"https:\/\/hudo.com\/si\/\",\"name\":\"Hudo Slovenija\",\"description\":\"Vse novice iz Slovenije in sveta\",\"publisher\":{\"@id\":\"https:\/\/hudo.com\/si\/#organization\"},\"potentialAction\":[{\"@type\":\"SearchAction\",\"target\":{\"@type\":\"EntryPoint\",\"urlTemplate\":\"https:\/\/hudo.com\/si\/?s={search_term_string}\"},\"query-input\":\"required name=search_term_string\"}],\"inLanguage\":\"sl-SI\"},{\"@type\":\"Organization\",\"@id\":\"https:\/\/hudo.com\/si\/#organization\",\"name\":\"VSN Media\",\"url\":\"https:\/\/hudo.com\/si\/\",\"logo\":{\"@type\":\"ImageObject\",\"inLanguage\":\"sl-SI\",\"@id\":\"https:\/\/hudo.com\/si\/#\/schema\/logo\/image\/\",\"url\":\"https:\/\/hudo.com\/si\/wp-content\/uploads\/sites\/2\/2021\/03\/hudo-app-2.png\",\"contentUrl\":\"https:\/\/hudo.com\/si\/wp-content\/uploads\/sites\/2\/2021\/03\/hudo-app-2.png\",\"width\":2185,\"height\":2167,\"caption\":\"VSN Media\"},\"image\":{\"@id\":\"https:\/\/hudo.com\/si\/#\/schema\/logo\/image\/\"},\"sameAs\":[\"https:\/\/www.facebook.com\/hudo.si\",\"https:\/\/twitter.com\/hudo_si\"]},{\"@type\":\"Person\",\"@id\":\"https:\/\/hudo.com\/si\/#\/schema\/person\/18f09c02475ba9e606e941a565b80cff\",\"name\":\"A. P., STA\",\"image\":{\"@type\":\"ImageObject\",\"inLanguage\":\"sl-SI\",\"@id\":\"https:\/\/hudo.com\/si\/#\/schema\/person\/image\/\",\"url\":\"https:\/\/secure.gravatar.com\/avatar\/03eac8e609f5f04383125d80eaeaaf3e?s=96&d=mm&r=g\",\"contentUrl\":\"https:\/\/secure.gravatar.com\/avatar\/03eac8e609f5f04383125d80eaeaaf3e?s=96&d=mm&r=g\",\"caption\":\"A. P., STA\"},\"url\":\"https:\/\/hudo.com\/si\/author\/lubu\/\"}]}<\/script>\n<!-- \/ Yoast SEO plugin. -->","yoast_head_json":{"title":"Gori\u0161ka Brda in Nova Gorica sta bili danes odeti v ro\u017enato - Hudo Slovenija","robots":{"index":"index","follow":"follow","max-snippet":"max-snippet:-1","max-image-preview":"max-image-preview:large","max-video-preview":"max-video-preview:-1"},"canonical":"https:\/\/hudo.com\/si\/sport\/goriska-brda-in-nova-gorica-sta-bili-danes-odeti-v-roznato\/","og_locale":"sl_SI","og_type":"article","og_title":"Gori\u0161ka Brda in Nova Gorica sta bili danes odeti v ro\u017enato - Hudo Slovenija","og_description":"Mestna ob\u010dina Nova Gorica in Ob\u010dina Brda sta se v pri\u010dakovanju prihoda dirke po Italiji na Gori\u0161ko v zadnjih dneh odeli v ro\u017enato. Obiskovalce Gori\u0161ke so na vsakem koraku spremljala ro\u017enata kolesa, po ve\u010djih kro\u017ei\u0161\u010dih v Novi Gorici in na celotni trasi Brd so izobe\u0161ene roza zastave z logotipom Gira d'Italie in zelene z logotipom dirke po Sloveniji.","og_url":"https:\/\/hudo.com\/si\/sport\/goriska-brda-in-nova-gorica-sta-bili-danes-odeti-v-roznato\/","og_site_name":"Hudo Slovenija","article_publisher":"https:\/\/www.facebook.com\/hudo.si","article_published_time":"2021-05-23T18:05:52+00:00","og_image":[{"width":1250,"height":833,"url":"https:\/\/hudo.com\/si\/wp-content\/uploads\/sites\/2\/2021\/05\/profimedia-0612296132.jpg","type":"image\/jpeg"}],"author":"A. P., STA","twitter_card":"summary_large_image","twitter_creator":"@hudo_si","twitter_site":"@hudo_si","twitter_misc":{"Written by":"A. P., STA","Est. reading time":"3 minute"},"schema":{"@context":"https:\/\/schema.org","@graph":[{"@type":"Article","@id":"https:\/\/hudo.com\/si\/sport\/goriska-brda-in-nova-gorica-sta-bili-danes-odeti-v-roznato\/#article","isPartOf":{"@id":"https:\/\/hudo.com\/si\/sport\/goriska-brda-in-nova-gorica-sta-bili-danes-odeti-v-roznato\/"},"author":{"name":"A. P., STA","@id":"https:\/\/hudo.com\/si\/#\/schema\/person\/18f09c02475ba9e606e941a565b80cff"},"headline":"Gori\u0161ka Brda in Nova Gorica sta bili danes odeti v ro\u017enato","datePublished":"2021-05-23T18:05:52+00:00","dateModified":"2021-05-23T18:05:52+00:00","mainEntityOfPage":{"@id":"https:\/\/hudo.com\/si\/sport\/goriska-brda-in-nova-gorica-sta-bili-danes-odeti-v-roznato\/"},"wordCount":656,"publisher":{"@id":"https:\/\/hudo.com\/si\/#organization"},"keywords":["giro d'italia"],"articleSection":["Slovenija","\u0160port"],"inLanguage":"sl-SI"},{"@type":"WebPage","@id":"https:\/\/hudo.com\/si\/sport\/goriska-brda-in-nova-gorica-sta-bili-danes-odeti-v-roznato\/","url":"https:\/\/hudo.com\/si\/sport\/goriska-brda-in-nova-gorica-sta-bili-danes-odeti-v-roznato\/","name":"Gori\u0161ka Brda in Nova Gorica sta bili danes odeti v ro\u017enato - Hudo Slovenija","isPartOf":{"@id":"https:\/\/hudo.com\/si\/#website"},"datePublished":"2021-05-23T18:05:52+00:00","dateModified":"2021-05-23T18:05:52+00:00","breadcrumb":{"@id":"https:\/\/hudo.com\/si\/sport\/goriska-brda-in-nova-gorica-sta-bili-danes-odeti-v-roznato\/#breadcrumb"},"inLanguage":"sl-SI","potentialAction":[{"@type":"ReadAction","target":["https:\/\/hudo.com\/si\/sport\/goriska-brda-in-nova-gorica-sta-bili-danes-odeti-v-roznato\/"]}]},{"@type":"BreadcrumbList","@id":"https:\/\/hudo.com\/si\/sport\/goriska-brda-in-nova-gorica-sta-bili-danes-odeti-v-roznato\/#breadcrumb","itemListElement":[{"@type":"ListItem","position":1,"name":"Home","item":"https:\/\/hudo.com\/si\/"},{"@type":"ListItem","position":2,"name":"Gori\u0161ka Brda in Nova Gorica sta bili danes odeti v ro\u017enato"}]},{"@type":"WebSite","@id":"https:\/\/hudo.com\/si\/#website","url":"https:\/\/hudo.com\/si\/","name":"Hudo Slovenija","description":"Vse novice iz Slovenije in sveta","publisher":{"@id":"https:\/\/hudo.com\/si\/#organization"},"potentialAction":[{"@type":"SearchAction","target":{"@type":"EntryPoint","urlTemplate":"https:\/\/hudo.com\/si\/?s={search_term_string}"},"query-input":"required name=search_term_string"}],"inLanguage":"sl-SI"},{"@type":"Organization","@id":"https:\/\/hudo.com\/si\/#organization","name":"VSN Media","url":"https:\/\/hudo.com\/si\/","logo":{"@type":"ImageObject","inLanguage":"sl-SI","@id":"https:\/\/hudo.com\/si\/#\/schema\/logo\/image\/","url":"https:\/\/hudo.com\/si\/wp-content\/uploads\/sites\/2\/2021\/03\/hudo-app-2.png","contentUrl":"https:\/\/hudo.com\/si\/wp-content\/uploads\/sites\/2\/2021\/03\/hudo-app-2.png","width":2185,"height":2167,"caption":"VSN Media"},"image":{"@id":"https:\/\/hudo.com\/si\/#\/schema\/logo\/image\/"},"sameAs":["https:\/\/www.facebook.com\/hudo.si","https:\/\/twitter.com\/hudo_si"]},{"@type":"Person","@id":"https:\/\/hudo.com\/si\/#\/schema\/person\/18f09c02475ba9e606e941a565b80cff","name":"A. P., STA","image":{"@type":"ImageObject","inLanguage":"sl-SI","@id":"https:\/\/hudo.com\/si\/#\/schema\/person\/image\/","url":"https:\/\/secure.gravatar.com\/avatar\/03eac8e609f5f04383125d80eaeaaf3e?s=96&d=mm&r=g","contentUrl":"https:\/\/secure.gravatar.com\/avatar\/03eac8e609f5f04383125d80eaeaaf3e?s=96&d=mm&r=g","caption":"A. P., STA"},"url":"https:\/\/hudo.com\/si\/author\/lubu\/"}]}},"amp_enabled":true,"_links":{"self":[{"href":"https:\/\/hudo.com\/si\/wp-json\/wp\/v2\/posts\/451845"}],"collection":[{"href":"https:\/\/hudo.com\/si\/wp-json\/wp\/v2\/posts"}],"about":[{"href":"https:\/\/hudo.com\/si\/wp-json\/wp\/v2\/types\/post"}],"author":[{"embeddable":true,"href":"https:\/\/hudo.com\/si\/wp-json\/wp\/v2\/users\/7"}],"replies":[{"embeddable":true,"href":"https:\/\/hudo.com\/si\/wp-json\/wp\/v2\/comments?post=451845"}],"version-history":[{"count":1,"href":"https:\/\/hudo.com\/si\/wp-json\/wp\/v2\/posts\/451845\/revisions"}],"predecessor-version":[{"id":451847,"href":"https:\/\/hudo.com\/si\/wp-json\/wp\/v2\/posts\/451845\/revisions\/451847"}],"wp:featuredmedia":[{"embeddable":true,"href":"https:\/\/hudo.com\/si\/wp-json\/wp\/v2\/media\/451846"}],"wp:attachment":[{"href":"https:\/\/hudo.com\/si\/wp-json\/wp\/v2\/media?parent=451845"}],"wp:term":[{"taxonomy":"category","embeddable":true,"href":"https:\/\/hudo.com\/si\/wp-json\/wp\/v2\/categories?post=451845"},{"taxonomy":"post_tag","embeddable":true,"href":"https:\/\/hudo.com\/si\/wp-json\/wp\/v2\/tags?post=451845"},{"taxonomy":"source","embeddable":true,"href":"https:\/\/hudo.com\/si\/wp-json\/wp\/v2\/source?post=451845"},{"taxonomy":"supertag","embeddable":true,"href":"https:\/\/hudo.com\/si\/wp-json\/wp\/v2\/supertag?post=451845"}],"curies":[{"name":"wp","href":"https:\/\/api.w.org\/{rel}","templated":true}]}}