{"id":451874,"date":"2021-05-24T10:52:46","date_gmt":"2021-05-24T08:52:46","guid":{"rendered":"https:\/\/hudo.com\/si\/?p=451874"},"modified":"2021-05-24T10:52:46","modified_gmt":"2021-05-24T08:52:46","slug":"reke-bodo-danes-ponovno-narascale-moznost-poplav","status":"publish","type":"post","link":"https:\/\/hudo.com\/si\/aktualno\/slovenija\/reke-bodo-danes-ponovno-narascale-moznost-poplav\/","title":{"rendered":"Reke bodo danes ponovno nara\u0161\u010dale, mo\u017enost poplav"},"content":{"rendered":"<p>Reke, ki so narasle do velikih pretokov, trenutno prehodno upadajo. Gre predvsem za reke v severni Sloveniji, predvsem v pore\u010dju Save Bohinjke ter zgornje So\u010de. Drugod je vodnatost rek srednja in se po\u010dasi zmanj\u0161uje. A danes bodo reke po dr\u017eavi ponovno nara\u0161\u010dale.<\/p>\n<p>Gladina morja bo danes in v torek povi\u0161ana med 20. in 23. uro. Morje pa se lahko za kratek \u010das razlije na najbolj izpostavljenih delih obale.<\/p>\n<p>V torek bodo \u0161e nara\u0161\u010dale kra\u0161ke reke na Notranjskem in Dolenjskem ter Sava, Drava in Mura. Drugod bodo reke pove\u010dini \u017ee upadale, popoldan pa se bo pove\u010dala vodnatost rek na severovzhodu dr\u017eave. V sredo bodo reke po dr\u017eavi upadale.<\/p>\n<p>Danes bo obla\u010dno, de\u017e pa bo dopoldne od jugozahoda zajel vso Slovenijo ter popoldne ponekod v ju\u017enih krajih prehodno ponehal. Zve\u010der in v prvem delu no\u010di bo nastalo nekaj ploh in neviht, do jutra pa se bo ozra\u010dje umirilo, poro\u010da Arso.<\/p>\n<p>V torek bo spremenljivo do prete\u017eno obla\u010dno. Predvsem v notranjosti Slovenije se bodo \u0161e pojavljale krajevne padavine, predvsem plohe. De\u017e bo dopoldne postopno zajel vse sosednje pokrajine, najmanj padavin bo v krajih vzhodno in jugovzhodno od nas. V sredo bo pove\u010dini son\u010dno, zjutraj bo ponekod po ni\u017einah kratkotrajna megla.<\/p>\n","protected":false},"excerpt":{"rendered":"<p>Popoldne in v no\u010di na torek lahko reke mo\u010dneje narastejo, predvsem posamezne reke v severozahodni Sloveniji pa se lahko tudi razlijejo, na svoji spletni strani pi\u0161e Agencija RS za okolje (Arso). Tudi drugod bodo \u0161tevilne manj\u0161e reke dosegle veliko vodnatost, ob lokalnih nalivih pa bodo hitro nara\u0161\u010dali tudi hudourni\u0161ki vodotoki.<\/p>\n","protected":false},"author":8,"featured_media":375601,"comment_status":"closed","ping_status":"closed","sticky":false,"template":"","format":"standard","meta":{"footnotes":""},"categories":[18201],"tags":[18829,5405],"source":[4511],"supertag":[],"acf":[],"yoast_head":"<!-- This site is optimized with the Yoast SEO plugin v21.3 - https:\/\/yoast.com\/wordpress\/plugins\/seo\/ -->\n<title>Reke bodo danes ponovno nara\u0161\u010dale, mo\u017enost poplav - Hudo Slovenija<\/title>\n<meta name=\"robots\" content=\"index, follow, max-snippet:-1, max-image-preview:large, max-video-preview:-1\" \/>\n<link rel=\"canonical\" href=\"https:\/\/hudo.com\/si\/aktualno\/slovenija\/reke-bodo-danes-ponovno-narascale-moznost-poplav\/\" \/>\n<meta property=\"og:locale\" content=\"sl_SI\" \/>\n<meta property=\"og:type\" content=\"article\" \/>\n<meta property=\"og:title\" content=\"Reke bodo danes ponovno nara\u0161\u010dale, mo\u017enost poplav - Hudo Slovenija\" \/>\n<meta property=\"og:description\" content=\"Popoldne in v no\u010di na torek lahko reke mo\u010dneje narastejo, predvsem posamezne reke v severozahodni Sloveniji pa se lahko tudi razlijejo, na svoji spletni strani pi\u0161e Agencija RS za okolje (Arso). Tudi drugod bodo \u0161tevilne manj\u0161e reke dosegle veliko vodnatost, ob lokalnih nalivih pa bodo hitro nara\u0161\u010dali tudi hudourni\u0161ki vodotoki.\" \/>\n<meta property=\"og:url\" content=\"https:\/\/hudo.com\/si\/aktualno\/slovenija\/reke-bodo-danes-ponovno-narascale-moznost-poplav\/\" \/>\n<meta property=\"og:site_name\" content=\"Hudo Slovenija\" \/>\n<meta property=\"article:publisher\" content=\"https:\/\/www.facebook.com\/hudo.si\" \/>\n<meta property=\"article:published_time\" content=\"2021-05-24T08:52:46+00:00\" \/>\n<meta property=\"og:image\" content=\"https:\/\/hudo.com\/si\/wp-content\/uploads\/sites\/2\/2018\/08\/20180814-00877601.jpg\" \/>\n\t<meta property=\"og:image:width\" content=\"640\" \/>\n\t<meta property=\"og:image:height\" content=\"360\" \/>\n\t<meta property=\"og:image:type\" content=\"image\/jpeg\" \/>\n<meta name=\"author\" content=\"M. N., STA\" \/>\n<meta name=\"twitter:card\" content=\"summary_large_image\" \/>\n<meta name=\"twitter:creator\" content=\"@hudo_si\" \/>\n<meta name=\"twitter:site\" content=\"@hudo_si\" \/>\n<meta name=\"twitter:label1\" content=\"Written by\" \/>\n\t<meta name=\"twitter:data1\" content=\"M. N., STA\" \/>\n\t<meta name=\"twitter:label2\" content=\"Est. reading time\" \/>\n\t<meta name=\"twitter:data2\" content=\"1 minuta\" \/>\n<script type=\"application\/ld+json\" class=\"yoast-schema-graph\">{\"@context\":\"https:\/\/schema.org\",\"@graph\":[{\"@type\":\"Article\",\"@id\":\"https:\/\/hudo.com\/si\/aktualno\/slovenija\/reke-bodo-danes-ponovno-narascale-moznost-poplav\/#article\",\"isPartOf\":{\"@id\":\"https:\/\/hudo.com\/si\/aktualno\/slovenija\/reke-bodo-danes-ponovno-narascale-moznost-poplav\/\"},\"author\":{\"name\":\"M. N., STA\",\"@id\":\"https:\/\/hudo.com\/si\/#\/schema\/person\/c2f10ce65d2e6ede2aeda5be2a0611fa\"},\"headline\":\"Reke bodo danes ponovno nara\u0161\u010dale, mo\u017enost poplav\",\"datePublished\":\"2021-05-24T08:52:46+00:00\",\"dateModified\":\"2021-05-24T08:52:46+00:00\",\"mainEntityOfPage\":{\"@id\":\"https:\/\/hudo.com\/si\/aktualno\/slovenija\/reke-bodo-danes-ponovno-narascale-moznost-poplav\/\"},\"wordCount\":228,\"publisher\":{\"@id\":\"https:\/\/hudo.com\/si\/#organization\"},\"keywords\":[\"nara\u0161\u010danje rek\",\"poplave\"],\"articleSection\":[\"Slovenija\"],\"inLanguage\":\"sl-SI\"},{\"@type\":\"WebPage\",\"@id\":\"https:\/\/hudo.com\/si\/aktualno\/slovenija\/reke-bodo-danes-ponovno-narascale-moznost-poplav\/\",\"url\":\"https:\/\/hudo.com\/si\/aktualno\/slovenija\/reke-bodo-danes-ponovno-narascale-moznost-poplav\/\",\"name\":\"Reke bodo danes ponovno nara\u0161\u010dale, mo\u017enost poplav - Hudo Slovenija\",\"isPartOf\":{\"@id\":\"https:\/\/hudo.com\/si\/#website\"},\"datePublished\":\"2021-05-24T08:52:46+00:00\",\"dateModified\":\"2021-05-24T08:52:46+00:00\",\"breadcrumb\":{\"@id\":\"https:\/\/hudo.com\/si\/aktualno\/slovenija\/reke-bodo-danes-ponovno-narascale-moznost-poplav\/#breadcrumb\"},\"inLanguage\":\"sl-SI\",\"potentialAction\":[{\"@type\":\"ReadAction\",\"target\":[\"https:\/\/hudo.com\/si\/aktualno\/slovenija\/reke-bodo-danes-ponovno-narascale-moznost-poplav\/\"]}]},{\"@type\":\"BreadcrumbList\",\"@id\":\"https:\/\/hudo.com\/si\/aktualno\/slovenija\/reke-bodo-danes-ponovno-narascale-moznost-poplav\/#breadcrumb\",\"itemListElement\":[{\"@type\":\"ListItem\",\"position\":1,\"name\":\"Home\",\"item\":\"https:\/\/hudo.com\/si\/\"},{\"@type\":\"ListItem\",\"position\":2,\"name\":\"Reke bodo danes ponovno nara\u0161\u010dale, mo\u017enost poplav\"}]},{\"@type\":\"WebSite\",\"@id\":\"https:\/\/hudo.com\/si\/#website\",\"url\":\"https:\/\/hudo.com\/si\/\",\"name\":\"Hudo Slovenija\",\"description\":\"Vse novice iz Slovenije in sveta\",\"publisher\":{\"@id\":\"https:\/\/hudo.com\/si\/#organization\"},\"potentialAction\":[{\"@type\":\"SearchAction\",\"target\":{\"@type\":\"EntryPoint\",\"urlTemplate\":\"https:\/\/hudo.com\/si\/?s={search_term_string}\"},\"query-input\":\"required name=search_term_string\"}],\"inLanguage\":\"sl-SI\"},{\"@type\":\"Organization\",\"@id\":\"https:\/\/hudo.com\/si\/#organization\",\"name\":\"VSN Media\",\"url\":\"https:\/\/hudo.com\/si\/\",\"logo\":{\"@type\":\"ImageObject\",\"inLanguage\":\"sl-SI\",\"@id\":\"https:\/\/hudo.com\/si\/#\/schema\/logo\/image\/\",\"url\":\"https:\/\/hudo.com\/si\/wp-content\/uploads\/sites\/2\/2021\/03\/hudo-app-2.png\",\"contentUrl\":\"https:\/\/hudo.com\/si\/wp-content\/uploads\/sites\/2\/2021\/03\/hudo-app-2.png\",\"width\":2185,\"height\":2167,\"caption\":\"VSN Media\"},\"image\":{\"@id\":\"https:\/\/hudo.com\/si\/#\/schema\/logo\/image\/\"},\"sameAs\":[\"https:\/\/www.facebook.com\/hudo.si\",\"https:\/\/twitter.com\/hudo_si\"]},{\"@type\":\"Person\",\"@id\":\"https:\/\/hudo.com\/si\/#\/schema\/person\/c2f10ce65d2e6ede2aeda5be2a0611fa\",\"name\":\"M. N., STA\",\"image\":{\"@type\":\"ImageObject\",\"inLanguage\":\"sl-SI\",\"@id\":\"https:\/\/hudo.com\/si\/#\/schema\/person\/image\/\",\"url\":\"https:\/\/secure.gravatar.com\/avatar\/f370d38daa10467f755c5c766a4cac20?s=96&d=mm&r=g\",\"contentUrl\":\"https:\/\/secure.gravatar.com\/avatar\/f370d38daa10467f755c5c766a4cac20?s=96&d=mm&r=g\",\"caption\":\"M. N., STA\"},\"url\":\"https:\/\/hudo.com\/si\/author\/mana\/\"}]}<\/script>\n<!-- \/ Yoast SEO plugin. -->","yoast_head_json":{"title":"Reke bodo danes ponovno nara\u0161\u010dale, mo\u017enost poplav - Hudo Slovenija","robots":{"index":"index","follow":"follow","max-snippet":"max-snippet:-1","max-image-preview":"max-image-preview:large","max-video-preview":"max-video-preview:-1"},"canonical":"https:\/\/hudo.com\/si\/aktualno\/slovenija\/reke-bodo-danes-ponovno-narascale-moznost-poplav\/","og_locale":"sl_SI","og_type":"article","og_title":"Reke bodo danes ponovno nara\u0161\u010dale, mo\u017enost poplav - Hudo Slovenija","og_description":"Popoldne in v no\u010di na torek lahko reke mo\u010dneje narastejo, predvsem posamezne reke v severozahodni Sloveniji pa se lahko tudi razlijejo, na svoji spletni strani pi\u0161e Agencija RS za okolje (Arso). Tudi drugod bodo \u0161tevilne manj\u0161e reke dosegle veliko vodnatost, ob lokalnih nalivih pa bodo hitro nara\u0161\u010dali tudi hudourni\u0161ki vodotoki.","og_url":"https:\/\/hudo.com\/si\/aktualno\/slovenija\/reke-bodo-danes-ponovno-narascale-moznost-poplav\/","og_site_name":"Hudo Slovenija","article_publisher":"https:\/\/www.facebook.com\/hudo.si","article_published_time":"2021-05-24T08:52:46+00:00","og_image":[{"width":640,"height":360,"url":"https:\/\/hudo.com\/si\/wp-content\/uploads\/sites\/2\/2018\/08\/20180814-00877601.jpg","type":"image\/jpeg"}],"author":"M. N., STA","twitter_card":"summary_large_image","twitter_creator":"@hudo_si","twitter_site":"@hudo_si","twitter_misc":{"Written by":"M. N., STA","Est. reading time":"1 minuta"},"schema":{"@context":"https:\/\/schema.org","@graph":[{"@type":"Article","@id":"https:\/\/hudo.com\/si\/aktualno\/slovenija\/reke-bodo-danes-ponovno-narascale-moznost-poplav\/#article","isPartOf":{"@id":"https:\/\/hudo.com\/si\/aktualno\/slovenija\/reke-bodo-danes-ponovno-narascale-moznost-poplav\/"},"author":{"name":"M. N., STA","@id":"https:\/\/hudo.com\/si\/#\/schema\/person\/c2f10ce65d2e6ede2aeda5be2a0611fa"},"headline":"Reke bodo danes ponovno nara\u0161\u010dale, mo\u017enost poplav","datePublished":"2021-05-24T08:52:46+00:00","dateModified":"2021-05-24T08:52:46+00:00","mainEntityOfPage":{"@id":"https:\/\/hudo.com\/si\/aktualno\/slovenija\/reke-bodo-danes-ponovno-narascale-moznost-poplav\/"},"wordCount":228,"publisher":{"@id":"https:\/\/hudo.com\/si\/#organization"},"keywords":["nara\u0161\u010danje rek","poplave"],"articleSection":["Slovenija"],"inLanguage":"sl-SI"},{"@type":"WebPage","@id":"https:\/\/hudo.com\/si\/aktualno\/slovenija\/reke-bodo-danes-ponovno-narascale-moznost-poplav\/","url":"https:\/\/hudo.com\/si\/aktualno\/slovenija\/reke-bodo-danes-ponovno-narascale-moznost-poplav\/","name":"Reke bodo danes ponovno nara\u0161\u010dale, mo\u017enost poplav - Hudo Slovenija","isPartOf":{"@id":"https:\/\/hudo.com\/si\/#website"},"datePublished":"2021-05-24T08:52:46+00:00","dateModified":"2021-05-24T08:52:46+00:00","breadcrumb":{"@id":"https:\/\/hudo.com\/si\/aktualno\/slovenija\/reke-bodo-danes-ponovno-narascale-moznost-poplav\/#breadcrumb"},"inLanguage":"sl-SI","potentialAction":[{"@type":"ReadAction","target":["https:\/\/hudo.com\/si\/aktualno\/slovenija\/reke-bodo-danes-ponovno-narascale-moznost-poplav\/"]}]},{"@type":"BreadcrumbList","@id":"https:\/\/hudo.com\/si\/aktualno\/slovenija\/reke-bodo-danes-ponovno-narascale-moznost-poplav\/#breadcrumb","itemListElement":[{"@type":"ListItem","position":1,"name":"Home","item":"https:\/\/hudo.com\/si\/"},{"@type":"ListItem","position":2,"name":"Reke bodo danes ponovno nara\u0161\u010dale, mo\u017enost poplav"}]},{"@type":"WebSite","@id":"https:\/\/hudo.com\/si\/#website","url":"https:\/\/hudo.com\/si\/","name":"Hudo Slovenija","description":"Vse novice iz Slovenije in sveta","publisher":{"@id":"https:\/\/hudo.com\/si\/#organization"},"potentialAction":[{"@type":"SearchAction","target":{"@type":"EntryPoint","urlTemplate":"https:\/\/hudo.com\/si\/?s={search_term_string}"},"query-input":"required name=search_term_string"}],"inLanguage":"sl-SI"},{"@type":"Organization","@id":"https:\/\/hudo.com\/si\/#organization","name":"VSN Media","url":"https:\/\/hudo.com\/si\/","logo":{"@type":"ImageObject","inLanguage":"sl-SI","@id":"https:\/\/hudo.com\/si\/#\/schema\/logo\/image\/","url":"https:\/\/hudo.com\/si\/wp-content\/uploads\/sites\/2\/2021\/03\/hudo-app-2.png","contentUrl":"https:\/\/hudo.com\/si\/wp-content\/uploads\/sites\/2\/2021\/03\/hudo-app-2.png","width":2185,"height":2167,"caption":"VSN Media"},"image":{"@id":"https:\/\/hudo.com\/si\/#\/schema\/logo\/image\/"},"sameAs":["https:\/\/www.facebook.com\/hudo.si","https:\/\/twitter.com\/hudo_si"]},{"@type":"Person","@id":"https:\/\/hudo.com\/si\/#\/schema\/person\/c2f10ce65d2e6ede2aeda5be2a0611fa","name":"M. N., STA","image":{"@type":"ImageObject","inLanguage":"sl-SI","@id":"https:\/\/hudo.com\/si\/#\/schema\/person\/image\/","url":"https:\/\/secure.gravatar.com\/avatar\/f370d38daa10467f755c5c766a4cac20?s=96&d=mm&r=g","contentUrl":"https:\/\/secure.gravatar.com\/avatar\/f370d38daa10467f755c5c766a4cac20?s=96&d=mm&r=g","caption":"M. N., STA"},"url":"https:\/\/hudo.com\/si\/author\/mana\/"}]}},"amp_enabled":true,"_links":{"self":[{"href":"https:\/\/hudo.com\/si\/wp-json\/wp\/v2\/posts\/451874"}],"collection":[{"href":"https:\/\/hudo.com\/si\/wp-json\/wp\/v2\/posts"}],"about":[{"href":"https:\/\/hudo.com\/si\/wp-json\/wp\/v2\/types\/post"}],"author":[{"embeddable":true,"href":"https:\/\/hudo.com\/si\/wp-json\/wp\/v2\/users\/8"}],"replies":[{"embeddable":true,"href":"https:\/\/hudo.com\/si\/wp-json\/wp\/v2\/comments?post=451874"}],"version-history":[{"count":1,"href":"https:\/\/hudo.com\/si\/wp-json\/wp\/v2\/posts\/451874\/revisions"}],"predecessor-version":[{"id":451875,"href":"https:\/\/hudo.com\/si\/wp-json\/wp\/v2\/posts\/451874\/revisions\/451875"}],"wp:featuredmedia":[{"embeddable":true,"href":"https:\/\/hudo.com\/si\/wp-json\/wp\/v2\/media\/375601"}],"wp:attachment":[{"href":"https:\/\/hudo.com\/si\/wp-json\/wp\/v2\/media?parent=451874"}],"wp:term":[{"taxonomy":"category","embeddable":true,"href":"https:\/\/hudo.com\/si\/wp-json\/wp\/v2\/categories?post=451874"},{"taxonomy":"post_tag","embeddable":true,"href":"https:\/\/hudo.com\/si\/wp-json\/wp\/v2\/tags?post=451874"},{"taxonomy":"source","embeddable":true,"href":"https:\/\/hudo.com\/si\/wp-json\/wp\/v2\/source?post=451874"},{"taxonomy":"supertag","embeddable":true,"href":"https:\/\/hudo.com\/si\/wp-json\/wp\/v2\/supertag?post=451874"}],"curies":[{"name":"wp","href":"https:\/\/api.w.org\/{rel}","templated":true}]}}