{"id":452025,"date":"2021-05-26T12:09:18","date_gmt":"2021-05-26T10:09:18","guid":{"rendered":"https:\/\/hudo.com\/si\/?p=452025"},"modified":"2021-05-26T12:09:18","modified_gmt":"2021-05-26T10:09:18","slug":"slovenska-gospodinjstva-so-v-koronskem-letu-2020-mocno-spremenila-svoje-navade-saj-se-je-varcevanje-povecalo-potrosnja-pa-obcutno-zmanjsala","status":"publish","type":"post","link":"https:\/\/hudo.com\/si\/aktualno\/slovenija\/slovenska-gospodinjstva-so-v-koronskem-letu-2020-mocno-spremenila-svoje-navade-saj-se-je-varcevanje-povecalo-potrosnja-pa-obcutno-zmanjsala\/","title":{"rendered":"Slovenska gospodinjstva so v koronskem letu 2020 mo\u010dno spremenila svoje navade, saj se je var\u010devanje pove\u010dalo, potro\u0161nja pa ob\u010dutno zmanj\u0161ala"},"content":{"rendered":"<p>Potro\u0161nja gospodinjstev se je od leta 2014 do leta 2019 pove\u010devala, lani pa so se izdatki gospodinjstev za kon\u010dno potro\u0161njo glede na leto prej zni\u017eali za 10,3 odstotka oz. za 2,6 milijarde evrov. To je bilo najve\u010dje zni\u017eanje doslej in prvo po letu 2013, ugotavljajo statistiki.<\/p>\n<p>Klju\u010dni dejavnik za to so bili ukrepi za zajezitev \u0161irjenja novega koronavirusa, saj so morala gospodinjstva zaradi zaprtja nenujnih trgovin in storitev nakupe odlo\u017eiti. Zlasti v prvem valu so tro\u0161enje zmanj\u0161evala tudi zaradi negotovega razvoja razmer na trgu dela.<\/p>\n<p>Hkrati so mo\u010dno pove\u010dala var\u010devanje. Stopnja var\u010devanja gospodinjstev, ki se izra\u010duna v dele\u017eu bruto var\u010devanja v bruto razpolo\u017eljivem dohodku, je bila lani rekordno visoka, namre\u010d 25,1-odstotna. To je najvi\u0161ja \u0161tevilka med vsemi \u010dlanicami EU. Dolgoro\u010dno povpre\u010dje za na\u0161o dr\u017eavo se giblje okoli 13,6 odstotka.<\/p>\n<p>Potro\u0161nja in var\u010devanje gospodinjstev sta v veliki meri odvisna od njihovega razpolo\u017eljivega dohodka. V letu 2020 se je njegova rast nadaljevala, v primerjavi z letom 2019 se je pove\u010dal z 3,8 odstotka. K temu so prispevali zlasti obse\u017eni javnofinan\u010dni transferji v okviru vladnih ukrepov za omilitev posledic epidemije.<\/p>\n<p>Rast bruto razpolo\u017eljivega dohodka se je v letu 2020 nadaljevala tudi v ve\u010dini evropskih dr\u017eav. Toda v Sloveniji sta bila upad potro\u0161nje in rast razpolo\u017eljivega dohodka vi\u0161ja kot v povpre\u010dju v evrskem obmo\u010dju in tudi v celotni EU.<\/p>\n<p>Na statisti\u010dnem uradu tudi opa\u017eajo, da je bil odziv gospodinjstev v prvem letu krize, ki jo je povzro\u010dila pandemija covida-19, bistveno druga\u010den kot v prvem letu finan\u010dne in gospodarske krize izpred nekaj ve\u010d kot desetih let.<\/p>\n<p>Tudi takrat je razpolo\u017eljivi dohodek sprva nara\u0161\u010dal, vendar lani po\u010dasneje. Bistvena razlika pa je bila v gibanju potro\u0161nje gospodinjstev: ta je v prvem letu zdravstvene krize izrazito upadla (za 10,3 odstotka), medtem ko se je v prvem letu finan\u010dne in gospodarske krize pove\u010dala (za 4,1 odstotka). Prav tako je bila nagnjenost k var\u010devanju v prvem letu zdravstvene krize vi\u0161ja kot med finan\u010dno in gospodarsko krizo.<\/p>\n<p>Obema krizama je skupno, da sta bili nepri\u010dakovani &#8211; za gospodinjstva pa tudi za gospodarstvo in ve\u010dino strokovne javnosti. V prej\u0161nji krizi sta se razpolo\u017eljivi dohodek in potro\u0161nja gospodinjstev zmanj\u0161ala \u0161ele v kasnej\u0161i fazi krize. \u010cas bo pokazal, ali se bo materialna blaginja gospodinjstev tudi zaradi aktualne krize zni\u017eala \u0161ele \u010dez nekaj \u010dasa, menijo na statisti\u010dnem uradu. Jasno pa je, da bi bil tokrat \u0161ok brez ukrepov fiskalne in monetarne politike ve\u010dji \u017ee takoj na za\u010detku.<\/p>\n","protected":false},"excerpt":{"rendered":"<p>V koronskem letu 2020 so se potro\u0161ni\u0161ke navade gospodinjstev v Sloveniji krepko spremenile, ugotavlja dr\u017eavni statisti\u010dni urad. Var\u010devanje se je pove\u010dalo, potro\u0161nja pa ob\u010dutno zmanj\u0161ala. Razpolo\u017eljivi dohodek se je ob tem zlasti zaradi obse\u017enih javnofinan\u010dnih transferjev v okviru ukrepov za omilitev posledic epidemije zvi\u0161al.<\/p>\n","protected":false},"author":8,"featured_media":368916,"comment_status":"closed","ping_status":"closed","sticky":false,"template":"","format":"standard","meta":{"footnotes":""},"categories":[18201],"tags":[1595,18850,4213],"source":[4511],"supertag":[5675],"acf":[],"yoast_head":"<!-- This site is optimized with the Yoast SEO plugin v21.3 - https:\/\/yoast.com\/wordpress\/plugins\/seo\/ -->\n<title>Slovenska gospodinjstva so v koronskem letu 2020 mo\u010dno spremenila svoje navade, saj se je var\u010devanje pove\u010dalo, potro\u0161nja pa ob\u010dutno zmanj\u0161ala - Hudo Slovenija<\/title>\n<meta name=\"robots\" content=\"index, follow, max-snippet:-1, max-image-preview:large, max-video-preview:-1\" \/>\n<link rel=\"canonical\" href=\"https:\/\/hudo.com\/si\/aktualno\/slovenija\/slovenska-gospodinjstva-so-v-koronskem-letu-2020-mocno-spremenila-svoje-navade-saj-se-je-varcevanje-povecalo-potrosnja-pa-obcutno-zmanjsala\/\" \/>\n<meta property=\"og:locale\" content=\"sl_SI\" \/>\n<meta property=\"og:type\" content=\"article\" \/>\n<meta property=\"og:title\" content=\"Slovenska gospodinjstva so v koronskem letu 2020 mo\u010dno spremenila svoje navade, saj se je var\u010devanje pove\u010dalo, potro\u0161nja pa ob\u010dutno zmanj\u0161ala - Hudo Slovenija\" \/>\n<meta property=\"og:description\" content=\"V koronskem letu 2020 so se potro\u0161ni\u0161ke navade gospodinjstev v Sloveniji krepko spremenile, ugotavlja dr\u017eavni statisti\u010dni urad. Var\u010devanje se je pove\u010dalo, potro\u0161nja pa ob\u010dutno zmanj\u0161ala. Razpolo\u017eljivi dohodek se je ob tem zlasti zaradi obse\u017enih javnofinan\u010dnih transferjev v okviru ukrepov za omilitev posledic epidemije zvi\u0161al.\" \/>\n<meta property=\"og:url\" content=\"https:\/\/hudo.com\/si\/aktualno\/slovenija\/slovenska-gospodinjstva-so-v-koronskem-letu-2020-mocno-spremenila-svoje-navade-saj-se-je-varcevanje-povecalo-potrosnja-pa-obcutno-zmanjsala\/\" \/>\n<meta property=\"og:site_name\" content=\"Hudo Slovenija\" \/>\n<meta property=\"article:publisher\" content=\"https:\/\/www.facebook.com\/hudo.si\" \/>\n<meta property=\"article:published_time\" content=\"2021-05-26T10:09:18+00:00\" \/>\n<meta property=\"og:image\" content=\"https:\/\/hudo.com\/si\/wp-content\/uploads\/sites\/2\/2018\/04\/profimedia-0198882162.jpg\" \/>\n\t<meta property=\"og:image:width\" content=\"1250\" \/>\n\t<meta property=\"og:image:height\" content=\"831\" \/>\n\t<meta property=\"og:image:type\" content=\"image\/jpeg\" \/>\n<meta name=\"author\" content=\"M. N., STA\" \/>\n<meta name=\"twitter:card\" content=\"summary_large_image\" \/>\n<meta name=\"twitter:creator\" content=\"@hudo_si\" \/>\n<meta name=\"twitter:site\" content=\"@hudo_si\" \/>\n<meta name=\"twitter:label1\" content=\"Written by\" \/>\n\t<meta name=\"twitter:data1\" content=\"M. N., STA\" \/>\n\t<meta name=\"twitter:label2\" content=\"Est. reading time\" \/>\n\t<meta name=\"twitter:data2\" content=\"2 minuti\" \/>\n<script type=\"application\/ld+json\" class=\"yoast-schema-graph\">{\"@context\":\"https:\/\/schema.org\",\"@graph\":[{\"@type\":\"Article\",\"@id\":\"https:\/\/hudo.com\/si\/aktualno\/slovenija\/slovenska-gospodinjstva-so-v-koronskem-letu-2020-mocno-spremenila-svoje-navade-saj-se-je-varcevanje-povecalo-potrosnja-pa-obcutno-zmanjsala\/#article\",\"isPartOf\":{\"@id\":\"https:\/\/hudo.com\/si\/aktualno\/slovenija\/slovenska-gospodinjstva-so-v-koronskem-letu-2020-mocno-spremenila-svoje-navade-saj-se-je-varcevanje-povecalo-potrosnja-pa-obcutno-zmanjsala\/\"},\"author\":{\"name\":\"M. N., STA\",\"@id\":\"https:\/\/hudo.com\/si\/#\/schema\/person\/c2f10ce65d2e6ede2aeda5be2a0611fa\"},\"headline\":\"Slovenska gospodinjstva so v koronskem letu 2020 mo\u010dno spremenila svoje navade, saj se je var\u010devanje pove\u010dalo, potro\u0161nja pa ob\u010dutno zmanj\u0161ala\",\"datePublished\":\"2021-05-26T10:09:18+00:00\",\"dateModified\":\"2021-05-26T10:09:18+00:00\",\"mainEntityOfPage\":{\"@id\":\"https:\/\/hudo.com\/si\/aktualno\/slovenija\/slovenska-gospodinjstva-so-v-koronskem-letu-2020-mocno-spremenila-svoje-navade-saj-se-je-varcevanje-povecalo-potrosnja-pa-obcutno-zmanjsala\/\"},\"wordCount\":468,\"publisher\":{\"@id\":\"https:\/\/hudo.com\/si\/#organization\"},\"keywords\":[\"Slovenija\",\"slovenska gospodinjstva\",\"var\u010devanje\"],\"articleSection\":[\"Slovenija\"],\"inLanguage\":\"sl-SI\"},{\"@type\":\"WebPage\",\"@id\":\"https:\/\/hudo.com\/si\/aktualno\/slovenija\/slovenska-gospodinjstva-so-v-koronskem-letu-2020-mocno-spremenila-svoje-navade-saj-se-je-varcevanje-povecalo-potrosnja-pa-obcutno-zmanjsala\/\",\"url\":\"https:\/\/hudo.com\/si\/aktualno\/slovenija\/slovenska-gospodinjstva-so-v-koronskem-letu-2020-mocno-spremenila-svoje-navade-saj-se-je-varcevanje-povecalo-potrosnja-pa-obcutno-zmanjsala\/\",\"name\":\"Slovenska gospodinjstva so v koronskem letu 2020 mo\u010dno spremenila svoje navade, saj se je var\u010devanje pove\u010dalo, potro\u0161nja pa ob\u010dutno zmanj\u0161ala - Hudo Slovenija\",\"isPartOf\":{\"@id\":\"https:\/\/hudo.com\/si\/#website\"},\"datePublished\":\"2021-05-26T10:09:18+00:00\",\"dateModified\":\"2021-05-26T10:09:18+00:00\",\"breadcrumb\":{\"@id\":\"https:\/\/hudo.com\/si\/aktualno\/slovenija\/slovenska-gospodinjstva-so-v-koronskem-letu-2020-mocno-spremenila-svoje-navade-saj-se-je-varcevanje-povecalo-potrosnja-pa-obcutno-zmanjsala\/#breadcrumb\"},\"inLanguage\":\"sl-SI\",\"potentialAction\":[{\"@type\":\"ReadAction\",\"target\":[\"https:\/\/hudo.com\/si\/aktualno\/slovenija\/slovenska-gospodinjstva-so-v-koronskem-letu-2020-mocno-spremenila-svoje-navade-saj-se-je-varcevanje-povecalo-potrosnja-pa-obcutno-zmanjsala\/\"]}]},{\"@type\":\"BreadcrumbList\",\"@id\":\"https:\/\/hudo.com\/si\/aktualno\/slovenija\/slovenska-gospodinjstva-so-v-koronskem-letu-2020-mocno-spremenila-svoje-navade-saj-se-je-varcevanje-povecalo-potrosnja-pa-obcutno-zmanjsala\/#breadcrumb\",\"itemListElement\":[{\"@type\":\"ListItem\",\"position\":1,\"name\":\"Home\",\"item\":\"https:\/\/hudo.com\/si\/\"},{\"@type\":\"ListItem\",\"position\":2,\"name\":\"Slovenska gospodinjstva so v koronskem letu 2020 mo\u010dno spremenila svoje navade, saj se je var\u010devanje pove\u010dalo, potro\u0161nja pa ob\u010dutno zmanj\u0161ala\"}]},{\"@type\":\"WebSite\",\"@id\":\"https:\/\/hudo.com\/si\/#website\",\"url\":\"https:\/\/hudo.com\/si\/\",\"name\":\"Hudo Slovenija\",\"description\":\"Vse novice iz Slovenije in sveta\",\"publisher\":{\"@id\":\"https:\/\/hudo.com\/si\/#organization\"},\"potentialAction\":[{\"@type\":\"SearchAction\",\"target\":{\"@type\":\"EntryPoint\",\"urlTemplate\":\"https:\/\/hudo.com\/si\/?s={search_term_string}\"},\"query-input\":\"required name=search_term_string\"}],\"inLanguage\":\"sl-SI\"},{\"@type\":\"Organization\",\"@id\":\"https:\/\/hudo.com\/si\/#organization\",\"name\":\"VSN Media\",\"url\":\"https:\/\/hudo.com\/si\/\",\"logo\":{\"@type\":\"ImageObject\",\"inLanguage\":\"sl-SI\",\"@id\":\"https:\/\/hudo.com\/si\/#\/schema\/logo\/image\/\",\"url\":\"https:\/\/hudo.com\/si\/wp-content\/uploads\/sites\/2\/2021\/03\/hudo-app-2.png\",\"contentUrl\":\"https:\/\/hudo.com\/si\/wp-content\/uploads\/sites\/2\/2021\/03\/hudo-app-2.png\",\"width\":2185,\"height\":2167,\"caption\":\"VSN Media\"},\"image\":{\"@id\":\"https:\/\/hudo.com\/si\/#\/schema\/logo\/image\/\"},\"sameAs\":[\"https:\/\/www.facebook.com\/hudo.si\",\"https:\/\/twitter.com\/hudo_si\"]},{\"@type\":\"Person\",\"@id\":\"https:\/\/hudo.com\/si\/#\/schema\/person\/c2f10ce65d2e6ede2aeda5be2a0611fa\",\"name\":\"M. N., STA\",\"image\":{\"@type\":\"ImageObject\",\"inLanguage\":\"sl-SI\",\"@id\":\"https:\/\/hudo.com\/si\/#\/schema\/person\/image\/\",\"url\":\"https:\/\/secure.gravatar.com\/avatar\/f370d38daa10467f755c5c766a4cac20?s=96&d=mm&r=g\",\"contentUrl\":\"https:\/\/secure.gravatar.com\/avatar\/f370d38daa10467f755c5c766a4cac20?s=96&d=mm&r=g\",\"caption\":\"M. N., STA\"},\"url\":\"https:\/\/hudo.com\/si\/author\/mana\/\"}]}<\/script>\n<!-- \/ Yoast SEO plugin. -->","yoast_head_json":{"title":"Slovenska gospodinjstva so v koronskem letu 2020 mo\u010dno spremenila svoje navade, saj se je var\u010devanje pove\u010dalo, potro\u0161nja pa ob\u010dutno zmanj\u0161ala - Hudo Slovenija","robots":{"index":"index","follow":"follow","max-snippet":"max-snippet:-1","max-image-preview":"max-image-preview:large","max-video-preview":"max-video-preview:-1"},"canonical":"https:\/\/hudo.com\/si\/aktualno\/slovenija\/slovenska-gospodinjstva-so-v-koronskem-letu-2020-mocno-spremenila-svoje-navade-saj-se-je-varcevanje-povecalo-potrosnja-pa-obcutno-zmanjsala\/","og_locale":"sl_SI","og_type":"article","og_title":"Slovenska gospodinjstva so v koronskem letu 2020 mo\u010dno spremenila svoje navade, saj se je var\u010devanje pove\u010dalo, potro\u0161nja pa ob\u010dutno zmanj\u0161ala - Hudo Slovenija","og_description":"V koronskem letu 2020 so se potro\u0161ni\u0161ke navade gospodinjstev v Sloveniji krepko spremenile, ugotavlja dr\u017eavni statisti\u010dni urad. Var\u010devanje se je pove\u010dalo, potro\u0161nja pa ob\u010dutno zmanj\u0161ala. Razpolo\u017eljivi dohodek se je ob tem zlasti zaradi obse\u017enih javnofinan\u010dnih transferjev v okviru ukrepov za omilitev posledic epidemije zvi\u0161al.","og_url":"https:\/\/hudo.com\/si\/aktualno\/slovenija\/slovenska-gospodinjstva-so-v-koronskem-letu-2020-mocno-spremenila-svoje-navade-saj-se-je-varcevanje-povecalo-potrosnja-pa-obcutno-zmanjsala\/","og_site_name":"Hudo Slovenija","article_publisher":"https:\/\/www.facebook.com\/hudo.si","article_published_time":"2021-05-26T10:09:18+00:00","og_image":[{"width":1250,"height":831,"url":"https:\/\/hudo.com\/si\/wp-content\/uploads\/sites\/2\/2018\/04\/profimedia-0198882162.jpg","type":"image\/jpeg"}],"author":"M. N., STA","twitter_card":"summary_large_image","twitter_creator":"@hudo_si","twitter_site":"@hudo_si","twitter_misc":{"Written by":"M. N., STA","Est. reading time":"2 minuti"},"schema":{"@context":"https:\/\/schema.org","@graph":[{"@type":"Article","@id":"https:\/\/hudo.com\/si\/aktualno\/slovenija\/slovenska-gospodinjstva-so-v-koronskem-letu-2020-mocno-spremenila-svoje-navade-saj-se-je-varcevanje-povecalo-potrosnja-pa-obcutno-zmanjsala\/#article","isPartOf":{"@id":"https:\/\/hudo.com\/si\/aktualno\/slovenija\/slovenska-gospodinjstva-so-v-koronskem-letu-2020-mocno-spremenila-svoje-navade-saj-se-je-varcevanje-povecalo-potrosnja-pa-obcutno-zmanjsala\/"},"author":{"name":"M. N., STA","@id":"https:\/\/hudo.com\/si\/#\/schema\/person\/c2f10ce65d2e6ede2aeda5be2a0611fa"},"headline":"Slovenska gospodinjstva so v koronskem letu 2020 mo\u010dno spremenila svoje navade, saj se je var\u010devanje pove\u010dalo, potro\u0161nja pa ob\u010dutno zmanj\u0161ala","datePublished":"2021-05-26T10:09:18+00:00","dateModified":"2021-05-26T10:09:18+00:00","mainEntityOfPage":{"@id":"https:\/\/hudo.com\/si\/aktualno\/slovenija\/slovenska-gospodinjstva-so-v-koronskem-letu-2020-mocno-spremenila-svoje-navade-saj-se-je-varcevanje-povecalo-potrosnja-pa-obcutno-zmanjsala\/"},"wordCount":468,"publisher":{"@id":"https:\/\/hudo.com\/si\/#organization"},"keywords":["Slovenija","slovenska gospodinjstva","var\u010devanje"],"articleSection":["Slovenija"],"inLanguage":"sl-SI"},{"@type":"WebPage","@id":"https:\/\/hudo.com\/si\/aktualno\/slovenija\/slovenska-gospodinjstva-so-v-koronskem-letu-2020-mocno-spremenila-svoje-navade-saj-se-je-varcevanje-povecalo-potrosnja-pa-obcutno-zmanjsala\/","url":"https:\/\/hudo.com\/si\/aktualno\/slovenija\/slovenska-gospodinjstva-so-v-koronskem-letu-2020-mocno-spremenila-svoje-navade-saj-se-je-varcevanje-povecalo-potrosnja-pa-obcutno-zmanjsala\/","name":"Slovenska gospodinjstva so v koronskem letu 2020 mo\u010dno spremenila svoje navade, saj se je var\u010devanje pove\u010dalo, potro\u0161nja pa ob\u010dutno zmanj\u0161ala - Hudo Slovenija","isPartOf":{"@id":"https:\/\/hudo.com\/si\/#website"},"datePublished":"2021-05-26T10:09:18+00:00","dateModified":"2021-05-26T10:09:18+00:00","breadcrumb":{"@id":"https:\/\/hudo.com\/si\/aktualno\/slovenija\/slovenska-gospodinjstva-so-v-koronskem-letu-2020-mocno-spremenila-svoje-navade-saj-se-je-varcevanje-povecalo-potrosnja-pa-obcutno-zmanjsala\/#breadcrumb"},"inLanguage":"sl-SI","potentialAction":[{"@type":"ReadAction","target":["https:\/\/hudo.com\/si\/aktualno\/slovenija\/slovenska-gospodinjstva-so-v-koronskem-letu-2020-mocno-spremenila-svoje-navade-saj-se-je-varcevanje-povecalo-potrosnja-pa-obcutno-zmanjsala\/"]}]},{"@type":"BreadcrumbList","@id":"https:\/\/hudo.com\/si\/aktualno\/slovenija\/slovenska-gospodinjstva-so-v-koronskem-letu-2020-mocno-spremenila-svoje-navade-saj-se-je-varcevanje-povecalo-potrosnja-pa-obcutno-zmanjsala\/#breadcrumb","itemListElement":[{"@type":"ListItem","position":1,"name":"Home","item":"https:\/\/hudo.com\/si\/"},{"@type":"ListItem","position":2,"name":"Slovenska gospodinjstva so v koronskem letu 2020 mo\u010dno spremenila svoje navade, saj se je var\u010devanje pove\u010dalo, potro\u0161nja pa ob\u010dutno zmanj\u0161ala"}]},{"@type":"WebSite","@id":"https:\/\/hudo.com\/si\/#website","url":"https:\/\/hudo.com\/si\/","name":"Hudo Slovenija","description":"Vse novice iz Slovenije in sveta","publisher":{"@id":"https:\/\/hudo.com\/si\/#organization"},"potentialAction":[{"@type":"SearchAction","target":{"@type":"EntryPoint","urlTemplate":"https:\/\/hudo.com\/si\/?s={search_term_string}"},"query-input":"required name=search_term_string"}],"inLanguage":"sl-SI"},{"@type":"Organization","@id":"https:\/\/hudo.com\/si\/#organization","name":"VSN Media","url":"https:\/\/hudo.com\/si\/","logo":{"@type":"ImageObject","inLanguage":"sl-SI","@id":"https:\/\/hudo.com\/si\/#\/schema\/logo\/image\/","url":"https:\/\/hudo.com\/si\/wp-content\/uploads\/sites\/2\/2021\/03\/hudo-app-2.png","contentUrl":"https:\/\/hudo.com\/si\/wp-content\/uploads\/sites\/2\/2021\/03\/hudo-app-2.png","width":2185,"height":2167,"caption":"VSN Media"},"image":{"@id":"https:\/\/hudo.com\/si\/#\/schema\/logo\/image\/"},"sameAs":["https:\/\/www.facebook.com\/hudo.si","https:\/\/twitter.com\/hudo_si"]},{"@type":"Person","@id":"https:\/\/hudo.com\/si\/#\/schema\/person\/c2f10ce65d2e6ede2aeda5be2a0611fa","name":"M. N., STA","image":{"@type":"ImageObject","inLanguage":"sl-SI","@id":"https:\/\/hudo.com\/si\/#\/schema\/person\/image\/","url":"https:\/\/secure.gravatar.com\/avatar\/f370d38daa10467f755c5c766a4cac20?s=96&d=mm&r=g","contentUrl":"https:\/\/secure.gravatar.com\/avatar\/f370d38daa10467f755c5c766a4cac20?s=96&d=mm&r=g","caption":"M. N., STA"},"url":"https:\/\/hudo.com\/si\/author\/mana\/"}]}},"amp_enabled":true,"_links":{"self":[{"href":"https:\/\/hudo.com\/si\/wp-json\/wp\/v2\/posts\/452025"}],"collection":[{"href":"https:\/\/hudo.com\/si\/wp-json\/wp\/v2\/posts"}],"about":[{"href":"https:\/\/hudo.com\/si\/wp-json\/wp\/v2\/types\/post"}],"author":[{"embeddable":true,"href":"https:\/\/hudo.com\/si\/wp-json\/wp\/v2\/users\/8"}],"replies":[{"embeddable":true,"href":"https:\/\/hudo.com\/si\/wp-json\/wp\/v2\/comments?post=452025"}],"version-history":[{"count":1,"href":"https:\/\/hudo.com\/si\/wp-json\/wp\/v2\/posts\/452025\/revisions"}],"predecessor-version":[{"id":452026,"href":"https:\/\/hudo.com\/si\/wp-json\/wp\/v2\/posts\/452025\/revisions\/452026"}],"wp:featuredmedia":[{"embeddable":true,"href":"https:\/\/hudo.com\/si\/wp-json\/wp\/v2\/media\/368916"}],"wp:attachment":[{"href":"https:\/\/hudo.com\/si\/wp-json\/wp\/v2\/media?parent=452025"}],"wp:term":[{"taxonomy":"category","embeddable":true,"href":"https:\/\/hudo.com\/si\/wp-json\/wp\/v2\/categories?post=452025"},{"taxonomy":"post_tag","embeddable":true,"href":"https:\/\/hudo.com\/si\/wp-json\/wp\/v2\/tags?post=452025"},{"taxonomy":"source","embeddable":true,"href":"https:\/\/hudo.com\/si\/wp-json\/wp\/v2\/source?post=452025"},{"taxonomy":"supertag","embeddable":true,"href":"https:\/\/hudo.com\/si\/wp-json\/wp\/v2\/supertag?post=452025"}],"curies":[{"name":"wp","href":"https:\/\/api.w.org\/{rel}","templated":true}]}}