{"id":452204,"date":"2021-05-30T09:21:25","date_gmt":"2021-05-30T07:21:25","guid":{"rendered":"https:\/\/hudo.com\/si\/?p=452204"},"modified":"2021-05-30T09:21:25","modified_gmt":"2021-05-30T07:21:25","slug":"predsedniki-slovenije-nemcije-in-portugalske-danes-na-brdu-o-izzivih-evropske-unije","status":"publish","type":"post","link":"https:\/\/hudo.com\/si\/aktualno\/slovenija\/predsedniki-slovenije-nemcije-in-portugalske-danes-na-brdu-o-izzivih-evropske-unije\/","title":{"rendered":"Predsedniki Slovenije, Nem\u010dije in Portugalske danes na Brdu o izzivih Evropske unije"},"content":{"rendered":"<p>Namen sre\u010danja, za katero so se dogovorili v za\u010detku leta, je nadaljevanje dialoga predsednikov in krepitev razprave o vpra\u0161anjih skupnega interesa.<\/p>\n<p>Posebno pozornost bodo posvetili EU in glavnim izzivom, s katerimi se ta soo\u010da. Razpravljali bodo o pri\u010dakovanjih glede konference o prihodnosti Evrope. Spregovorili bodo tudi o slovenskem predsedovanju Svetu EU, ki ga bo Slovenija julija prevzela od Portugalske. V triu predsedujo\u010dih dr\u017eav je poleg Slovenije in Portugalske \u0161e Nem\u010dija.<\/p>\n<p>Predsednik republike bo sogovornikoma predstavil tudi zaklju\u010dke nedavnega sre\u010danja procesa Brdo-Brioni. Ob tem bodo predsedniki spregovorili o razmerah na Zahodnem Balkanu in pomenu hitrej\u0161ega \u0161iritvenega procesa unije, navajajo v Pahorjevem uradu.<\/p>\n<p>Predvidoma se bodo pogovarjali tudi o varnostnih izzivih v evropski sose\u0161\u010dini ter odnosih EU z ZDA, Rusijo in Kitajsko. Pahor bo s kolegoma iz Nem\u010dije in Portugalske spregovoril \u0161e o spopadanju s pandemijo covida-19 in gospodarskem okrevanju po njej.<\/p>\n<p>Po kratkem uvodnem pogovoru bodo predsedniki predvidoma podali izjavo za medije, nato pa bo sledilo delovno kosilo predsednikov.<\/p>\n<p>Predsednik republike bo nato v ponedeljek in torek portugalskega predsednika gostil \u0161e na uradnem obisku. Kot napovedujejo, bo osrednja tema njunih pogovorov EU in izzivi, s katerimi se soo\u010da v okrevanju po pandemiji in prehodu v zeleni in digitalni razvoj.<\/p>\n<p>Predsednika bosta predvidoma spregovorila tudi o dvostranskih odnosih med dr\u017eavama, sodelovanju v okviru EU, konferenci o prihodnosti Evrope, pripravah na slovensko predsedovanje Svetu EU ter aktualnih mednarodnih vpra\u0161anjih.<\/p>\n","protected":false},"excerpt":{"rendered":"<p>Predsednik republike Borut Pahor bo danes na Brdu pri Kranju gostil nem\u0161kega predsednika Frank-Walterja Steinmeierja in portugalskega predsednika Marcela Rebela de Souso. Predsedniki bodo govorili o Evropski uniji in izzivih, s katerimi se ta soo\u010da, ter o slovenskem predsedovanju Svetu EU, napovedujejo v Pahorjevem uradu.<\/p>\n","protected":false},"author":4,"featured_media":446769,"comment_status":"closed","ping_status":"closed","sticky":false,"template":"","format":"standard","meta":{"footnotes":""},"categories":[18201],"tags":[3458,4548,3628,5375,1595],"source":[4511],"supertag":[5675],"acf":[],"yoast_head":"<!-- This site is optimized with the Yoast SEO plugin v21.3 - https:\/\/yoast.com\/wordpress\/plugins\/seo\/ -->\n<title>Predsedniki Slovenije, Nem\u010dije in Portugalske danes na Brdu o izzivih Evropske unije - Hudo Slovenija<\/title>\n<meta name=\"robots\" content=\"index, follow, max-snippet:-1, max-image-preview:large, max-video-preview:-1\" \/>\n<link rel=\"canonical\" href=\"https:\/\/hudo.com\/si\/aktualno\/slovenija\/predsedniki-slovenije-nemcije-in-portugalske-danes-na-brdu-o-izzivih-evropske-unije\/\" \/>\n<meta property=\"og:locale\" content=\"sl_SI\" \/>\n<meta property=\"og:type\" content=\"article\" \/>\n<meta property=\"og:title\" content=\"Predsedniki Slovenije, Nem\u010dije in Portugalske danes na Brdu o izzivih Evropske unije - Hudo Slovenija\" \/>\n<meta property=\"og:description\" content=\"Predsednik republike Borut Pahor bo danes na Brdu pri Kranju gostil nem\u0161kega predsednika Frank-Walterja Steinmeierja in portugalskega predsednika Marcela Rebela de Souso. Predsedniki bodo govorili o Evropski uniji in izzivih, s katerimi se ta soo\u010da, ter o slovenskem predsedovanju Svetu EU, napovedujejo v Pahorjevem uradu.\" \/>\n<meta property=\"og:url\" content=\"https:\/\/hudo.com\/si\/aktualno\/slovenija\/predsedniki-slovenije-nemcije-in-portugalske-danes-na-brdu-o-izzivih-evropske-unije\/\" \/>\n<meta property=\"og:site_name\" content=\"Hudo Slovenija\" \/>\n<meta property=\"article:publisher\" content=\"https:\/\/www.facebook.com\/hudo.si\" \/>\n<meta property=\"article:published_time\" content=\"2021-05-30T07:21:25+00:00\" \/>\n<meta property=\"og:image\" content=\"https:\/\/hudo.com\/si\/wp-content\/uploads\/sites\/2\/2021\/03\/20200504-01003021.jpg\" \/>\n\t<meta property=\"og:image:width\" content=\"640\" \/>\n\t<meta property=\"og:image:height\" content=\"426\" \/>\n\t<meta property=\"og:image:type\" content=\"image\/jpeg\" \/>\n<meta name=\"author\" content=\"sabina\" \/>\n<meta name=\"twitter:card\" content=\"summary_large_image\" \/>\n<meta name=\"twitter:creator\" content=\"@hudo_si\" \/>\n<meta name=\"twitter:site\" content=\"@hudo_si\" \/>\n<meta name=\"twitter:label1\" content=\"Written by\" \/>\n\t<meta name=\"twitter:data1\" content=\"sabina\" \/>\n\t<meta name=\"twitter:label2\" content=\"Est. reading time\" \/>\n\t<meta name=\"twitter:data2\" content=\"1 minuta\" \/>\n<script type=\"application\/ld+json\" class=\"yoast-schema-graph\">{\"@context\":\"https:\/\/schema.org\",\"@graph\":[{\"@type\":\"Article\",\"@id\":\"https:\/\/hudo.com\/si\/aktualno\/slovenija\/predsedniki-slovenije-nemcije-in-portugalske-danes-na-brdu-o-izzivih-evropske-unije\/#article\",\"isPartOf\":{\"@id\":\"https:\/\/hudo.com\/si\/aktualno\/slovenija\/predsedniki-slovenije-nemcije-in-portugalske-danes-na-brdu-o-izzivih-evropske-unije\/\"},\"author\":{\"name\":\"sabina\",\"@id\":\"https:\/\/hudo.com\/si\/#\/schema\/person\/84c7fb414b1cd57255bce1dd0673a4a6\"},\"headline\":\"Predsedniki Slovenije, Nem\u010dije in Portugalske danes na Brdu o izzivih Evropske unije\",\"datePublished\":\"2021-05-30T07:21:25+00:00\",\"dateModified\":\"2021-05-30T07:21:25+00:00\",\"mainEntityOfPage\":{\"@id\":\"https:\/\/hudo.com\/si\/aktualno\/slovenija\/predsedniki-slovenije-nemcije-in-portugalske-danes-na-brdu-o-izzivih-evropske-unije\/\"},\"wordCount\":255,\"publisher\":{\"@id\":\"https:\/\/hudo.com\/si\/#organization\"},\"keywords\":[\"Borut Pahor\",\"EU\",\"nem\u010dija\",\"Portugalska\",\"Slovenija\"],\"articleSection\":[\"Slovenija\"],\"inLanguage\":\"sl-SI\"},{\"@type\":\"WebPage\",\"@id\":\"https:\/\/hudo.com\/si\/aktualno\/slovenija\/predsedniki-slovenije-nemcije-in-portugalske-danes-na-brdu-o-izzivih-evropske-unije\/\",\"url\":\"https:\/\/hudo.com\/si\/aktualno\/slovenija\/predsedniki-slovenije-nemcije-in-portugalske-danes-na-brdu-o-izzivih-evropske-unije\/\",\"name\":\"Predsedniki Slovenije, Nem\u010dije in Portugalske danes na Brdu o izzivih Evropske unije - Hudo Slovenija\",\"isPartOf\":{\"@id\":\"https:\/\/hudo.com\/si\/#website\"},\"datePublished\":\"2021-05-30T07:21:25+00:00\",\"dateModified\":\"2021-05-30T07:21:25+00:00\",\"breadcrumb\":{\"@id\":\"https:\/\/hudo.com\/si\/aktualno\/slovenija\/predsedniki-slovenije-nemcije-in-portugalske-danes-na-brdu-o-izzivih-evropske-unije\/#breadcrumb\"},\"inLanguage\":\"sl-SI\",\"potentialAction\":[{\"@type\":\"ReadAction\",\"target\":[\"https:\/\/hudo.com\/si\/aktualno\/slovenija\/predsedniki-slovenije-nemcije-in-portugalske-danes-na-brdu-o-izzivih-evropske-unije\/\"]}]},{\"@type\":\"BreadcrumbList\",\"@id\":\"https:\/\/hudo.com\/si\/aktualno\/slovenija\/predsedniki-slovenije-nemcije-in-portugalske-danes-na-brdu-o-izzivih-evropske-unije\/#breadcrumb\",\"itemListElement\":[{\"@type\":\"ListItem\",\"position\":1,\"name\":\"Home\",\"item\":\"https:\/\/hudo.com\/si\/\"},{\"@type\":\"ListItem\",\"position\":2,\"name\":\"Predsedniki Slovenije, Nem\u010dije in Portugalske danes na Brdu o izzivih Evropske unije\"}]},{\"@type\":\"WebSite\",\"@id\":\"https:\/\/hudo.com\/si\/#website\",\"url\":\"https:\/\/hudo.com\/si\/\",\"name\":\"Hudo Slovenija\",\"description\":\"Vse novice iz Slovenije in sveta\",\"publisher\":{\"@id\":\"https:\/\/hudo.com\/si\/#organization\"},\"potentialAction\":[{\"@type\":\"SearchAction\",\"target\":{\"@type\":\"EntryPoint\",\"urlTemplate\":\"https:\/\/hudo.com\/si\/?s={search_term_string}\"},\"query-input\":\"required name=search_term_string\"}],\"inLanguage\":\"sl-SI\"},{\"@type\":\"Organization\",\"@id\":\"https:\/\/hudo.com\/si\/#organization\",\"name\":\"VSN Media\",\"url\":\"https:\/\/hudo.com\/si\/\",\"logo\":{\"@type\":\"ImageObject\",\"inLanguage\":\"sl-SI\",\"@id\":\"https:\/\/hudo.com\/si\/#\/schema\/logo\/image\/\",\"url\":\"https:\/\/hudo.com\/si\/wp-content\/uploads\/sites\/2\/2021\/03\/hudo-app-2.png\",\"contentUrl\":\"https:\/\/hudo.com\/si\/wp-content\/uploads\/sites\/2\/2021\/03\/hudo-app-2.png\",\"width\":2185,\"height\":2167,\"caption\":\"VSN Media\"},\"image\":{\"@id\":\"https:\/\/hudo.com\/si\/#\/schema\/logo\/image\/\"},\"sameAs\":[\"https:\/\/www.facebook.com\/hudo.si\",\"https:\/\/twitter.com\/hudo_si\"]},{\"@type\":\"Person\",\"@id\":\"https:\/\/hudo.com\/si\/#\/schema\/person\/84c7fb414b1cd57255bce1dd0673a4a6\",\"name\":\"sabina\",\"image\":{\"@type\":\"ImageObject\",\"inLanguage\":\"sl-SI\",\"@id\":\"https:\/\/hudo.com\/si\/#\/schema\/person\/image\/\",\"url\":\"https:\/\/secure.gravatar.com\/avatar\/d26b530b785e7e230c648fb636fefc8e?s=96&d=mm&r=g\",\"contentUrl\":\"https:\/\/secure.gravatar.com\/avatar\/d26b530b785e7e230c648fb636fefc8e?s=96&d=mm&r=g\",\"caption\":\"sabina\"},\"url\":\"https:\/\/hudo.com\/si\/author\/sabina\/\"}]}<\/script>\n<!-- \/ Yoast SEO plugin. -->","yoast_head_json":{"title":"Predsedniki Slovenije, Nem\u010dije in Portugalske danes na Brdu o izzivih Evropske unije - Hudo Slovenija","robots":{"index":"index","follow":"follow","max-snippet":"max-snippet:-1","max-image-preview":"max-image-preview:large","max-video-preview":"max-video-preview:-1"},"canonical":"https:\/\/hudo.com\/si\/aktualno\/slovenija\/predsedniki-slovenije-nemcije-in-portugalske-danes-na-brdu-o-izzivih-evropske-unije\/","og_locale":"sl_SI","og_type":"article","og_title":"Predsedniki Slovenije, Nem\u010dije in Portugalske danes na Brdu o izzivih Evropske unije - Hudo Slovenija","og_description":"Predsednik republike Borut Pahor bo danes na Brdu pri Kranju gostil nem\u0161kega predsednika Frank-Walterja Steinmeierja in portugalskega predsednika Marcela Rebela de Souso. Predsedniki bodo govorili o Evropski uniji in izzivih, s katerimi se ta soo\u010da, ter o slovenskem predsedovanju Svetu EU, napovedujejo v Pahorjevem uradu.","og_url":"https:\/\/hudo.com\/si\/aktualno\/slovenija\/predsedniki-slovenije-nemcije-in-portugalske-danes-na-brdu-o-izzivih-evropske-unije\/","og_site_name":"Hudo Slovenija","article_publisher":"https:\/\/www.facebook.com\/hudo.si","article_published_time":"2021-05-30T07:21:25+00:00","og_image":[{"width":640,"height":426,"url":"https:\/\/hudo.com\/si\/wp-content\/uploads\/sites\/2\/2021\/03\/20200504-01003021.jpg","type":"image\/jpeg"}],"author":"sabina","twitter_card":"summary_large_image","twitter_creator":"@hudo_si","twitter_site":"@hudo_si","twitter_misc":{"Written by":"sabina","Est. reading time":"1 minuta"},"schema":{"@context":"https:\/\/schema.org","@graph":[{"@type":"Article","@id":"https:\/\/hudo.com\/si\/aktualno\/slovenija\/predsedniki-slovenije-nemcije-in-portugalske-danes-na-brdu-o-izzivih-evropske-unije\/#article","isPartOf":{"@id":"https:\/\/hudo.com\/si\/aktualno\/slovenija\/predsedniki-slovenije-nemcije-in-portugalske-danes-na-brdu-o-izzivih-evropske-unije\/"},"author":{"name":"sabina","@id":"https:\/\/hudo.com\/si\/#\/schema\/person\/84c7fb414b1cd57255bce1dd0673a4a6"},"headline":"Predsedniki Slovenije, Nem\u010dije in Portugalske danes na Brdu o izzivih Evropske unije","datePublished":"2021-05-30T07:21:25+00:00","dateModified":"2021-05-30T07:21:25+00:00","mainEntityOfPage":{"@id":"https:\/\/hudo.com\/si\/aktualno\/slovenija\/predsedniki-slovenije-nemcije-in-portugalske-danes-na-brdu-o-izzivih-evropske-unije\/"},"wordCount":255,"publisher":{"@id":"https:\/\/hudo.com\/si\/#organization"},"keywords":["Borut Pahor","EU","nem\u010dija","Portugalska","Slovenija"],"articleSection":["Slovenija"],"inLanguage":"sl-SI"},{"@type":"WebPage","@id":"https:\/\/hudo.com\/si\/aktualno\/slovenija\/predsedniki-slovenije-nemcije-in-portugalske-danes-na-brdu-o-izzivih-evropske-unije\/","url":"https:\/\/hudo.com\/si\/aktualno\/slovenija\/predsedniki-slovenije-nemcije-in-portugalske-danes-na-brdu-o-izzivih-evropske-unije\/","name":"Predsedniki Slovenije, Nem\u010dije in Portugalske danes na Brdu o izzivih Evropske unije - Hudo Slovenija","isPartOf":{"@id":"https:\/\/hudo.com\/si\/#website"},"datePublished":"2021-05-30T07:21:25+00:00","dateModified":"2021-05-30T07:21:25+00:00","breadcrumb":{"@id":"https:\/\/hudo.com\/si\/aktualno\/slovenija\/predsedniki-slovenije-nemcije-in-portugalske-danes-na-brdu-o-izzivih-evropske-unije\/#breadcrumb"},"inLanguage":"sl-SI","potentialAction":[{"@type":"ReadAction","target":["https:\/\/hudo.com\/si\/aktualno\/slovenija\/predsedniki-slovenije-nemcije-in-portugalske-danes-na-brdu-o-izzivih-evropske-unije\/"]}]},{"@type":"BreadcrumbList","@id":"https:\/\/hudo.com\/si\/aktualno\/slovenija\/predsedniki-slovenije-nemcije-in-portugalske-danes-na-brdu-o-izzivih-evropske-unije\/#breadcrumb","itemListElement":[{"@type":"ListItem","position":1,"name":"Home","item":"https:\/\/hudo.com\/si\/"},{"@type":"ListItem","position":2,"name":"Predsedniki Slovenije, Nem\u010dije in Portugalske danes na Brdu o izzivih Evropske unije"}]},{"@type":"WebSite","@id":"https:\/\/hudo.com\/si\/#website","url":"https:\/\/hudo.com\/si\/","name":"Hudo Slovenija","description":"Vse novice iz Slovenije in sveta","publisher":{"@id":"https:\/\/hudo.com\/si\/#organization"},"potentialAction":[{"@type":"SearchAction","target":{"@type":"EntryPoint","urlTemplate":"https:\/\/hudo.com\/si\/?s={search_term_string}"},"query-input":"required name=search_term_string"}],"inLanguage":"sl-SI"},{"@type":"Organization","@id":"https:\/\/hudo.com\/si\/#organization","name":"VSN Media","url":"https:\/\/hudo.com\/si\/","logo":{"@type":"ImageObject","inLanguage":"sl-SI","@id":"https:\/\/hudo.com\/si\/#\/schema\/logo\/image\/","url":"https:\/\/hudo.com\/si\/wp-content\/uploads\/sites\/2\/2021\/03\/hudo-app-2.png","contentUrl":"https:\/\/hudo.com\/si\/wp-content\/uploads\/sites\/2\/2021\/03\/hudo-app-2.png","width":2185,"height":2167,"caption":"VSN Media"},"image":{"@id":"https:\/\/hudo.com\/si\/#\/schema\/logo\/image\/"},"sameAs":["https:\/\/www.facebook.com\/hudo.si","https:\/\/twitter.com\/hudo_si"]},{"@type":"Person","@id":"https:\/\/hudo.com\/si\/#\/schema\/person\/84c7fb414b1cd57255bce1dd0673a4a6","name":"sabina","image":{"@type":"ImageObject","inLanguage":"sl-SI","@id":"https:\/\/hudo.com\/si\/#\/schema\/person\/image\/","url":"https:\/\/secure.gravatar.com\/avatar\/d26b530b785e7e230c648fb636fefc8e?s=96&d=mm&r=g","contentUrl":"https:\/\/secure.gravatar.com\/avatar\/d26b530b785e7e230c648fb636fefc8e?s=96&d=mm&r=g","caption":"sabina"},"url":"https:\/\/hudo.com\/si\/author\/sabina\/"}]}},"amp_enabled":true,"_links":{"self":[{"href":"https:\/\/hudo.com\/si\/wp-json\/wp\/v2\/posts\/452204"}],"collection":[{"href":"https:\/\/hudo.com\/si\/wp-json\/wp\/v2\/posts"}],"about":[{"href":"https:\/\/hudo.com\/si\/wp-json\/wp\/v2\/types\/post"}],"author":[{"embeddable":true,"href":"https:\/\/hudo.com\/si\/wp-json\/wp\/v2\/users\/4"}],"replies":[{"embeddable":true,"href":"https:\/\/hudo.com\/si\/wp-json\/wp\/v2\/comments?post=452204"}],"version-history":[{"count":1,"href":"https:\/\/hudo.com\/si\/wp-json\/wp\/v2\/posts\/452204\/revisions"}],"predecessor-version":[{"id":452205,"href":"https:\/\/hudo.com\/si\/wp-json\/wp\/v2\/posts\/452204\/revisions\/452205"}],"wp:featuredmedia":[{"embeddable":true,"href":"https:\/\/hudo.com\/si\/wp-json\/wp\/v2\/media\/446769"}],"wp:attachment":[{"href":"https:\/\/hudo.com\/si\/wp-json\/wp\/v2\/media?parent=452204"}],"wp:term":[{"taxonomy":"category","embeddable":true,"href":"https:\/\/hudo.com\/si\/wp-json\/wp\/v2\/categories?post=452204"},{"taxonomy":"post_tag","embeddable":true,"href":"https:\/\/hudo.com\/si\/wp-json\/wp\/v2\/tags?post=452204"},{"taxonomy":"source","embeddable":true,"href":"https:\/\/hudo.com\/si\/wp-json\/wp\/v2\/source?post=452204"},{"taxonomy":"supertag","embeddable":true,"href":"https:\/\/hudo.com\/si\/wp-json\/wp\/v2\/supertag?post=452204"}],"curies":[{"name":"wp","href":"https:\/\/api.w.org\/{rel}","templated":true}]}}