{"id":452206,"date":"2021-05-30T09:27:14","date_gmt":"2021-05-30T07:27:14","guid":{"rendered":"https:\/\/hudo.com\/si\/?p=452206"},"modified":"2021-05-30T09:27:14","modified_gmt":"2021-05-30T07:27:14","slug":"vlada-je-prenovila-tudi-seznam-drzav-z-visokim-tveganjem-za-okuzbo-z-novim-koronavirusom-in-poleg-rdecega-seznama-dolocila-tudi-temno-rdeci-seznam","status":"publish","type":"post","link":"https:\/\/hudo.com\/si\/aktualno\/slovenija\/vlada-je-prenovila-tudi-seznam-drzav-z-visokim-tveganjem-za-okuzbo-z-novim-koronavirusom-in-poleg-rdecega-seznama-dolocila-tudi-temno-rdeci-seznam\/","title":{"rendered":"Vlada je prenovila tudi seznam dr\u017eav z visokim tveganjem za oku\u017ebo z novim koronavirusom in poleg rde\u010dega seznama dolo\u010dila tudi temno rde\u010di seznam"},"content":{"rendered":"<p>Med klju\u010dnimi novostmi v sredo sprejetega odloka je, da so med izjemami, ki ob vstopu v Slovenijo ne potrebujejo negativnega testa, da bi se izognili obvezni napotitvi v karanteno, poslej tudi otroci do 15. leta starosti, ki potujejo v organizirani skupini v spremstvu vzgojitelja, u\u010ditelja ali skrbnika. To velja tudi za otroke do 15. leta starosti, ki prehajajo mejo skupaj z o\u017ejim dru\u017einskim \u010dlanom, ki ni napoten v karanteno na domu oziroma mu ni zavrnjen vstop v Slovenijo.<\/p>\n<p>Po novem za pripadnike policije ali uslu\u017ebence dr\u017eavnega organa, ki se vra\u010dajo z napotitve na delo v tujini, ter uslu\u017ebence dr\u017eavnih organov in akreditirane novinarje na slu\u017ebeni poti v tujini ni ve\u010d obvezno testiranje po vstopu v Slovenijo.<\/p>\n<p>Vlada je prenovila tudi seznam dr\u017eav z visokim tveganjem za oku\u017ebo z novim koronavirusom in poleg rde\u010dega seznama dolo\u010dila tudi temno rde\u010di seznam. Nanj so uvr\u0161\u010dena obmo\u010dja, kjer v 14-dnevnem obdobju bele\u017eijo ve\u010d kot 500 oku\u017eb dnevno na 100.000 prebivalcev, ali pa kjer obstaja pove\u010dana prisotnost bolj nevarnih razli\u010dic koronavirusa. Na ta seznam so uvrstili tudi dr\u017eave oz. obmo\u010dja, za katera ni dovolj informacij za oceno zgornjih meril ali pa je \u0161tevilo opravljenih testov v zadnjem tednu ni\u017eje od 300 na 100.000 prebivalcev.<\/p>\n<p>Na tem seznamu so iz obmo\u010dja EU oz. schengenskega obmo\u010dja francoska administrativna enota Ile-de-France (Pariz z okolico), hrva\u0161ka administrativna enota Severna Hrva\u0161ka (Vara\u017edinska, Med\u017eimurska, Zagorska in Koprivni\u0161ko-kri\u017eevska \u017eupanija), litovska administrativna enota Sostines regionas, nizozemske administrativne enote Zuid-Holland, Zeeland, Noord-Brabant, Limburg ter \u0161vedske administrativne enote Stockholm, \u00d6stra Mellansverige, Smaland med \u00f6arna, Sydsverige, V\u00e4stsverige, Mellersta Norrland in \u00d6vre Norrland.<\/p>\n<p>Izmed tretjih dr\u017eav pa je na tem temno rde\u010dem seznamu 36 dr\u017eav, med njimi Argentina, Brazilija, Egipt, Indija, Iran, Ju\u017ena Afrika, Nepal, Tunizija, Tur\u010dija in tudi Velika Britanija.<\/p>\n<p>Na rde\u010di seznam so uvr\u0161\u010dene tiste dr\u017eave oz. obmo\u010dja, kjer v zadnjih 14 dneh stopnja skupno prijavljenih primerov oku\u017ebe med 50 in 150 in stopnja pozitivnih testov ve\u010d kot \u0161tiriodstotna oziroma je stopnja skupno prijavljenih primerov oku\u017ebe v 14-dnevnem obdobju vi\u0161ja od 150 in ni\u017eja od 500 na 100.000 prebivalcev.<\/p>\n<p>Na tem seznamu je 28 dr\u017eav \u010dlanic EU ali schengenskega obmo\u010dja oz. njihove administrativne enote. Med njimi so npr. tudi avstrijske de\u017eele Koro\u0161ka, \u0160tajerska, Zgornja Avstrija, Tirolska in Predarlsko, hrva\u0161ke administrativne enote Panonska, Jadranska in Zagreb, ve\u010d italijanskih de\u017eel, a ne tudi sosednja Furlanija-Julijska krajina in Bene\u010dija (Veneto). Na rde\u010dem seznamu pa sta npr. celotna Mad\u017earska in Nem\u010dija.<\/p>\n<p>Od danes se na mejnih prehodih priznavajo negativni testi PCR in dokazila o preboleli bolezni iz Srbije. V Slovenijo je tako mogo\u010de vstopiti z dokazilom o negativnem testu, ki je bil opravljen v kateri od \u010dlanic EU ali schengenskega obmo\u010dja, Avstraliji, Izraelu, Kanadi, Novi Zelandiji, Rusiji, Srbiji, Veliki Britaniji ali v ZDA, na kontrolnih to\u010dkah na letalskih povezavah za mednarodni zra\u010dni promet pa tudi, \u010de je bilo to potrdilo izdano v Tur\u010diji. Test pa ne sme biti starej\u0161i od 48 ur.<\/p>\n","protected":false},"excerpt":{"rendered":"<p>V Slovenijo lahko od danes brez negativnega testa na novi koronavirus in brez napotitve v karanteno vstopajo tudi otroci do 15. leta starosti, ki potujejo v organizirani skupini. Vlada je v odloku, ki je za\u010del veljati danes, na novo dolo\u010dila tudi temno rde\u010di seznam dr\u017eav.<\/p>\n","protected":false},"author":8,"featured_media":401492,"comment_status":"closed","ping_status":"closed","sticky":false,"template":"","format":"standard","meta":{"footnotes":""},"categories":[18201],"tags":[11903,7727,16830,1595],"source":[4511],"supertag":[5675],"acf":[],"yoast_head":"<!-- This site is optimized with the Yoast SEO plugin v21.3 - https:\/\/yoast.com\/wordpress\/plugins\/seo\/ -->\n<title>Vlada je prenovila tudi seznam dr\u017eav z visokim tveganjem za oku\u017ebo z novim koronavirusom in poleg rde\u010dega seznama dolo\u010dila tudi temno rde\u010di seznam - Hudo Slovenija<\/title>\n<meta name=\"robots\" content=\"index, follow, max-snippet:-1, max-image-preview:large, max-video-preview:-1\" \/>\n<link rel=\"canonical\" href=\"https:\/\/hudo.com\/si\/aktualno\/slovenija\/vlada-je-prenovila-tudi-seznam-drzav-z-visokim-tveganjem-za-okuzbo-z-novim-koronavirusom-in-poleg-rdecega-seznama-dolocila-tudi-temno-rdeci-seznam\/\" \/>\n<meta property=\"og:locale\" content=\"sl_SI\" \/>\n<meta property=\"og:type\" content=\"article\" \/>\n<meta property=\"og:title\" content=\"Vlada je prenovila tudi seznam dr\u017eav z visokim tveganjem za oku\u017ebo z novim koronavirusom in poleg rde\u010dega seznama dolo\u010dila tudi temno rde\u010di seznam - Hudo Slovenija\" \/>\n<meta property=\"og:description\" content=\"V Slovenijo lahko od danes brez negativnega testa na novi koronavirus in brez napotitve v karanteno vstopajo tudi otroci do 15. leta starosti, ki potujejo v organizirani skupini. Vlada je v odloku, ki je za\u010del veljati danes, na novo dolo\u010dila tudi temno rde\u010di seznam dr\u017eav.\" \/>\n<meta property=\"og:url\" content=\"https:\/\/hudo.com\/si\/aktualno\/slovenija\/vlada-je-prenovila-tudi-seznam-drzav-z-visokim-tveganjem-za-okuzbo-z-novim-koronavirusom-in-poleg-rdecega-seznama-dolocila-tudi-temno-rdeci-seznam\/\" \/>\n<meta property=\"og:site_name\" content=\"Hudo Slovenija\" \/>\n<meta property=\"article:publisher\" content=\"https:\/\/www.facebook.com\/hudo.si\" \/>\n<meta property=\"article:published_time\" content=\"2021-05-30T07:27:14+00:00\" \/>\n<meta property=\"og:image\" content=\"https:\/\/hudo.com\/si\/wp-content\/uploads\/sites\/2\/2019\/06\/profimedia-0373266115.jpg\" \/>\n\t<meta property=\"og:image:width\" content=\"1250\" \/>\n\t<meta property=\"og:image:height\" content=\"799\" \/>\n\t<meta property=\"og:image:type\" content=\"image\/jpeg\" \/>\n<meta name=\"author\" content=\"M. N., STA\" \/>\n<meta name=\"twitter:card\" content=\"summary_large_image\" \/>\n<meta name=\"twitter:creator\" content=\"@hudo_si\" \/>\n<meta name=\"twitter:site\" content=\"@hudo_si\" \/>\n<meta name=\"twitter:label1\" content=\"Written by\" \/>\n\t<meta name=\"twitter:data1\" content=\"M. N., STA\" \/>\n\t<meta name=\"twitter:label2\" content=\"Est. reading time\" \/>\n\t<meta name=\"twitter:data2\" content=\"3 minute\" \/>\n<script type=\"application\/ld+json\" class=\"yoast-schema-graph\">{\"@context\":\"https:\/\/schema.org\",\"@graph\":[{\"@type\":\"Article\",\"@id\":\"https:\/\/hudo.com\/si\/aktualno\/slovenija\/vlada-je-prenovila-tudi-seznam-drzav-z-visokim-tveganjem-za-okuzbo-z-novim-koronavirusom-in-poleg-rdecega-seznama-dolocila-tudi-temno-rdeci-seznam\/#article\",\"isPartOf\":{\"@id\":\"https:\/\/hudo.com\/si\/aktualno\/slovenija\/vlada-je-prenovila-tudi-seznam-drzav-z-visokim-tveganjem-za-okuzbo-z-novim-koronavirusom-in-poleg-rdecega-seznama-dolocila-tudi-temno-rdeci-seznam\/\"},\"author\":{\"name\":\"M. N., STA\",\"@id\":\"https:\/\/hudo.com\/si\/#\/schema\/person\/c2f10ce65d2e6ede2aeda5be2a0611fa\"},\"headline\":\"Vlada je prenovila tudi seznam dr\u017eav z visokim tveganjem za oku\u017ebo z novim koronavirusom in poleg rde\u010dega seznama dolo\u010dila tudi temno rde\u010di seznam\",\"datePublished\":\"2021-05-30T07:27:14+00:00\",\"dateModified\":\"2021-05-30T07:27:14+00:00\",\"mainEntityOfPage\":{\"@id\":\"https:\/\/hudo.com\/si\/aktualno\/slovenija\/vlada-je-prenovila-tudi-seznam-drzav-z-visokim-tveganjem-za-okuzbo-z-novim-koronavirusom-in-poleg-rdecega-seznama-dolocila-tudi-temno-rdeci-seznam\/\"},\"wordCount\":548,\"publisher\":{\"@id\":\"https:\/\/hudo.com\/si\/#organization\"},\"keywords\":[\"karantena\",\"nadzor na mejah\",\"rde\u010di seznam\",\"Slovenija\"],\"articleSection\":[\"Slovenija\"],\"inLanguage\":\"sl-SI\"},{\"@type\":\"WebPage\",\"@id\":\"https:\/\/hudo.com\/si\/aktualno\/slovenija\/vlada-je-prenovila-tudi-seznam-drzav-z-visokim-tveganjem-za-okuzbo-z-novim-koronavirusom-in-poleg-rdecega-seznama-dolocila-tudi-temno-rdeci-seznam\/\",\"url\":\"https:\/\/hudo.com\/si\/aktualno\/slovenija\/vlada-je-prenovila-tudi-seznam-drzav-z-visokim-tveganjem-za-okuzbo-z-novim-koronavirusom-in-poleg-rdecega-seznama-dolocila-tudi-temno-rdeci-seznam\/\",\"name\":\"Vlada je prenovila tudi seznam dr\u017eav z visokim tveganjem za oku\u017ebo z novim koronavirusom in poleg rde\u010dega seznama dolo\u010dila tudi temno rde\u010di seznam - Hudo Slovenija\",\"isPartOf\":{\"@id\":\"https:\/\/hudo.com\/si\/#website\"},\"datePublished\":\"2021-05-30T07:27:14+00:00\",\"dateModified\":\"2021-05-30T07:27:14+00:00\",\"breadcrumb\":{\"@id\":\"https:\/\/hudo.com\/si\/aktualno\/slovenija\/vlada-je-prenovila-tudi-seznam-drzav-z-visokim-tveganjem-za-okuzbo-z-novim-koronavirusom-in-poleg-rdecega-seznama-dolocila-tudi-temno-rdeci-seznam\/#breadcrumb\"},\"inLanguage\":\"sl-SI\",\"potentialAction\":[{\"@type\":\"ReadAction\",\"target\":[\"https:\/\/hudo.com\/si\/aktualno\/slovenija\/vlada-je-prenovila-tudi-seznam-drzav-z-visokim-tveganjem-za-okuzbo-z-novim-koronavirusom-in-poleg-rdecega-seznama-dolocila-tudi-temno-rdeci-seznam\/\"]}]},{\"@type\":\"BreadcrumbList\",\"@id\":\"https:\/\/hudo.com\/si\/aktualno\/slovenija\/vlada-je-prenovila-tudi-seznam-drzav-z-visokim-tveganjem-za-okuzbo-z-novim-koronavirusom-in-poleg-rdecega-seznama-dolocila-tudi-temno-rdeci-seznam\/#breadcrumb\",\"itemListElement\":[{\"@type\":\"ListItem\",\"position\":1,\"name\":\"Home\",\"item\":\"https:\/\/hudo.com\/si\/\"},{\"@type\":\"ListItem\",\"position\":2,\"name\":\"Vlada je prenovila tudi seznam dr\u017eav z visokim tveganjem za oku\u017ebo z novim koronavirusom in poleg rde\u010dega seznama dolo\u010dila tudi temno rde\u010di seznam\"}]},{\"@type\":\"WebSite\",\"@id\":\"https:\/\/hudo.com\/si\/#website\",\"url\":\"https:\/\/hudo.com\/si\/\",\"name\":\"Hudo Slovenija\",\"description\":\"Vse novice iz Slovenije in sveta\",\"publisher\":{\"@id\":\"https:\/\/hudo.com\/si\/#organization\"},\"potentialAction\":[{\"@type\":\"SearchAction\",\"target\":{\"@type\":\"EntryPoint\",\"urlTemplate\":\"https:\/\/hudo.com\/si\/?s={search_term_string}\"},\"query-input\":\"required name=search_term_string\"}],\"inLanguage\":\"sl-SI\"},{\"@type\":\"Organization\",\"@id\":\"https:\/\/hudo.com\/si\/#organization\",\"name\":\"VSN Media\",\"url\":\"https:\/\/hudo.com\/si\/\",\"logo\":{\"@type\":\"ImageObject\",\"inLanguage\":\"sl-SI\",\"@id\":\"https:\/\/hudo.com\/si\/#\/schema\/logo\/image\/\",\"url\":\"https:\/\/hudo.com\/si\/wp-content\/uploads\/sites\/2\/2021\/03\/hudo-app-2.png\",\"contentUrl\":\"https:\/\/hudo.com\/si\/wp-content\/uploads\/sites\/2\/2021\/03\/hudo-app-2.png\",\"width\":2185,\"height\":2167,\"caption\":\"VSN Media\"},\"image\":{\"@id\":\"https:\/\/hudo.com\/si\/#\/schema\/logo\/image\/\"},\"sameAs\":[\"https:\/\/www.facebook.com\/hudo.si\",\"https:\/\/twitter.com\/hudo_si\"]},{\"@type\":\"Person\",\"@id\":\"https:\/\/hudo.com\/si\/#\/schema\/person\/c2f10ce65d2e6ede2aeda5be2a0611fa\",\"name\":\"M. N., STA\",\"image\":{\"@type\":\"ImageObject\",\"inLanguage\":\"sl-SI\",\"@id\":\"https:\/\/hudo.com\/si\/#\/schema\/person\/image\/\",\"url\":\"https:\/\/secure.gravatar.com\/avatar\/f370d38daa10467f755c5c766a4cac20?s=96&d=mm&r=g\",\"contentUrl\":\"https:\/\/secure.gravatar.com\/avatar\/f370d38daa10467f755c5c766a4cac20?s=96&d=mm&r=g\",\"caption\":\"M. N., STA\"},\"url\":\"https:\/\/hudo.com\/si\/author\/mana\/\"}]}<\/script>\n<!-- \/ Yoast SEO plugin. -->","yoast_head_json":{"title":"Vlada je prenovila tudi seznam dr\u017eav z visokim tveganjem za oku\u017ebo z novim koronavirusom in poleg rde\u010dega seznama dolo\u010dila tudi temno rde\u010di seznam - Hudo Slovenija","robots":{"index":"index","follow":"follow","max-snippet":"max-snippet:-1","max-image-preview":"max-image-preview:large","max-video-preview":"max-video-preview:-1"},"canonical":"https:\/\/hudo.com\/si\/aktualno\/slovenija\/vlada-je-prenovila-tudi-seznam-drzav-z-visokim-tveganjem-za-okuzbo-z-novim-koronavirusom-in-poleg-rdecega-seznama-dolocila-tudi-temno-rdeci-seznam\/","og_locale":"sl_SI","og_type":"article","og_title":"Vlada je prenovila tudi seznam dr\u017eav z visokim tveganjem za oku\u017ebo z novim koronavirusom in poleg rde\u010dega seznama dolo\u010dila tudi temno rde\u010di seznam - Hudo Slovenija","og_description":"V Slovenijo lahko od danes brez negativnega testa na novi koronavirus in brez napotitve v karanteno vstopajo tudi otroci do 15. leta starosti, ki potujejo v organizirani skupini. Vlada je v odloku, ki je za\u010del veljati danes, na novo dolo\u010dila tudi temno rde\u010di seznam dr\u017eav.","og_url":"https:\/\/hudo.com\/si\/aktualno\/slovenija\/vlada-je-prenovila-tudi-seznam-drzav-z-visokim-tveganjem-za-okuzbo-z-novim-koronavirusom-in-poleg-rdecega-seznama-dolocila-tudi-temno-rdeci-seznam\/","og_site_name":"Hudo Slovenija","article_publisher":"https:\/\/www.facebook.com\/hudo.si","article_published_time":"2021-05-30T07:27:14+00:00","og_image":[{"width":1250,"height":799,"url":"https:\/\/hudo.com\/si\/wp-content\/uploads\/sites\/2\/2019\/06\/profimedia-0373266115.jpg","type":"image\/jpeg"}],"author":"M. N., STA","twitter_card":"summary_large_image","twitter_creator":"@hudo_si","twitter_site":"@hudo_si","twitter_misc":{"Written by":"M. N., STA","Est. reading time":"3 minute"},"schema":{"@context":"https:\/\/schema.org","@graph":[{"@type":"Article","@id":"https:\/\/hudo.com\/si\/aktualno\/slovenija\/vlada-je-prenovila-tudi-seznam-drzav-z-visokim-tveganjem-za-okuzbo-z-novim-koronavirusom-in-poleg-rdecega-seznama-dolocila-tudi-temno-rdeci-seznam\/#article","isPartOf":{"@id":"https:\/\/hudo.com\/si\/aktualno\/slovenija\/vlada-je-prenovila-tudi-seznam-drzav-z-visokim-tveganjem-za-okuzbo-z-novim-koronavirusom-in-poleg-rdecega-seznama-dolocila-tudi-temno-rdeci-seznam\/"},"author":{"name":"M. N., STA","@id":"https:\/\/hudo.com\/si\/#\/schema\/person\/c2f10ce65d2e6ede2aeda5be2a0611fa"},"headline":"Vlada je prenovila tudi seznam dr\u017eav z visokim tveganjem za oku\u017ebo z novim koronavirusom in poleg rde\u010dega seznama dolo\u010dila tudi temno rde\u010di seznam","datePublished":"2021-05-30T07:27:14+00:00","dateModified":"2021-05-30T07:27:14+00:00","mainEntityOfPage":{"@id":"https:\/\/hudo.com\/si\/aktualno\/slovenija\/vlada-je-prenovila-tudi-seznam-drzav-z-visokim-tveganjem-za-okuzbo-z-novim-koronavirusom-in-poleg-rdecega-seznama-dolocila-tudi-temno-rdeci-seznam\/"},"wordCount":548,"publisher":{"@id":"https:\/\/hudo.com\/si\/#organization"},"keywords":["karantena","nadzor na mejah","rde\u010di seznam","Slovenija"],"articleSection":["Slovenija"],"inLanguage":"sl-SI"},{"@type":"WebPage","@id":"https:\/\/hudo.com\/si\/aktualno\/slovenija\/vlada-je-prenovila-tudi-seznam-drzav-z-visokim-tveganjem-za-okuzbo-z-novim-koronavirusom-in-poleg-rdecega-seznama-dolocila-tudi-temno-rdeci-seznam\/","url":"https:\/\/hudo.com\/si\/aktualno\/slovenija\/vlada-je-prenovila-tudi-seznam-drzav-z-visokim-tveganjem-za-okuzbo-z-novim-koronavirusom-in-poleg-rdecega-seznama-dolocila-tudi-temno-rdeci-seznam\/","name":"Vlada je prenovila tudi seznam dr\u017eav z visokim tveganjem za oku\u017ebo z novim koronavirusom in poleg rde\u010dega seznama dolo\u010dila tudi temno rde\u010di seznam - Hudo Slovenija","isPartOf":{"@id":"https:\/\/hudo.com\/si\/#website"},"datePublished":"2021-05-30T07:27:14+00:00","dateModified":"2021-05-30T07:27:14+00:00","breadcrumb":{"@id":"https:\/\/hudo.com\/si\/aktualno\/slovenija\/vlada-je-prenovila-tudi-seznam-drzav-z-visokim-tveganjem-za-okuzbo-z-novim-koronavirusom-in-poleg-rdecega-seznama-dolocila-tudi-temno-rdeci-seznam\/#breadcrumb"},"inLanguage":"sl-SI","potentialAction":[{"@type":"ReadAction","target":["https:\/\/hudo.com\/si\/aktualno\/slovenija\/vlada-je-prenovila-tudi-seznam-drzav-z-visokim-tveganjem-za-okuzbo-z-novim-koronavirusom-in-poleg-rdecega-seznama-dolocila-tudi-temno-rdeci-seznam\/"]}]},{"@type":"BreadcrumbList","@id":"https:\/\/hudo.com\/si\/aktualno\/slovenija\/vlada-je-prenovila-tudi-seznam-drzav-z-visokim-tveganjem-za-okuzbo-z-novim-koronavirusom-in-poleg-rdecega-seznama-dolocila-tudi-temno-rdeci-seznam\/#breadcrumb","itemListElement":[{"@type":"ListItem","position":1,"name":"Home","item":"https:\/\/hudo.com\/si\/"},{"@type":"ListItem","position":2,"name":"Vlada je prenovila tudi seznam dr\u017eav z visokim tveganjem za oku\u017ebo z novim koronavirusom in poleg rde\u010dega seznama dolo\u010dila tudi temno rde\u010di seznam"}]},{"@type":"WebSite","@id":"https:\/\/hudo.com\/si\/#website","url":"https:\/\/hudo.com\/si\/","name":"Hudo Slovenija","description":"Vse novice iz Slovenije in sveta","publisher":{"@id":"https:\/\/hudo.com\/si\/#organization"},"potentialAction":[{"@type":"SearchAction","target":{"@type":"EntryPoint","urlTemplate":"https:\/\/hudo.com\/si\/?s={search_term_string}"},"query-input":"required name=search_term_string"}],"inLanguage":"sl-SI"},{"@type":"Organization","@id":"https:\/\/hudo.com\/si\/#organization","name":"VSN Media","url":"https:\/\/hudo.com\/si\/","logo":{"@type":"ImageObject","inLanguage":"sl-SI","@id":"https:\/\/hudo.com\/si\/#\/schema\/logo\/image\/","url":"https:\/\/hudo.com\/si\/wp-content\/uploads\/sites\/2\/2021\/03\/hudo-app-2.png","contentUrl":"https:\/\/hudo.com\/si\/wp-content\/uploads\/sites\/2\/2021\/03\/hudo-app-2.png","width":2185,"height":2167,"caption":"VSN Media"},"image":{"@id":"https:\/\/hudo.com\/si\/#\/schema\/logo\/image\/"},"sameAs":["https:\/\/www.facebook.com\/hudo.si","https:\/\/twitter.com\/hudo_si"]},{"@type":"Person","@id":"https:\/\/hudo.com\/si\/#\/schema\/person\/c2f10ce65d2e6ede2aeda5be2a0611fa","name":"M. N., STA","image":{"@type":"ImageObject","inLanguage":"sl-SI","@id":"https:\/\/hudo.com\/si\/#\/schema\/person\/image\/","url":"https:\/\/secure.gravatar.com\/avatar\/f370d38daa10467f755c5c766a4cac20?s=96&d=mm&r=g","contentUrl":"https:\/\/secure.gravatar.com\/avatar\/f370d38daa10467f755c5c766a4cac20?s=96&d=mm&r=g","caption":"M. N., STA"},"url":"https:\/\/hudo.com\/si\/author\/mana\/"}]}},"amp_enabled":true,"_links":{"self":[{"href":"https:\/\/hudo.com\/si\/wp-json\/wp\/v2\/posts\/452206"}],"collection":[{"href":"https:\/\/hudo.com\/si\/wp-json\/wp\/v2\/posts"}],"about":[{"href":"https:\/\/hudo.com\/si\/wp-json\/wp\/v2\/types\/post"}],"author":[{"embeddable":true,"href":"https:\/\/hudo.com\/si\/wp-json\/wp\/v2\/users\/8"}],"replies":[{"embeddable":true,"href":"https:\/\/hudo.com\/si\/wp-json\/wp\/v2\/comments?post=452206"}],"version-history":[{"count":1,"href":"https:\/\/hudo.com\/si\/wp-json\/wp\/v2\/posts\/452206\/revisions"}],"predecessor-version":[{"id":452207,"href":"https:\/\/hudo.com\/si\/wp-json\/wp\/v2\/posts\/452206\/revisions\/452207"}],"wp:featuredmedia":[{"embeddable":true,"href":"https:\/\/hudo.com\/si\/wp-json\/wp\/v2\/media\/401492"}],"wp:attachment":[{"href":"https:\/\/hudo.com\/si\/wp-json\/wp\/v2\/media?parent=452206"}],"wp:term":[{"taxonomy":"category","embeddable":true,"href":"https:\/\/hudo.com\/si\/wp-json\/wp\/v2\/categories?post=452206"},{"taxonomy":"post_tag","embeddable":true,"href":"https:\/\/hudo.com\/si\/wp-json\/wp\/v2\/tags?post=452206"},{"taxonomy":"source","embeddable":true,"href":"https:\/\/hudo.com\/si\/wp-json\/wp\/v2\/source?post=452206"},{"taxonomy":"supertag","embeddable":true,"href":"https:\/\/hudo.com\/si\/wp-json\/wp\/v2\/supertag?post=452206"}],"curies":[{"name":"wp","href":"https:\/\/api.w.org\/{rel}","templated":true}]}}