{"id":452397,"date":"2021-06-02T13:34:09","date_gmt":"2021-06-02T11:34:09","guid":{"rendered":"https:\/\/hudo.com\/si\/?p=452397"},"modified":"2021-06-02T13:34:09","modified_gmt":"2021-06-02T11:34:09","slug":"na-hrvasko-odslej-ze-z-enim-odmerkom-cepiva-ali-negativnim-testom-ki-ni-starejsi-od-72-ur","status":"publish","type":"post","link":"https:\/\/hudo.com\/si\/aktualno\/svet\/na-hrvasko-odslej-ze-z-enim-odmerkom-cepiva-ali-negativnim-testom-ki-ni-starejsi-od-72-ur\/","title":{"rendered":"Na Hrva\u0161ko odslej \u017ee z enim odmerkom cepiva ali negativnim testom, ki ni starej\u0161i od 72 ur"},"content":{"rendered":"<p>Bo\u017einovi\u0107 je novinarjem \u0161e dejal, da od danes veljajo nekatere spremembe ukrepov za vstop na Hrva\u0161ko tudi za potnike, ki niso preboleli covida-19 ali niso cepljeni. Mogo\u010de je vstopiti z negativnim testom, ki ni starej\u0161i od 72 ur, medtem ko je doslej veljajo pravilo 48 ur.<\/p>\n<p>Za prehod hrva\u0161ke meje po novem za dr\u017eavljane Evropske unije zadostuje, da so prejeli samo en odmerek cepiva proti covidu-19, \u010de je od prvega cepljenja minilo najmanj 22 dni, je ob tem na spletni strani objavilo hrva\u0161ko ministrstvo za turizem. Odlo\u010ditev velja tudi za rusko cepivo Sputnik V, medtem ko tisti, ki so se cepili s kitajskim cepivom proti covidu-19 \u0161e zmeraj potrebujejo oba odmerka.<\/p>\n<p>Bo\u017einovi\u0107 je danes ponovil, da bodo do digitalnih covidnih potrdil, ki so jih na Hrva\u0161kem za\u010deli izdajati v torek in bodo ljudem olaj\u0161ali \u010dezmejna potovanja, upravi\u010deni tudi dr\u017eavljani, ki so v zadnjih 180 dni preboleli covid-19.<\/p>\n<p>Po njegovih besedah sta Italija in Avstrija prav tako pripravljeni na izdajanje digitalnih potrdil. Za Slovenijo pa je dejal, da najverjetneje ni sodelovala v pilotnem projektu uvajanja teh potrdil, v katerem je sodelovala Hrva\u0161ka. Izrazil je upanje, da bodo do 1. julija vse dr\u017eave \u010dlanice EU uveljavile tovrstna potrdila.<\/p>\n<p>Poudaril je tudi, da postopek preverjanja posameznega digitalnega evropskega potrdila na hrva\u0161ki meji poteka pribli\u017eno 20 sekund ter da ga je mogo\u010de dodatno skraj\u0161ati v primerih, \u010de bodo potniki, ki prihajajo na Hrva\u0161ko, napovedali svoj obisk na spletni strani entercroatia.mup.hr, kot je to veljalo tudi lani. Ob napovedi prihoda bo namre\u010d na spletni strani mogo\u010de predlo\u017eiti tudi digitalno potrdilo.<\/p>\n<p>Minister je \u0161e povedal, da je od torka, ko je Hrva\u0161ka vpeljala sistem za izdajanje digitalnih covidnih potrdil, ve\u010d kot 40.000 hrva\u0161kih dr\u017eavljanov to potrdilo tudi prevzelo, ve\u010dinoma prek hrva\u0161ke spletne strani e-Gra\u0111ani.<\/p>\n","protected":false},"excerpt":{"rendered":"<p>Na Hrva\u0161ko je poslej mogo\u010de vstopiti tudi po prejetem prvem odmerku cepiva proti covidu-19 ali z negativnim testom na oku\u017ebo z novim koronavirusom, ki ni bo starej\u0161i od 72 ur, je danes sporo\u010dil hrva\u0161ki notranji minister Davor Bo\u017einovi\u0107, ko je obiskal mejni prehod Bregana (Obre\u017eje) na meji s Slovenijo.<\/p>\n","protected":false},"author":8,"featured_media":427938,"comment_status":"closed","ping_status":"closed","sticky":false,"template":"","format":"standard","meta":{"footnotes":""},"categories":[18202],"tags":[1810,7886,1595],"source":[4511],"supertag":[5675],"acf":[],"yoast_head":"<!-- This site is optimized with the Yoast SEO plugin v21.3 - https:\/\/yoast.com\/wordpress\/plugins\/seo\/ -->\n<title>Na Hrva\u0161ko odslej \u017ee z enim odmerkom cepiva ali negativnim testom, ki ni starej\u0161i od 72 ur - Hudo Slovenija<\/title>\n<meta name=\"robots\" content=\"index, follow, max-snippet:-1, max-image-preview:large, max-video-preview:-1\" \/>\n<link rel=\"canonical\" href=\"https:\/\/hudo.com\/si\/aktualno\/svet\/na-hrvasko-odslej-ze-z-enim-odmerkom-cepiva-ali-negativnim-testom-ki-ni-starejsi-od-72-ur\/\" \/>\n<meta property=\"og:locale\" content=\"sl_SI\" \/>\n<meta property=\"og:type\" content=\"article\" \/>\n<meta property=\"og:title\" content=\"Na Hrva\u0161ko odslej \u017ee z enim odmerkom cepiva ali negativnim testom, ki ni starej\u0161i od 72 ur - Hudo Slovenija\" \/>\n<meta property=\"og:description\" content=\"Na Hrva\u0161ko je poslej mogo\u010de vstopiti tudi po prejetem prvem odmerku cepiva proti covidu-19 ali z negativnim testom na oku\u017ebo z novim koronavirusom, ki ni bo starej\u0161i od 72 ur, je danes sporo\u010dil hrva\u0161ki notranji minister Davor Bo\u017einovi\u0107, ko je obiskal mejni prehod Bregana (Obre\u017eje) na meji s Slovenijo.\" \/>\n<meta property=\"og:url\" content=\"https:\/\/hudo.com\/si\/aktualno\/svet\/na-hrvasko-odslej-ze-z-enim-odmerkom-cepiva-ali-negativnim-testom-ki-ni-starejsi-od-72-ur\/\" \/>\n<meta property=\"og:site_name\" content=\"Hudo Slovenija\" \/>\n<meta property=\"article:publisher\" content=\"https:\/\/www.facebook.com\/hudo.si\" \/>\n<meta property=\"article:published_time\" content=\"2021-06-02T11:34:09+00:00\" \/>\n<meta property=\"og:image\" content=\"https:\/\/hudo.com\/si\/wp-content\/uploads\/sites\/2\/2020\/07\/profimedia-0538916020.jpg\" \/>\n\t<meta property=\"og:image:width\" content=\"1250\" \/>\n\t<meta property=\"og:image:height\" content=\"830\" \/>\n\t<meta property=\"og:image:type\" content=\"image\/jpeg\" \/>\n<meta name=\"author\" content=\"M. N., STA\" \/>\n<meta name=\"twitter:card\" content=\"summary_large_image\" \/>\n<meta name=\"twitter:creator\" content=\"@hudo_si\" \/>\n<meta name=\"twitter:site\" content=\"@hudo_si\" \/>\n<meta name=\"twitter:label1\" content=\"Written by\" \/>\n\t<meta name=\"twitter:data1\" content=\"M. N., STA\" \/>\n\t<meta name=\"twitter:label2\" content=\"Est. reading time\" \/>\n\t<meta name=\"twitter:data2\" content=\"2 minuti\" \/>\n<script type=\"application\/ld+json\" class=\"yoast-schema-graph\">{\"@context\":\"https:\/\/schema.org\",\"@graph\":[{\"@type\":\"Article\",\"@id\":\"https:\/\/hudo.com\/si\/aktualno\/svet\/na-hrvasko-odslej-ze-z-enim-odmerkom-cepiva-ali-negativnim-testom-ki-ni-starejsi-od-72-ur\/#article\",\"isPartOf\":{\"@id\":\"https:\/\/hudo.com\/si\/aktualno\/svet\/na-hrvasko-odslej-ze-z-enim-odmerkom-cepiva-ali-negativnim-testom-ki-ni-starejsi-od-72-ur\/\"},\"author\":{\"name\":\"M. N., STA\",\"@id\":\"https:\/\/hudo.com\/si\/#\/schema\/person\/c2f10ce65d2e6ede2aeda5be2a0611fa\"},\"headline\":\"Na Hrva\u0161ko odslej \u017ee z enim odmerkom cepiva ali negativnim testom, ki ni starej\u0161i od 72 ur\",\"datePublished\":\"2021-06-02T11:34:09+00:00\",\"dateModified\":\"2021-06-02T11:34:09+00:00\",\"mainEntityOfPage\":{\"@id\":\"https:\/\/hudo.com\/si\/aktualno\/svet\/na-hrvasko-odslej-ze-z-enim-odmerkom-cepiva-ali-negativnim-testom-ki-ni-starejsi-od-72-ur\/\"},\"wordCount\":330,\"publisher\":{\"@id\":\"https:\/\/hudo.com\/si\/#organization\"},\"keywords\":[\"hrva\u0161ka\",\"nadzor na meji\",\"Slovenija\"],\"articleSection\":[\"Svet\"],\"inLanguage\":\"sl-SI\"},{\"@type\":\"WebPage\",\"@id\":\"https:\/\/hudo.com\/si\/aktualno\/svet\/na-hrvasko-odslej-ze-z-enim-odmerkom-cepiva-ali-negativnim-testom-ki-ni-starejsi-od-72-ur\/\",\"url\":\"https:\/\/hudo.com\/si\/aktualno\/svet\/na-hrvasko-odslej-ze-z-enim-odmerkom-cepiva-ali-negativnim-testom-ki-ni-starejsi-od-72-ur\/\",\"name\":\"Na Hrva\u0161ko odslej \u017ee z enim odmerkom cepiva ali negativnim testom, ki ni starej\u0161i od 72 ur - Hudo Slovenija\",\"isPartOf\":{\"@id\":\"https:\/\/hudo.com\/si\/#website\"},\"datePublished\":\"2021-06-02T11:34:09+00:00\",\"dateModified\":\"2021-06-02T11:34:09+00:00\",\"breadcrumb\":{\"@id\":\"https:\/\/hudo.com\/si\/aktualno\/svet\/na-hrvasko-odslej-ze-z-enim-odmerkom-cepiva-ali-negativnim-testom-ki-ni-starejsi-od-72-ur\/#breadcrumb\"},\"inLanguage\":\"sl-SI\",\"potentialAction\":[{\"@type\":\"ReadAction\",\"target\":[\"https:\/\/hudo.com\/si\/aktualno\/svet\/na-hrvasko-odslej-ze-z-enim-odmerkom-cepiva-ali-negativnim-testom-ki-ni-starejsi-od-72-ur\/\"]}]},{\"@type\":\"BreadcrumbList\",\"@id\":\"https:\/\/hudo.com\/si\/aktualno\/svet\/na-hrvasko-odslej-ze-z-enim-odmerkom-cepiva-ali-negativnim-testom-ki-ni-starejsi-od-72-ur\/#breadcrumb\",\"itemListElement\":[{\"@type\":\"ListItem\",\"position\":1,\"name\":\"Home\",\"item\":\"https:\/\/hudo.com\/si\/\"},{\"@type\":\"ListItem\",\"position\":2,\"name\":\"Na Hrva\u0161ko odslej \u017ee z enim odmerkom cepiva ali negativnim testom, ki ni starej\u0161i od 72 ur\"}]},{\"@type\":\"WebSite\",\"@id\":\"https:\/\/hudo.com\/si\/#website\",\"url\":\"https:\/\/hudo.com\/si\/\",\"name\":\"Hudo Slovenija\",\"description\":\"Vse novice iz Slovenije in sveta\",\"publisher\":{\"@id\":\"https:\/\/hudo.com\/si\/#organization\"},\"potentialAction\":[{\"@type\":\"SearchAction\",\"target\":{\"@type\":\"EntryPoint\",\"urlTemplate\":\"https:\/\/hudo.com\/si\/?s={search_term_string}\"},\"query-input\":\"required name=search_term_string\"}],\"inLanguage\":\"sl-SI\"},{\"@type\":\"Organization\",\"@id\":\"https:\/\/hudo.com\/si\/#organization\",\"name\":\"VSN Media\",\"url\":\"https:\/\/hudo.com\/si\/\",\"logo\":{\"@type\":\"ImageObject\",\"inLanguage\":\"sl-SI\",\"@id\":\"https:\/\/hudo.com\/si\/#\/schema\/logo\/image\/\",\"url\":\"https:\/\/hudo.com\/si\/wp-content\/uploads\/sites\/2\/2021\/03\/hudo-app-2.png\",\"contentUrl\":\"https:\/\/hudo.com\/si\/wp-content\/uploads\/sites\/2\/2021\/03\/hudo-app-2.png\",\"width\":2185,\"height\":2167,\"caption\":\"VSN Media\"},\"image\":{\"@id\":\"https:\/\/hudo.com\/si\/#\/schema\/logo\/image\/\"},\"sameAs\":[\"https:\/\/www.facebook.com\/hudo.si\",\"https:\/\/twitter.com\/hudo_si\"]},{\"@type\":\"Person\",\"@id\":\"https:\/\/hudo.com\/si\/#\/schema\/person\/c2f10ce65d2e6ede2aeda5be2a0611fa\",\"name\":\"M. N., STA\",\"image\":{\"@type\":\"ImageObject\",\"inLanguage\":\"sl-SI\",\"@id\":\"https:\/\/hudo.com\/si\/#\/schema\/person\/image\/\",\"url\":\"https:\/\/secure.gravatar.com\/avatar\/f370d38daa10467f755c5c766a4cac20?s=96&d=mm&r=g\",\"contentUrl\":\"https:\/\/secure.gravatar.com\/avatar\/f370d38daa10467f755c5c766a4cac20?s=96&d=mm&r=g\",\"caption\":\"M. N., STA\"},\"url\":\"https:\/\/hudo.com\/si\/author\/mana\/\"}]}<\/script>\n<!-- \/ Yoast SEO plugin. -->","yoast_head_json":{"title":"Na Hrva\u0161ko odslej \u017ee z enim odmerkom cepiva ali negativnim testom, ki ni starej\u0161i od 72 ur - Hudo Slovenija","robots":{"index":"index","follow":"follow","max-snippet":"max-snippet:-1","max-image-preview":"max-image-preview:large","max-video-preview":"max-video-preview:-1"},"canonical":"https:\/\/hudo.com\/si\/aktualno\/svet\/na-hrvasko-odslej-ze-z-enim-odmerkom-cepiva-ali-negativnim-testom-ki-ni-starejsi-od-72-ur\/","og_locale":"sl_SI","og_type":"article","og_title":"Na Hrva\u0161ko odslej \u017ee z enim odmerkom cepiva ali negativnim testom, ki ni starej\u0161i od 72 ur - Hudo Slovenija","og_description":"Na Hrva\u0161ko je poslej mogo\u010de vstopiti tudi po prejetem prvem odmerku cepiva proti covidu-19 ali z negativnim testom na oku\u017ebo z novim koronavirusom, ki ni bo starej\u0161i od 72 ur, je danes sporo\u010dil hrva\u0161ki notranji minister Davor Bo\u017einovi\u0107, ko je obiskal mejni prehod Bregana (Obre\u017eje) na meji s Slovenijo.","og_url":"https:\/\/hudo.com\/si\/aktualno\/svet\/na-hrvasko-odslej-ze-z-enim-odmerkom-cepiva-ali-negativnim-testom-ki-ni-starejsi-od-72-ur\/","og_site_name":"Hudo Slovenija","article_publisher":"https:\/\/www.facebook.com\/hudo.si","article_published_time":"2021-06-02T11:34:09+00:00","og_image":[{"width":1250,"height":830,"url":"https:\/\/hudo.com\/si\/wp-content\/uploads\/sites\/2\/2020\/07\/profimedia-0538916020.jpg","type":"image\/jpeg"}],"author":"M. N., STA","twitter_card":"summary_large_image","twitter_creator":"@hudo_si","twitter_site":"@hudo_si","twitter_misc":{"Written by":"M. N., STA","Est. reading time":"2 minuti"},"schema":{"@context":"https:\/\/schema.org","@graph":[{"@type":"Article","@id":"https:\/\/hudo.com\/si\/aktualno\/svet\/na-hrvasko-odslej-ze-z-enim-odmerkom-cepiva-ali-negativnim-testom-ki-ni-starejsi-od-72-ur\/#article","isPartOf":{"@id":"https:\/\/hudo.com\/si\/aktualno\/svet\/na-hrvasko-odslej-ze-z-enim-odmerkom-cepiva-ali-negativnim-testom-ki-ni-starejsi-od-72-ur\/"},"author":{"name":"M. N., STA","@id":"https:\/\/hudo.com\/si\/#\/schema\/person\/c2f10ce65d2e6ede2aeda5be2a0611fa"},"headline":"Na Hrva\u0161ko odslej \u017ee z enim odmerkom cepiva ali negativnim testom, ki ni starej\u0161i od 72 ur","datePublished":"2021-06-02T11:34:09+00:00","dateModified":"2021-06-02T11:34:09+00:00","mainEntityOfPage":{"@id":"https:\/\/hudo.com\/si\/aktualno\/svet\/na-hrvasko-odslej-ze-z-enim-odmerkom-cepiva-ali-negativnim-testom-ki-ni-starejsi-od-72-ur\/"},"wordCount":330,"publisher":{"@id":"https:\/\/hudo.com\/si\/#organization"},"keywords":["hrva\u0161ka","nadzor na meji","Slovenija"],"articleSection":["Svet"],"inLanguage":"sl-SI"},{"@type":"WebPage","@id":"https:\/\/hudo.com\/si\/aktualno\/svet\/na-hrvasko-odslej-ze-z-enim-odmerkom-cepiva-ali-negativnim-testom-ki-ni-starejsi-od-72-ur\/","url":"https:\/\/hudo.com\/si\/aktualno\/svet\/na-hrvasko-odslej-ze-z-enim-odmerkom-cepiva-ali-negativnim-testom-ki-ni-starejsi-od-72-ur\/","name":"Na Hrva\u0161ko odslej \u017ee z enim odmerkom cepiva ali negativnim testom, ki ni starej\u0161i od 72 ur - Hudo Slovenija","isPartOf":{"@id":"https:\/\/hudo.com\/si\/#website"},"datePublished":"2021-06-02T11:34:09+00:00","dateModified":"2021-06-02T11:34:09+00:00","breadcrumb":{"@id":"https:\/\/hudo.com\/si\/aktualno\/svet\/na-hrvasko-odslej-ze-z-enim-odmerkom-cepiva-ali-negativnim-testom-ki-ni-starejsi-od-72-ur\/#breadcrumb"},"inLanguage":"sl-SI","potentialAction":[{"@type":"ReadAction","target":["https:\/\/hudo.com\/si\/aktualno\/svet\/na-hrvasko-odslej-ze-z-enim-odmerkom-cepiva-ali-negativnim-testom-ki-ni-starejsi-od-72-ur\/"]}]},{"@type":"BreadcrumbList","@id":"https:\/\/hudo.com\/si\/aktualno\/svet\/na-hrvasko-odslej-ze-z-enim-odmerkom-cepiva-ali-negativnim-testom-ki-ni-starejsi-od-72-ur\/#breadcrumb","itemListElement":[{"@type":"ListItem","position":1,"name":"Home","item":"https:\/\/hudo.com\/si\/"},{"@type":"ListItem","position":2,"name":"Na Hrva\u0161ko odslej \u017ee z enim odmerkom cepiva ali negativnim testom, ki ni starej\u0161i od 72 ur"}]},{"@type":"WebSite","@id":"https:\/\/hudo.com\/si\/#website","url":"https:\/\/hudo.com\/si\/","name":"Hudo Slovenija","description":"Vse novice iz Slovenije in sveta","publisher":{"@id":"https:\/\/hudo.com\/si\/#organization"},"potentialAction":[{"@type":"SearchAction","target":{"@type":"EntryPoint","urlTemplate":"https:\/\/hudo.com\/si\/?s={search_term_string}"},"query-input":"required name=search_term_string"}],"inLanguage":"sl-SI"},{"@type":"Organization","@id":"https:\/\/hudo.com\/si\/#organization","name":"VSN Media","url":"https:\/\/hudo.com\/si\/","logo":{"@type":"ImageObject","inLanguage":"sl-SI","@id":"https:\/\/hudo.com\/si\/#\/schema\/logo\/image\/","url":"https:\/\/hudo.com\/si\/wp-content\/uploads\/sites\/2\/2021\/03\/hudo-app-2.png","contentUrl":"https:\/\/hudo.com\/si\/wp-content\/uploads\/sites\/2\/2021\/03\/hudo-app-2.png","width":2185,"height":2167,"caption":"VSN Media"},"image":{"@id":"https:\/\/hudo.com\/si\/#\/schema\/logo\/image\/"},"sameAs":["https:\/\/www.facebook.com\/hudo.si","https:\/\/twitter.com\/hudo_si"]},{"@type":"Person","@id":"https:\/\/hudo.com\/si\/#\/schema\/person\/c2f10ce65d2e6ede2aeda5be2a0611fa","name":"M. N., STA","image":{"@type":"ImageObject","inLanguage":"sl-SI","@id":"https:\/\/hudo.com\/si\/#\/schema\/person\/image\/","url":"https:\/\/secure.gravatar.com\/avatar\/f370d38daa10467f755c5c766a4cac20?s=96&d=mm&r=g","contentUrl":"https:\/\/secure.gravatar.com\/avatar\/f370d38daa10467f755c5c766a4cac20?s=96&d=mm&r=g","caption":"M. N., STA"},"url":"https:\/\/hudo.com\/si\/author\/mana\/"}]}},"amp_enabled":true,"_links":{"self":[{"href":"https:\/\/hudo.com\/si\/wp-json\/wp\/v2\/posts\/452397"}],"collection":[{"href":"https:\/\/hudo.com\/si\/wp-json\/wp\/v2\/posts"}],"about":[{"href":"https:\/\/hudo.com\/si\/wp-json\/wp\/v2\/types\/post"}],"author":[{"embeddable":true,"href":"https:\/\/hudo.com\/si\/wp-json\/wp\/v2\/users\/8"}],"replies":[{"embeddable":true,"href":"https:\/\/hudo.com\/si\/wp-json\/wp\/v2\/comments?post=452397"}],"version-history":[{"count":1,"href":"https:\/\/hudo.com\/si\/wp-json\/wp\/v2\/posts\/452397\/revisions"}],"predecessor-version":[{"id":452398,"href":"https:\/\/hudo.com\/si\/wp-json\/wp\/v2\/posts\/452397\/revisions\/452398"}],"wp:featuredmedia":[{"embeddable":true,"href":"https:\/\/hudo.com\/si\/wp-json\/wp\/v2\/media\/427938"}],"wp:attachment":[{"href":"https:\/\/hudo.com\/si\/wp-json\/wp\/v2\/media?parent=452397"}],"wp:term":[{"taxonomy":"category","embeddable":true,"href":"https:\/\/hudo.com\/si\/wp-json\/wp\/v2\/categories?post=452397"},{"taxonomy":"post_tag","embeddable":true,"href":"https:\/\/hudo.com\/si\/wp-json\/wp\/v2\/tags?post=452397"},{"taxonomy":"source","embeddable":true,"href":"https:\/\/hudo.com\/si\/wp-json\/wp\/v2\/source?post=452397"},{"taxonomy":"supertag","embeddable":true,"href":"https:\/\/hudo.com\/si\/wp-json\/wp\/v2\/supertag?post=452397"}],"curies":[{"name":"wp","href":"https:\/\/api.w.org\/{rel}","templated":true}]}}