{"id":452559,"date":"2021-06-06T08:39:14","date_gmt":"2021-06-06T06:39:14","guid":{"rendered":"https:\/\/hudo.com\/si\/?p=452559"},"modified":"2021-06-06T08:39:14","modified_gmt":"2021-06-06T06:39:14","slug":"za-smrt-deklice-zaradi-pasjih-ugrizov-ne-bo-ovadbe","status":"publish","type":"post","link":"https:\/\/hudo.com\/si\/aktualno\/slovenija\/za-smrt-deklice-zaradi-pasjih-ugrizov-ne-bo-ovadbe\/","title":{"rendered":"Za smrt deklice zaradi pasjih ugrizov ne bo ovadbe"},"content":{"rendered":"<p>Me\u0161anec med rotvajlerjem in nem\u0161kim ov\u010darjem je bil 17. marca na verigi, ko se mu je deklica preve\u010d pribli\u017eala. Ograja, na kateri je bil opozorilni znak o psu, je bila tistega dne sicer odprta. Sanitarna obdukcija na In\u0161titutu za sodno medicino v Ljubljani je pokazala, da so za dekli\u010dino smrt krivi pasji ugrizi v glavo in vrat. Po\u0161kodbe so bile tako hude, da je umrla na kraju tragedije. Psa, ki do tragi\u010dnega dogodka ni veljal za nevarnega, so potem usmrtili.<\/p>\n<p>Ljubljanska odvetnica Monika Poje je kot poobla\u0161\u010denka lastnikov psa dejala, da niso bili seznanjeni z obdukcijskim zapisnikom. V imenu lastnika psa je pred usmrtitvijo psa na sodi\u0161\u010de vlo\u017eila zahtevo za zavarovanje dokazov, torej psa, dokler ne bo uradno znano, kak\u0161ne so ugotovitve sanitarne obdukcije in ali je imel pes v \u010dasu tragi\u010dnega dogodka steklino ter ali velja za nevarnega. Sodi\u0161\u010de o zadevi \u0161e ni odlo\u010dilo, in\u0161pektorica pa je kljub temu izdala odlo\u010dbo o usmrtitvi psa, na kar se je odvetnica prito\u017eila.<\/p>\n<p>S kmetijskega ministrstva so v za\u010detku aprila, ko je bil pes usmr\u010den, sporo\u010dili, da &#8220;zoper odlo\u010dbo uradnega veterinarja, ki je bila izdana na podlagi zakona o za\u0161\u010diti \u017eivali, prito\u017eba ne zadr\u017ei izvr\u0161itve niti ni dopusten predlog za odlog izvr\u0161itve odlo\u010dbe&#8221;. \u0160lo je torej za izvr\u0161ljivo odlo\u010dbo, dodali pa so \u0161e, da je bila odlo\u010dba o usmrtitvi odvzetega psa izdana po pridobitvi poro\u010dila zdravnika, ki je obravnaval dekli\u010dino smrt.<\/p>\n<p>Pojetova se je na odlo\u010ditev in\u0161pektorice prito\u017eila na ministrstvo za kmetijstvo, gozdarstvo in prehrano in s prito\u017ebo uspela. Konec maja je namre\u010d ugodilo njeni prito\u017ebi, da se ustavi usmrtitev psa, dokler ne bodo kon\u010dani vsi spro\u017eeni postopki, da se odlo\u010dbo o usmrtitvi psa razveljavi in zadevo vrne organu prve stopnje v vnovi\u010dni postopek. Ministrstvo je ugotovilo tako relativne kot absolutne kr\u0161itve pravil upravnega postopka glede usmrtitve psa.<\/p>\n<p>Glede navedb Pojetove v prito\u017ebi, da je bila odlo\u010dba o usmrtitvi psa vro\u010dena njeni stranki \u0161ele po usmrtitvi psa, pa je ministrstvo menilo, da bi morala in\u0161pekcija kot organ prve stopnje paziti na to, da bi bila odlo\u010dba najprej vro\u010dena vsem strankam konkretnega in\u0161pekcijskega postopka.<\/p>\n","protected":false},"excerpt":{"rendered":"<p>Policijska preiskava tragi\u010dnega dogodka v Meng\u0161u, kjer je pes do smrti pogrizel osemletno deklico iz okolice Ljubljane, se je kon\u010dala. Ljubljanska policija je aprila podala poro\u010dilo o ugotovitvah na ljubljansko okro\u017eno to\u017eilstvo, v katerem je o\u010ditno ugotovila, da je do tragi\u010dnega dogodka privedel nesre\u010dni splet okoli\u0161\u010din, poro\u010da dana\u0161nji Ve\u010der.<\/p>\n","protected":false},"author":5,"featured_media":225747,"comment_status":"closed","ping_status":"closed","sticky":false,"template":"","format":"standard","meta":{"footnotes":""},"categories":[18201],"tags":[14778,1652,1595,1650],"source":[4511],"supertag":[7150,5675],"acf":[],"yoast_head":"<!-- This site is optimized with the Yoast SEO plugin v21.3 - https:\/\/yoast.com\/wordpress\/plugins\/seo\/ -->\n<title>Za smrt deklice zaradi pasjih ugrizov ne bo ovadbe - Hudo Slovenija<\/title>\n<meta name=\"robots\" content=\"index, follow, max-snippet:-1, max-image-preview:large, max-video-preview:-1\" \/>\n<link rel=\"canonical\" href=\"https:\/\/hudo.com\/si\/aktualno\/slovenija\/za-smrt-deklice-zaradi-pasjih-ugrizov-ne-bo-ovadbe\/\" \/>\n<meta property=\"og:locale\" content=\"sl_SI\" \/>\n<meta property=\"og:type\" content=\"article\" \/>\n<meta property=\"og:title\" content=\"Za smrt deklice zaradi pasjih ugrizov ne bo ovadbe - Hudo Slovenija\" \/>\n<meta property=\"og:description\" content=\"Policijska preiskava tragi\u010dnega dogodka v Meng\u0161u, kjer je pes do smrti pogrizel osemletno deklico iz okolice Ljubljane, se je kon\u010dala. Ljubljanska policija je aprila podala poro\u010dilo o ugotovitvah na ljubljansko okro\u017eno to\u017eilstvo, v katerem je o\u010ditno ugotovila, da je do tragi\u010dnega dogodka privedel nesre\u010dni splet okoli\u0161\u010din, poro\u010da dana\u0161nji Ve\u010der.\" \/>\n<meta property=\"og:url\" content=\"https:\/\/hudo.com\/si\/aktualno\/slovenija\/za-smrt-deklice-zaradi-pasjih-ugrizov-ne-bo-ovadbe\/\" \/>\n<meta property=\"og:site_name\" content=\"Hudo Slovenija\" \/>\n<meta property=\"article:publisher\" content=\"https:\/\/www.facebook.com\/hudo.si\" \/>\n<meta property=\"article:published_time\" content=\"2021-06-06T06:39:14+00:00\" \/>\n<meta property=\"og:image\" content=\"https:\/\/hudo.com\/si\/wp-content\/uploads\/sites\/2\/2017\/03\/20141110-00567217.jpg\" \/>\n\t<meta property=\"og:image:width\" content=\"640\" \/>\n\t<meta property=\"og:image:height\" content=\"547\" \/>\n\t<meta property=\"og:image:type\" content=\"image\/jpeg\" \/>\n<meta name=\"author\" content=\"A. G., STA\" \/>\n<meta name=\"twitter:card\" content=\"summary_large_image\" \/>\n<meta name=\"twitter:creator\" content=\"@hudo_si\" \/>\n<meta name=\"twitter:site\" content=\"@hudo_si\" \/>\n<meta name=\"twitter:label1\" content=\"Written by\" \/>\n\t<meta name=\"twitter:data1\" content=\"A. G., STA\" \/>\n\t<meta name=\"twitter:label2\" content=\"Est. reading time\" \/>\n\t<meta name=\"twitter:data2\" content=\"2 minuti\" \/>\n<script type=\"application\/ld+json\" class=\"yoast-schema-graph\">{\"@context\":\"https:\/\/schema.org\",\"@graph\":[{\"@type\":\"Article\",\"@id\":\"https:\/\/hudo.com\/si\/aktualno\/slovenija\/za-smrt-deklice-zaradi-pasjih-ugrizov-ne-bo-ovadbe\/#article\",\"isPartOf\":{\"@id\":\"https:\/\/hudo.com\/si\/aktualno\/slovenija\/za-smrt-deklice-zaradi-pasjih-ugrizov-ne-bo-ovadbe\/\"},\"author\":{\"name\":\"A. G., STA\",\"@id\":\"https:\/\/hudo.com\/si\/#\/schema\/person\/2391667a63ea075ba94f2f2dc6b77537\"},\"headline\":\"Za smrt deklice zaradi pasjih ugrizov ne bo ovadbe\",\"datePublished\":\"2021-06-06T06:39:14+00:00\",\"dateModified\":\"2021-06-06T06:39:14+00:00\",\"mainEntityOfPage\":{\"@id\":\"https:\/\/hudo.com\/si\/aktualno\/slovenija\/za-smrt-deklice-zaradi-pasjih-ugrizov-ne-bo-ovadbe\/\"},\"wordCount\":399,\"publisher\":{\"@id\":\"https:\/\/hudo.com\/si\/#organization\"},\"keywords\":[\"napad psa\",\"otroci\",\"Slovenija\",\"smrt\"],\"articleSection\":[\"Slovenija\"],\"inLanguage\":\"sl-SI\"},{\"@type\":\"WebPage\",\"@id\":\"https:\/\/hudo.com\/si\/aktualno\/slovenija\/za-smrt-deklice-zaradi-pasjih-ugrizov-ne-bo-ovadbe\/\",\"url\":\"https:\/\/hudo.com\/si\/aktualno\/slovenija\/za-smrt-deklice-zaradi-pasjih-ugrizov-ne-bo-ovadbe\/\",\"name\":\"Za smrt deklice zaradi pasjih ugrizov ne bo ovadbe - Hudo Slovenija\",\"isPartOf\":{\"@id\":\"https:\/\/hudo.com\/si\/#website\"},\"datePublished\":\"2021-06-06T06:39:14+00:00\",\"dateModified\":\"2021-06-06T06:39:14+00:00\",\"breadcrumb\":{\"@id\":\"https:\/\/hudo.com\/si\/aktualno\/slovenija\/za-smrt-deklice-zaradi-pasjih-ugrizov-ne-bo-ovadbe\/#breadcrumb\"},\"inLanguage\":\"sl-SI\",\"potentialAction\":[{\"@type\":\"ReadAction\",\"target\":[\"https:\/\/hudo.com\/si\/aktualno\/slovenija\/za-smrt-deklice-zaradi-pasjih-ugrizov-ne-bo-ovadbe\/\"]}]},{\"@type\":\"BreadcrumbList\",\"@id\":\"https:\/\/hudo.com\/si\/aktualno\/slovenija\/za-smrt-deklice-zaradi-pasjih-ugrizov-ne-bo-ovadbe\/#breadcrumb\",\"itemListElement\":[{\"@type\":\"ListItem\",\"position\":1,\"name\":\"Home\",\"item\":\"https:\/\/hudo.com\/si\/\"},{\"@type\":\"ListItem\",\"position\":2,\"name\":\"Za smrt deklice zaradi pasjih ugrizov ne bo ovadbe\"}]},{\"@type\":\"WebSite\",\"@id\":\"https:\/\/hudo.com\/si\/#website\",\"url\":\"https:\/\/hudo.com\/si\/\",\"name\":\"Hudo Slovenija\",\"description\":\"Vse novice iz Slovenije in sveta\",\"publisher\":{\"@id\":\"https:\/\/hudo.com\/si\/#organization\"},\"potentialAction\":[{\"@type\":\"SearchAction\",\"target\":{\"@type\":\"EntryPoint\",\"urlTemplate\":\"https:\/\/hudo.com\/si\/?s={search_term_string}\"},\"query-input\":\"required name=search_term_string\"}],\"inLanguage\":\"sl-SI\"},{\"@type\":\"Organization\",\"@id\":\"https:\/\/hudo.com\/si\/#organization\",\"name\":\"VSN Media\",\"url\":\"https:\/\/hudo.com\/si\/\",\"logo\":{\"@type\":\"ImageObject\",\"inLanguage\":\"sl-SI\",\"@id\":\"https:\/\/hudo.com\/si\/#\/schema\/logo\/image\/\",\"url\":\"https:\/\/hudo.com\/si\/wp-content\/uploads\/sites\/2\/2021\/03\/hudo-app-2.png\",\"contentUrl\":\"https:\/\/hudo.com\/si\/wp-content\/uploads\/sites\/2\/2021\/03\/hudo-app-2.png\",\"width\":2185,\"height\":2167,\"caption\":\"VSN Media\"},\"image\":{\"@id\":\"https:\/\/hudo.com\/si\/#\/schema\/logo\/image\/\"},\"sameAs\":[\"https:\/\/www.facebook.com\/hudo.si\",\"https:\/\/twitter.com\/hudo_si\"]},{\"@type\":\"Person\",\"@id\":\"https:\/\/hudo.com\/si\/#\/schema\/person\/2391667a63ea075ba94f2f2dc6b77537\",\"name\":\"A. G., STA\",\"image\":{\"@type\":\"ImageObject\",\"inLanguage\":\"sl-SI\",\"@id\":\"https:\/\/hudo.com\/si\/#\/schema\/person\/image\/\",\"url\":\"https:\/\/secure.gravatar.com\/avatar\/e13d22ac3e442658d5025fbbe6238a79?s=96&d=mm&r=g\",\"contentUrl\":\"https:\/\/secure.gravatar.com\/avatar\/e13d22ac3e442658d5025fbbe6238a79?s=96&d=mm&r=g\",\"caption\":\"A. G., STA\"},\"url\":\"https:\/\/hudo.com\/si\/author\/alenka\/\"}]}<\/script>\n<!-- \/ Yoast SEO plugin. -->","yoast_head_json":{"title":"Za smrt deklice zaradi pasjih ugrizov ne bo ovadbe - Hudo Slovenija","robots":{"index":"index","follow":"follow","max-snippet":"max-snippet:-1","max-image-preview":"max-image-preview:large","max-video-preview":"max-video-preview:-1"},"canonical":"https:\/\/hudo.com\/si\/aktualno\/slovenija\/za-smrt-deklice-zaradi-pasjih-ugrizov-ne-bo-ovadbe\/","og_locale":"sl_SI","og_type":"article","og_title":"Za smrt deklice zaradi pasjih ugrizov ne bo ovadbe - Hudo Slovenija","og_description":"Policijska preiskava tragi\u010dnega dogodka v Meng\u0161u, kjer je pes do smrti pogrizel osemletno deklico iz okolice Ljubljane, se je kon\u010dala. Ljubljanska policija je aprila podala poro\u010dilo o ugotovitvah na ljubljansko okro\u017eno to\u017eilstvo, v katerem je o\u010ditno ugotovila, da je do tragi\u010dnega dogodka privedel nesre\u010dni splet okoli\u0161\u010din, poro\u010da dana\u0161nji Ve\u010der.","og_url":"https:\/\/hudo.com\/si\/aktualno\/slovenija\/za-smrt-deklice-zaradi-pasjih-ugrizov-ne-bo-ovadbe\/","og_site_name":"Hudo Slovenija","article_publisher":"https:\/\/www.facebook.com\/hudo.si","article_published_time":"2021-06-06T06:39:14+00:00","og_image":[{"width":640,"height":547,"url":"https:\/\/hudo.com\/si\/wp-content\/uploads\/sites\/2\/2017\/03\/20141110-00567217.jpg","type":"image\/jpeg"}],"author":"A. G., STA","twitter_card":"summary_large_image","twitter_creator":"@hudo_si","twitter_site":"@hudo_si","twitter_misc":{"Written by":"A. G., STA","Est. reading time":"2 minuti"},"schema":{"@context":"https:\/\/schema.org","@graph":[{"@type":"Article","@id":"https:\/\/hudo.com\/si\/aktualno\/slovenija\/za-smrt-deklice-zaradi-pasjih-ugrizov-ne-bo-ovadbe\/#article","isPartOf":{"@id":"https:\/\/hudo.com\/si\/aktualno\/slovenija\/za-smrt-deklice-zaradi-pasjih-ugrizov-ne-bo-ovadbe\/"},"author":{"name":"A. G., STA","@id":"https:\/\/hudo.com\/si\/#\/schema\/person\/2391667a63ea075ba94f2f2dc6b77537"},"headline":"Za smrt deklice zaradi pasjih ugrizov ne bo ovadbe","datePublished":"2021-06-06T06:39:14+00:00","dateModified":"2021-06-06T06:39:14+00:00","mainEntityOfPage":{"@id":"https:\/\/hudo.com\/si\/aktualno\/slovenija\/za-smrt-deklice-zaradi-pasjih-ugrizov-ne-bo-ovadbe\/"},"wordCount":399,"publisher":{"@id":"https:\/\/hudo.com\/si\/#organization"},"keywords":["napad psa","otroci","Slovenija","smrt"],"articleSection":["Slovenija"],"inLanguage":"sl-SI"},{"@type":"WebPage","@id":"https:\/\/hudo.com\/si\/aktualno\/slovenija\/za-smrt-deklice-zaradi-pasjih-ugrizov-ne-bo-ovadbe\/","url":"https:\/\/hudo.com\/si\/aktualno\/slovenija\/za-smrt-deklice-zaradi-pasjih-ugrizov-ne-bo-ovadbe\/","name":"Za smrt deklice zaradi pasjih ugrizov ne bo ovadbe - Hudo Slovenija","isPartOf":{"@id":"https:\/\/hudo.com\/si\/#website"},"datePublished":"2021-06-06T06:39:14+00:00","dateModified":"2021-06-06T06:39:14+00:00","breadcrumb":{"@id":"https:\/\/hudo.com\/si\/aktualno\/slovenija\/za-smrt-deklice-zaradi-pasjih-ugrizov-ne-bo-ovadbe\/#breadcrumb"},"inLanguage":"sl-SI","potentialAction":[{"@type":"ReadAction","target":["https:\/\/hudo.com\/si\/aktualno\/slovenija\/za-smrt-deklice-zaradi-pasjih-ugrizov-ne-bo-ovadbe\/"]}]},{"@type":"BreadcrumbList","@id":"https:\/\/hudo.com\/si\/aktualno\/slovenija\/za-smrt-deklice-zaradi-pasjih-ugrizov-ne-bo-ovadbe\/#breadcrumb","itemListElement":[{"@type":"ListItem","position":1,"name":"Home","item":"https:\/\/hudo.com\/si\/"},{"@type":"ListItem","position":2,"name":"Za smrt deklice zaradi pasjih ugrizov ne bo ovadbe"}]},{"@type":"WebSite","@id":"https:\/\/hudo.com\/si\/#website","url":"https:\/\/hudo.com\/si\/","name":"Hudo Slovenija","description":"Vse novice iz Slovenije in sveta","publisher":{"@id":"https:\/\/hudo.com\/si\/#organization"},"potentialAction":[{"@type":"SearchAction","target":{"@type":"EntryPoint","urlTemplate":"https:\/\/hudo.com\/si\/?s={search_term_string}"},"query-input":"required name=search_term_string"}],"inLanguage":"sl-SI"},{"@type":"Organization","@id":"https:\/\/hudo.com\/si\/#organization","name":"VSN Media","url":"https:\/\/hudo.com\/si\/","logo":{"@type":"ImageObject","inLanguage":"sl-SI","@id":"https:\/\/hudo.com\/si\/#\/schema\/logo\/image\/","url":"https:\/\/hudo.com\/si\/wp-content\/uploads\/sites\/2\/2021\/03\/hudo-app-2.png","contentUrl":"https:\/\/hudo.com\/si\/wp-content\/uploads\/sites\/2\/2021\/03\/hudo-app-2.png","width":2185,"height":2167,"caption":"VSN Media"},"image":{"@id":"https:\/\/hudo.com\/si\/#\/schema\/logo\/image\/"},"sameAs":["https:\/\/www.facebook.com\/hudo.si","https:\/\/twitter.com\/hudo_si"]},{"@type":"Person","@id":"https:\/\/hudo.com\/si\/#\/schema\/person\/2391667a63ea075ba94f2f2dc6b77537","name":"A. G., STA","image":{"@type":"ImageObject","inLanguage":"sl-SI","@id":"https:\/\/hudo.com\/si\/#\/schema\/person\/image\/","url":"https:\/\/secure.gravatar.com\/avatar\/e13d22ac3e442658d5025fbbe6238a79?s=96&d=mm&r=g","contentUrl":"https:\/\/secure.gravatar.com\/avatar\/e13d22ac3e442658d5025fbbe6238a79?s=96&d=mm&r=g","caption":"A. G., STA"},"url":"https:\/\/hudo.com\/si\/author\/alenka\/"}]}},"amp_enabled":true,"_links":{"self":[{"href":"https:\/\/hudo.com\/si\/wp-json\/wp\/v2\/posts\/452559"}],"collection":[{"href":"https:\/\/hudo.com\/si\/wp-json\/wp\/v2\/posts"}],"about":[{"href":"https:\/\/hudo.com\/si\/wp-json\/wp\/v2\/types\/post"}],"author":[{"embeddable":true,"href":"https:\/\/hudo.com\/si\/wp-json\/wp\/v2\/users\/5"}],"replies":[{"embeddable":true,"href":"https:\/\/hudo.com\/si\/wp-json\/wp\/v2\/comments?post=452559"}],"version-history":[{"count":1,"href":"https:\/\/hudo.com\/si\/wp-json\/wp\/v2\/posts\/452559\/revisions"}],"predecessor-version":[{"id":452560,"href":"https:\/\/hudo.com\/si\/wp-json\/wp\/v2\/posts\/452559\/revisions\/452560"}],"wp:featuredmedia":[{"embeddable":true,"href":"https:\/\/hudo.com\/si\/wp-json\/wp\/v2\/media\/225747"}],"wp:attachment":[{"href":"https:\/\/hudo.com\/si\/wp-json\/wp\/v2\/media?parent=452559"}],"wp:term":[{"taxonomy":"category","embeddable":true,"href":"https:\/\/hudo.com\/si\/wp-json\/wp\/v2\/categories?post=452559"},{"taxonomy":"post_tag","embeddable":true,"href":"https:\/\/hudo.com\/si\/wp-json\/wp\/v2\/tags?post=452559"},{"taxonomy":"source","embeddable":true,"href":"https:\/\/hudo.com\/si\/wp-json\/wp\/v2\/source?post=452559"},{"taxonomy":"supertag","embeddable":true,"href":"https:\/\/hudo.com\/si\/wp-json\/wp\/v2\/supertag?post=452559"}],"curies":[{"name":"wp","href":"https:\/\/api.w.org\/{rel}","templated":true}]}}