{"id":452626,"date":"2021-06-07T13:19:32","date_gmt":"2021-06-07T11:19:32","guid":{"rendered":"https:\/\/hudo.com\/si\/?p=452626"},"modified":"2021-06-07T13:19:32","modified_gmt":"2021-06-07T11:19:32","slug":"v-zagrebu-po-napadih-vran-vec-huje-poskodovanih-kljuvala-me-je-po-glavi-in-nikakor-ni-prenehala","status":"publish","type":"post","link":"https:\/\/hudo.com\/si\/aktualno\/svet\/v-zagrebu-po-napadih-vran-vec-huje-poskodovanih-kljuvala-me-je-po-glavi-in-nikakor-ni-prenehala\/","title":{"rendered":"V Zagrebu po napadih vran ve\u010d huje po\u0161kodovanih: &#8220;Kljuvala me je po glavi in nikakor ni prenehala&#8221;"},"content":{"rendered":"<p>&#8220;Kljuvala me je po glavi in nikakor ni prenehala. S kolesom sem se peljala naprej, a sem padla na koleno in zlomila nogo&#8221;, je dejala ena od Zagreb\u010dank, ki jo je prej\u0161nji teden napadla vrana v eni od zagreb\u0161kih sosesk.<\/p>\n<p>Podobne zgodbe, ki spominjajo na prizore iz znanega celove\u010derca Ptice re\u017eiserja Alfreda Hitchcocka, je v minulih dneh prijavilo ve\u010d oseb.<\/p>\n<p>V zadnjem tednu so bile \u0161tiri \u017eenske huje po\u0161kodovane, potem ko so jih napadle vrane, ki so znane po svojem ukrivljenem kljunu. Po\u0161kodovale so si koleno, hrbtenico, gle\u017eenj in zapestje, so za komercialno televizijo Nova TV potrdili na zagreb\u0161ki kliniki za travmatologijo. Hrva\u0161ki mediji so poro\u010dali, da so vrane danes napadle tudi starej\u0161ega mo\u0161kega, ki se je vra\u010dal iz trgovine, a se je re\u0161il brez po\u0161kodb.<\/p>\n<p>Mestna uprava je pojasnila, da vrane napadajo ljudi in \u017eivali samo v izjemnih situacijah. Napadejo, \u010de so ogro\u017eeni mladi\u010di v gnezdu ali pa tisti pti\u010di, ki so padli iz gnezda, so objavili na Facebook strani zagreb\u0161ke mestne uprave. Poudarjajo, da gre za naravno obna\u0161anje ptic, dr\u017eavljanom pa so svetovali, naj se v naslednjih nekaj dneh izogibajo obmo\u010djem, kjer vrane gnezdijo.<\/p>\n<p>Hrva\u0161ki ornitologi so sporo\u010dili, da je v primeru napada vran najbolj\u0161e mahati z rokami, da bi jih pregnali. \u010ce to ne pomaga, pa se je treba umakniti in si poiskati zakloni\u0161\u010de.<\/p>\n","protected":false},"excerpt":{"rendered":"<p>Najmanj \u0161tiri Zagreb\u010danke so se huje po\u0161kodovale, potem ko so jih na ulicah Zagreba napadle vrane. Ena izmed napadenih \u017eensk si je pri padcu po\u0161kodovala hrbtenico, ostale pa nogo ali roko. Mestna uprava je prebivalce opozorila, naj se izogibajo obmo\u010dij, kjer vrane gnezdijo, saj napadajo ljudi, ko za\u010dutijo, da so ogro\u017eeni njihovi mladi\u010di.<\/p>\n","protected":false},"author":5,"featured_media":452627,"comment_status":"closed","ping_status":"closed","sticky":false,"template":"","format":"standard","meta":{"footnotes":""},"categories":[18202],"tags":[2097,4661],"source":[4511],"supertag":[],"acf":[],"yoast_head":"<!-- This site is optimized with the Yoast SEO plugin v21.3 - https:\/\/yoast.com\/wordpress\/plugins\/seo\/ -->\n<title>V Zagrebu po napadih vran ve\u010d huje po\u0161kodovanih: &quot;Kljuvala me je po glavi in nikakor ni prenehala&quot; - Hudo Slovenija<\/title>\n<meta name=\"robots\" content=\"index, follow, max-snippet:-1, max-image-preview:large, max-video-preview:-1\" \/>\n<link rel=\"canonical\" href=\"https:\/\/hudo.com\/si\/aktualno\/svet\/v-zagrebu-po-napadih-vran-vec-huje-poskodovanih-kljuvala-me-je-po-glavi-in-nikakor-ni-prenehala\/\" \/>\n<meta property=\"og:locale\" content=\"sl_SI\" \/>\n<meta property=\"og:type\" content=\"article\" \/>\n<meta property=\"og:title\" content=\"V Zagrebu po napadih vran ve\u010d huje po\u0161kodovanih: &quot;Kljuvala me je po glavi in nikakor ni prenehala&quot; - Hudo Slovenija\" \/>\n<meta property=\"og:description\" content=\"Najmanj \u0161tiri Zagreb\u010danke so se huje po\u0161kodovale, potem ko so jih na ulicah Zagreba napadle vrane. Ena izmed napadenih \u017eensk si je pri padcu po\u0161kodovala hrbtenico, ostale pa nogo ali roko. Mestna uprava je prebivalce opozorila, naj se izogibajo obmo\u010dij, kjer vrane gnezdijo, saj napadajo ljudi, ko za\u010dutijo, da so ogro\u017eeni njihovi mladi\u010di.\" \/>\n<meta property=\"og:url\" content=\"https:\/\/hudo.com\/si\/aktualno\/svet\/v-zagrebu-po-napadih-vran-vec-huje-poskodovanih-kljuvala-me-je-po-glavi-in-nikakor-ni-prenehala\/\" \/>\n<meta property=\"og:site_name\" content=\"Hudo Slovenija\" \/>\n<meta property=\"article:publisher\" content=\"https:\/\/www.facebook.com\/hudo.si\" \/>\n<meta property=\"article:published_time\" content=\"2021-06-07T11:19:32+00:00\" \/>\n<meta property=\"og:image\" content=\"https:\/\/hudo.com\/si\/wp-content\/uploads\/sites\/2\/2021\/06\/profimedia-0462773241.jpg\" \/>\n\t<meta property=\"og:image:width\" content=\"1250\" \/>\n\t<meta property=\"og:image:height\" content=\"893\" \/>\n\t<meta property=\"og:image:type\" content=\"image\/jpeg\" \/>\n<meta name=\"author\" content=\"A. G., STA\" \/>\n<meta name=\"twitter:card\" content=\"summary_large_image\" \/>\n<meta name=\"twitter:creator\" content=\"@hudo_si\" \/>\n<meta name=\"twitter:site\" content=\"@hudo_si\" \/>\n<meta name=\"twitter:label1\" content=\"Written by\" \/>\n\t<meta name=\"twitter:data1\" content=\"A. G., STA\" \/>\n\t<meta name=\"twitter:label2\" content=\"Est. reading time\" \/>\n\t<meta name=\"twitter:data2\" content=\"1 minuta\" \/>\n<script type=\"application\/ld+json\" class=\"yoast-schema-graph\">{\"@context\":\"https:\/\/schema.org\",\"@graph\":[{\"@type\":\"Article\",\"@id\":\"https:\/\/hudo.com\/si\/aktualno\/svet\/v-zagrebu-po-napadih-vran-vec-huje-poskodovanih-kljuvala-me-je-po-glavi-in-nikakor-ni-prenehala\/#article\",\"isPartOf\":{\"@id\":\"https:\/\/hudo.com\/si\/aktualno\/svet\/v-zagrebu-po-napadih-vran-vec-huje-poskodovanih-kljuvala-me-je-po-glavi-in-nikakor-ni-prenehala\/\"},\"author\":{\"name\":\"A. G., STA\",\"@id\":\"https:\/\/hudo.com\/si\/#\/schema\/person\/2391667a63ea075ba94f2f2dc6b77537\"},\"headline\":\"V Zagrebu po napadih vran ve\u010d huje po\u0161kodovanih: &#8220;Kljuvala me je po glavi in nikakor ni prenehala&#8221;\",\"datePublished\":\"2021-06-07T11:19:32+00:00\",\"dateModified\":\"2021-06-07T11:19:32+00:00\",\"mainEntityOfPage\":{\"@id\":\"https:\/\/hudo.com\/si\/aktualno\/svet\/v-zagrebu-po-napadih-vran-vec-huje-poskodovanih-kljuvala-me-je-po-glavi-in-nikakor-ni-prenehala\/\"},\"wordCount\":262,\"publisher\":{\"@id\":\"https:\/\/hudo.com\/si\/#organization\"},\"keywords\":[\"vrane\",\"Zagreb\"],\"articleSection\":[\"Svet\"],\"inLanguage\":\"sl-SI\"},{\"@type\":\"WebPage\",\"@id\":\"https:\/\/hudo.com\/si\/aktualno\/svet\/v-zagrebu-po-napadih-vran-vec-huje-poskodovanih-kljuvala-me-je-po-glavi-in-nikakor-ni-prenehala\/\",\"url\":\"https:\/\/hudo.com\/si\/aktualno\/svet\/v-zagrebu-po-napadih-vran-vec-huje-poskodovanih-kljuvala-me-je-po-glavi-in-nikakor-ni-prenehala\/\",\"name\":\"V Zagrebu po napadih vran ve\u010d huje po\u0161kodovanih: \\\"Kljuvala me je po glavi in nikakor ni prenehala\\\" - Hudo Slovenija\",\"isPartOf\":{\"@id\":\"https:\/\/hudo.com\/si\/#website\"},\"datePublished\":\"2021-06-07T11:19:32+00:00\",\"dateModified\":\"2021-06-07T11:19:32+00:00\",\"breadcrumb\":{\"@id\":\"https:\/\/hudo.com\/si\/aktualno\/svet\/v-zagrebu-po-napadih-vran-vec-huje-poskodovanih-kljuvala-me-je-po-glavi-in-nikakor-ni-prenehala\/#breadcrumb\"},\"inLanguage\":\"sl-SI\",\"potentialAction\":[{\"@type\":\"ReadAction\",\"target\":[\"https:\/\/hudo.com\/si\/aktualno\/svet\/v-zagrebu-po-napadih-vran-vec-huje-poskodovanih-kljuvala-me-je-po-glavi-in-nikakor-ni-prenehala\/\"]}]},{\"@type\":\"BreadcrumbList\",\"@id\":\"https:\/\/hudo.com\/si\/aktualno\/svet\/v-zagrebu-po-napadih-vran-vec-huje-poskodovanih-kljuvala-me-je-po-glavi-in-nikakor-ni-prenehala\/#breadcrumb\",\"itemListElement\":[{\"@type\":\"ListItem\",\"position\":1,\"name\":\"Home\",\"item\":\"https:\/\/hudo.com\/si\/\"},{\"@type\":\"ListItem\",\"position\":2,\"name\":\"V Zagrebu po napadih vran ve\u010d huje po\u0161kodovanih: &#8220;Kljuvala me je po glavi in nikakor ni prenehala&#8221;\"}]},{\"@type\":\"WebSite\",\"@id\":\"https:\/\/hudo.com\/si\/#website\",\"url\":\"https:\/\/hudo.com\/si\/\",\"name\":\"Hudo Slovenija\",\"description\":\"Vse novice iz Slovenije in sveta\",\"publisher\":{\"@id\":\"https:\/\/hudo.com\/si\/#organization\"},\"potentialAction\":[{\"@type\":\"SearchAction\",\"target\":{\"@type\":\"EntryPoint\",\"urlTemplate\":\"https:\/\/hudo.com\/si\/?s={search_term_string}\"},\"query-input\":\"required name=search_term_string\"}],\"inLanguage\":\"sl-SI\"},{\"@type\":\"Organization\",\"@id\":\"https:\/\/hudo.com\/si\/#organization\",\"name\":\"VSN Media\",\"url\":\"https:\/\/hudo.com\/si\/\",\"logo\":{\"@type\":\"ImageObject\",\"inLanguage\":\"sl-SI\",\"@id\":\"https:\/\/hudo.com\/si\/#\/schema\/logo\/image\/\",\"url\":\"https:\/\/hudo.com\/si\/wp-content\/uploads\/sites\/2\/2021\/03\/hudo-app-2.png\",\"contentUrl\":\"https:\/\/hudo.com\/si\/wp-content\/uploads\/sites\/2\/2021\/03\/hudo-app-2.png\",\"width\":2185,\"height\":2167,\"caption\":\"VSN Media\"},\"image\":{\"@id\":\"https:\/\/hudo.com\/si\/#\/schema\/logo\/image\/\"},\"sameAs\":[\"https:\/\/www.facebook.com\/hudo.si\",\"https:\/\/twitter.com\/hudo_si\"]},{\"@type\":\"Person\",\"@id\":\"https:\/\/hudo.com\/si\/#\/schema\/person\/2391667a63ea075ba94f2f2dc6b77537\",\"name\":\"A. G., STA\",\"image\":{\"@type\":\"ImageObject\",\"inLanguage\":\"sl-SI\",\"@id\":\"https:\/\/hudo.com\/si\/#\/schema\/person\/image\/\",\"url\":\"https:\/\/secure.gravatar.com\/avatar\/e13d22ac3e442658d5025fbbe6238a79?s=96&d=mm&r=g\",\"contentUrl\":\"https:\/\/secure.gravatar.com\/avatar\/e13d22ac3e442658d5025fbbe6238a79?s=96&d=mm&r=g\",\"caption\":\"A. G., STA\"},\"url\":\"https:\/\/hudo.com\/si\/author\/alenka\/\"}]}<\/script>\n<!-- \/ Yoast SEO plugin. -->","yoast_head_json":{"title":"V Zagrebu po napadih vran ve\u010d huje po\u0161kodovanih: \"Kljuvala me je po glavi in nikakor ni prenehala\" - Hudo Slovenija","robots":{"index":"index","follow":"follow","max-snippet":"max-snippet:-1","max-image-preview":"max-image-preview:large","max-video-preview":"max-video-preview:-1"},"canonical":"https:\/\/hudo.com\/si\/aktualno\/svet\/v-zagrebu-po-napadih-vran-vec-huje-poskodovanih-kljuvala-me-je-po-glavi-in-nikakor-ni-prenehala\/","og_locale":"sl_SI","og_type":"article","og_title":"V Zagrebu po napadih vran ve\u010d huje po\u0161kodovanih: \"Kljuvala me je po glavi in nikakor ni prenehala\" - Hudo Slovenija","og_description":"Najmanj \u0161tiri Zagreb\u010danke so se huje po\u0161kodovale, potem ko so jih na ulicah Zagreba napadle vrane. Ena izmed napadenih \u017eensk si je pri padcu po\u0161kodovala hrbtenico, ostale pa nogo ali roko. Mestna uprava je prebivalce opozorila, naj se izogibajo obmo\u010dij, kjer vrane gnezdijo, saj napadajo ljudi, ko za\u010dutijo, da so ogro\u017eeni njihovi mladi\u010di.","og_url":"https:\/\/hudo.com\/si\/aktualno\/svet\/v-zagrebu-po-napadih-vran-vec-huje-poskodovanih-kljuvala-me-je-po-glavi-in-nikakor-ni-prenehala\/","og_site_name":"Hudo Slovenija","article_publisher":"https:\/\/www.facebook.com\/hudo.si","article_published_time":"2021-06-07T11:19:32+00:00","og_image":[{"width":1250,"height":893,"url":"https:\/\/hudo.com\/si\/wp-content\/uploads\/sites\/2\/2021\/06\/profimedia-0462773241.jpg","type":"image\/jpeg"}],"author":"A. G., STA","twitter_card":"summary_large_image","twitter_creator":"@hudo_si","twitter_site":"@hudo_si","twitter_misc":{"Written by":"A. G., STA","Est. reading time":"1 minuta"},"schema":{"@context":"https:\/\/schema.org","@graph":[{"@type":"Article","@id":"https:\/\/hudo.com\/si\/aktualno\/svet\/v-zagrebu-po-napadih-vran-vec-huje-poskodovanih-kljuvala-me-je-po-glavi-in-nikakor-ni-prenehala\/#article","isPartOf":{"@id":"https:\/\/hudo.com\/si\/aktualno\/svet\/v-zagrebu-po-napadih-vran-vec-huje-poskodovanih-kljuvala-me-je-po-glavi-in-nikakor-ni-prenehala\/"},"author":{"name":"A. G., STA","@id":"https:\/\/hudo.com\/si\/#\/schema\/person\/2391667a63ea075ba94f2f2dc6b77537"},"headline":"V Zagrebu po napadih vran ve\u010d huje po\u0161kodovanih: &#8220;Kljuvala me je po glavi in nikakor ni prenehala&#8221;","datePublished":"2021-06-07T11:19:32+00:00","dateModified":"2021-06-07T11:19:32+00:00","mainEntityOfPage":{"@id":"https:\/\/hudo.com\/si\/aktualno\/svet\/v-zagrebu-po-napadih-vran-vec-huje-poskodovanih-kljuvala-me-je-po-glavi-in-nikakor-ni-prenehala\/"},"wordCount":262,"publisher":{"@id":"https:\/\/hudo.com\/si\/#organization"},"keywords":["vrane","Zagreb"],"articleSection":["Svet"],"inLanguage":"sl-SI"},{"@type":"WebPage","@id":"https:\/\/hudo.com\/si\/aktualno\/svet\/v-zagrebu-po-napadih-vran-vec-huje-poskodovanih-kljuvala-me-je-po-glavi-in-nikakor-ni-prenehala\/","url":"https:\/\/hudo.com\/si\/aktualno\/svet\/v-zagrebu-po-napadih-vran-vec-huje-poskodovanih-kljuvala-me-je-po-glavi-in-nikakor-ni-prenehala\/","name":"V Zagrebu po napadih vran ve\u010d huje po\u0161kodovanih: \"Kljuvala me je po glavi in nikakor ni prenehala\" - Hudo Slovenija","isPartOf":{"@id":"https:\/\/hudo.com\/si\/#website"},"datePublished":"2021-06-07T11:19:32+00:00","dateModified":"2021-06-07T11:19:32+00:00","breadcrumb":{"@id":"https:\/\/hudo.com\/si\/aktualno\/svet\/v-zagrebu-po-napadih-vran-vec-huje-poskodovanih-kljuvala-me-je-po-glavi-in-nikakor-ni-prenehala\/#breadcrumb"},"inLanguage":"sl-SI","potentialAction":[{"@type":"ReadAction","target":["https:\/\/hudo.com\/si\/aktualno\/svet\/v-zagrebu-po-napadih-vran-vec-huje-poskodovanih-kljuvala-me-je-po-glavi-in-nikakor-ni-prenehala\/"]}]},{"@type":"BreadcrumbList","@id":"https:\/\/hudo.com\/si\/aktualno\/svet\/v-zagrebu-po-napadih-vran-vec-huje-poskodovanih-kljuvala-me-je-po-glavi-in-nikakor-ni-prenehala\/#breadcrumb","itemListElement":[{"@type":"ListItem","position":1,"name":"Home","item":"https:\/\/hudo.com\/si\/"},{"@type":"ListItem","position":2,"name":"V Zagrebu po napadih vran ve\u010d huje po\u0161kodovanih: &#8220;Kljuvala me je po glavi in nikakor ni prenehala&#8221;"}]},{"@type":"WebSite","@id":"https:\/\/hudo.com\/si\/#website","url":"https:\/\/hudo.com\/si\/","name":"Hudo Slovenija","description":"Vse novice iz Slovenije in sveta","publisher":{"@id":"https:\/\/hudo.com\/si\/#organization"},"potentialAction":[{"@type":"SearchAction","target":{"@type":"EntryPoint","urlTemplate":"https:\/\/hudo.com\/si\/?s={search_term_string}"},"query-input":"required name=search_term_string"}],"inLanguage":"sl-SI"},{"@type":"Organization","@id":"https:\/\/hudo.com\/si\/#organization","name":"VSN Media","url":"https:\/\/hudo.com\/si\/","logo":{"@type":"ImageObject","inLanguage":"sl-SI","@id":"https:\/\/hudo.com\/si\/#\/schema\/logo\/image\/","url":"https:\/\/hudo.com\/si\/wp-content\/uploads\/sites\/2\/2021\/03\/hudo-app-2.png","contentUrl":"https:\/\/hudo.com\/si\/wp-content\/uploads\/sites\/2\/2021\/03\/hudo-app-2.png","width":2185,"height":2167,"caption":"VSN Media"},"image":{"@id":"https:\/\/hudo.com\/si\/#\/schema\/logo\/image\/"},"sameAs":["https:\/\/www.facebook.com\/hudo.si","https:\/\/twitter.com\/hudo_si"]},{"@type":"Person","@id":"https:\/\/hudo.com\/si\/#\/schema\/person\/2391667a63ea075ba94f2f2dc6b77537","name":"A. G., STA","image":{"@type":"ImageObject","inLanguage":"sl-SI","@id":"https:\/\/hudo.com\/si\/#\/schema\/person\/image\/","url":"https:\/\/secure.gravatar.com\/avatar\/e13d22ac3e442658d5025fbbe6238a79?s=96&d=mm&r=g","contentUrl":"https:\/\/secure.gravatar.com\/avatar\/e13d22ac3e442658d5025fbbe6238a79?s=96&d=mm&r=g","caption":"A. G., STA"},"url":"https:\/\/hudo.com\/si\/author\/alenka\/"}]}},"amp_enabled":true,"_links":{"self":[{"href":"https:\/\/hudo.com\/si\/wp-json\/wp\/v2\/posts\/452626"}],"collection":[{"href":"https:\/\/hudo.com\/si\/wp-json\/wp\/v2\/posts"}],"about":[{"href":"https:\/\/hudo.com\/si\/wp-json\/wp\/v2\/types\/post"}],"author":[{"embeddable":true,"href":"https:\/\/hudo.com\/si\/wp-json\/wp\/v2\/users\/5"}],"replies":[{"embeddable":true,"href":"https:\/\/hudo.com\/si\/wp-json\/wp\/v2\/comments?post=452626"}],"version-history":[{"count":1,"href":"https:\/\/hudo.com\/si\/wp-json\/wp\/v2\/posts\/452626\/revisions"}],"predecessor-version":[{"id":452628,"href":"https:\/\/hudo.com\/si\/wp-json\/wp\/v2\/posts\/452626\/revisions\/452628"}],"wp:featuredmedia":[{"embeddable":true,"href":"https:\/\/hudo.com\/si\/wp-json\/wp\/v2\/media\/452627"}],"wp:attachment":[{"href":"https:\/\/hudo.com\/si\/wp-json\/wp\/v2\/media?parent=452626"}],"wp:term":[{"taxonomy":"category","embeddable":true,"href":"https:\/\/hudo.com\/si\/wp-json\/wp\/v2\/categories?post=452626"},{"taxonomy":"post_tag","embeddable":true,"href":"https:\/\/hudo.com\/si\/wp-json\/wp\/v2\/tags?post=452626"},{"taxonomy":"source","embeddable":true,"href":"https:\/\/hudo.com\/si\/wp-json\/wp\/v2\/source?post=452626"},{"taxonomy":"supertag","embeddable":true,"href":"https:\/\/hudo.com\/si\/wp-json\/wp\/v2\/supertag?post=452626"}],"curies":[{"name":"wp","href":"https:\/\/api.w.org\/{rel}","templated":true}]}}