{"id":452851,"date":"2021-06-11T09:32:17","date_gmt":"2021-06-11T07:32:17","guid":{"rendered":"https:\/\/hudo.com\/si\/?p=452851"},"modified":"2021-06-11T09:32:17","modified_gmt":"2021-06-11T07:32:17","slug":"zakaj-se-zeli-jansa-izogniti-sojenju-v-ljubljani","status":"publish","type":"post","link":"https:\/\/hudo.com\/si\/aktualno\/slovenija\/zakaj-se-zeli-jansa-izogniti-sojenju-v-ljubljani\/","title":{"rendered":"Zakaj se \u017eeli Jan\u0161a izogniti sojenju v Ljubljani?"},"content":{"rendered":"<p>Na Okro\u017enem sodi\u0161\u010du v Ljubljani so za Dnevnik potrdili, da je predsednik sodi\u0161\u010da Marjan Poga\u010dnik po dalj \u010dasa trajajo\u010dih te\u017eavah z vro\u010danjem sodne po\u0161te predsedniku vlade Janezu Jan\u0161i odlo\u010dil o zahtevah za izlo\u010ditev \u010dlanov zunajobravnavnega senata v zadevi Trenta. Zahtevam za izlo\u010ditev sodnikov zunajobravnavnega senata ni bilo ugodeno, so pojasnili na sodi\u0161\u010du.<\/p>\n<p>Zunajobravnavni senat, ki tako ostaja nespremenjen, mora odlo\u010diti o ugovorih obrambe na obto\u017enico. \u010ce ugovori obrambe ne bodo uspe\u0161ni, bo sodi\u0161\u010de spis lahko dodelilo sodniku, ki bo nato razpisal sojenje. \u010ce bo senat ugovorom pritrdil, pa obto\u017enica ne bo postala pravnomo\u010dna in sojenja ne bo, \u0161e poro\u010da Dnevnik.<\/p>\n<p>Po neuradnih informacijah \u010dasnika pa Jan\u0161eva obramba zdaj izpodbija \u0161e krajevno pristojnost ljubljanskega okro\u017enega sodi\u0161\u010da in ne \u017eeli, da bi Jan\u0161i sodili na ljubljanskem okro\u017enem sodi\u0161\u010du. O tem bodo odlo\u010dali vrhovni sodniki.<\/p>\n<p>To\u017eilstvo je sicer obto\u017enico vlo\u017eilo oktobra lani, nana\u0161a pa se na domnevno sporne posle z zemlji\u0161\u010di v Trenti. Jan\u0161i o\u010ditajo zlorabo polo\u017eaja ali pravic, med obdol\u017eenimi pa sta tudi nekdanji predsednik uprave Imosa Branko Kastelic in nekdanji direktor Eurogradenj Klemen Gantar.<\/p>\n<p>Po vlo\u017eitvi obto\u017enice je obramba podala ugovore na obto\u017enice, nato pa sta Jan\u0161a in njegov odvetnik Franci Matoz zahtevala izlo\u010ditev \u010dlanov zunajobravnavnega senata.<\/p>\n","protected":false},"excerpt":{"rendered":"<p>Predsednik ljubljanskega okro\u017enega sodi\u0161\u010da Marjan Poga\u010dnik ni ugodil zahtevi premierja Janeza Jan\u0161e po izlo\u010ditvi \u010dlanov zunajobravnavnega senata, ki mora odlo\u010diti o ugovoru na obto\u017enico v zadevi Trenta, poro\u010da Dnevnik. Jan\u0161eva obramba pa zdaj izpodbija krajevno pristojnost sodi\u0161\u010da, saj ne \u017eeli, da bi Jan\u0161i sodili v Ljubljani.<\/p>\n","protected":false},"author":7,"featured_media":395467,"comment_status":"closed","ping_status":"closed","sticky":false,"template":"","format":"standard","meta":{"footnotes":""},"categories":[18201],"tags":[5845],"source":[4511],"supertag":[],"acf":[],"yoast_head":"<!-- This site is optimized with the Yoast SEO plugin v21.3 - https:\/\/yoast.com\/wordpress\/plugins\/seo\/ -->\n<title>Zakaj se \u017eeli Jan\u0161a izogniti sojenju v Ljubljani? - Hudo Slovenija<\/title>\n<meta name=\"robots\" content=\"index, follow, max-snippet:-1, max-image-preview:large, max-video-preview:-1\" \/>\n<link rel=\"canonical\" href=\"https:\/\/hudo.com\/si\/aktualno\/slovenija\/zakaj-se-zeli-jansa-izogniti-sojenju-v-ljubljani\/\" \/>\n<meta property=\"og:locale\" content=\"sl_SI\" \/>\n<meta property=\"og:type\" content=\"article\" \/>\n<meta property=\"og:title\" content=\"Zakaj se \u017eeli Jan\u0161a izogniti sojenju v Ljubljani? - Hudo Slovenija\" \/>\n<meta property=\"og:description\" content=\"Predsednik ljubljanskega okro\u017enega sodi\u0161\u010da Marjan Poga\u010dnik ni ugodil zahtevi premierja Janeza Jan\u0161e po izlo\u010ditvi \u010dlanov zunajobravnavnega senata, ki mora odlo\u010diti o ugovoru na obto\u017enico v zadevi Trenta, poro\u010da Dnevnik. Jan\u0161eva obramba pa zdaj izpodbija krajevno pristojnost sodi\u0161\u010da, saj ne \u017eeli, da bi Jan\u0161i sodili v Ljubljani.\" \/>\n<meta property=\"og:url\" content=\"https:\/\/hudo.com\/si\/aktualno\/slovenija\/zakaj-se-zeli-jansa-izogniti-sojenju-v-ljubljani\/\" \/>\n<meta property=\"og:site_name\" content=\"Hudo Slovenija\" \/>\n<meta property=\"article:publisher\" content=\"https:\/\/www.facebook.com\/hudo.si\" \/>\n<meta property=\"article:published_time\" content=\"2021-06-11T07:32:17+00:00\" \/>\n<meta property=\"og:image\" content=\"https:\/\/hudo.com\/si\/wp-content\/uploads\/sites\/2\/2019\/03\/20181118-00898959.jpg\" \/>\n\t<meta property=\"og:image:width\" content=\"640\" \/>\n\t<meta property=\"og:image:height\" content=\"426\" \/>\n\t<meta property=\"og:image:type\" content=\"image\/jpeg\" \/>\n<meta name=\"author\" content=\"A. P., STA\" \/>\n<meta name=\"twitter:card\" content=\"summary_large_image\" \/>\n<meta name=\"twitter:creator\" content=\"@hudo_si\" \/>\n<meta name=\"twitter:site\" content=\"@hudo_si\" \/>\n<meta name=\"twitter:label1\" content=\"Written by\" \/>\n\t<meta name=\"twitter:data1\" content=\"A. P., STA\" \/>\n\t<meta name=\"twitter:label2\" content=\"Est. reading time\" \/>\n\t<meta name=\"twitter:data2\" content=\"1 minuta\" \/>\n<script type=\"application\/ld+json\" class=\"yoast-schema-graph\">{\"@context\":\"https:\/\/schema.org\",\"@graph\":[{\"@type\":\"Article\",\"@id\":\"https:\/\/hudo.com\/si\/aktualno\/slovenija\/zakaj-se-zeli-jansa-izogniti-sojenju-v-ljubljani\/#article\",\"isPartOf\":{\"@id\":\"https:\/\/hudo.com\/si\/aktualno\/slovenija\/zakaj-se-zeli-jansa-izogniti-sojenju-v-ljubljani\/\"},\"author\":{\"name\":\"A. P., STA\",\"@id\":\"https:\/\/hudo.com\/si\/#\/schema\/person\/18f09c02475ba9e606e941a565b80cff\"},\"headline\":\"Zakaj se \u017eeli Jan\u0161a izogniti sojenju v Ljubljani?\",\"datePublished\":\"2021-06-11T07:32:17+00:00\",\"dateModified\":\"2021-06-11T07:32:17+00:00\",\"mainEntityOfPage\":{\"@id\":\"https:\/\/hudo.com\/si\/aktualno\/slovenija\/zakaj-se-zeli-jansa-izogniti-sojenju-v-ljubljani\/\"},\"wordCount\":246,\"publisher\":{\"@id\":\"https:\/\/hudo.com\/si\/#organization\"},\"keywords\":[\"janez jan\u0161a\"],\"articleSection\":[\"Slovenija\"],\"inLanguage\":\"sl-SI\"},{\"@type\":\"WebPage\",\"@id\":\"https:\/\/hudo.com\/si\/aktualno\/slovenija\/zakaj-se-zeli-jansa-izogniti-sojenju-v-ljubljani\/\",\"url\":\"https:\/\/hudo.com\/si\/aktualno\/slovenija\/zakaj-se-zeli-jansa-izogniti-sojenju-v-ljubljani\/\",\"name\":\"Zakaj se \u017eeli Jan\u0161a izogniti sojenju v Ljubljani? - Hudo Slovenija\",\"isPartOf\":{\"@id\":\"https:\/\/hudo.com\/si\/#website\"},\"datePublished\":\"2021-06-11T07:32:17+00:00\",\"dateModified\":\"2021-06-11T07:32:17+00:00\",\"breadcrumb\":{\"@id\":\"https:\/\/hudo.com\/si\/aktualno\/slovenija\/zakaj-se-zeli-jansa-izogniti-sojenju-v-ljubljani\/#breadcrumb\"},\"inLanguage\":\"sl-SI\",\"potentialAction\":[{\"@type\":\"ReadAction\",\"target\":[\"https:\/\/hudo.com\/si\/aktualno\/slovenija\/zakaj-se-zeli-jansa-izogniti-sojenju-v-ljubljani\/\"]}]},{\"@type\":\"BreadcrumbList\",\"@id\":\"https:\/\/hudo.com\/si\/aktualno\/slovenija\/zakaj-se-zeli-jansa-izogniti-sojenju-v-ljubljani\/#breadcrumb\",\"itemListElement\":[{\"@type\":\"ListItem\",\"position\":1,\"name\":\"Home\",\"item\":\"https:\/\/hudo.com\/si\/\"},{\"@type\":\"ListItem\",\"position\":2,\"name\":\"Zakaj se \u017eeli Jan\u0161a izogniti sojenju v Ljubljani?\"}]},{\"@type\":\"WebSite\",\"@id\":\"https:\/\/hudo.com\/si\/#website\",\"url\":\"https:\/\/hudo.com\/si\/\",\"name\":\"Hudo Slovenija\",\"description\":\"Vse novice iz Slovenije in sveta\",\"publisher\":{\"@id\":\"https:\/\/hudo.com\/si\/#organization\"},\"potentialAction\":[{\"@type\":\"SearchAction\",\"target\":{\"@type\":\"EntryPoint\",\"urlTemplate\":\"https:\/\/hudo.com\/si\/?s={search_term_string}\"},\"query-input\":\"required name=search_term_string\"}],\"inLanguage\":\"sl-SI\"},{\"@type\":\"Organization\",\"@id\":\"https:\/\/hudo.com\/si\/#organization\",\"name\":\"VSN Media\",\"url\":\"https:\/\/hudo.com\/si\/\",\"logo\":{\"@type\":\"ImageObject\",\"inLanguage\":\"sl-SI\",\"@id\":\"https:\/\/hudo.com\/si\/#\/schema\/logo\/image\/\",\"url\":\"https:\/\/hudo.com\/si\/wp-content\/uploads\/sites\/2\/2021\/03\/hudo-app-2.png\",\"contentUrl\":\"https:\/\/hudo.com\/si\/wp-content\/uploads\/sites\/2\/2021\/03\/hudo-app-2.png\",\"width\":2185,\"height\":2167,\"caption\":\"VSN Media\"},\"image\":{\"@id\":\"https:\/\/hudo.com\/si\/#\/schema\/logo\/image\/\"},\"sameAs\":[\"https:\/\/www.facebook.com\/hudo.si\",\"https:\/\/twitter.com\/hudo_si\"]},{\"@type\":\"Person\",\"@id\":\"https:\/\/hudo.com\/si\/#\/schema\/person\/18f09c02475ba9e606e941a565b80cff\",\"name\":\"A. P., STA\",\"image\":{\"@type\":\"ImageObject\",\"inLanguage\":\"sl-SI\",\"@id\":\"https:\/\/hudo.com\/si\/#\/schema\/person\/image\/\",\"url\":\"https:\/\/secure.gravatar.com\/avatar\/03eac8e609f5f04383125d80eaeaaf3e?s=96&d=mm&r=g\",\"contentUrl\":\"https:\/\/secure.gravatar.com\/avatar\/03eac8e609f5f04383125d80eaeaaf3e?s=96&d=mm&r=g\",\"caption\":\"A. P., STA\"},\"url\":\"https:\/\/hudo.com\/si\/author\/lubu\/\"}]}<\/script>\n<!-- \/ Yoast SEO plugin. -->","yoast_head_json":{"title":"Zakaj se \u017eeli Jan\u0161a izogniti sojenju v Ljubljani? - Hudo Slovenija","robots":{"index":"index","follow":"follow","max-snippet":"max-snippet:-1","max-image-preview":"max-image-preview:large","max-video-preview":"max-video-preview:-1"},"canonical":"https:\/\/hudo.com\/si\/aktualno\/slovenija\/zakaj-se-zeli-jansa-izogniti-sojenju-v-ljubljani\/","og_locale":"sl_SI","og_type":"article","og_title":"Zakaj se \u017eeli Jan\u0161a izogniti sojenju v Ljubljani? - Hudo Slovenija","og_description":"Predsednik ljubljanskega okro\u017enega sodi\u0161\u010da Marjan Poga\u010dnik ni ugodil zahtevi premierja Janeza Jan\u0161e po izlo\u010ditvi \u010dlanov zunajobravnavnega senata, ki mora odlo\u010diti o ugovoru na obto\u017enico v zadevi Trenta, poro\u010da Dnevnik. Jan\u0161eva obramba pa zdaj izpodbija krajevno pristojnost sodi\u0161\u010da, saj ne \u017eeli, da bi Jan\u0161i sodili v Ljubljani.","og_url":"https:\/\/hudo.com\/si\/aktualno\/slovenija\/zakaj-se-zeli-jansa-izogniti-sojenju-v-ljubljani\/","og_site_name":"Hudo Slovenija","article_publisher":"https:\/\/www.facebook.com\/hudo.si","article_published_time":"2021-06-11T07:32:17+00:00","og_image":[{"width":640,"height":426,"url":"https:\/\/hudo.com\/si\/wp-content\/uploads\/sites\/2\/2019\/03\/20181118-00898959.jpg","type":"image\/jpeg"}],"author":"A. P., STA","twitter_card":"summary_large_image","twitter_creator":"@hudo_si","twitter_site":"@hudo_si","twitter_misc":{"Written by":"A. P., STA","Est. reading time":"1 minuta"},"schema":{"@context":"https:\/\/schema.org","@graph":[{"@type":"Article","@id":"https:\/\/hudo.com\/si\/aktualno\/slovenija\/zakaj-se-zeli-jansa-izogniti-sojenju-v-ljubljani\/#article","isPartOf":{"@id":"https:\/\/hudo.com\/si\/aktualno\/slovenija\/zakaj-se-zeli-jansa-izogniti-sojenju-v-ljubljani\/"},"author":{"name":"A. P., STA","@id":"https:\/\/hudo.com\/si\/#\/schema\/person\/18f09c02475ba9e606e941a565b80cff"},"headline":"Zakaj se \u017eeli Jan\u0161a izogniti sojenju v Ljubljani?","datePublished":"2021-06-11T07:32:17+00:00","dateModified":"2021-06-11T07:32:17+00:00","mainEntityOfPage":{"@id":"https:\/\/hudo.com\/si\/aktualno\/slovenija\/zakaj-se-zeli-jansa-izogniti-sojenju-v-ljubljani\/"},"wordCount":246,"publisher":{"@id":"https:\/\/hudo.com\/si\/#organization"},"keywords":["janez jan\u0161a"],"articleSection":["Slovenija"],"inLanguage":"sl-SI"},{"@type":"WebPage","@id":"https:\/\/hudo.com\/si\/aktualno\/slovenija\/zakaj-se-zeli-jansa-izogniti-sojenju-v-ljubljani\/","url":"https:\/\/hudo.com\/si\/aktualno\/slovenija\/zakaj-se-zeli-jansa-izogniti-sojenju-v-ljubljani\/","name":"Zakaj se \u017eeli Jan\u0161a izogniti sojenju v Ljubljani? - Hudo Slovenija","isPartOf":{"@id":"https:\/\/hudo.com\/si\/#website"},"datePublished":"2021-06-11T07:32:17+00:00","dateModified":"2021-06-11T07:32:17+00:00","breadcrumb":{"@id":"https:\/\/hudo.com\/si\/aktualno\/slovenija\/zakaj-se-zeli-jansa-izogniti-sojenju-v-ljubljani\/#breadcrumb"},"inLanguage":"sl-SI","potentialAction":[{"@type":"ReadAction","target":["https:\/\/hudo.com\/si\/aktualno\/slovenija\/zakaj-se-zeli-jansa-izogniti-sojenju-v-ljubljani\/"]}]},{"@type":"BreadcrumbList","@id":"https:\/\/hudo.com\/si\/aktualno\/slovenija\/zakaj-se-zeli-jansa-izogniti-sojenju-v-ljubljani\/#breadcrumb","itemListElement":[{"@type":"ListItem","position":1,"name":"Home","item":"https:\/\/hudo.com\/si\/"},{"@type":"ListItem","position":2,"name":"Zakaj se \u017eeli Jan\u0161a izogniti sojenju v Ljubljani?"}]},{"@type":"WebSite","@id":"https:\/\/hudo.com\/si\/#website","url":"https:\/\/hudo.com\/si\/","name":"Hudo Slovenija","description":"Vse novice iz Slovenije in sveta","publisher":{"@id":"https:\/\/hudo.com\/si\/#organization"},"potentialAction":[{"@type":"SearchAction","target":{"@type":"EntryPoint","urlTemplate":"https:\/\/hudo.com\/si\/?s={search_term_string}"},"query-input":"required name=search_term_string"}],"inLanguage":"sl-SI"},{"@type":"Organization","@id":"https:\/\/hudo.com\/si\/#organization","name":"VSN Media","url":"https:\/\/hudo.com\/si\/","logo":{"@type":"ImageObject","inLanguage":"sl-SI","@id":"https:\/\/hudo.com\/si\/#\/schema\/logo\/image\/","url":"https:\/\/hudo.com\/si\/wp-content\/uploads\/sites\/2\/2021\/03\/hudo-app-2.png","contentUrl":"https:\/\/hudo.com\/si\/wp-content\/uploads\/sites\/2\/2021\/03\/hudo-app-2.png","width":2185,"height":2167,"caption":"VSN Media"},"image":{"@id":"https:\/\/hudo.com\/si\/#\/schema\/logo\/image\/"},"sameAs":["https:\/\/www.facebook.com\/hudo.si","https:\/\/twitter.com\/hudo_si"]},{"@type":"Person","@id":"https:\/\/hudo.com\/si\/#\/schema\/person\/18f09c02475ba9e606e941a565b80cff","name":"A. P., STA","image":{"@type":"ImageObject","inLanguage":"sl-SI","@id":"https:\/\/hudo.com\/si\/#\/schema\/person\/image\/","url":"https:\/\/secure.gravatar.com\/avatar\/03eac8e609f5f04383125d80eaeaaf3e?s=96&d=mm&r=g","contentUrl":"https:\/\/secure.gravatar.com\/avatar\/03eac8e609f5f04383125d80eaeaaf3e?s=96&d=mm&r=g","caption":"A. P., STA"},"url":"https:\/\/hudo.com\/si\/author\/lubu\/"}]}},"amp_enabled":true,"_links":{"self":[{"href":"https:\/\/hudo.com\/si\/wp-json\/wp\/v2\/posts\/452851"}],"collection":[{"href":"https:\/\/hudo.com\/si\/wp-json\/wp\/v2\/posts"}],"about":[{"href":"https:\/\/hudo.com\/si\/wp-json\/wp\/v2\/types\/post"}],"author":[{"embeddable":true,"href":"https:\/\/hudo.com\/si\/wp-json\/wp\/v2\/users\/7"}],"replies":[{"embeddable":true,"href":"https:\/\/hudo.com\/si\/wp-json\/wp\/v2\/comments?post=452851"}],"version-history":[{"count":1,"href":"https:\/\/hudo.com\/si\/wp-json\/wp\/v2\/posts\/452851\/revisions"}],"predecessor-version":[{"id":452852,"href":"https:\/\/hudo.com\/si\/wp-json\/wp\/v2\/posts\/452851\/revisions\/452852"}],"wp:featuredmedia":[{"embeddable":true,"href":"https:\/\/hudo.com\/si\/wp-json\/wp\/v2\/media\/395467"}],"wp:attachment":[{"href":"https:\/\/hudo.com\/si\/wp-json\/wp\/v2\/media?parent=452851"}],"wp:term":[{"taxonomy":"category","embeddable":true,"href":"https:\/\/hudo.com\/si\/wp-json\/wp\/v2\/categories?post=452851"},{"taxonomy":"post_tag","embeddable":true,"href":"https:\/\/hudo.com\/si\/wp-json\/wp\/v2\/tags?post=452851"},{"taxonomy":"source","embeddable":true,"href":"https:\/\/hudo.com\/si\/wp-json\/wp\/v2\/source?post=452851"},{"taxonomy":"supertag","embeddable":true,"href":"https:\/\/hudo.com\/si\/wp-json\/wp\/v2\/supertag?post=452851"}],"curies":[{"name":"wp","href":"https:\/\/api.w.org\/{rel}","templated":true}]}}