{"id":453226,"date":"2021-06-14T20:51:18","date_gmt":"2021-06-14T18:51:18","guid":{"rendered":"https:\/\/hudo.com\/si\/?p=453226"},"modified":"2021-06-16T20:55:27","modified_gmt":"2021-06-16T18:55:27","slug":"telemach-kot-prvi-v-sloveniji-vzpostavil-mobilno-omrezje-pete-generacije","status":"publish","type":"post","link":"https:\/\/hudo.com\/si\/znanost-tehnika\/telemach-kot-prvi-v-sloveniji-vzpostavil-mobilno-omrezje-pete-generacije\/","title":{"rendered":"Telemach kot prvi v Sloveniji vzpostavil mobilno omre\u017eje pete generacije"},"content":{"rendered":"<p>Agencija za komunikacijska omre\u017eja in storitve RS (Akos) je javno dra\u017ebo za dodelitev frekven\u010dnih pasov za zagotavljanje javnih komunikacijskih storitev kon\u010dnim uporabnikom izvedla sredi aprila, med razpolo\u017eljivimi pasovi pa so bili tudi tak\u0161ni, namenjeni uvajanju mobilne tehnologije 5G.<\/p>\n<p>Na dra\u017ebi so sodelovali \u0161tirje slovenski mobilni operaterji, ki so za frekvence od\u0161teli skupaj 164,2 milijona evrov, so takrat sporo\u010dili iz Akosa. Izdajo odlo\u010db o dodelitvi frekvenc so napovedali za za\u010detek junija.<\/p>\n<p>Med uspe\u0161nimi dra\u017eitelji je bil tudi Telemach. Za dodeljene frekvence je od\u0161tel 51,6 milijona evrov in tako svoj spekter frekvenc pove\u010dal za kar 3,5-krat, so danes sporo\u010dili iz dru\u017ebe.<\/p>\n<p>&#8220;Z dra\u017ebo smo zelo zadovoljni, saj smo pridobili vse \u017eelene frekvence. Gre za investicijo v zagotavljanje kakovosti in zmogljivosti na\u0161ega mobilnega omre\u017eja, s pridobljenimi frekvencami pa ustvarjamo prostor za dodatno izbolj\u0161anje mobilnih storitev,&#8221; je v sporo\u010dilu za javnost zapisal predsednik poslovodstva dru\u017ebe Adrian Je\u017eina.<\/p>\n<p>V Telemachu so tehnologijo 5G testirali \u017ee pred dobrim letom dni, za komercialno rabo pa so morali pridobiti frekvence. Zdaj bodo omre\u017eje najprej vzpostavili na najbolj frekventnih obmo\u010djih Ljubljane, in sicer bodo pravo 5G uporabni\u0161ko izku\u0161njo od 15. junija ponujali uporabnikom v mestnem sredi\u0161\u010du ter na obmo\u010dju nakupovalnega sredi\u0161\u010da BTC.<\/p>\n<p>Uporabnikom z ustreznimi mobilnimi aparati je storitev promocijsko na voljo v vseh mobilnih paketih dru\u017eine Ve\u010d, za uporabo pa je treba poslati klju\u010dno besedo 5G na \u0161tevilko 7070. Skladno s strategijo se bodo v podjetju usmerili tudi na druga ve\u010dja slovenska mesta, do konca leta 2025 pa izpolnjevali vse zahteve javnega razpisa, so \u0161e navedli.<\/p>\n<p>&#8220;Zdaj vstopamo v novo poglavje. Dolgo \u010dasa smo pripravljali omre\u017eje na mobilno tehnologijo 5G in sedaj smo tu. Prehod na tehnologijo 5G nam bo omogo\u010dil nadaljnjo rast in s tem krepitev mo\u010di na slovenskem trgu,&#8221; je povedal Je\u017eina.<\/p>\n<p>Telemach, ki je del skupine United Group, ima v Sloveniji 600.000 uporabnikov. Je\u017eina je poudaril, da bodo v prihodnjih letih v tehnologiji 4G in 5G vlo\u017eili ve\u010d kot 100 milijonov evrov.<\/p>\n","protected":false},"excerpt":{"rendered":"<p>Po uspe\u0161ni aprilski dra\u017ebi in prejeti odlo\u010dbi o dodelitvi frekvenc za mobilno telefonijo Telemach v torek vzpostavljajo mobilno omre\u017eje pete generacije 5G. To bo najprej dostopno na najbolj frekventnih obmo\u010djih Ljubljane, to sta mestno sredi\u0161\u010de in obmo\u010dje BTC, so sporo\u010dili iz operaterja.<\/p>\n","protected":false},"author":7,"featured_media":434561,"comment_status":"closed","ping_status":"closed","sticky":false,"template":"","format":"standard","meta":{"footnotes":""},"categories":[18174],"tags":[13828,13679,16092],"source":[4511],"supertag":[],"acf":[],"yoast_head":"<!-- This site is optimized with the Yoast SEO plugin v21.3 - https:\/\/yoast.com\/wordpress\/plugins\/seo\/ -->\n<title>Telemach kot prvi v Sloveniji vzpostavil mobilno omre\u017eje pete generacije - Hudo Slovenija<\/title>\n<meta name=\"robots\" content=\"index, follow, max-snippet:-1, max-image-preview:large, max-video-preview:-1\" \/>\n<link rel=\"canonical\" href=\"https:\/\/hudo.com\/si\/znanost-tehnika\/telemach-kot-prvi-v-sloveniji-vzpostavil-mobilno-omrezje-pete-generacije\/\" \/>\n<meta property=\"og:locale\" content=\"sl_SI\" \/>\n<meta property=\"og:type\" content=\"article\" \/>\n<meta property=\"og:title\" content=\"Telemach kot prvi v Sloveniji vzpostavil mobilno omre\u017eje pete generacije - Hudo Slovenija\" \/>\n<meta property=\"og:description\" content=\"Po uspe\u0161ni aprilski dra\u017ebi in prejeti odlo\u010dbi o dodelitvi frekvenc za mobilno telefonijo Telemach v torek vzpostavljajo mobilno omre\u017eje pete generacije 5G. To bo najprej dostopno na najbolj frekventnih obmo\u010djih Ljubljane, to sta mestno sredi\u0161\u010de in obmo\u010dje BTC, so sporo\u010dili iz operaterja.\" \/>\n<meta property=\"og:url\" content=\"https:\/\/hudo.com\/si\/znanost-tehnika\/telemach-kot-prvi-v-sloveniji-vzpostavil-mobilno-omrezje-pete-generacije\/\" \/>\n<meta property=\"og:site_name\" content=\"Hudo Slovenija\" \/>\n<meta property=\"article:publisher\" content=\"https:\/\/www.facebook.com\/hudo.si\" \/>\n<meta property=\"article:published_time\" content=\"2021-06-14T18:51:18+00:00\" \/>\n<meta property=\"article:modified_time\" content=\"2021-06-16T18:55:27+00:00\" \/>\n<meta property=\"og:image\" content=\"https:\/\/hudo.com\/si\/wp-content\/uploads\/sites\/2\/2020\/10\/profimedia-0522878266.jpg\" \/>\n\t<meta property=\"og:image:width\" content=\"1250\" \/>\n\t<meta property=\"og:image:height\" content=\"836\" \/>\n\t<meta property=\"og:image:type\" content=\"image\/jpeg\" \/>\n<meta name=\"author\" content=\"A. P., STA\" \/>\n<meta name=\"twitter:card\" content=\"summary_large_image\" \/>\n<meta name=\"twitter:creator\" content=\"@hudo_si\" \/>\n<meta name=\"twitter:site\" content=\"@hudo_si\" \/>\n<meta name=\"twitter:label1\" content=\"Written by\" \/>\n\t<meta name=\"twitter:data1\" content=\"A. P., STA\" \/>\n\t<meta name=\"twitter:label2\" content=\"Est. reading time\" \/>\n\t<meta name=\"twitter:data2\" content=\"2 minuti\" \/>\n<script type=\"application\/ld+json\" class=\"yoast-schema-graph\">{\"@context\":\"https:\/\/schema.org\",\"@graph\":[{\"@type\":\"Article\",\"@id\":\"https:\/\/hudo.com\/si\/znanost-tehnika\/telemach-kot-prvi-v-sloveniji-vzpostavil-mobilno-omrezje-pete-generacije\/#article\",\"isPartOf\":{\"@id\":\"https:\/\/hudo.com\/si\/znanost-tehnika\/telemach-kot-prvi-v-sloveniji-vzpostavil-mobilno-omrezje-pete-generacije\/\"},\"author\":{\"name\":\"A. P., STA\",\"@id\":\"https:\/\/hudo.com\/si\/#\/schema\/person\/18f09c02475ba9e606e941a565b80cff\"},\"headline\":\"Telemach kot prvi v Sloveniji vzpostavil mobilno omre\u017eje pete generacije\",\"datePublished\":\"2021-06-14T18:51:18+00:00\",\"dateModified\":\"2021-06-16T18:55:27+00:00\",\"mainEntityOfPage\":{\"@id\":\"https:\/\/hudo.com\/si\/znanost-tehnika\/telemach-kot-prvi-v-sloveniji-vzpostavil-mobilno-omrezje-pete-generacije\/\"},\"wordCount\":361,\"publisher\":{\"@id\":\"https:\/\/hudo.com\/si\/#organization\"},\"keywords\":[\"omre\u017eje 5G\",\"telemach\",\"united group\"],\"articleSection\":[\"Znanost &amp; tehnika\"],\"inLanguage\":\"sl-SI\"},{\"@type\":\"WebPage\",\"@id\":\"https:\/\/hudo.com\/si\/znanost-tehnika\/telemach-kot-prvi-v-sloveniji-vzpostavil-mobilno-omrezje-pete-generacije\/\",\"url\":\"https:\/\/hudo.com\/si\/znanost-tehnika\/telemach-kot-prvi-v-sloveniji-vzpostavil-mobilno-omrezje-pete-generacije\/\",\"name\":\"Telemach kot prvi v Sloveniji vzpostavil mobilno omre\u017eje pete generacije - Hudo Slovenija\",\"isPartOf\":{\"@id\":\"https:\/\/hudo.com\/si\/#website\"},\"datePublished\":\"2021-06-14T18:51:18+00:00\",\"dateModified\":\"2021-06-16T18:55:27+00:00\",\"breadcrumb\":{\"@id\":\"https:\/\/hudo.com\/si\/znanost-tehnika\/telemach-kot-prvi-v-sloveniji-vzpostavil-mobilno-omrezje-pete-generacije\/#breadcrumb\"},\"inLanguage\":\"sl-SI\",\"potentialAction\":[{\"@type\":\"ReadAction\",\"target\":[\"https:\/\/hudo.com\/si\/znanost-tehnika\/telemach-kot-prvi-v-sloveniji-vzpostavil-mobilno-omrezje-pete-generacije\/\"]}]},{\"@type\":\"BreadcrumbList\",\"@id\":\"https:\/\/hudo.com\/si\/znanost-tehnika\/telemach-kot-prvi-v-sloveniji-vzpostavil-mobilno-omrezje-pete-generacije\/#breadcrumb\",\"itemListElement\":[{\"@type\":\"ListItem\",\"position\":1,\"name\":\"Home\",\"item\":\"https:\/\/hudo.com\/si\/\"},{\"@type\":\"ListItem\",\"position\":2,\"name\":\"Telemach kot prvi v Sloveniji vzpostavil mobilno omre\u017eje pete generacije\"}]},{\"@type\":\"WebSite\",\"@id\":\"https:\/\/hudo.com\/si\/#website\",\"url\":\"https:\/\/hudo.com\/si\/\",\"name\":\"Hudo Slovenija\",\"description\":\"Vse novice iz Slovenije in sveta\",\"publisher\":{\"@id\":\"https:\/\/hudo.com\/si\/#organization\"},\"potentialAction\":[{\"@type\":\"SearchAction\",\"target\":{\"@type\":\"EntryPoint\",\"urlTemplate\":\"https:\/\/hudo.com\/si\/?s={search_term_string}\"},\"query-input\":\"required name=search_term_string\"}],\"inLanguage\":\"sl-SI\"},{\"@type\":\"Organization\",\"@id\":\"https:\/\/hudo.com\/si\/#organization\",\"name\":\"VSN Media\",\"url\":\"https:\/\/hudo.com\/si\/\",\"logo\":{\"@type\":\"ImageObject\",\"inLanguage\":\"sl-SI\",\"@id\":\"https:\/\/hudo.com\/si\/#\/schema\/logo\/image\/\",\"url\":\"https:\/\/hudo.com\/si\/wp-content\/uploads\/sites\/2\/2021\/03\/hudo-app-2.png\",\"contentUrl\":\"https:\/\/hudo.com\/si\/wp-content\/uploads\/sites\/2\/2021\/03\/hudo-app-2.png\",\"width\":2185,\"height\":2167,\"caption\":\"VSN Media\"},\"image\":{\"@id\":\"https:\/\/hudo.com\/si\/#\/schema\/logo\/image\/\"},\"sameAs\":[\"https:\/\/www.facebook.com\/hudo.si\",\"https:\/\/twitter.com\/hudo_si\"]},{\"@type\":\"Person\",\"@id\":\"https:\/\/hudo.com\/si\/#\/schema\/person\/18f09c02475ba9e606e941a565b80cff\",\"name\":\"A. P., STA\",\"image\":{\"@type\":\"ImageObject\",\"inLanguage\":\"sl-SI\",\"@id\":\"https:\/\/hudo.com\/si\/#\/schema\/person\/image\/\",\"url\":\"https:\/\/secure.gravatar.com\/avatar\/03eac8e609f5f04383125d80eaeaaf3e?s=96&d=mm&r=g\",\"contentUrl\":\"https:\/\/secure.gravatar.com\/avatar\/03eac8e609f5f04383125d80eaeaaf3e?s=96&d=mm&r=g\",\"caption\":\"A. P., STA\"},\"url\":\"https:\/\/hudo.com\/si\/author\/lubu\/\"}]}<\/script>\n<!-- \/ Yoast SEO plugin. -->","yoast_head_json":{"title":"Telemach kot prvi v Sloveniji vzpostavil mobilno omre\u017eje pete generacije - Hudo Slovenija","robots":{"index":"index","follow":"follow","max-snippet":"max-snippet:-1","max-image-preview":"max-image-preview:large","max-video-preview":"max-video-preview:-1"},"canonical":"https:\/\/hudo.com\/si\/znanost-tehnika\/telemach-kot-prvi-v-sloveniji-vzpostavil-mobilno-omrezje-pete-generacije\/","og_locale":"sl_SI","og_type":"article","og_title":"Telemach kot prvi v Sloveniji vzpostavil mobilno omre\u017eje pete generacije - Hudo Slovenija","og_description":"Po uspe\u0161ni aprilski dra\u017ebi in prejeti odlo\u010dbi o dodelitvi frekvenc za mobilno telefonijo Telemach v torek vzpostavljajo mobilno omre\u017eje pete generacije 5G. To bo najprej dostopno na najbolj frekventnih obmo\u010djih Ljubljane, to sta mestno sredi\u0161\u010de in obmo\u010dje BTC, so sporo\u010dili iz operaterja.","og_url":"https:\/\/hudo.com\/si\/znanost-tehnika\/telemach-kot-prvi-v-sloveniji-vzpostavil-mobilno-omrezje-pete-generacije\/","og_site_name":"Hudo Slovenija","article_publisher":"https:\/\/www.facebook.com\/hudo.si","article_published_time":"2021-06-14T18:51:18+00:00","article_modified_time":"2021-06-16T18:55:27+00:00","og_image":[{"width":1250,"height":836,"url":"https:\/\/hudo.com\/si\/wp-content\/uploads\/sites\/2\/2020\/10\/profimedia-0522878266.jpg","type":"image\/jpeg"}],"author":"A. P., STA","twitter_card":"summary_large_image","twitter_creator":"@hudo_si","twitter_site":"@hudo_si","twitter_misc":{"Written by":"A. P., STA","Est. reading time":"2 minuti"},"schema":{"@context":"https:\/\/schema.org","@graph":[{"@type":"Article","@id":"https:\/\/hudo.com\/si\/znanost-tehnika\/telemach-kot-prvi-v-sloveniji-vzpostavil-mobilno-omrezje-pete-generacije\/#article","isPartOf":{"@id":"https:\/\/hudo.com\/si\/znanost-tehnika\/telemach-kot-prvi-v-sloveniji-vzpostavil-mobilno-omrezje-pete-generacije\/"},"author":{"name":"A. P., STA","@id":"https:\/\/hudo.com\/si\/#\/schema\/person\/18f09c02475ba9e606e941a565b80cff"},"headline":"Telemach kot prvi v Sloveniji vzpostavil mobilno omre\u017eje pete generacije","datePublished":"2021-06-14T18:51:18+00:00","dateModified":"2021-06-16T18:55:27+00:00","mainEntityOfPage":{"@id":"https:\/\/hudo.com\/si\/znanost-tehnika\/telemach-kot-prvi-v-sloveniji-vzpostavil-mobilno-omrezje-pete-generacije\/"},"wordCount":361,"publisher":{"@id":"https:\/\/hudo.com\/si\/#organization"},"keywords":["omre\u017eje 5G","telemach","united group"],"articleSection":["Znanost &amp; tehnika"],"inLanguage":"sl-SI"},{"@type":"WebPage","@id":"https:\/\/hudo.com\/si\/znanost-tehnika\/telemach-kot-prvi-v-sloveniji-vzpostavil-mobilno-omrezje-pete-generacije\/","url":"https:\/\/hudo.com\/si\/znanost-tehnika\/telemach-kot-prvi-v-sloveniji-vzpostavil-mobilno-omrezje-pete-generacije\/","name":"Telemach kot prvi v Sloveniji vzpostavil mobilno omre\u017eje pete generacije - Hudo Slovenija","isPartOf":{"@id":"https:\/\/hudo.com\/si\/#website"},"datePublished":"2021-06-14T18:51:18+00:00","dateModified":"2021-06-16T18:55:27+00:00","breadcrumb":{"@id":"https:\/\/hudo.com\/si\/znanost-tehnika\/telemach-kot-prvi-v-sloveniji-vzpostavil-mobilno-omrezje-pete-generacije\/#breadcrumb"},"inLanguage":"sl-SI","potentialAction":[{"@type":"ReadAction","target":["https:\/\/hudo.com\/si\/znanost-tehnika\/telemach-kot-prvi-v-sloveniji-vzpostavil-mobilno-omrezje-pete-generacije\/"]}]},{"@type":"BreadcrumbList","@id":"https:\/\/hudo.com\/si\/znanost-tehnika\/telemach-kot-prvi-v-sloveniji-vzpostavil-mobilno-omrezje-pete-generacije\/#breadcrumb","itemListElement":[{"@type":"ListItem","position":1,"name":"Home","item":"https:\/\/hudo.com\/si\/"},{"@type":"ListItem","position":2,"name":"Telemach kot prvi v Sloveniji vzpostavil mobilno omre\u017eje pete generacije"}]},{"@type":"WebSite","@id":"https:\/\/hudo.com\/si\/#website","url":"https:\/\/hudo.com\/si\/","name":"Hudo Slovenija","description":"Vse novice iz Slovenije in sveta","publisher":{"@id":"https:\/\/hudo.com\/si\/#organization"},"potentialAction":[{"@type":"SearchAction","target":{"@type":"EntryPoint","urlTemplate":"https:\/\/hudo.com\/si\/?s={search_term_string}"},"query-input":"required name=search_term_string"}],"inLanguage":"sl-SI"},{"@type":"Organization","@id":"https:\/\/hudo.com\/si\/#organization","name":"VSN Media","url":"https:\/\/hudo.com\/si\/","logo":{"@type":"ImageObject","inLanguage":"sl-SI","@id":"https:\/\/hudo.com\/si\/#\/schema\/logo\/image\/","url":"https:\/\/hudo.com\/si\/wp-content\/uploads\/sites\/2\/2021\/03\/hudo-app-2.png","contentUrl":"https:\/\/hudo.com\/si\/wp-content\/uploads\/sites\/2\/2021\/03\/hudo-app-2.png","width":2185,"height":2167,"caption":"VSN Media"},"image":{"@id":"https:\/\/hudo.com\/si\/#\/schema\/logo\/image\/"},"sameAs":["https:\/\/www.facebook.com\/hudo.si","https:\/\/twitter.com\/hudo_si"]},{"@type":"Person","@id":"https:\/\/hudo.com\/si\/#\/schema\/person\/18f09c02475ba9e606e941a565b80cff","name":"A. P., STA","image":{"@type":"ImageObject","inLanguage":"sl-SI","@id":"https:\/\/hudo.com\/si\/#\/schema\/person\/image\/","url":"https:\/\/secure.gravatar.com\/avatar\/03eac8e609f5f04383125d80eaeaaf3e?s=96&d=mm&r=g","contentUrl":"https:\/\/secure.gravatar.com\/avatar\/03eac8e609f5f04383125d80eaeaaf3e?s=96&d=mm&r=g","caption":"A. P., STA"},"url":"https:\/\/hudo.com\/si\/author\/lubu\/"}]}},"amp_enabled":true,"_links":{"self":[{"href":"https:\/\/hudo.com\/si\/wp-json\/wp\/v2\/posts\/453226"}],"collection":[{"href":"https:\/\/hudo.com\/si\/wp-json\/wp\/v2\/posts"}],"about":[{"href":"https:\/\/hudo.com\/si\/wp-json\/wp\/v2\/types\/post"}],"author":[{"embeddable":true,"href":"https:\/\/hudo.com\/si\/wp-json\/wp\/v2\/users\/7"}],"replies":[{"embeddable":true,"href":"https:\/\/hudo.com\/si\/wp-json\/wp\/v2\/comments?post=453226"}],"version-history":[{"count":1,"href":"https:\/\/hudo.com\/si\/wp-json\/wp\/v2\/posts\/453226\/revisions"}],"predecessor-version":[{"id":453227,"href":"https:\/\/hudo.com\/si\/wp-json\/wp\/v2\/posts\/453226\/revisions\/453227"}],"wp:featuredmedia":[{"embeddable":true,"href":"https:\/\/hudo.com\/si\/wp-json\/wp\/v2\/media\/434561"}],"wp:attachment":[{"href":"https:\/\/hudo.com\/si\/wp-json\/wp\/v2\/media?parent=453226"}],"wp:term":[{"taxonomy":"category","embeddable":true,"href":"https:\/\/hudo.com\/si\/wp-json\/wp\/v2\/categories?post=453226"},{"taxonomy":"post_tag","embeddable":true,"href":"https:\/\/hudo.com\/si\/wp-json\/wp\/v2\/tags?post=453226"},{"taxonomy":"source","embeddable":true,"href":"https:\/\/hudo.com\/si\/wp-json\/wp\/v2\/source?post=453226"},{"taxonomy":"supertag","embeddable":true,"href":"https:\/\/hudo.com\/si\/wp-json\/wp\/v2\/supertag?post=453226"}],"curies":[{"name":"wp","href":"https:\/\/api.w.org\/{rel}","templated":true}]}}