{"id":453265,"date":"2021-06-17T14:00:51","date_gmt":"2021-06-17T12:00:51","guid":{"rendered":"https:\/\/hudo.com\/si\/?p=453265"},"modified":"2021-06-17T14:00:51","modified_gmt":"2021-06-17T12:00:51","slug":"portoroska-plaza-si-je-tudi-letos-priborila-modro-zastavo-najbolj-cenjen-evropski-okoljski-znak-ekoloske-ozavescenosti-in-kakovosti-kopalne-vode","status":"publish","type":"post","link":"https:\/\/hudo.com\/si\/aktualno\/slovenija\/portoroska-plaza-si-je-tudi-letos-priborila-modro-zastavo-najbolj-cenjen-evropski-okoljski-znak-ekoloske-ozavescenosti-in-kakovosti-kopalne-vode\/","title":{"rendered":"Portoro\u0161ka pla\u017ea si je tudi letos priborila modro zastavo, najbolj cenjen evropski okoljski znak ekolo\u0161ke ozave\u0161\u010denosti in kakovosti kopalne vode"},"content":{"rendered":"<div id=\"center\">\n<article class=\"articleui\">\n<div class=\"text\">\n<p>Na Centralni pla\u017ei Portoro\u017e bo letos veljal podoben re\u017eim kot lani. Tako bo 380 sen\u010dnikov z le\u017ealniki razporejenih na razdalji 4,5 metra, obvezno bo razku\u017eevanje in ohranjanje medsebojne razdalje, na ukrepe v zvezi s covidom-19 pa bodo obiskovalce opozarjali tudi \u0161tirje re\u0161evalci iz vode, so sporo\u010dili z Okolja Piran, kjer so pred sezono na kopenskem delu na novo zasejali travo, na pomolih namestili nova stojala za stopnice ter zamenjali obrabljene pohodne deske.<\/p>\n<p>Ve\u010dja obnovitvena dela potekajo na pla\u017ei Lucija, ki jo bodo uradno odprli 1. julija. Najzahtevnej\u0161i poseg je bila izravnava in povi\u0161anje dotrajane betonske povr\u0161ine pod nekdanjo restavracijo Taverna, ki jo je morje v \u010dasu plime zalivalo in je bila spolzka ter nevarna za kopalce. Travnato obmo\u010dje bo opremljeno s sen\u010dniki in le\u017ealniki enake kakovosti kot na centralni pla\u017ei Portoro\u017e, poskrbljeno bo tudi za varnost in za sanitarije.<\/p>\n<p>Del ponudbe predstavlja tudi pla\u017ea hotela Kempinski Palace Portoroz, kjer bo na voljo 120 le\u017ealnikov in 18 kaban. Pla\u017ea, s katero upravlja hotel Kempinski Palace, ostaja odprta za vse obiskovalce, na razpolago je najem luksuznih kaban oz. baldahinov za dve osebi ali le\u017ealnikov ter sen\u010dnikov.<\/p>\n<p>Poleg raznolike gostinske ponudbe bo na osrednji portoro\u0161ki pla\u017ei ponovno na voljo brezpla\u010dna izposoja bralnega gradiva, ljubitelji aktivnega na\u010dina \u017eivljenja bodo lahko najeli \u0161portne rekvizite, ob \u010detrtkih bo organizirana brezpla\u010dna joga, za otroke so v morju postavljena napihljiva igrala, v mesecu avgustu pa bo dogajanje dodatno popestril \u0161e Radio Capris.<\/p>\n<p>Kot so pojasnili v Okolju Piran, so ob tem pripravili tudi glasbeni videospotom z naslovom Naj traja, ki poslu\u0161alce spodbuja k skrbi za okolje.<\/p>\n<\/div>\n<\/article>\n<\/div>\n","protected":false},"excerpt":{"rendered":"<p>V Portoro\u017eu se je kopalna sezona za\u010dela v torek z odprtjem tamkaj\u0161nje centralne pla\u017ee, kjer je danes \u017ee \u0161tiriindvajseti\u010d zaplapolala tudi modra zastava, najbolj cenjen evropski okoljski znak ekolo\u0161ke ozave\u0161\u010denosti in kakovosti kopalne vode. To je letos prvi\u010d prejela tudi pla\u017ea Lucija, ki bo za\u010dela uradno obratovati \u010dez 14 dni.<\/p>\n","protected":false},"author":8,"featured_media":375307,"comment_status":"closed","ping_status":"closed","sticky":false,"template":"","format":"standard","meta":{"footnotes":""},"categories":[18201],"tags":[16592,3966,1595],"source":[4511],"supertag":[5675],"acf":[],"yoast_head":"<!-- This site is optimized with the Yoast SEO plugin v21.3 - https:\/\/yoast.com\/wordpress\/plugins\/seo\/ -->\n<title>Portoro\u0161ka pla\u017ea si je tudi letos priborila modro zastavo, najbolj cenjen evropski okoljski znak ekolo\u0161ke ozave\u0161\u010denosti in kakovosti kopalne vode - Hudo Slovenija<\/title>\n<meta name=\"robots\" content=\"index, follow, max-snippet:-1, max-image-preview:large, max-video-preview:-1\" \/>\n<link rel=\"canonical\" href=\"https:\/\/hudo.com\/si\/aktualno\/slovenija\/portoroska-plaza-si-je-tudi-letos-priborila-modro-zastavo-najbolj-cenjen-evropski-okoljski-znak-ekoloske-ozavescenosti-in-kakovosti-kopalne-vode\/\" \/>\n<meta property=\"og:locale\" content=\"sl_SI\" \/>\n<meta property=\"og:type\" content=\"article\" \/>\n<meta property=\"og:title\" content=\"Portoro\u0161ka pla\u017ea si je tudi letos priborila modro zastavo, najbolj cenjen evropski okoljski znak ekolo\u0161ke ozave\u0161\u010denosti in kakovosti kopalne vode - Hudo Slovenija\" \/>\n<meta property=\"og:description\" content=\"V Portoro\u017eu se je kopalna sezona za\u010dela v torek z odprtjem tamkaj\u0161nje centralne pla\u017ee, kjer je danes \u017ee \u0161tiriindvajseti\u010d zaplapolala tudi modra zastava, najbolj cenjen evropski okoljski znak ekolo\u0161ke ozave\u0161\u010denosti in kakovosti kopalne vode. To je letos prvi\u010d prejela tudi pla\u017ea Lucija, ki bo za\u010dela uradno obratovati \u010dez 14 dni.\" \/>\n<meta property=\"og:url\" content=\"https:\/\/hudo.com\/si\/aktualno\/slovenija\/portoroska-plaza-si-je-tudi-letos-priborila-modro-zastavo-najbolj-cenjen-evropski-okoljski-znak-ekoloske-ozavescenosti-in-kakovosti-kopalne-vode\/\" \/>\n<meta property=\"og:site_name\" content=\"Hudo Slovenija\" \/>\n<meta property=\"article:publisher\" content=\"https:\/\/www.facebook.com\/hudo.si\" \/>\n<meta property=\"article:published_time\" content=\"2021-06-17T12:00:51+00:00\" \/>\n<meta property=\"og:image\" content=\"https:\/\/hudo.com\/si\/wp-content\/uploads\/sites\/2\/2018\/08\/profimedia-0008308000.jpg\" \/>\n\t<meta property=\"og:image:width\" content=\"1250\" \/>\n\t<meta property=\"og:image:height\" content=\"829\" \/>\n\t<meta property=\"og:image:type\" content=\"image\/jpeg\" \/>\n<meta name=\"author\" content=\"M. N., STA\" \/>\n<meta name=\"twitter:card\" content=\"summary_large_image\" \/>\n<meta name=\"twitter:creator\" content=\"@hudo_si\" \/>\n<meta name=\"twitter:site\" content=\"@hudo_si\" \/>\n<meta name=\"twitter:label1\" content=\"Written by\" \/>\n\t<meta name=\"twitter:data1\" content=\"M. N., STA\" \/>\n\t<meta name=\"twitter:label2\" content=\"Est. reading time\" \/>\n\t<meta name=\"twitter:data2\" content=\"1 minuta\" \/>\n<script type=\"application\/ld+json\" class=\"yoast-schema-graph\">{\"@context\":\"https:\/\/schema.org\",\"@graph\":[{\"@type\":\"Article\",\"@id\":\"https:\/\/hudo.com\/si\/aktualno\/slovenija\/portoroska-plaza-si-je-tudi-letos-priborila-modro-zastavo-najbolj-cenjen-evropski-okoljski-znak-ekoloske-ozavescenosti-in-kakovosti-kopalne-vode\/#article\",\"isPartOf\":{\"@id\":\"https:\/\/hudo.com\/si\/aktualno\/slovenija\/portoroska-plaza-si-je-tudi-letos-priborila-modro-zastavo-najbolj-cenjen-evropski-okoljski-znak-ekoloske-ozavescenosti-in-kakovosti-kopalne-vode\/\"},\"author\":{\"name\":\"M. N., STA\",\"@id\":\"https:\/\/hudo.com\/si\/#\/schema\/person\/c2f10ce65d2e6ede2aeda5be2a0611fa\"},\"headline\":\"Portoro\u0161ka pla\u017ea si je tudi letos priborila modro zastavo, najbolj cenjen evropski okoljski znak ekolo\u0161ke ozave\u0161\u010denosti in kakovosti kopalne vode\",\"datePublished\":\"2021-06-17T12:00:51+00:00\",\"dateModified\":\"2021-06-17T12:00:51+00:00\",\"mainEntityOfPage\":{\"@id\":\"https:\/\/hudo.com\/si\/aktualno\/slovenija\/portoroska-plaza-si-je-tudi-letos-priborila-modro-zastavo-najbolj-cenjen-evropski-okoljski-znak-ekoloske-ozavescenosti-in-kakovosti-kopalne-vode\/\"},\"wordCount\":304,\"publisher\":{\"@id\":\"https:\/\/hudo.com\/si\/#organization\"},\"keywords\":[\"portoro\u0161ka pla\u017ea\",\"Portoro\u017e\",\"Slovenija\"],\"articleSection\":[\"Slovenija\"],\"inLanguage\":\"sl-SI\"},{\"@type\":\"WebPage\",\"@id\":\"https:\/\/hudo.com\/si\/aktualno\/slovenija\/portoroska-plaza-si-je-tudi-letos-priborila-modro-zastavo-najbolj-cenjen-evropski-okoljski-znak-ekoloske-ozavescenosti-in-kakovosti-kopalne-vode\/\",\"url\":\"https:\/\/hudo.com\/si\/aktualno\/slovenija\/portoroska-plaza-si-je-tudi-letos-priborila-modro-zastavo-najbolj-cenjen-evropski-okoljski-znak-ekoloske-ozavescenosti-in-kakovosti-kopalne-vode\/\",\"name\":\"Portoro\u0161ka pla\u017ea si je tudi letos priborila modro zastavo, najbolj cenjen evropski okoljski znak ekolo\u0161ke ozave\u0161\u010denosti in kakovosti kopalne vode - Hudo Slovenija\",\"isPartOf\":{\"@id\":\"https:\/\/hudo.com\/si\/#website\"},\"datePublished\":\"2021-06-17T12:00:51+00:00\",\"dateModified\":\"2021-06-17T12:00:51+00:00\",\"breadcrumb\":{\"@id\":\"https:\/\/hudo.com\/si\/aktualno\/slovenija\/portoroska-plaza-si-je-tudi-letos-priborila-modro-zastavo-najbolj-cenjen-evropski-okoljski-znak-ekoloske-ozavescenosti-in-kakovosti-kopalne-vode\/#breadcrumb\"},\"inLanguage\":\"sl-SI\",\"potentialAction\":[{\"@type\":\"ReadAction\",\"target\":[\"https:\/\/hudo.com\/si\/aktualno\/slovenija\/portoroska-plaza-si-je-tudi-letos-priborila-modro-zastavo-najbolj-cenjen-evropski-okoljski-znak-ekoloske-ozavescenosti-in-kakovosti-kopalne-vode\/\"]}]},{\"@type\":\"BreadcrumbList\",\"@id\":\"https:\/\/hudo.com\/si\/aktualno\/slovenija\/portoroska-plaza-si-je-tudi-letos-priborila-modro-zastavo-najbolj-cenjen-evropski-okoljski-znak-ekoloske-ozavescenosti-in-kakovosti-kopalne-vode\/#breadcrumb\",\"itemListElement\":[{\"@type\":\"ListItem\",\"position\":1,\"name\":\"Home\",\"item\":\"https:\/\/hudo.com\/si\/\"},{\"@type\":\"ListItem\",\"position\":2,\"name\":\"Portoro\u0161ka pla\u017ea si je tudi letos priborila modro zastavo, najbolj cenjen evropski okoljski znak ekolo\u0161ke ozave\u0161\u010denosti in kakovosti kopalne vode\"}]},{\"@type\":\"WebSite\",\"@id\":\"https:\/\/hudo.com\/si\/#website\",\"url\":\"https:\/\/hudo.com\/si\/\",\"name\":\"Hudo Slovenija\",\"description\":\"Vse novice iz Slovenije in sveta\",\"publisher\":{\"@id\":\"https:\/\/hudo.com\/si\/#organization\"},\"potentialAction\":[{\"@type\":\"SearchAction\",\"target\":{\"@type\":\"EntryPoint\",\"urlTemplate\":\"https:\/\/hudo.com\/si\/?s={search_term_string}\"},\"query-input\":\"required name=search_term_string\"}],\"inLanguage\":\"sl-SI\"},{\"@type\":\"Organization\",\"@id\":\"https:\/\/hudo.com\/si\/#organization\",\"name\":\"VSN Media\",\"url\":\"https:\/\/hudo.com\/si\/\",\"logo\":{\"@type\":\"ImageObject\",\"inLanguage\":\"sl-SI\",\"@id\":\"https:\/\/hudo.com\/si\/#\/schema\/logo\/image\/\",\"url\":\"https:\/\/hudo.com\/si\/wp-content\/uploads\/sites\/2\/2021\/03\/hudo-app-2.png\",\"contentUrl\":\"https:\/\/hudo.com\/si\/wp-content\/uploads\/sites\/2\/2021\/03\/hudo-app-2.png\",\"width\":2185,\"height\":2167,\"caption\":\"VSN Media\"},\"image\":{\"@id\":\"https:\/\/hudo.com\/si\/#\/schema\/logo\/image\/\"},\"sameAs\":[\"https:\/\/www.facebook.com\/hudo.si\",\"https:\/\/twitter.com\/hudo_si\"]},{\"@type\":\"Person\",\"@id\":\"https:\/\/hudo.com\/si\/#\/schema\/person\/c2f10ce65d2e6ede2aeda5be2a0611fa\",\"name\":\"M. N., STA\",\"image\":{\"@type\":\"ImageObject\",\"inLanguage\":\"sl-SI\",\"@id\":\"https:\/\/hudo.com\/si\/#\/schema\/person\/image\/\",\"url\":\"https:\/\/secure.gravatar.com\/avatar\/f370d38daa10467f755c5c766a4cac20?s=96&d=mm&r=g\",\"contentUrl\":\"https:\/\/secure.gravatar.com\/avatar\/f370d38daa10467f755c5c766a4cac20?s=96&d=mm&r=g\",\"caption\":\"M. N., STA\"},\"url\":\"https:\/\/hudo.com\/si\/author\/mana\/\"}]}<\/script>\n<!-- \/ Yoast SEO plugin. -->","yoast_head_json":{"title":"Portoro\u0161ka pla\u017ea si je tudi letos priborila modro zastavo, najbolj cenjen evropski okoljski znak ekolo\u0161ke ozave\u0161\u010denosti in kakovosti kopalne vode - Hudo Slovenija","robots":{"index":"index","follow":"follow","max-snippet":"max-snippet:-1","max-image-preview":"max-image-preview:large","max-video-preview":"max-video-preview:-1"},"canonical":"https:\/\/hudo.com\/si\/aktualno\/slovenija\/portoroska-plaza-si-je-tudi-letos-priborila-modro-zastavo-najbolj-cenjen-evropski-okoljski-znak-ekoloske-ozavescenosti-in-kakovosti-kopalne-vode\/","og_locale":"sl_SI","og_type":"article","og_title":"Portoro\u0161ka pla\u017ea si je tudi letos priborila modro zastavo, najbolj cenjen evropski okoljski znak ekolo\u0161ke ozave\u0161\u010denosti in kakovosti kopalne vode - Hudo Slovenija","og_description":"V Portoro\u017eu se je kopalna sezona za\u010dela v torek z odprtjem tamkaj\u0161nje centralne pla\u017ee, kjer je danes \u017ee \u0161tiriindvajseti\u010d zaplapolala tudi modra zastava, najbolj cenjen evropski okoljski znak ekolo\u0161ke ozave\u0161\u010denosti in kakovosti kopalne vode. To je letos prvi\u010d prejela tudi pla\u017ea Lucija, ki bo za\u010dela uradno obratovati \u010dez 14 dni.","og_url":"https:\/\/hudo.com\/si\/aktualno\/slovenija\/portoroska-plaza-si-je-tudi-letos-priborila-modro-zastavo-najbolj-cenjen-evropski-okoljski-znak-ekoloske-ozavescenosti-in-kakovosti-kopalne-vode\/","og_site_name":"Hudo Slovenija","article_publisher":"https:\/\/www.facebook.com\/hudo.si","article_published_time":"2021-06-17T12:00:51+00:00","og_image":[{"width":1250,"height":829,"url":"https:\/\/hudo.com\/si\/wp-content\/uploads\/sites\/2\/2018\/08\/profimedia-0008308000.jpg","type":"image\/jpeg"}],"author":"M. N., STA","twitter_card":"summary_large_image","twitter_creator":"@hudo_si","twitter_site":"@hudo_si","twitter_misc":{"Written by":"M. N., STA","Est. reading time":"1 minuta"},"schema":{"@context":"https:\/\/schema.org","@graph":[{"@type":"Article","@id":"https:\/\/hudo.com\/si\/aktualno\/slovenija\/portoroska-plaza-si-je-tudi-letos-priborila-modro-zastavo-najbolj-cenjen-evropski-okoljski-znak-ekoloske-ozavescenosti-in-kakovosti-kopalne-vode\/#article","isPartOf":{"@id":"https:\/\/hudo.com\/si\/aktualno\/slovenija\/portoroska-plaza-si-je-tudi-letos-priborila-modro-zastavo-najbolj-cenjen-evropski-okoljski-znak-ekoloske-ozavescenosti-in-kakovosti-kopalne-vode\/"},"author":{"name":"M. N., STA","@id":"https:\/\/hudo.com\/si\/#\/schema\/person\/c2f10ce65d2e6ede2aeda5be2a0611fa"},"headline":"Portoro\u0161ka pla\u017ea si je tudi letos priborila modro zastavo, najbolj cenjen evropski okoljski znak ekolo\u0161ke ozave\u0161\u010denosti in kakovosti kopalne vode","datePublished":"2021-06-17T12:00:51+00:00","dateModified":"2021-06-17T12:00:51+00:00","mainEntityOfPage":{"@id":"https:\/\/hudo.com\/si\/aktualno\/slovenija\/portoroska-plaza-si-je-tudi-letos-priborila-modro-zastavo-najbolj-cenjen-evropski-okoljski-znak-ekoloske-ozavescenosti-in-kakovosti-kopalne-vode\/"},"wordCount":304,"publisher":{"@id":"https:\/\/hudo.com\/si\/#organization"},"keywords":["portoro\u0161ka pla\u017ea","Portoro\u017e","Slovenija"],"articleSection":["Slovenija"],"inLanguage":"sl-SI"},{"@type":"WebPage","@id":"https:\/\/hudo.com\/si\/aktualno\/slovenija\/portoroska-plaza-si-je-tudi-letos-priborila-modro-zastavo-najbolj-cenjen-evropski-okoljski-znak-ekoloske-ozavescenosti-in-kakovosti-kopalne-vode\/","url":"https:\/\/hudo.com\/si\/aktualno\/slovenija\/portoroska-plaza-si-je-tudi-letos-priborila-modro-zastavo-najbolj-cenjen-evropski-okoljski-znak-ekoloske-ozavescenosti-in-kakovosti-kopalne-vode\/","name":"Portoro\u0161ka pla\u017ea si je tudi letos priborila modro zastavo, najbolj cenjen evropski okoljski znak ekolo\u0161ke ozave\u0161\u010denosti in kakovosti kopalne vode - Hudo Slovenija","isPartOf":{"@id":"https:\/\/hudo.com\/si\/#website"},"datePublished":"2021-06-17T12:00:51+00:00","dateModified":"2021-06-17T12:00:51+00:00","breadcrumb":{"@id":"https:\/\/hudo.com\/si\/aktualno\/slovenija\/portoroska-plaza-si-je-tudi-letos-priborila-modro-zastavo-najbolj-cenjen-evropski-okoljski-znak-ekoloske-ozavescenosti-in-kakovosti-kopalne-vode\/#breadcrumb"},"inLanguage":"sl-SI","potentialAction":[{"@type":"ReadAction","target":["https:\/\/hudo.com\/si\/aktualno\/slovenija\/portoroska-plaza-si-je-tudi-letos-priborila-modro-zastavo-najbolj-cenjen-evropski-okoljski-znak-ekoloske-ozavescenosti-in-kakovosti-kopalne-vode\/"]}]},{"@type":"BreadcrumbList","@id":"https:\/\/hudo.com\/si\/aktualno\/slovenija\/portoroska-plaza-si-je-tudi-letos-priborila-modro-zastavo-najbolj-cenjen-evropski-okoljski-znak-ekoloske-ozavescenosti-in-kakovosti-kopalne-vode\/#breadcrumb","itemListElement":[{"@type":"ListItem","position":1,"name":"Home","item":"https:\/\/hudo.com\/si\/"},{"@type":"ListItem","position":2,"name":"Portoro\u0161ka pla\u017ea si je tudi letos priborila modro zastavo, najbolj cenjen evropski okoljski znak ekolo\u0161ke ozave\u0161\u010denosti in kakovosti kopalne vode"}]},{"@type":"WebSite","@id":"https:\/\/hudo.com\/si\/#website","url":"https:\/\/hudo.com\/si\/","name":"Hudo Slovenija","description":"Vse novice iz Slovenije in sveta","publisher":{"@id":"https:\/\/hudo.com\/si\/#organization"},"potentialAction":[{"@type":"SearchAction","target":{"@type":"EntryPoint","urlTemplate":"https:\/\/hudo.com\/si\/?s={search_term_string}"},"query-input":"required name=search_term_string"}],"inLanguage":"sl-SI"},{"@type":"Organization","@id":"https:\/\/hudo.com\/si\/#organization","name":"VSN Media","url":"https:\/\/hudo.com\/si\/","logo":{"@type":"ImageObject","inLanguage":"sl-SI","@id":"https:\/\/hudo.com\/si\/#\/schema\/logo\/image\/","url":"https:\/\/hudo.com\/si\/wp-content\/uploads\/sites\/2\/2021\/03\/hudo-app-2.png","contentUrl":"https:\/\/hudo.com\/si\/wp-content\/uploads\/sites\/2\/2021\/03\/hudo-app-2.png","width":2185,"height":2167,"caption":"VSN Media"},"image":{"@id":"https:\/\/hudo.com\/si\/#\/schema\/logo\/image\/"},"sameAs":["https:\/\/www.facebook.com\/hudo.si","https:\/\/twitter.com\/hudo_si"]},{"@type":"Person","@id":"https:\/\/hudo.com\/si\/#\/schema\/person\/c2f10ce65d2e6ede2aeda5be2a0611fa","name":"M. N., STA","image":{"@type":"ImageObject","inLanguage":"sl-SI","@id":"https:\/\/hudo.com\/si\/#\/schema\/person\/image\/","url":"https:\/\/secure.gravatar.com\/avatar\/f370d38daa10467f755c5c766a4cac20?s=96&d=mm&r=g","contentUrl":"https:\/\/secure.gravatar.com\/avatar\/f370d38daa10467f755c5c766a4cac20?s=96&d=mm&r=g","caption":"M. N., STA"},"url":"https:\/\/hudo.com\/si\/author\/mana\/"}]}},"amp_enabled":true,"_links":{"self":[{"href":"https:\/\/hudo.com\/si\/wp-json\/wp\/v2\/posts\/453265"}],"collection":[{"href":"https:\/\/hudo.com\/si\/wp-json\/wp\/v2\/posts"}],"about":[{"href":"https:\/\/hudo.com\/si\/wp-json\/wp\/v2\/types\/post"}],"author":[{"embeddable":true,"href":"https:\/\/hudo.com\/si\/wp-json\/wp\/v2\/users\/8"}],"replies":[{"embeddable":true,"href":"https:\/\/hudo.com\/si\/wp-json\/wp\/v2\/comments?post=453265"}],"version-history":[{"count":1,"href":"https:\/\/hudo.com\/si\/wp-json\/wp\/v2\/posts\/453265\/revisions"}],"predecessor-version":[{"id":453266,"href":"https:\/\/hudo.com\/si\/wp-json\/wp\/v2\/posts\/453265\/revisions\/453266"}],"wp:featuredmedia":[{"embeddable":true,"href":"https:\/\/hudo.com\/si\/wp-json\/wp\/v2\/media\/375307"}],"wp:attachment":[{"href":"https:\/\/hudo.com\/si\/wp-json\/wp\/v2\/media?parent=453265"}],"wp:term":[{"taxonomy":"category","embeddable":true,"href":"https:\/\/hudo.com\/si\/wp-json\/wp\/v2\/categories?post=453265"},{"taxonomy":"post_tag","embeddable":true,"href":"https:\/\/hudo.com\/si\/wp-json\/wp\/v2\/tags?post=453265"},{"taxonomy":"source","embeddable":true,"href":"https:\/\/hudo.com\/si\/wp-json\/wp\/v2\/source?post=453265"},{"taxonomy":"supertag","embeddable":true,"href":"https:\/\/hudo.com\/si\/wp-json\/wp\/v2\/supertag?post=453265"}],"curies":[{"name":"wp","href":"https:\/\/api.w.org\/{rel}","templated":true}]}}