{"id":453375,"date":"2021-06-19T16:43:32","date_gmt":"2021-06-19T14:43:32","guid":{"rendered":"https:\/\/hudo.com\/si\/?p=453375"},"modified":"2021-06-19T16:43:32","modified_gmt":"2021-06-19T14:43:32","slug":"vodenje-desus-prevzema-ljubo-jasnic","status":"publish","type":"post","link":"https:\/\/hudo.com\/si\/aktualno\/slovenija\/vodenje-desus-prevzema-ljubo-jasnic\/","title":{"rendered":"Vodenje DeSUS prevzema Ljubo Jasni\u010d"},"content":{"rendered":"<div id=\"center\">\n<article class=\"articleui\">\n<div class=\"text\">\n<p>Jasni\u010d je po izvolitvi v nagovoru delegatom dejal, da si \u017eeli iskrenega sodelovanja z vsemi. &#8220;Va\u0161 glas razumem kot glas za enotnost in vrednote DeSUS,&#8221; je dejal, pa tudi za to, da bodo naredili vse za to, da bodo na prihodnjih volitvah znova pri\u0161li v parlament.<\/p>\n<p>V svojem predvolilnem nagovoru je Jasni\u010d namre\u010d ocenil, da stranke v javnem mnenju niso pokopale programske to\u010dke. &#8220;Tisto, kar pa je stranko dobesedno uni\u010dilo, je nespo\u0161tovanje vrednot, ki jih je in bi jih morala stranka vedno zastopati,&#8221; je prepri\u010dan. Po njegovih besedah z vrednotami ni mogo\u010de barantati, &#8220;kot na primer s posameznimi postavkami v demografskem skladu&#8221;, z vrednotami ni mogo\u010de trgovati in jih ponujati na politi\u010dni tr\u017enici. Do predloga zakona o demografskem skladu je namre\u010d kriti\u010den.<\/p>\n<p>Strinja se, da je interes stranke, da je, \u010de se da, v vladni koaliciji. &#8220;A DeSUS ne more biti vseeno, kaj se dogaja pri drugih politi\u010dnih vpra\u0161anjih,&#8221; je poudaril. Med drugim je izpostavil napake vlade pri obvladovanju epidemije ter ocenil, da klju\u010dni zahtevi iz koalicijske pogodbe \u0161e nista uresni\u010deni.<\/p>\n<p>Po Jasni\u010devih besedah je pomembno, da so odnosi med stranko in poslansko skupino urejeni. Stranka mora imeti tudi jasna stali\u0161\u010da do vseh pomembnih vpra\u0161anj, ki jih obravnava DZ. &#8220;\u0160ele potem lahko od poslanske skupine pri\u010dakuje, da bo upo\u0161tevala strankina stali\u0161\u010da v razpravi in glasovanju v parlamentu,&#8221; je dejal.<\/p>\n<p>Po Jasni\u010devem mnenju morajo v stranki raz\u010distiti, katere vrednote v dru\u017ebi \u0161e podpirajo in katere zavra\u010dajo. &#8220;Potem se bo preprosteje odlo\u010diti, katere poteze vlade bomo in katerih ne bomo podpirali,&#8221; je dodal.<\/p>\n<p>Jasni\u010d je \u017ee tretji predsednik stranke z mandatom kongresa v letu in pol. Januarja je po 15-letnem vodenju Karla Erjavca stranko prevzela Aleksandra Pivec, a je \u017ee septembra odstopila, Erjavca pa so 5. decembra ponovno izvolili za predsednika. 17. decembra je DeSUS zapustil vlado Janeza Jan\u0161e, Erjavec pa je po neuspe\u0161ni kandidaturi za novega predsednika vlade ter po napetostih v stranki marca odstopil, kar je pripeljalo do dana\u0161njega kongresa.<\/p>\n<\/div>\n<\/article>\n<\/div>\n","protected":false},"excerpt":{"rendered":"<p>Vodenje DeSUS prevzema Ljubo Jasni\u010d, sicer nekdanji generalni sekretar stranke. Na dana\u0161njem volilnem kongresu v Ljubljani, ki je bil tretji v letu in pol, so mu delegati namenili 54 od 117 glasov. Sre\u010dko Felix Krope jih je dobil 38, Gorazd \u017dmavc pa 24. Ena glasovnica je bila neveljavna. Podpredsednica stranke je postala Julijana Bizjak Mlakar.<\/p>\n","protected":false},"author":8,"featured_media":453376,"comment_status":"closed","ping_status":"closed","sticky":false,"template":"","format":"standard","meta":{"footnotes":""},"categories":[18201],"tags":[4527,4638,1595],"source":[4511],"supertag":[5675],"acf":[],"yoast_head":"<!-- This site is optimized with the Yoast SEO plugin v21.3 - https:\/\/yoast.com\/wordpress\/plugins\/seo\/ -->\n<title>Vodenje DeSUS prevzema Ljubo Jasni\u010d - Hudo Slovenija<\/title>\n<meta name=\"robots\" content=\"index, follow, max-snippet:-1, max-image-preview:large, max-video-preview:-1\" \/>\n<link rel=\"canonical\" href=\"https:\/\/hudo.com\/si\/aktualno\/slovenija\/vodenje-desus-prevzema-ljubo-jasnic\/\" \/>\n<meta property=\"og:locale\" content=\"sl_SI\" \/>\n<meta property=\"og:type\" content=\"article\" \/>\n<meta property=\"og:title\" content=\"Vodenje DeSUS prevzema Ljubo Jasni\u010d - Hudo Slovenija\" \/>\n<meta property=\"og:description\" content=\"Vodenje DeSUS prevzema Ljubo Jasni\u010d, sicer nekdanji generalni sekretar stranke. Na dana\u0161njem volilnem kongresu v Ljubljani, ki je bil tretji v letu in pol, so mu delegati namenili 54 od 117 glasov. Sre\u010dko Felix Krope jih je dobil 38, Gorazd \u017dmavc pa 24. Ena glasovnica je bila neveljavna. Podpredsednica stranke je postala Julijana Bizjak Mlakar.\" \/>\n<meta property=\"og:url\" content=\"https:\/\/hudo.com\/si\/aktualno\/slovenija\/vodenje-desus-prevzema-ljubo-jasnic\/\" \/>\n<meta property=\"og:site_name\" content=\"Hudo Slovenija\" \/>\n<meta property=\"article:publisher\" content=\"https:\/\/www.facebook.com\/hudo.si\" \/>\n<meta property=\"article:published_time\" content=\"2021-06-19T14:43:32+00:00\" \/>\n<meta property=\"og:image\" content=\"https:\/\/hudo.com\/si\/wp-content\/uploads\/sites\/2\/2021\/06\/20210619-01066618.jpg\" \/>\n\t<meta property=\"og:image:width\" content=\"640\" \/>\n\t<meta property=\"og:image:height\" content=\"426\" \/>\n\t<meta property=\"og:image:type\" content=\"image\/jpeg\" \/>\n<meta name=\"author\" content=\"M. N., STA\" \/>\n<meta name=\"twitter:card\" content=\"summary_large_image\" \/>\n<meta name=\"twitter:creator\" content=\"@hudo_si\" \/>\n<meta name=\"twitter:site\" content=\"@hudo_si\" \/>\n<meta name=\"twitter:label1\" content=\"Written by\" \/>\n\t<meta name=\"twitter:data1\" content=\"M. N., STA\" \/>\n\t<meta name=\"twitter:label2\" content=\"Est. reading time\" \/>\n\t<meta name=\"twitter:data2\" content=\"2 minuti\" \/>\n<script type=\"application\/ld+json\" class=\"yoast-schema-graph\">{\"@context\":\"https:\/\/schema.org\",\"@graph\":[{\"@type\":\"Article\",\"@id\":\"https:\/\/hudo.com\/si\/aktualno\/slovenija\/vodenje-desus-prevzema-ljubo-jasnic\/#article\",\"isPartOf\":{\"@id\":\"https:\/\/hudo.com\/si\/aktualno\/slovenija\/vodenje-desus-prevzema-ljubo-jasnic\/\"},\"author\":{\"name\":\"M. N., STA\",\"@id\":\"https:\/\/hudo.com\/si\/#\/schema\/person\/c2f10ce65d2e6ede2aeda5be2a0611fa\"},\"headline\":\"Vodenje DeSUS prevzema Ljubo Jasni\u010d\",\"datePublished\":\"2021-06-19T14:43:32+00:00\",\"dateModified\":\"2021-06-19T14:43:32+00:00\",\"mainEntityOfPage\":{\"@id\":\"https:\/\/hudo.com\/si\/aktualno\/slovenija\/vodenje-desus-prevzema-ljubo-jasnic\/\"},\"wordCount\":351,\"publisher\":{\"@id\":\"https:\/\/hudo.com\/si\/#organization\"},\"keywords\":[\"DeSUS\",\"Ljubo Jasni\u010d\",\"Slovenija\"],\"articleSection\":[\"Slovenija\"],\"inLanguage\":\"sl-SI\"},{\"@type\":\"WebPage\",\"@id\":\"https:\/\/hudo.com\/si\/aktualno\/slovenija\/vodenje-desus-prevzema-ljubo-jasnic\/\",\"url\":\"https:\/\/hudo.com\/si\/aktualno\/slovenija\/vodenje-desus-prevzema-ljubo-jasnic\/\",\"name\":\"Vodenje DeSUS prevzema Ljubo Jasni\u010d - Hudo Slovenija\",\"isPartOf\":{\"@id\":\"https:\/\/hudo.com\/si\/#website\"},\"datePublished\":\"2021-06-19T14:43:32+00:00\",\"dateModified\":\"2021-06-19T14:43:32+00:00\",\"breadcrumb\":{\"@id\":\"https:\/\/hudo.com\/si\/aktualno\/slovenija\/vodenje-desus-prevzema-ljubo-jasnic\/#breadcrumb\"},\"inLanguage\":\"sl-SI\",\"potentialAction\":[{\"@type\":\"ReadAction\",\"target\":[\"https:\/\/hudo.com\/si\/aktualno\/slovenija\/vodenje-desus-prevzema-ljubo-jasnic\/\"]}]},{\"@type\":\"BreadcrumbList\",\"@id\":\"https:\/\/hudo.com\/si\/aktualno\/slovenija\/vodenje-desus-prevzema-ljubo-jasnic\/#breadcrumb\",\"itemListElement\":[{\"@type\":\"ListItem\",\"position\":1,\"name\":\"Home\",\"item\":\"https:\/\/hudo.com\/si\/\"},{\"@type\":\"ListItem\",\"position\":2,\"name\":\"Vodenje DeSUS prevzema Ljubo Jasni\u010d\"}]},{\"@type\":\"WebSite\",\"@id\":\"https:\/\/hudo.com\/si\/#website\",\"url\":\"https:\/\/hudo.com\/si\/\",\"name\":\"Hudo Slovenija\",\"description\":\"Vse novice iz Slovenije in sveta\",\"publisher\":{\"@id\":\"https:\/\/hudo.com\/si\/#organization\"},\"potentialAction\":[{\"@type\":\"SearchAction\",\"target\":{\"@type\":\"EntryPoint\",\"urlTemplate\":\"https:\/\/hudo.com\/si\/?s={search_term_string}\"},\"query-input\":\"required name=search_term_string\"}],\"inLanguage\":\"sl-SI\"},{\"@type\":\"Organization\",\"@id\":\"https:\/\/hudo.com\/si\/#organization\",\"name\":\"VSN Media\",\"url\":\"https:\/\/hudo.com\/si\/\",\"logo\":{\"@type\":\"ImageObject\",\"inLanguage\":\"sl-SI\",\"@id\":\"https:\/\/hudo.com\/si\/#\/schema\/logo\/image\/\",\"url\":\"https:\/\/hudo.com\/si\/wp-content\/uploads\/sites\/2\/2021\/03\/hudo-app-2.png\",\"contentUrl\":\"https:\/\/hudo.com\/si\/wp-content\/uploads\/sites\/2\/2021\/03\/hudo-app-2.png\",\"width\":2185,\"height\":2167,\"caption\":\"VSN Media\"},\"image\":{\"@id\":\"https:\/\/hudo.com\/si\/#\/schema\/logo\/image\/\"},\"sameAs\":[\"https:\/\/www.facebook.com\/hudo.si\",\"https:\/\/twitter.com\/hudo_si\"]},{\"@type\":\"Person\",\"@id\":\"https:\/\/hudo.com\/si\/#\/schema\/person\/c2f10ce65d2e6ede2aeda5be2a0611fa\",\"name\":\"M. N., STA\",\"image\":{\"@type\":\"ImageObject\",\"inLanguage\":\"sl-SI\",\"@id\":\"https:\/\/hudo.com\/si\/#\/schema\/person\/image\/\",\"url\":\"https:\/\/secure.gravatar.com\/avatar\/f370d38daa10467f755c5c766a4cac20?s=96&d=mm&r=g\",\"contentUrl\":\"https:\/\/secure.gravatar.com\/avatar\/f370d38daa10467f755c5c766a4cac20?s=96&d=mm&r=g\",\"caption\":\"M. N., STA\"},\"url\":\"https:\/\/hudo.com\/si\/author\/mana\/\"}]}<\/script>\n<!-- \/ Yoast SEO plugin. -->","yoast_head_json":{"title":"Vodenje DeSUS prevzema Ljubo Jasni\u010d - Hudo Slovenija","robots":{"index":"index","follow":"follow","max-snippet":"max-snippet:-1","max-image-preview":"max-image-preview:large","max-video-preview":"max-video-preview:-1"},"canonical":"https:\/\/hudo.com\/si\/aktualno\/slovenija\/vodenje-desus-prevzema-ljubo-jasnic\/","og_locale":"sl_SI","og_type":"article","og_title":"Vodenje DeSUS prevzema Ljubo Jasni\u010d - Hudo Slovenija","og_description":"Vodenje DeSUS prevzema Ljubo Jasni\u010d, sicer nekdanji generalni sekretar stranke. Na dana\u0161njem volilnem kongresu v Ljubljani, ki je bil tretji v letu in pol, so mu delegati namenili 54 od 117 glasov. Sre\u010dko Felix Krope jih je dobil 38, Gorazd \u017dmavc pa 24. Ena glasovnica je bila neveljavna. Podpredsednica stranke je postala Julijana Bizjak Mlakar.","og_url":"https:\/\/hudo.com\/si\/aktualno\/slovenija\/vodenje-desus-prevzema-ljubo-jasnic\/","og_site_name":"Hudo Slovenija","article_publisher":"https:\/\/www.facebook.com\/hudo.si","article_published_time":"2021-06-19T14:43:32+00:00","og_image":[{"width":640,"height":426,"url":"https:\/\/hudo.com\/si\/wp-content\/uploads\/sites\/2\/2021\/06\/20210619-01066618.jpg","type":"image\/jpeg"}],"author":"M. N., STA","twitter_card":"summary_large_image","twitter_creator":"@hudo_si","twitter_site":"@hudo_si","twitter_misc":{"Written by":"M. N., STA","Est. reading time":"2 minuti"},"schema":{"@context":"https:\/\/schema.org","@graph":[{"@type":"Article","@id":"https:\/\/hudo.com\/si\/aktualno\/slovenija\/vodenje-desus-prevzema-ljubo-jasnic\/#article","isPartOf":{"@id":"https:\/\/hudo.com\/si\/aktualno\/slovenija\/vodenje-desus-prevzema-ljubo-jasnic\/"},"author":{"name":"M. N., STA","@id":"https:\/\/hudo.com\/si\/#\/schema\/person\/c2f10ce65d2e6ede2aeda5be2a0611fa"},"headline":"Vodenje DeSUS prevzema Ljubo Jasni\u010d","datePublished":"2021-06-19T14:43:32+00:00","dateModified":"2021-06-19T14:43:32+00:00","mainEntityOfPage":{"@id":"https:\/\/hudo.com\/si\/aktualno\/slovenija\/vodenje-desus-prevzema-ljubo-jasnic\/"},"wordCount":351,"publisher":{"@id":"https:\/\/hudo.com\/si\/#organization"},"keywords":["DeSUS","Ljubo Jasni\u010d","Slovenija"],"articleSection":["Slovenija"],"inLanguage":"sl-SI"},{"@type":"WebPage","@id":"https:\/\/hudo.com\/si\/aktualno\/slovenija\/vodenje-desus-prevzema-ljubo-jasnic\/","url":"https:\/\/hudo.com\/si\/aktualno\/slovenija\/vodenje-desus-prevzema-ljubo-jasnic\/","name":"Vodenje DeSUS prevzema Ljubo Jasni\u010d - Hudo Slovenija","isPartOf":{"@id":"https:\/\/hudo.com\/si\/#website"},"datePublished":"2021-06-19T14:43:32+00:00","dateModified":"2021-06-19T14:43:32+00:00","breadcrumb":{"@id":"https:\/\/hudo.com\/si\/aktualno\/slovenija\/vodenje-desus-prevzema-ljubo-jasnic\/#breadcrumb"},"inLanguage":"sl-SI","potentialAction":[{"@type":"ReadAction","target":["https:\/\/hudo.com\/si\/aktualno\/slovenija\/vodenje-desus-prevzema-ljubo-jasnic\/"]}]},{"@type":"BreadcrumbList","@id":"https:\/\/hudo.com\/si\/aktualno\/slovenija\/vodenje-desus-prevzema-ljubo-jasnic\/#breadcrumb","itemListElement":[{"@type":"ListItem","position":1,"name":"Home","item":"https:\/\/hudo.com\/si\/"},{"@type":"ListItem","position":2,"name":"Vodenje DeSUS prevzema Ljubo Jasni\u010d"}]},{"@type":"WebSite","@id":"https:\/\/hudo.com\/si\/#website","url":"https:\/\/hudo.com\/si\/","name":"Hudo Slovenija","description":"Vse novice iz Slovenije in sveta","publisher":{"@id":"https:\/\/hudo.com\/si\/#organization"},"potentialAction":[{"@type":"SearchAction","target":{"@type":"EntryPoint","urlTemplate":"https:\/\/hudo.com\/si\/?s={search_term_string}"},"query-input":"required name=search_term_string"}],"inLanguage":"sl-SI"},{"@type":"Organization","@id":"https:\/\/hudo.com\/si\/#organization","name":"VSN Media","url":"https:\/\/hudo.com\/si\/","logo":{"@type":"ImageObject","inLanguage":"sl-SI","@id":"https:\/\/hudo.com\/si\/#\/schema\/logo\/image\/","url":"https:\/\/hudo.com\/si\/wp-content\/uploads\/sites\/2\/2021\/03\/hudo-app-2.png","contentUrl":"https:\/\/hudo.com\/si\/wp-content\/uploads\/sites\/2\/2021\/03\/hudo-app-2.png","width":2185,"height":2167,"caption":"VSN Media"},"image":{"@id":"https:\/\/hudo.com\/si\/#\/schema\/logo\/image\/"},"sameAs":["https:\/\/www.facebook.com\/hudo.si","https:\/\/twitter.com\/hudo_si"]},{"@type":"Person","@id":"https:\/\/hudo.com\/si\/#\/schema\/person\/c2f10ce65d2e6ede2aeda5be2a0611fa","name":"M. N., STA","image":{"@type":"ImageObject","inLanguage":"sl-SI","@id":"https:\/\/hudo.com\/si\/#\/schema\/person\/image\/","url":"https:\/\/secure.gravatar.com\/avatar\/f370d38daa10467f755c5c766a4cac20?s=96&d=mm&r=g","contentUrl":"https:\/\/secure.gravatar.com\/avatar\/f370d38daa10467f755c5c766a4cac20?s=96&d=mm&r=g","caption":"M. N., STA"},"url":"https:\/\/hudo.com\/si\/author\/mana\/"}]}},"amp_enabled":true,"_links":{"self":[{"href":"https:\/\/hudo.com\/si\/wp-json\/wp\/v2\/posts\/453375"}],"collection":[{"href":"https:\/\/hudo.com\/si\/wp-json\/wp\/v2\/posts"}],"about":[{"href":"https:\/\/hudo.com\/si\/wp-json\/wp\/v2\/types\/post"}],"author":[{"embeddable":true,"href":"https:\/\/hudo.com\/si\/wp-json\/wp\/v2\/users\/8"}],"replies":[{"embeddable":true,"href":"https:\/\/hudo.com\/si\/wp-json\/wp\/v2\/comments?post=453375"}],"version-history":[{"count":1,"href":"https:\/\/hudo.com\/si\/wp-json\/wp\/v2\/posts\/453375\/revisions"}],"predecessor-version":[{"id":453377,"href":"https:\/\/hudo.com\/si\/wp-json\/wp\/v2\/posts\/453375\/revisions\/453377"}],"wp:featuredmedia":[{"embeddable":true,"href":"https:\/\/hudo.com\/si\/wp-json\/wp\/v2\/media\/453376"}],"wp:attachment":[{"href":"https:\/\/hudo.com\/si\/wp-json\/wp\/v2\/media?parent=453375"}],"wp:term":[{"taxonomy":"category","embeddable":true,"href":"https:\/\/hudo.com\/si\/wp-json\/wp\/v2\/categories?post=453375"},{"taxonomy":"post_tag","embeddable":true,"href":"https:\/\/hudo.com\/si\/wp-json\/wp\/v2\/tags?post=453375"},{"taxonomy":"source","embeddable":true,"href":"https:\/\/hudo.com\/si\/wp-json\/wp\/v2\/source?post=453375"},{"taxonomy":"supertag","embeddable":true,"href":"https:\/\/hudo.com\/si\/wp-json\/wp\/v2\/supertag?post=453375"}],"curies":[{"name":"wp","href":"https:\/\/api.w.org\/{rel}","templated":true}]}}