{"id":453401,"date":"2021-06-21T07:25:16","date_gmt":"2021-06-21T05:25:16","guid":{"rendered":"https:\/\/hudo.com\/si\/?p=453401"},"modified":"2021-06-21T07:25:16","modified_gmt":"2021-06-21T05:25:16","slug":"v-sloveniji-odslej-mogoca-izbira-cepiva-proti-covidu-19","status":"publish","type":"post","link":"https:\/\/hudo.com\/si\/aktualno\/slovenija\/v-sloveniji-odslej-mogoca-izbira-cepiva-proti-covidu-19\/","title":{"rendered":"V Sloveniji odslej mogo\u010da izbira cepiva proti covidu-19"},"content":{"rendered":"<p>Vsi, ki \u0161e niso bili cepljeni, se bodo tako lahko cepili s cepivom enega od \u0161tirih proizvajalcev &#8211; Moderna, Pfizer in BioNTech, AstraZeneca in Johnson&amp;Johnson.<\/p>\n<p>Da bo od danes mo\u017eno izbirati vrsto cepiva, saj ima Slovenija cepiva dovolj, je v soboto na kongresu SDS napovedal premier Janez Jan\u0161a. Klju\u010dni cilj je dose\u010di tak dele\u017e precepljenosti, da bo ne samo poleti, ampak tudi jeseni omogo\u010deno normalno \u017eivljenje, je dejal in pozval k odlo\u010ditvi za cepljenje.<\/p>\n<p>Tudi minister za zdravje Janez Poklukar je v nedeljo prosil ljudi, naj se cepijo. &#8220;Samo, \u010de bomo kolektivno precepljeni, bomo varni vsi,&#8221; je poudaril minister. Trenutno je v Sloveniji po njegovih besedah ve\u010d cepiva, kot je prijavljenih na cepljenje. Zato bodo v prihajajo\u010dem tednu ponudili mo\u017enost izbire med cepivi, delajo pa tudi na tem, da ljudem cepljenje organizacijsko \u0161e bolj pribli\u017eajo.<\/p>\n<p>Vlada na\u010drtuje organizacijo mobilnih enot za cepljenje, ki jih bodo po besedah nacionalnega koordinatorja za logisti\u010dni del akcije mno\u017ei\u010dnega cepljenja zoper covid-19 Jelka Kacina organizirali tam, kjer se zbira veliko ljudi. Po dana\u0161nji dopisni seji vlade pa bo predvidoma znano, kdaj in kje bodo mobilne enote na voljo.<\/p>\n<p>Po podatkih vlade je pri nas s prvim odmerkom cepiva proti covidu-19 cepljenih 46 odstotkov starej\u0161ih od 18 let, z drugim odmerkom pa 34,3 odstotka starej\u0161ih od 18 let. Med starej\u0161imi od 50 let je s prvim odmerkom cepiva proti covidu-19 cepljenih dobrih 60 odstotkov ljudi, z drugim odmerkom pa 51 odstotkov.<\/p>\n","protected":false},"excerpt":{"rendered":"<p>V Sloveniji bo po napovedih od danes mogo\u010de izbirati vrsto cepiva proti covidu-19, saj je cepiva dovolj. Vlada na\u010drtuje tudi organizacijo mobilnih enot za cepljenje, kdaj in kje bodo te na voljo, pa bo predvidoma znano po dana\u0161nji dopisni seji vlade.<\/p>\n","protected":false},"author":5,"featured_media":449507,"comment_status":"closed","ping_status":"closed","sticky":false,"template":"","format":"standard","meta":{"footnotes":""},"categories":[18201],"tags":[15940,15632,1595],"source":[4511],"supertag":[5675,16298],"acf":[],"yoast_head":"<!-- This site is optimized with the Yoast SEO plugin v21.3 - https:\/\/yoast.com\/wordpress\/plugins\/seo\/ -->\n<title>V Sloveniji odslej mogo\u010da izbira cepiva proti covidu-19 - Hudo Slovenija<\/title>\n<meta name=\"robots\" content=\"index, follow, max-snippet:-1, max-image-preview:large, max-video-preview:-1\" \/>\n<link rel=\"canonical\" href=\"https:\/\/hudo.com\/si\/aktualno\/slovenija\/v-sloveniji-odslej-mogoca-izbira-cepiva-proti-covidu-19\/\" \/>\n<meta property=\"og:locale\" content=\"sl_SI\" \/>\n<meta property=\"og:type\" content=\"article\" \/>\n<meta property=\"og:title\" content=\"V Sloveniji odslej mogo\u010da izbira cepiva proti covidu-19 - Hudo Slovenija\" \/>\n<meta property=\"og:description\" content=\"V Sloveniji bo po napovedih od danes mogo\u010de izbirati vrsto cepiva proti covidu-19, saj je cepiva dovolj. Vlada na\u010drtuje tudi organizacijo mobilnih enot za cepljenje, kdaj in kje bodo te na voljo, pa bo predvidoma znano po dana\u0161nji dopisni seji vlade.\" \/>\n<meta property=\"og:url\" content=\"https:\/\/hudo.com\/si\/aktualno\/slovenija\/v-sloveniji-odslej-mogoca-izbira-cepiva-proti-covidu-19\/\" \/>\n<meta property=\"og:site_name\" content=\"Hudo Slovenija\" \/>\n<meta property=\"article:publisher\" content=\"https:\/\/www.facebook.com\/hudo.si\" \/>\n<meta property=\"article:published_time\" content=\"2021-06-21T05:25:16+00:00\" \/>\n<meta property=\"og:image\" content=\"https:\/\/hudo.com\/si\/wp-content\/uploads\/sites\/2\/2021\/04\/profimedia-0599155010.jpg\" \/>\n\t<meta property=\"og:image:width\" content=\"1250\" \/>\n\t<meta property=\"og:image:height\" content=\"833\" \/>\n\t<meta property=\"og:image:type\" content=\"image\/jpeg\" \/>\n<meta name=\"author\" content=\"A. G., STA\" \/>\n<meta name=\"twitter:card\" content=\"summary_large_image\" \/>\n<meta name=\"twitter:creator\" content=\"@hudo_si\" \/>\n<meta name=\"twitter:site\" content=\"@hudo_si\" \/>\n<meta name=\"twitter:label1\" content=\"Written by\" \/>\n\t<meta name=\"twitter:data1\" content=\"A. G., STA\" \/>\n\t<meta name=\"twitter:label2\" content=\"Est. reading time\" \/>\n\t<meta name=\"twitter:data2\" content=\"1 minuta\" \/>\n<script type=\"application\/ld+json\" class=\"yoast-schema-graph\">{\"@context\":\"https:\/\/schema.org\",\"@graph\":[{\"@type\":\"Article\",\"@id\":\"https:\/\/hudo.com\/si\/aktualno\/slovenija\/v-sloveniji-odslej-mogoca-izbira-cepiva-proti-covidu-19\/#article\",\"isPartOf\":{\"@id\":\"https:\/\/hudo.com\/si\/aktualno\/slovenija\/v-sloveniji-odslej-mogoca-izbira-cepiva-proti-covidu-19\/\"},\"author\":{\"name\":\"A. G., STA\",\"@id\":\"https:\/\/hudo.com\/si\/#\/schema\/person\/2391667a63ea075ba94f2f2dc6b77537\"},\"headline\":\"V Sloveniji odslej mogo\u010da izbira cepiva proti covidu-19\",\"datePublished\":\"2021-06-21T05:25:16+00:00\",\"dateModified\":\"2021-06-21T05:25:16+00:00\",\"mainEntityOfPage\":{\"@id\":\"https:\/\/hudo.com\/si\/aktualno\/slovenija\/v-sloveniji-odslej-mogoca-izbira-cepiva-proti-covidu-19\/\"},\"wordCount\":256,\"publisher\":{\"@id\":\"https:\/\/hudo.com\/si\/#organization\"},\"keywords\":[\"cepivo proti koronavirusu\",\"koronavirus\",\"Slovenija\"],\"articleSection\":[\"Slovenija\"],\"inLanguage\":\"sl-SI\"},{\"@type\":\"WebPage\",\"@id\":\"https:\/\/hudo.com\/si\/aktualno\/slovenija\/v-sloveniji-odslej-mogoca-izbira-cepiva-proti-covidu-19\/\",\"url\":\"https:\/\/hudo.com\/si\/aktualno\/slovenija\/v-sloveniji-odslej-mogoca-izbira-cepiva-proti-covidu-19\/\",\"name\":\"V Sloveniji odslej mogo\u010da izbira cepiva proti covidu-19 - Hudo Slovenija\",\"isPartOf\":{\"@id\":\"https:\/\/hudo.com\/si\/#website\"},\"datePublished\":\"2021-06-21T05:25:16+00:00\",\"dateModified\":\"2021-06-21T05:25:16+00:00\",\"breadcrumb\":{\"@id\":\"https:\/\/hudo.com\/si\/aktualno\/slovenija\/v-sloveniji-odslej-mogoca-izbira-cepiva-proti-covidu-19\/#breadcrumb\"},\"inLanguage\":\"sl-SI\",\"potentialAction\":[{\"@type\":\"ReadAction\",\"target\":[\"https:\/\/hudo.com\/si\/aktualno\/slovenija\/v-sloveniji-odslej-mogoca-izbira-cepiva-proti-covidu-19\/\"]}]},{\"@type\":\"BreadcrumbList\",\"@id\":\"https:\/\/hudo.com\/si\/aktualno\/slovenija\/v-sloveniji-odslej-mogoca-izbira-cepiva-proti-covidu-19\/#breadcrumb\",\"itemListElement\":[{\"@type\":\"ListItem\",\"position\":1,\"name\":\"Home\",\"item\":\"https:\/\/hudo.com\/si\/\"},{\"@type\":\"ListItem\",\"position\":2,\"name\":\"V Sloveniji odslej mogo\u010da izbira cepiva proti covidu-19\"}]},{\"@type\":\"WebSite\",\"@id\":\"https:\/\/hudo.com\/si\/#website\",\"url\":\"https:\/\/hudo.com\/si\/\",\"name\":\"Hudo Slovenija\",\"description\":\"Vse novice iz Slovenije in sveta\",\"publisher\":{\"@id\":\"https:\/\/hudo.com\/si\/#organization\"},\"potentialAction\":[{\"@type\":\"SearchAction\",\"target\":{\"@type\":\"EntryPoint\",\"urlTemplate\":\"https:\/\/hudo.com\/si\/?s={search_term_string}\"},\"query-input\":\"required name=search_term_string\"}],\"inLanguage\":\"sl-SI\"},{\"@type\":\"Organization\",\"@id\":\"https:\/\/hudo.com\/si\/#organization\",\"name\":\"VSN Media\",\"url\":\"https:\/\/hudo.com\/si\/\",\"logo\":{\"@type\":\"ImageObject\",\"inLanguage\":\"sl-SI\",\"@id\":\"https:\/\/hudo.com\/si\/#\/schema\/logo\/image\/\",\"url\":\"https:\/\/hudo.com\/si\/wp-content\/uploads\/sites\/2\/2021\/03\/hudo-app-2.png\",\"contentUrl\":\"https:\/\/hudo.com\/si\/wp-content\/uploads\/sites\/2\/2021\/03\/hudo-app-2.png\",\"width\":2185,\"height\":2167,\"caption\":\"VSN Media\"},\"image\":{\"@id\":\"https:\/\/hudo.com\/si\/#\/schema\/logo\/image\/\"},\"sameAs\":[\"https:\/\/www.facebook.com\/hudo.si\",\"https:\/\/twitter.com\/hudo_si\"]},{\"@type\":\"Person\",\"@id\":\"https:\/\/hudo.com\/si\/#\/schema\/person\/2391667a63ea075ba94f2f2dc6b77537\",\"name\":\"A. G., STA\",\"image\":{\"@type\":\"ImageObject\",\"inLanguage\":\"sl-SI\",\"@id\":\"https:\/\/hudo.com\/si\/#\/schema\/person\/image\/\",\"url\":\"https:\/\/secure.gravatar.com\/avatar\/e13d22ac3e442658d5025fbbe6238a79?s=96&d=mm&r=g\",\"contentUrl\":\"https:\/\/secure.gravatar.com\/avatar\/e13d22ac3e442658d5025fbbe6238a79?s=96&d=mm&r=g\",\"caption\":\"A. G., STA\"},\"url\":\"https:\/\/hudo.com\/si\/author\/alenka\/\"}]}<\/script>\n<!-- \/ Yoast SEO plugin. -->","yoast_head_json":{"title":"V Sloveniji odslej mogo\u010da izbira cepiva proti covidu-19 - Hudo Slovenija","robots":{"index":"index","follow":"follow","max-snippet":"max-snippet:-1","max-image-preview":"max-image-preview:large","max-video-preview":"max-video-preview:-1"},"canonical":"https:\/\/hudo.com\/si\/aktualno\/slovenija\/v-sloveniji-odslej-mogoca-izbira-cepiva-proti-covidu-19\/","og_locale":"sl_SI","og_type":"article","og_title":"V Sloveniji odslej mogo\u010da izbira cepiva proti covidu-19 - Hudo Slovenija","og_description":"V Sloveniji bo po napovedih od danes mogo\u010de izbirati vrsto cepiva proti covidu-19, saj je cepiva dovolj. Vlada na\u010drtuje tudi organizacijo mobilnih enot za cepljenje, kdaj in kje bodo te na voljo, pa bo predvidoma znano po dana\u0161nji dopisni seji vlade.","og_url":"https:\/\/hudo.com\/si\/aktualno\/slovenija\/v-sloveniji-odslej-mogoca-izbira-cepiva-proti-covidu-19\/","og_site_name":"Hudo Slovenija","article_publisher":"https:\/\/www.facebook.com\/hudo.si","article_published_time":"2021-06-21T05:25:16+00:00","og_image":[{"width":1250,"height":833,"url":"https:\/\/hudo.com\/si\/wp-content\/uploads\/sites\/2\/2021\/04\/profimedia-0599155010.jpg","type":"image\/jpeg"}],"author":"A. G., STA","twitter_card":"summary_large_image","twitter_creator":"@hudo_si","twitter_site":"@hudo_si","twitter_misc":{"Written by":"A. G., STA","Est. reading time":"1 minuta"},"schema":{"@context":"https:\/\/schema.org","@graph":[{"@type":"Article","@id":"https:\/\/hudo.com\/si\/aktualno\/slovenija\/v-sloveniji-odslej-mogoca-izbira-cepiva-proti-covidu-19\/#article","isPartOf":{"@id":"https:\/\/hudo.com\/si\/aktualno\/slovenija\/v-sloveniji-odslej-mogoca-izbira-cepiva-proti-covidu-19\/"},"author":{"name":"A. G., STA","@id":"https:\/\/hudo.com\/si\/#\/schema\/person\/2391667a63ea075ba94f2f2dc6b77537"},"headline":"V Sloveniji odslej mogo\u010da izbira cepiva proti covidu-19","datePublished":"2021-06-21T05:25:16+00:00","dateModified":"2021-06-21T05:25:16+00:00","mainEntityOfPage":{"@id":"https:\/\/hudo.com\/si\/aktualno\/slovenija\/v-sloveniji-odslej-mogoca-izbira-cepiva-proti-covidu-19\/"},"wordCount":256,"publisher":{"@id":"https:\/\/hudo.com\/si\/#organization"},"keywords":["cepivo proti koronavirusu","koronavirus","Slovenija"],"articleSection":["Slovenija"],"inLanguage":"sl-SI"},{"@type":"WebPage","@id":"https:\/\/hudo.com\/si\/aktualno\/slovenija\/v-sloveniji-odslej-mogoca-izbira-cepiva-proti-covidu-19\/","url":"https:\/\/hudo.com\/si\/aktualno\/slovenija\/v-sloveniji-odslej-mogoca-izbira-cepiva-proti-covidu-19\/","name":"V Sloveniji odslej mogo\u010da izbira cepiva proti covidu-19 - Hudo Slovenija","isPartOf":{"@id":"https:\/\/hudo.com\/si\/#website"},"datePublished":"2021-06-21T05:25:16+00:00","dateModified":"2021-06-21T05:25:16+00:00","breadcrumb":{"@id":"https:\/\/hudo.com\/si\/aktualno\/slovenija\/v-sloveniji-odslej-mogoca-izbira-cepiva-proti-covidu-19\/#breadcrumb"},"inLanguage":"sl-SI","potentialAction":[{"@type":"ReadAction","target":["https:\/\/hudo.com\/si\/aktualno\/slovenija\/v-sloveniji-odslej-mogoca-izbira-cepiva-proti-covidu-19\/"]}]},{"@type":"BreadcrumbList","@id":"https:\/\/hudo.com\/si\/aktualno\/slovenija\/v-sloveniji-odslej-mogoca-izbira-cepiva-proti-covidu-19\/#breadcrumb","itemListElement":[{"@type":"ListItem","position":1,"name":"Home","item":"https:\/\/hudo.com\/si\/"},{"@type":"ListItem","position":2,"name":"V Sloveniji odslej mogo\u010da izbira cepiva proti covidu-19"}]},{"@type":"WebSite","@id":"https:\/\/hudo.com\/si\/#website","url":"https:\/\/hudo.com\/si\/","name":"Hudo Slovenija","description":"Vse novice iz Slovenije in sveta","publisher":{"@id":"https:\/\/hudo.com\/si\/#organization"},"potentialAction":[{"@type":"SearchAction","target":{"@type":"EntryPoint","urlTemplate":"https:\/\/hudo.com\/si\/?s={search_term_string}"},"query-input":"required name=search_term_string"}],"inLanguage":"sl-SI"},{"@type":"Organization","@id":"https:\/\/hudo.com\/si\/#organization","name":"VSN Media","url":"https:\/\/hudo.com\/si\/","logo":{"@type":"ImageObject","inLanguage":"sl-SI","@id":"https:\/\/hudo.com\/si\/#\/schema\/logo\/image\/","url":"https:\/\/hudo.com\/si\/wp-content\/uploads\/sites\/2\/2021\/03\/hudo-app-2.png","contentUrl":"https:\/\/hudo.com\/si\/wp-content\/uploads\/sites\/2\/2021\/03\/hudo-app-2.png","width":2185,"height":2167,"caption":"VSN Media"},"image":{"@id":"https:\/\/hudo.com\/si\/#\/schema\/logo\/image\/"},"sameAs":["https:\/\/www.facebook.com\/hudo.si","https:\/\/twitter.com\/hudo_si"]},{"@type":"Person","@id":"https:\/\/hudo.com\/si\/#\/schema\/person\/2391667a63ea075ba94f2f2dc6b77537","name":"A. G., STA","image":{"@type":"ImageObject","inLanguage":"sl-SI","@id":"https:\/\/hudo.com\/si\/#\/schema\/person\/image\/","url":"https:\/\/secure.gravatar.com\/avatar\/e13d22ac3e442658d5025fbbe6238a79?s=96&d=mm&r=g","contentUrl":"https:\/\/secure.gravatar.com\/avatar\/e13d22ac3e442658d5025fbbe6238a79?s=96&d=mm&r=g","caption":"A. G., STA"},"url":"https:\/\/hudo.com\/si\/author\/alenka\/"}]}},"amp_enabled":true,"_links":{"self":[{"href":"https:\/\/hudo.com\/si\/wp-json\/wp\/v2\/posts\/453401"}],"collection":[{"href":"https:\/\/hudo.com\/si\/wp-json\/wp\/v2\/posts"}],"about":[{"href":"https:\/\/hudo.com\/si\/wp-json\/wp\/v2\/types\/post"}],"author":[{"embeddable":true,"href":"https:\/\/hudo.com\/si\/wp-json\/wp\/v2\/users\/5"}],"replies":[{"embeddable":true,"href":"https:\/\/hudo.com\/si\/wp-json\/wp\/v2\/comments?post=453401"}],"version-history":[{"count":1,"href":"https:\/\/hudo.com\/si\/wp-json\/wp\/v2\/posts\/453401\/revisions"}],"predecessor-version":[{"id":453403,"href":"https:\/\/hudo.com\/si\/wp-json\/wp\/v2\/posts\/453401\/revisions\/453403"}],"wp:featuredmedia":[{"embeddable":true,"href":"https:\/\/hudo.com\/si\/wp-json\/wp\/v2\/media\/449507"}],"wp:attachment":[{"href":"https:\/\/hudo.com\/si\/wp-json\/wp\/v2\/media?parent=453401"}],"wp:term":[{"taxonomy":"category","embeddable":true,"href":"https:\/\/hudo.com\/si\/wp-json\/wp\/v2\/categories?post=453401"},{"taxonomy":"post_tag","embeddable":true,"href":"https:\/\/hudo.com\/si\/wp-json\/wp\/v2\/tags?post=453401"},{"taxonomy":"source","embeddable":true,"href":"https:\/\/hudo.com\/si\/wp-json\/wp\/v2\/source?post=453401"},{"taxonomy":"supertag","embeddable":true,"href":"https:\/\/hudo.com\/si\/wp-json\/wp\/v2\/supertag?post=453401"}],"curies":[{"name":"wp","href":"https:\/\/api.w.org\/{rel}","templated":true}]}}