{"id":453491,"date":"2021-06-23T09:51:24","date_gmt":"2021-06-23T07:51:24","guid":{"rendered":"https:\/\/hudo.com\/si\/?p=453491"},"modified":"2021-06-23T09:51:24","modified_gmt":"2021-06-23T07:51:24","slug":"dedek-ki-si-ga-nihce-ne-zeli-princ-charles-za-archieja-pripravlja-peklenski-nacrt","status":"publish","type":"post","link":"https:\/\/hudo.com\/si\/vip\/dedek-ki-si-ga-nihce-ne-zeli-princ-charles-za-archieja-pripravlja-peklenski-nacrt\/","title":{"rendered":"Dedek, ki si ga nih\u010de ne \u017eeli: Princ Charles za Archieja pripravlja peklenski na\u010drt"},"content":{"rendered":"<p>Princ Charles ima peklenski na\u010drt! Vsaj tako pi\u0161ejo britanski mediji. \u017de nekaj \u010dasa se namre\u010d su\u0161lja o tem, ali bo sin 39-letne Meghan Markle in tri leta mlaj\u0161ega princa Harryja, mali Archie, prejel naslov princa. Zdaj vir blizu kraljeve dru\u017eine trdi, da to nikakor ni mogo\u010de, saj Charles ne \u017eeli, da bi bil njegov vnuk v vrsti dedi\u010dev.<\/p>\n<figure id=\"attachment_423896\" aria-describedby=\"caption-attachment-423896\" style=\"width: 1024px\" class=\"wp-caption alignnone\"><a href=\"https:\/\/hudo.com\/si\/wp-content\/uploads\/sites\/2\/2020\/05\/profimedia-0517435574.jpg\"><img loading=\"lazy\" decoding=\"async\" class=\"size-large wp-image-423896\" src=\"https:\/\/hudo.com\/si\/wp-content\/uploads\/sites\/2\/2020\/05\/profimedia-0517435574-1024x695.jpg\" alt=\"\" width=\"1024\" height=\"695\" srcset=\"https:\/\/hudo.com\/si\/wp-content\/uploads\/sites\/2\/2020\/05\/profimedia-0517435574-1024x695.jpg 1024w, https:\/\/hudo.com\/si\/wp-content\/uploads\/sites\/2\/2020\/05\/profimedia-0517435574-300x204.jpg 300w, https:\/\/hudo.com\/si\/wp-content\/uploads\/sites\/2\/2020\/05\/profimedia-0517435574-768x521.jpg 768w, https:\/\/hudo.com\/si\/wp-content\/uploads\/sites\/2\/2020\/05\/profimedia-0517435574-600x407.jpg 600w, https:\/\/hudo.com\/si\/wp-content\/uploads\/sites\/2\/2020\/05\/profimedia-0517435574.jpg 1250w\" sizes=\"(max-width: 1024px) 100vw, 1024px\" \/><\/a><figcaption id=\"caption-attachment-423896\" class=\"wp-caption-text\">Foto: Profimedia<\/figcaption><\/figure>\n<p>To pa \u0161e ni vse. Charles \u017ee razmi\u0161lja, trdi vir, kot kralj, in ko bo sedel na prestol, ni\u010d ve\u010d ne bo tako, kot je bilo. Potrudil se bo, dodaja vir, da Archie nikoli ne bo prejel naziva oz. ne bo del kraljeve dru\u017eine. Prav tako bo zni\u017eal vse stro\u0161ke, zato da nekateri ljudje ne bodo mogli izkoristiti svojega statusa.<\/p>\n<p>Princ Harry in njegova \u017eena Meghan Markle naj bi bila s to odlo\u010ditvijo \u017ee seznanjena, Charlesove poteze pa nista dobro sprejela. \u010ceprav so njihovi odnosi \u017ee mesece na majavih nogah, jih je na\u010drt bodo\u010dega kralja zdaj le \u0161e bolj poru\u0161il, trdijo tuji mediji. Eden od razlogov, zakaj \u017eeli Charles zmanj\u0161ati \u0161tevilo \u010dlanov, je tudi finan\u010dna kriza, saj je zanimanje javnosti za kraljevo dru\u017eino vsak dan manj\u0161e.<\/p>\n<figure id=\"attachment_368852\" aria-describedby=\"caption-attachment-368852\" style=\"width: 1024px\" class=\"wp-caption alignnone\"><a href=\"https:\/\/hudo.com\/si\/wp-content\/uploads\/sites\/2\/2018\/04\/profimedia-0369035570.jpg\"><img loading=\"lazy\" decoding=\"async\" class=\"size-large wp-image-368852\" src=\"https:\/\/hudo.com\/si\/wp-content\/uploads\/sites\/2\/2018\/04\/profimedia-0369035570-1024x690.jpg\" alt=\"\" width=\"1024\" height=\"690\" srcset=\"https:\/\/hudo.com\/si\/wp-content\/uploads\/sites\/2\/2018\/04\/profimedia-0369035570-1024x690.jpg 1024w, https:\/\/hudo.com\/si\/wp-content\/uploads\/sites\/2\/2018\/04\/profimedia-0369035570-300x202.jpg 300w, https:\/\/hudo.com\/si\/wp-content\/uploads\/sites\/2\/2018\/04\/profimedia-0369035570-768x517.jpg 768w, https:\/\/hudo.com\/si\/wp-content\/uploads\/sites\/2\/2018\/04\/profimedia-0369035570-600x404.jpg 600w, https:\/\/hudo.com\/si\/wp-content\/uploads\/sites\/2\/2018\/04\/profimedia-0369035570.jpg 1250w\" sizes=\"(max-width: 1024px) 100vw, 1024px\" \/><\/a><figcaption id=\"caption-attachment-368852\" class=\"wp-caption-text\">Foto: Profimedia<\/figcaption><\/figure>\n<p>Strokovnjaki pa menijo, da se bo Archie po 18. letu \u0161e vedno lahko sam odlo\u010dil, ali bo naziv sprejel ali ne. Dodajajo, da njegov dedek \u0161e vedno ne more odlo\u010diti o tak\u0161nih podvigih, in verjamejo, da prva poteza bodo\u010dega kralja zagotovo ne bo zavrnitev svojih vnukov. Vendar tudi strokovnjaki te mo\u017enosti ne zavra\u010dajo.<\/p>\n","protected":false},"excerpt":{"rendered":"<p>Princ Harry in njegova \u017eena Meghan Markle naj bi bila s to odlo\u010ditvijo \u017ee seznanjena, Charlesove poteze pa nista dobro sprejela.<\/p>\n","protected":false},"author":6,"featured_media":453513,"comment_status":"closed","ping_status":"closed","sticky":false,"template":"","format":"standard","meta":{"footnotes":""},"categories":[1093],"tags":[13629,4405],"source":[4511],"supertag":[],"acf":[],"yoast_head":"<!-- This site is optimized with the Yoast SEO plugin v21.3 - https:\/\/yoast.com\/wordpress\/plugins\/seo\/ -->\n<title>Dedek, ki si ga nih\u010de ne \u017eeli: Princ Charles za Archieja pripravlja peklenski na\u010drt - Hudo Slovenija<\/title>\n<meta name=\"robots\" content=\"index, follow, max-snippet:-1, max-image-preview:large, max-video-preview:-1\" \/>\n<link rel=\"canonical\" href=\"https:\/\/hudo.com\/si\/vip\/dedek-ki-si-ga-nihce-ne-zeli-princ-charles-za-archieja-pripravlja-peklenski-nacrt\/\" \/>\n<meta property=\"og:locale\" content=\"sl_SI\" \/>\n<meta property=\"og:type\" content=\"article\" \/>\n<meta property=\"og:title\" content=\"Dedek, ki si ga nih\u010de ne \u017eeli: Princ Charles za Archieja pripravlja peklenski na\u010drt - Hudo Slovenija\" \/>\n<meta property=\"og:description\" content=\"Princ Harry in njegova \u017eena Meghan Markle naj bi bila s to odlo\u010ditvijo \u017ee seznanjena, Charlesove poteze pa nista dobro sprejela.\" \/>\n<meta property=\"og:url\" content=\"https:\/\/hudo.com\/si\/vip\/dedek-ki-si-ga-nihce-ne-zeli-princ-charles-za-archieja-pripravlja-peklenski-nacrt\/\" \/>\n<meta property=\"og:site_name\" content=\"Hudo Slovenija\" \/>\n<meta property=\"article:publisher\" content=\"https:\/\/www.facebook.com\/hudo.si\" \/>\n<meta property=\"article:published_time\" content=\"2021-06-23T07:51:24+00:00\" \/>\n<meta property=\"og:image\" content=\"https:\/\/hudo.com\/si\/wp-content\/uploads\/sites\/2\/2021\/06\/profimedia-0454968819.jpg\" \/>\n\t<meta property=\"og:image:width\" content=\"900\" \/>\n\t<meta property=\"og:image:height\" content=\"900\" \/>\n\t<meta property=\"og:image:type\" content=\"image\/jpeg\" \/>\n<meta name=\"author\" content=\"A. G.\" \/>\n<meta name=\"twitter:card\" content=\"summary_large_image\" \/>\n<meta name=\"twitter:creator\" content=\"@hudo_si\" \/>\n<meta name=\"twitter:site\" content=\"@hudo_si\" \/>\n<meta name=\"twitter:label1\" content=\"Written by\" \/>\n\t<meta name=\"twitter:data1\" content=\"A. G.\" \/>\n\t<meta name=\"twitter:label2\" content=\"Est. reading time\" \/>\n\t<meta name=\"twitter:data2\" content=\"1 minuta\" \/>\n<script type=\"application\/ld+json\" class=\"yoast-schema-graph\">{\"@context\":\"https:\/\/schema.org\",\"@graph\":[{\"@type\":\"Article\",\"@id\":\"https:\/\/hudo.com\/si\/vip\/dedek-ki-si-ga-nihce-ne-zeli-princ-charles-za-archieja-pripravlja-peklenski-nacrt\/#article\",\"isPartOf\":{\"@id\":\"https:\/\/hudo.com\/si\/vip\/dedek-ki-si-ga-nihce-ne-zeli-princ-charles-za-archieja-pripravlja-peklenski-nacrt\/\"},\"author\":{\"name\":\"A. G.\",\"@id\":\"https:\/\/hudo.com\/si\/#\/schema\/person\/f95639a66e0dd2c682b0568634e85b8b\"},\"headline\":\"Dedek, ki si ga nih\u010de ne \u017eeli: Princ Charles za Archieja pripravlja peklenski na\u010drt\",\"datePublished\":\"2021-06-23T07:51:24+00:00\",\"dateModified\":\"2021-06-23T07:51:24+00:00\",\"mainEntityOfPage\":{\"@id\":\"https:\/\/hudo.com\/si\/vip\/dedek-ki-si-ga-nihce-ne-zeli-princ-charles-za-archieja-pripravlja-peklenski-nacrt\/\"},\"wordCount\":295,\"publisher\":{\"@id\":\"https:\/\/hudo.com\/si\/#organization\"},\"keywords\":[\"Archie Harrison Mountbatten-Windsor\",\"princ Charles\"],\"articleSection\":[\"VIP\"],\"inLanguage\":\"sl-SI\"},{\"@type\":\"WebPage\",\"@id\":\"https:\/\/hudo.com\/si\/vip\/dedek-ki-si-ga-nihce-ne-zeli-princ-charles-za-archieja-pripravlja-peklenski-nacrt\/\",\"url\":\"https:\/\/hudo.com\/si\/vip\/dedek-ki-si-ga-nihce-ne-zeli-princ-charles-za-archieja-pripravlja-peklenski-nacrt\/\",\"name\":\"Dedek, ki si ga nih\u010de ne \u017eeli: Princ Charles za Archieja pripravlja peklenski na\u010drt - Hudo Slovenija\",\"isPartOf\":{\"@id\":\"https:\/\/hudo.com\/si\/#website\"},\"datePublished\":\"2021-06-23T07:51:24+00:00\",\"dateModified\":\"2021-06-23T07:51:24+00:00\",\"breadcrumb\":{\"@id\":\"https:\/\/hudo.com\/si\/vip\/dedek-ki-si-ga-nihce-ne-zeli-princ-charles-za-archieja-pripravlja-peklenski-nacrt\/#breadcrumb\"},\"inLanguage\":\"sl-SI\",\"potentialAction\":[{\"@type\":\"ReadAction\",\"target\":[\"https:\/\/hudo.com\/si\/vip\/dedek-ki-si-ga-nihce-ne-zeli-princ-charles-za-archieja-pripravlja-peklenski-nacrt\/\"]}]},{\"@type\":\"BreadcrumbList\",\"@id\":\"https:\/\/hudo.com\/si\/vip\/dedek-ki-si-ga-nihce-ne-zeli-princ-charles-za-archieja-pripravlja-peklenski-nacrt\/#breadcrumb\",\"itemListElement\":[{\"@type\":\"ListItem\",\"position\":1,\"name\":\"Home\",\"item\":\"https:\/\/hudo.com\/si\/\"},{\"@type\":\"ListItem\",\"position\":2,\"name\":\"Dedek, ki si ga nih\u010de ne \u017eeli: Princ Charles za Archieja pripravlja peklenski na\u010drt\"}]},{\"@type\":\"WebSite\",\"@id\":\"https:\/\/hudo.com\/si\/#website\",\"url\":\"https:\/\/hudo.com\/si\/\",\"name\":\"Hudo Slovenija\",\"description\":\"Vse novice iz Slovenije in sveta\",\"publisher\":{\"@id\":\"https:\/\/hudo.com\/si\/#organization\"},\"potentialAction\":[{\"@type\":\"SearchAction\",\"target\":{\"@type\":\"EntryPoint\",\"urlTemplate\":\"https:\/\/hudo.com\/si\/?s={search_term_string}\"},\"query-input\":\"required name=search_term_string\"}],\"inLanguage\":\"sl-SI\"},{\"@type\":\"Organization\",\"@id\":\"https:\/\/hudo.com\/si\/#organization\",\"name\":\"VSN Media\",\"url\":\"https:\/\/hudo.com\/si\/\",\"logo\":{\"@type\":\"ImageObject\",\"inLanguage\":\"sl-SI\",\"@id\":\"https:\/\/hudo.com\/si\/#\/schema\/logo\/image\/\",\"url\":\"https:\/\/hudo.com\/si\/wp-content\/uploads\/sites\/2\/2021\/03\/hudo-app-2.png\",\"contentUrl\":\"https:\/\/hudo.com\/si\/wp-content\/uploads\/sites\/2\/2021\/03\/hudo-app-2.png\",\"width\":2185,\"height\":2167,\"caption\":\"VSN Media\"},\"image\":{\"@id\":\"https:\/\/hudo.com\/si\/#\/schema\/logo\/image\/\"},\"sameAs\":[\"https:\/\/www.facebook.com\/hudo.si\",\"https:\/\/twitter.com\/hudo_si\"]},{\"@type\":\"Person\",\"@id\":\"https:\/\/hudo.com\/si\/#\/schema\/person\/f95639a66e0dd2c682b0568634e85b8b\",\"name\":\"A. G.\",\"image\":{\"@type\":\"ImageObject\",\"inLanguage\":\"sl-SI\",\"@id\":\"https:\/\/hudo.com\/si\/#\/schema\/person\/image\/\",\"url\":\"https:\/\/secure.gravatar.com\/avatar\/9f44de561c70d5d80348d3ed0f4b142d?s=96&d=mm&r=g\",\"contentUrl\":\"https:\/\/secure.gravatar.com\/avatar\/9f44de561c70d5d80348d3ed0f4b142d?s=96&d=mm&r=g\",\"caption\":\"A. G.\"},\"url\":\"https:\/\/hudo.com\/si\/author\/alenkagrmek\/\"}]}<\/script>\n<!-- \/ Yoast SEO plugin. -->","yoast_head_json":{"title":"Dedek, ki si ga nih\u010de ne \u017eeli: Princ Charles za Archieja pripravlja peklenski na\u010drt - Hudo Slovenija","robots":{"index":"index","follow":"follow","max-snippet":"max-snippet:-1","max-image-preview":"max-image-preview:large","max-video-preview":"max-video-preview:-1"},"canonical":"https:\/\/hudo.com\/si\/vip\/dedek-ki-si-ga-nihce-ne-zeli-princ-charles-za-archieja-pripravlja-peklenski-nacrt\/","og_locale":"sl_SI","og_type":"article","og_title":"Dedek, ki si ga nih\u010de ne \u017eeli: Princ Charles za Archieja pripravlja peklenski na\u010drt - Hudo Slovenija","og_description":"Princ Harry in njegova \u017eena Meghan Markle naj bi bila s to odlo\u010ditvijo \u017ee seznanjena, Charlesove poteze pa nista dobro sprejela.","og_url":"https:\/\/hudo.com\/si\/vip\/dedek-ki-si-ga-nihce-ne-zeli-princ-charles-za-archieja-pripravlja-peklenski-nacrt\/","og_site_name":"Hudo Slovenija","article_publisher":"https:\/\/www.facebook.com\/hudo.si","article_published_time":"2021-06-23T07:51:24+00:00","og_image":[{"width":900,"height":900,"url":"https:\/\/hudo.com\/si\/wp-content\/uploads\/sites\/2\/2021\/06\/profimedia-0454968819.jpg","type":"image\/jpeg"}],"author":"A. G.","twitter_card":"summary_large_image","twitter_creator":"@hudo_si","twitter_site":"@hudo_si","twitter_misc":{"Written by":"A. G.","Est. reading time":"1 minuta"},"schema":{"@context":"https:\/\/schema.org","@graph":[{"@type":"Article","@id":"https:\/\/hudo.com\/si\/vip\/dedek-ki-si-ga-nihce-ne-zeli-princ-charles-za-archieja-pripravlja-peklenski-nacrt\/#article","isPartOf":{"@id":"https:\/\/hudo.com\/si\/vip\/dedek-ki-si-ga-nihce-ne-zeli-princ-charles-za-archieja-pripravlja-peklenski-nacrt\/"},"author":{"name":"A. G.","@id":"https:\/\/hudo.com\/si\/#\/schema\/person\/f95639a66e0dd2c682b0568634e85b8b"},"headline":"Dedek, ki si ga nih\u010de ne \u017eeli: Princ Charles za Archieja pripravlja peklenski na\u010drt","datePublished":"2021-06-23T07:51:24+00:00","dateModified":"2021-06-23T07:51:24+00:00","mainEntityOfPage":{"@id":"https:\/\/hudo.com\/si\/vip\/dedek-ki-si-ga-nihce-ne-zeli-princ-charles-za-archieja-pripravlja-peklenski-nacrt\/"},"wordCount":295,"publisher":{"@id":"https:\/\/hudo.com\/si\/#organization"},"keywords":["Archie Harrison Mountbatten-Windsor","princ Charles"],"articleSection":["VIP"],"inLanguage":"sl-SI"},{"@type":"WebPage","@id":"https:\/\/hudo.com\/si\/vip\/dedek-ki-si-ga-nihce-ne-zeli-princ-charles-za-archieja-pripravlja-peklenski-nacrt\/","url":"https:\/\/hudo.com\/si\/vip\/dedek-ki-si-ga-nihce-ne-zeli-princ-charles-za-archieja-pripravlja-peklenski-nacrt\/","name":"Dedek, ki si ga nih\u010de ne \u017eeli: Princ Charles za Archieja pripravlja peklenski na\u010drt - Hudo Slovenija","isPartOf":{"@id":"https:\/\/hudo.com\/si\/#website"},"datePublished":"2021-06-23T07:51:24+00:00","dateModified":"2021-06-23T07:51:24+00:00","breadcrumb":{"@id":"https:\/\/hudo.com\/si\/vip\/dedek-ki-si-ga-nihce-ne-zeli-princ-charles-za-archieja-pripravlja-peklenski-nacrt\/#breadcrumb"},"inLanguage":"sl-SI","potentialAction":[{"@type":"ReadAction","target":["https:\/\/hudo.com\/si\/vip\/dedek-ki-si-ga-nihce-ne-zeli-princ-charles-za-archieja-pripravlja-peklenski-nacrt\/"]}]},{"@type":"BreadcrumbList","@id":"https:\/\/hudo.com\/si\/vip\/dedek-ki-si-ga-nihce-ne-zeli-princ-charles-za-archieja-pripravlja-peklenski-nacrt\/#breadcrumb","itemListElement":[{"@type":"ListItem","position":1,"name":"Home","item":"https:\/\/hudo.com\/si\/"},{"@type":"ListItem","position":2,"name":"Dedek, ki si ga nih\u010de ne \u017eeli: Princ Charles za Archieja pripravlja peklenski na\u010drt"}]},{"@type":"WebSite","@id":"https:\/\/hudo.com\/si\/#website","url":"https:\/\/hudo.com\/si\/","name":"Hudo Slovenija","description":"Vse novice iz Slovenije in sveta","publisher":{"@id":"https:\/\/hudo.com\/si\/#organization"},"potentialAction":[{"@type":"SearchAction","target":{"@type":"EntryPoint","urlTemplate":"https:\/\/hudo.com\/si\/?s={search_term_string}"},"query-input":"required name=search_term_string"}],"inLanguage":"sl-SI"},{"@type":"Organization","@id":"https:\/\/hudo.com\/si\/#organization","name":"VSN Media","url":"https:\/\/hudo.com\/si\/","logo":{"@type":"ImageObject","inLanguage":"sl-SI","@id":"https:\/\/hudo.com\/si\/#\/schema\/logo\/image\/","url":"https:\/\/hudo.com\/si\/wp-content\/uploads\/sites\/2\/2021\/03\/hudo-app-2.png","contentUrl":"https:\/\/hudo.com\/si\/wp-content\/uploads\/sites\/2\/2021\/03\/hudo-app-2.png","width":2185,"height":2167,"caption":"VSN Media"},"image":{"@id":"https:\/\/hudo.com\/si\/#\/schema\/logo\/image\/"},"sameAs":["https:\/\/www.facebook.com\/hudo.si","https:\/\/twitter.com\/hudo_si"]},{"@type":"Person","@id":"https:\/\/hudo.com\/si\/#\/schema\/person\/f95639a66e0dd2c682b0568634e85b8b","name":"A. G.","image":{"@type":"ImageObject","inLanguage":"sl-SI","@id":"https:\/\/hudo.com\/si\/#\/schema\/person\/image\/","url":"https:\/\/secure.gravatar.com\/avatar\/9f44de561c70d5d80348d3ed0f4b142d?s=96&d=mm&r=g","contentUrl":"https:\/\/secure.gravatar.com\/avatar\/9f44de561c70d5d80348d3ed0f4b142d?s=96&d=mm&r=g","caption":"A. G."},"url":"https:\/\/hudo.com\/si\/author\/alenkagrmek\/"}]}},"amp_enabled":true,"_links":{"self":[{"href":"https:\/\/hudo.com\/si\/wp-json\/wp\/v2\/posts\/453491"}],"collection":[{"href":"https:\/\/hudo.com\/si\/wp-json\/wp\/v2\/posts"}],"about":[{"href":"https:\/\/hudo.com\/si\/wp-json\/wp\/v2\/types\/post"}],"author":[{"embeddable":true,"href":"https:\/\/hudo.com\/si\/wp-json\/wp\/v2\/users\/6"}],"replies":[{"embeddable":true,"href":"https:\/\/hudo.com\/si\/wp-json\/wp\/v2\/comments?post=453491"}],"version-history":[{"count":3,"href":"https:\/\/hudo.com\/si\/wp-json\/wp\/v2\/posts\/453491\/revisions"}],"predecessor-version":[{"id":453515,"href":"https:\/\/hudo.com\/si\/wp-json\/wp\/v2\/posts\/453491\/revisions\/453515"}],"wp:featuredmedia":[{"embeddable":true,"href":"https:\/\/hudo.com\/si\/wp-json\/wp\/v2\/media\/453513"}],"wp:attachment":[{"href":"https:\/\/hudo.com\/si\/wp-json\/wp\/v2\/media?parent=453491"}],"wp:term":[{"taxonomy":"category","embeddable":true,"href":"https:\/\/hudo.com\/si\/wp-json\/wp\/v2\/categories?post=453491"},{"taxonomy":"post_tag","embeddable":true,"href":"https:\/\/hudo.com\/si\/wp-json\/wp\/v2\/tags?post=453491"},{"taxonomy":"source","embeddable":true,"href":"https:\/\/hudo.com\/si\/wp-json\/wp\/v2\/source?post=453491"},{"taxonomy":"supertag","embeddable":true,"href":"https:\/\/hudo.com\/si\/wp-json\/wp\/v2\/supertag?post=453491"}],"curies":[{"name":"wp","href":"https:\/\/api.w.org\/{rel}","templated":true}]}}