{"id":453509,"date":"2021-06-23T06:49:12","date_gmt":"2021-06-23T04:49:12","guid":{"rendered":"https:\/\/hudo.com\/si\/2021\/06\/23\/george-clooney-bo-v-los-angelesu-ustanovil-filmsko-akademijo\/"},"modified":"2021-06-23T06:49:12","modified_gmt":"2021-06-23T04:49:12","slug":"george-clooney-bo-v-los-angelesu-ustanovil-filmsko-akademijo","status":"publish","type":"post","link":"https:\/\/hudo.com\/si\/vip\/george-clooney-bo-v-los-angelesu-ustanovil-filmsko-akademijo\/","title":{"rendered":"George Clooney bo v Los Angelesu ustanovil filmsko akademijo"},"content":{"rendered":"<div id=\"center\">\n<article class=\"articleui\">\n<div class=\"text\">\n<figure>\n\t\t\t\t\t<img loading=\"lazy\" decoding=\"async\" width=\"660\" height=\"320\" src=\"image\/gif;base64,R0lGODlhAQABAAAAACH5BAEKAAEALAAAAAABAAEAAAICTAEAOw==\" class=\"lazyload\" data-src=\"https:\/\/zenska.hudo.com\/files\/2020\/11\/profimedia-0433488426-320x155.jpg\" data-srcset=\"https:\/\/zenska.hudo.com\/files\/2020\/11\/profimedia-0433488426-660x320.jpg 660w,https:\/\/zenska.hudo.com\/files\/2020\/11\/profimedia-0433488426-320x155.jpg 330w\" \/><figcaption>Foto: Profimedia<\/figcaption><\/figure>\n<p>Program filmske vzgoje Roybal School of Film and Television Production bo \u017ee od jeseni v lokalnem u\u010dnem centru Edward R. Roybal dostopen za u\u010dence, stare med 14 in 16 let, na\u010drtujejo \u0161e, da bi projekt raz\u0161irili tudi na otroke drugih starosti in po ve\u010d javnih \u0161olah v Los Angelesu.<\/p>\n<p>&#8220;Na\u0161 cilj je bolj\u0161i razmislek o raznolikosti na\u0161e dr\u017eave. To pomeni, za\u010deti zgodaj in oblikovati programe za srednje \u0161ole, ki vklju\u010dujejo pou\u010devanje o kamerah, postprodukciji ter vizualnih in zvo\u010dnih u\u010dinkih, hkrati pa predstavljajo karierne prilo\u017enosti, ki jih omogo\u010da filmska industrija,&#8221; je dejal Clooney. Ob zaklju\u010dku programa bodo sodelujo\u010di pridobili dokazilo o uspehu, ki jih bo lahko vodilo do dobro pla\u010danih slu\u017eb. Clooney in drugi igralci bodo pri projektu sodelovali kot svetovalci.<\/p>\n<p>Nov filmski program sledi podobni pobudi o glasbeni vzgoji v losangele\u0161kih srednjih \u0161olah, ki sta jo minuli teden zagnala producenta Dr. Dre and Jimmy Iovine, pi\u0161e AFP. S tak\u0161nimi projekti \u017eelijo v bolj\u0161o prihodnost usmeriti u\u010dence javnih \u0161ol, med katerimi prevladujejo mladi afri\u0161kega ali latinsko-ameri\u0161kega porekla.<\/p>\n<p>\u017de nekaj let tudi delavci v industriji opozarjajo na pomanjkanje rasne pestrosti pred in za kamero, kar je \u0161e posebej odmevalo leta 2015 ob podelitvi oskarjev, ko je javnost glasno opozorila, da nagrade leto za letom prejemajo oziroma so zanje nominirani predvsem ustvarjalci bele polti.<\/p>\n<p>Pozitivne spremembe je nakazalo aprilsko poro\u010dilo, v katerem je po navedbah AFP pisalo, da se je dele\u017e \u017eensk in predstavnikov manj\u0161in v filmski industriji proporcionalno pove\u010dal. Hkrati je poro\u010dilo razkrilo, da re\u017eiserke in re\u017eiserji, ki so pripadniki etni\u010dnih manj\u0161in, za svoje filme \u0161e vedno prejmejo manj sredstev, prav tako je v filmih v filmih premalo Latinoameri\u010danov, \u0161e povzema agencija.<\/p>\n<\/div>\n<\/article>\n<\/div>\n<div id=\"sidebar\"><\/div>\n","protected":false},"excerpt":{"rendered":"<p>Hollywoodski zvezdnik George Clooney bo v Los Angelesu ustanovil akademijo za srednje\u0161olce, ki bo del nove sheme pou\u010devanja otrok iz manj\u0161inskih skupnosti oziroma s slab\u0161imi izhodi\u0161\u010di za \u0161olanje o filmski industriji, poro\u010da francoska tiskovna agencija AFP. Pri tem mu bodo pomagali tudi drugi znani obrazi, denimo Don Cheadle in Eva Longoria.<\/p>\n","protected":false},"author":1,"featured_media":453510,"comment_status":"closed","ping_status":"closed","sticky":false,"template":"","format":"standard","meta":{"footnotes":""},"categories":[1093],"tags":[6393,17253],"source":[1346,1345,1334],"supertag":[],"acf":[],"yoast_head":"<!-- This site is optimized with the Yoast SEO plugin v21.3 - https:\/\/yoast.com\/wordpress\/plugins\/seo\/ -->\n<title>George Clooney bo v Los Angelesu ustanovil filmsko akademijo - Hudo Slovenija<\/title>\n<meta name=\"robots\" content=\"index, follow, max-snippet:-1, max-image-preview:large, max-video-preview:-1\" \/>\n<link rel=\"canonical\" href=\"https:\/\/hudo.com\/si\/vip\/george-clooney-bo-v-los-angelesu-ustanovil-filmsko-akademijo\/\" \/>\n<meta property=\"og:locale\" content=\"sl_SI\" \/>\n<meta property=\"og:type\" content=\"article\" \/>\n<meta property=\"og:title\" content=\"George Clooney bo v Los Angelesu ustanovil filmsko akademijo - Hudo Slovenija\" \/>\n<meta property=\"og:description\" content=\"Hollywoodski zvezdnik George Clooney bo v Los Angelesu ustanovil akademijo za srednje\u0161olce, ki bo del nove sheme pou\u010devanja otrok iz manj\u0161inskih skupnosti oziroma s slab\u0161imi izhodi\u0161\u010di za \u0161olanje o filmski industriji, poro\u010da francoska tiskovna agencija AFP. Pri tem mu bodo pomagali tudi drugi znani obrazi, denimo Don Cheadle in Eva Longoria.\" \/>\n<meta property=\"og:url\" content=\"https:\/\/hudo.com\/si\/vip\/george-clooney-bo-v-los-angelesu-ustanovil-filmsko-akademijo\/\" \/>\n<meta property=\"og:site_name\" content=\"Hudo Slovenija\" \/>\n<meta property=\"article:publisher\" content=\"https:\/\/www.facebook.com\/hudo.si\" \/>\n<meta property=\"article:published_time\" content=\"2021-06-23T04:49:12+00:00\" \/>\n<meta property=\"og:image\" content=\"https:\/\/hudo.com\/si\/wp-content\/uploads\/sites\/2\/2021\/06\/profimedia-0433488426.jpg\" \/>\n\t<meta property=\"og:image:width\" content=\"1250\" \/>\n\t<meta property=\"og:image:height\" content=\"833\" \/>\n\t<meta property=\"og:image:type\" content=\"image\/jpeg\" \/>\n<meta name=\"author\" content=\"hudo\" \/>\n<meta name=\"twitter:card\" content=\"summary_large_image\" \/>\n<meta name=\"twitter:creator\" content=\"@hudo_si\" \/>\n<meta name=\"twitter:site\" content=\"@hudo_si\" \/>\n<meta name=\"twitter:label1\" content=\"Written by\" \/>\n\t<meta name=\"twitter:data1\" content=\"hudo\" \/>\n\t<meta name=\"twitter:label2\" content=\"Est. reading time\" \/>\n\t<meta name=\"twitter:data2\" content=\"2 minuti\" \/>\n<script type=\"application\/ld+json\" class=\"yoast-schema-graph\">{\"@context\":\"https:\/\/schema.org\",\"@graph\":[{\"@type\":\"Article\",\"@id\":\"https:\/\/hudo.com\/si\/vip\/george-clooney-bo-v-los-angelesu-ustanovil-filmsko-akademijo\/#article\",\"isPartOf\":{\"@id\":\"https:\/\/hudo.com\/si\/vip\/george-clooney-bo-v-los-angelesu-ustanovil-filmsko-akademijo\/\"},\"author\":{\"name\":\"hudo\",\"@id\":\"https:\/\/hudo.com\/si\/#\/schema\/person\/601cf3379633985b20f7e50f2bb47707\"},\"headline\":\"George Clooney bo v Los Angelesu ustanovil filmsko akademijo\",\"datePublished\":\"2021-06-23T04:49:12+00:00\",\"dateModified\":\"2021-06-23T04:49:12+00:00\",\"mainEntityOfPage\":{\"@id\":\"https:\/\/hudo.com\/si\/vip\/george-clooney-bo-v-los-angelesu-ustanovil-filmsko-akademijo\/\"},\"wordCount\":312,\"publisher\":{\"@id\":\"https:\/\/hudo.com\/si\/#organization\"},\"keywords\":[\"George Clooney\",\"Zabavno zvezdni\u0161ko dejstvo dneva\"],\"articleSection\":[\"VIP\"],\"inLanguage\":\"sl-SI\"},{\"@type\":\"WebPage\",\"@id\":\"https:\/\/hudo.com\/si\/vip\/george-clooney-bo-v-los-angelesu-ustanovil-filmsko-akademijo\/\",\"url\":\"https:\/\/hudo.com\/si\/vip\/george-clooney-bo-v-los-angelesu-ustanovil-filmsko-akademijo\/\",\"name\":\"George Clooney bo v Los Angelesu ustanovil filmsko akademijo - Hudo Slovenija\",\"isPartOf\":{\"@id\":\"https:\/\/hudo.com\/si\/#website\"},\"datePublished\":\"2021-06-23T04:49:12+00:00\",\"dateModified\":\"2021-06-23T04:49:12+00:00\",\"breadcrumb\":{\"@id\":\"https:\/\/hudo.com\/si\/vip\/george-clooney-bo-v-los-angelesu-ustanovil-filmsko-akademijo\/#breadcrumb\"},\"inLanguage\":\"sl-SI\",\"potentialAction\":[{\"@type\":\"ReadAction\",\"target\":[\"https:\/\/hudo.com\/si\/vip\/george-clooney-bo-v-los-angelesu-ustanovil-filmsko-akademijo\/\"]}]},{\"@type\":\"BreadcrumbList\",\"@id\":\"https:\/\/hudo.com\/si\/vip\/george-clooney-bo-v-los-angelesu-ustanovil-filmsko-akademijo\/#breadcrumb\",\"itemListElement\":[{\"@type\":\"ListItem\",\"position\":1,\"name\":\"Home\",\"item\":\"https:\/\/hudo.com\/si\/\"},{\"@type\":\"ListItem\",\"position\":2,\"name\":\"George Clooney bo v Los Angelesu ustanovil filmsko akademijo\"}]},{\"@type\":\"WebSite\",\"@id\":\"https:\/\/hudo.com\/si\/#website\",\"url\":\"https:\/\/hudo.com\/si\/\",\"name\":\"Hudo Slovenija\",\"description\":\"Vse novice iz Slovenije in sveta\",\"publisher\":{\"@id\":\"https:\/\/hudo.com\/si\/#organization\"},\"potentialAction\":[{\"@type\":\"SearchAction\",\"target\":{\"@type\":\"EntryPoint\",\"urlTemplate\":\"https:\/\/hudo.com\/si\/?s={search_term_string}\"},\"query-input\":\"required name=search_term_string\"}],\"inLanguage\":\"sl-SI\"},{\"@type\":\"Organization\",\"@id\":\"https:\/\/hudo.com\/si\/#organization\",\"name\":\"VSN Media\",\"url\":\"https:\/\/hudo.com\/si\/\",\"logo\":{\"@type\":\"ImageObject\",\"inLanguage\":\"sl-SI\",\"@id\":\"https:\/\/hudo.com\/si\/#\/schema\/logo\/image\/\",\"url\":\"https:\/\/hudo.com\/si\/wp-content\/uploads\/sites\/2\/2021\/03\/hudo-app-2.png\",\"contentUrl\":\"https:\/\/hudo.com\/si\/wp-content\/uploads\/sites\/2\/2021\/03\/hudo-app-2.png\",\"width\":2185,\"height\":2167,\"caption\":\"VSN Media\"},\"image\":{\"@id\":\"https:\/\/hudo.com\/si\/#\/schema\/logo\/image\/\"},\"sameAs\":[\"https:\/\/www.facebook.com\/hudo.si\",\"https:\/\/twitter.com\/hudo_si\"]},{\"@type\":\"Person\",\"@id\":\"https:\/\/hudo.com\/si\/#\/schema\/person\/601cf3379633985b20f7e50f2bb47707\",\"name\":\"hudo\",\"image\":{\"@type\":\"ImageObject\",\"inLanguage\":\"sl-SI\",\"@id\":\"https:\/\/hudo.com\/si\/#\/schema\/person\/image\/\",\"url\":\"https:\/\/secure.gravatar.com\/avatar\/c4ca25fa72cace7a696b52ff5db9e095?s=96&d=mm&r=g\",\"contentUrl\":\"https:\/\/secure.gravatar.com\/avatar\/c4ca25fa72cace7a696b52ff5db9e095?s=96&d=mm&r=g\",\"caption\":\"hudo\"},\"url\":\"https:\/\/hudo.com\/si\/author\/hudo\/\"}]}<\/script>\n<!-- \/ Yoast SEO plugin. -->","yoast_head_json":{"title":"George Clooney bo v Los Angelesu ustanovil filmsko akademijo - Hudo Slovenija","robots":{"index":"index","follow":"follow","max-snippet":"max-snippet:-1","max-image-preview":"max-image-preview:large","max-video-preview":"max-video-preview:-1"},"canonical":"https:\/\/hudo.com\/si\/vip\/george-clooney-bo-v-los-angelesu-ustanovil-filmsko-akademijo\/","og_locale":"sl_SI","og_type":"article","og_title":"George Clooney bo v Los Angelesu ustanovil filmsko akademijo - Hudo Slovenija","og_description":"Hollywoodski zvezdnik George Clooney bo v Los Angelesu ustanovil akademijo za srednje\u0161olce, ki bo del nove sheme pou\u010devanja otrok iz manj\u0161inskih skupnosti oziroma s slab\u0161imi izhodi\u0161\u010di za \u0161olanje o filmski industriji, poro\u010da francoska tiskovna agencija AFP. Pri tem mu bodo pomagali tudi drugi znani obrazi, denimo Don Cheadle in Eva Longoria.","og_url":"https:\/\/hudo.com\/si\/vip\/george-clooney-bo-v-los-angelesu-ustanovil-filmsko-akademijo\/","og_site_name":"Hudo Slovenija","article_publisher":"https:\/\/www.facebook.com\/hudo.si","article_published_time":"2021-06-23T04:49:12+00:00","og_image":[{"width":1250,"height":833,"url":"https:\/\/hudo.com\/si\/wp-content\/uploads\/sites\/2\/2021\/06\/profimedia-0433488426.jpg","type":"image\/jpeg"}],"author":"hudo","twitter_card":"summary_large_image","twitter_creator":"@hudo_si","twitter_site":"@hudo_si","twitter_misc":{"Written by":"hudo","Est. reading time":"2 minuti"},"schema":{"@context":"https:\/\/schema.org","@graph":[{"@type":"Article","@id":"https:\/\/hudo.com\/si\/vip\/george-clooney-bo-v-los-angelesu-ustanovil-filmsko-akademijo\/#article","isPartOf":{"@id":"https:\/\/hudo.com\/si\/vip\/george-clooney-bo-v-los-angelesu-ustanovil-filmsko-akademijo\/"},"author":{"name":"hudo","@id":"https:\/\/hudo.com\/si\/#\/schema\/person\/601cf3379633985b20f7e50f2bb47707"},"headline":"George Clooney bo v Los Angelesu ustanovil filmsko akademijo","datePublished":"2021-06-23T04:49:12+00:00","dateModified":"2021-06-23T04:49:12+00:00","mainEntityOfPage":{"@id":"https:\/\/hudo.com\/si\/vip\/george-clooney-bo-v-los-angelesu-ustanovil-filmsko-akademijo\/"},"wordCount":312,"publisher":{"@id":"https:\/\/hudo.com\/si\/#organization"},"keywords":["George Clooney","Zabavno zvezdni\u0161ko dejstvo dneva"],"articleSection":["VIP"],"inLanguage":"sl-SI"},{"@type":"WebPage","@id":"https:\/\/hudo.com\/si\/vip\/george-clooney-bo-v-los-angelesu-ustanovil-filmsko-akademijo\/","url":"https:\/\/hudo.com\/si\/vip\/george-clooney-bo-v-los-angelesu-ustanovil-filmsko-akademijo\/","name":"George Clooney bo v Los Angelesu ustanovil filmsko akademijo - Hudo Slovenija","isPartOf":{"@id":"https:\/\/hudo.com\/si\/#website"},"datePublished":"2021-06-23T04:49:12+00:00","dateModified":"2021-06-23T04:49:12+00:00","breadcrumb":{"@id":"https:\/\/hudo.com\/si\/vip\/george-clooney-bo-v-los-angelesu-ustanovil-filmsko-akademijo\/#breadcrumb"},"inLanguage":"sl-SI","potentialAction":[{"@type":"ReadAction","target":["https:\/\/hudo.com\/si\/vip\/george-clooney-bo-v-los-angelesu-ustanovil-filmsko-akademijo\/"]}]},{"@type":"BreadcrumbList","@id":"https:\/\/hudo.com\/si\/vip\/george-clooney-bo-v-los-angelesu-ustanovil-filmsko-akademijo\/#breadcrumb","itemListElement":[{"@type":"ListItem","position":1,"name":"Home","item":"https:\/\/hudo.com\/si\/"},{"@type":"ListItem","position":2,"name":"George Clooney bo v Los Angelesu ustanovil filmsko akademijo"}]},{"@type":"WebSite","@id":"https:\/\/hudo.com\/si\/#website","url":"https:\/\/hudo.com\/si\/","name":"Hudo Slovenija","description":"Vse novice iz Slovenije in sveta","publisher":{"@id":"https:\/\/hudo.com\/si\/#organization"},"potentialAction":[{"@type":"SearchAction","target":{"@type":"EntryPoint","urlTemplate":"https:\/\/hudo.com\/si\/?s={search_term_string}"},"query-input":"required name=search_term_string"}],"inLanguage":"sl-SI"},{"@type":"Organization","@id":"https:\/\/hudo.com\/si\/#organization","name":"VSN Media","url":"https:\/\/hudo.com\/si\/","logo":{"@type":"ImageObject","inLanguage":"sl-SI","@id":"https:\/\/hudo.com\/si\/#\/schema\/logo\/image\/","url":"https:\/\/hudo.com\/si\/wp-content\/uploads\/sites\/2\/2021\/03\/hudo-app-2.png","contentUrl":"https:\/\/hudo.com\/si\/wp-content\/uploads\/sites\/2\/2021\/03\/hudo-app-2.png","width":2185,"height":2167,"caption":"VSN Media"},"image":{"@id":"https:\/\/hudo.com\/si\/#\/schema\/logo\/image\/"},"sameAs":["https:\/\/www.facebook.com\/hudo.si","https:\/\/twitter.com\/hudo_si"]},{"@type":"Person","@id":"https:\/\/hudo.com\/si\/#\/schema\/person\/601cf3379633985b20f7e50f2bb47707","name":"hudo","image":{"@type":"ImageObject","inLanguage":"sl-SI","@id":"https:\/\/hudo.com\/si\/#\/schema\/person\/image\/","url":"https:\/\/secure.gravatar.com\/avatar\/c4ca25fa72cace7a696b52ff5db9e095?s=96&d=mm&r=g","contentUrl":"https:\/\/secure.gravatar.com\/avatar\/c4ca25fa72cace7a696b52ff5db9e095?s=96&d=mm&r=g","caption":"hudo"},"url":"https:\/\/hudo.com\/si\/author\/hudo\/"}]}},"amp_enabled":true,"_links":{"self":[{"href":"https:\/\/hudo.com\/si\/wp-json\/wp\/v2\/posts\/453509"}],"collection":[{"href":"https:\/\/hudo.com\/si\/wp-json\/wp\/v2\/posts"}],"about":[{"href":"https:\/\/hudo.com\/si\/wp-json\/wp\/v2\/types\/post"}],"author":[{"embeddable":true,"href":"https:\/\/hudo.com\/si\/wp-json\/wp\/v2\/users\/1"}],"replies":[{"embeddable":true,"href":"https:\/\/hudo.com\/si\/wp-json\/wp\/v2\/comments?post=453509"}],"version-history":[{"count":0,"href":"https:\/\/hudo.com\/si\/wp-json\/wp\/v2\/posts\/453509\/revisions"}],"wp:featuredmedia":[{"embeddable":true,"href":"https:\/\/hudo.com\/si\/wp-json\/wp\/v2\/media\/453510"}],"wp:attachment":[{"href":"https:\/\/hudo.com\/si\/wp-json\/wp\/v2\/media?parent=453509"}],"wp:term":[{"taxonomy":"category","embeddable":true,"href":"https:\/\/hudo.com\/si\/wp-json\/wp\/v2\/categories?post=453509"},{"taxonomy":"post_tag","embeddable":true,"href":"https:\/\/hudo.com\/si\/wp-json\/wp\/v2\/tags?post=453509"},{"taxonomy":"source","embeddable":true,"href":"https:\/\/hudo.com\/si\/wp-json\/wp\/v2\/source?post=453509"},{"taxonomy":"supertag","embeddable":true,"href":"https:\/\/hudo.com\/si\/wp-json\/wp\/v2\/supertag?post=453509"}],"curies":[{"name":"wp","href":"https:\/\/api.w.org\/{rel}","templated":true}]}}