{"id":453701,"date":"2021-06-28T08:14:48","date_gmt":"2021-06-28T06:14:48","guid":{"rendered":"https:\/\/hudo.com\/si\/?p=453701"},"modified":"2021-06-28T08:14:48","modified_gmt":"2021-06-28T06:14:48","slug":"v-prometni-nesreci-umrl-54-letni-voznik-stirikolesnika-iz-mute","status":"publish","type":"post","link":"https:\/\/hudo.com\/si\/aktualno\/slovenija\/v-prometni-nesreci-umrl-54-letni-voznik-stirikolesnika-iz-mute\/","title":{"rendered":"V prometni nesre\u010di umrl 54-letni voznik \u0161tirikolesnika iz Mute"},"content":{"rendered":"<p>Voznik \u0161tirikolesnika iz Mute je vozilo vozil po lokalni makadamski cesti iz smeri Pernic proti Gortini. V trenutku, ko je pripeljal do desnega nepreglednega ovinka, hitrosti ni prilagodil vozi\u0161\u010du, zaradi \u010desar je zapeljal na skrajni levi rob vozi\u0161\u010da, kjer je vozilo po drsenju vrglo v zrak in po prevra\u010danju obstalo na desnem boku. Med prevra\u010danjem je 51-letna sopotnica padla z vozila in se lahko telesno po\u0161kodovala, voznik pa je oble\u017eal pod vozilom tako hudo telesno po\u0161kodovan, da je na kraju umrl.<\/p>\n<p>Sicer pa so policisti v zadnjih 24 urah obravnavali 79 prometnih nesre\u010d, v katerih je ena oseba umrla, \u0161est nesre\u010d se je kon\u010dalo lahkimi po\u0161kodbami, 14 pa s hudimi. Po podatkih Generalne policijske uprave so policisti obravnavali \u0161e 66 kr\u0161itev javnega reda in miru ter 45 kaznivih dejanj.<\/p>\n<p>Zaradi kr\u0161itev javnega reda in miru so policisti 46-krat posredovali na javnih krajih in 20-krat v zasebnih prostorih, pridr\u017eali pa so tri kr\u0161itelje. Zaradi vo\u017enje pod vplivom alkohola so pridr\u017eali dva voznika, zaradi huj\u0161ih kr\u0161itev cestnoprometnih predpisov pa so zasegli sedem vozil. Med obravnavanimi kaznivimi dejanji je bilo 16 tatvin, 11 primerov po\u0161kodovanja tuje stvari, \u0161est vlomov, \u0161tiri gro\u017enje, trije primeri povzro\u010ditve telesne po\u0161kodbe, dve kaznivi dejanji nasilja v dru\u017eini, dva primera ponarejanja listin ter en rop.<\/p>\n","protected":false},"excerpt":{"rendered":"<p>V nedeljo ob 21.40 se je na na lokalni cesti Gortina-Pernice na obmo\u010dju Radelj ob Dravi zgodila prometna nesre\u010da s smrtnim izidom, v kateri je umrl 54-letni voznik \u0161tirkolesnika iz Mute, so sporo\u010dili iz Generalne policijske uprave.<\/p>\n","protected":false},"author":5,"featured_media":225747,"comment_status":"closed","ping_status":"closed","sticky":false,"template":"","format":"standard","meta":{"footnotes":""},"categories":[18201],"tags":[4688,17869,1595],"source":[4511],"supertag":[5675],"acf":[],"yoast_head":"<!-- This site is optimized with the Yoast SEO plugin v21.3 - https:\/\/yoast.com\/wordpress\/plugins\/seo\/ -->\n<title>V prometni nesre\u010di umrl 54-letni voznik \u0161tirikolesnika iz Mute - Hudo Slovenija<\/title>\n<meta name=\"robots\" content=\"index, follow, max-snippet:-1, max-image-preview:large, max-video-preview:-1\" \/>\n<link rel=\"canonical\" href=\"https:\/\/hudo.com\/si\/aktualno\/slovenija\/v-prometni-nesreci-umrl-54-letni-voznik-stirikolesnika-iz-mute\/\" \/>\n<meta property=\"og:locale\" content=\"sl_SI\" \/>\n<meta property=\"og:type\" content=\"article\" \/>\n<meta property=\"og:title\" content=\"V prometni nesre\u010di umrl 54-letni voznik \u0161tirikolesnika iz Mute - Hudo Slovenija\" \/>\n<meta property=\"og:description\" content=\"V nedeljo ob 21.40 se je na na lokalni cesti Gortina-Pernice na obmo\u010dju Radelj ob Dravi zgodila prometna nesre\u010da s smrtnim izidom, v kateri je umrl 54-letni voznik \u0161tirkolesnika iz Mute, so sporo\u010dili iz Generalne policijske uprave.\" \/>\n<meta property=\"og:url\" content=\"https:\/\/hudo.com\/si\/aktualno\/slovenija\/v-prometni-nesreci-umrl-54-letni-voznik-stirikolesnika-iz-mute\/\" \/>\n<meta property=\"og:site_name\" content=\"Hudo Slovenija\" \/>\n<meta property=\"article:publisher\" content=\"https:\/\/www.facebook.com\/hudo.si\" \/>\n<meta property=\"article:published_time\" content=\"2021-06-28T06:14:48+00:00\" \/>\n<meta property=\"og:image\" content=\"https:\/\/hudo.com\/si\/wp-content\/uploads\/sites\/2\/2017\/03\/20141110-00567217.jpg\" \/>\n\t<meta property=\"og:image:width\" content=\"640\" \/>\n\t<meta property=\"og:image:height\" content=\"547\" \/>\n\t<meta property=\"og:image:type\" content=\"image\/jpeg\" \/>\n<meta name=\"author\" content=\"A. G., STA\" \/>\n<meta name=\"twitter:card\" content=\"summary_large_image\" \/>\n<meta name=\"twitter:creator\" content=\"@hudo_si\" \/>\n<meta name=\"twitter:site\" content=\"@hudo_si\" \/>\n<meta name=\"twitter:label1\" content=\"Written by\" \/>\n\t<meta name=\"twitter:data1\" content=\"A. G., STA\" \/>\n\t<meta name=\"twitter:label2\" content=\"Est. reading time\" \/>\n\t<meta name=\"twitter:data2\" content=\"1 minuta\" \/>\n<script type=\"application\/ld+json\" class=\"yoast-schema-graph\">{\"@context\":\"https:\/\/schema.org\",\"@graph\":[{\"@type\":\"Article\",\"@id\":\"https:\/\/hudo.com\/si\/aktualno\/slovenija\/v-prometni-nesreci-umrl-54-letni-voznik-stirikolesnika-iz-mute\/#article\",\"isPartOf\":{\"@id\":\"https:\/\/hudo.com\/si\/aktualno\/slovenija\/v-prometni-nesreci-umrl-54-letni-voznik-stirikolesnika-iz-mute\/\"},\"author\":{\"name\":\"A. G., STA\",\"@id\":\"https:\/\/hudo.com\/si\/#\/schema\/person\/2391667a63ea075ba94f2f2dc6b77537\"},\"headline\":\"V prometni nesre\u010di umrl 54-letni voznik \u0161tirikolesnika iz Mute\",\"datePublished\":\"2021-06-28T06:14:48+00:00\",\"dateModified\":\"2021-06-28T06:14:48+00:00\",\"mainEntityOfPage\":{\"@id\":\"https:\/\/hudo.com\/si\/aktualno\/slovenija\/v-prometni-nesreci-umrl-54-letni-voznik-stirikolesnika-iz-mute\/\"},\"wordCount\":231,\"publisher\":{\"@id\":\"https:\/\/hudo.com\/si\/#organization\"},\"keywords\":[\"\u010drna kronika\",\"prometna nesre\u010da s smrtnim izidom\",\"Slovenija\"],\"articleSection\":[\"Slovenija\"],\"inLanguage\":\"sl-SI\"},{\"@type\":\"WebPage\",\"@id\":\"https:\/\/hudo.com\/si\/aktualno\/slovenija\/v-prometni-nesreci-umrl-54-letni-voznik-stirikolesnika-iz-mute\/\",\"url\":\"https:\/\/hudo.com\/si\/aktualno\/slovenija\/v-prometni-nesreci-umrl-54-letni-voznik-stirikolesnika-iz-mute\/\",\"name\":\"V prometni nesre\u010di umrl 54-letni voznik \u0161tirikolesnika iz Mute - Hudo Slovenija\",\"isPartOf\":{\"@id\":\"https:\/\/hudo.com\/si\/#website\"},\"datePublished\":\"2021-06-28T06:14:48+00:00\",\"dateModified\":\"2021-06-28T06:14:48+00:00\",\"breadcrumb\":{\"@id\":\"https:\/\/hudo.com\/si\/aktualno\/slovenija\/v-prometni-nesreci-umrl-54-letni-voznik-stirikolesnika-iz-mute\/#breadcrumb\"},\"inLanguage\":\"sl-SI\",\"potentialAction\":[{\"@type\":\"ReadAction\",\"target\":[\"https:\/\/hudo.com\/si\/aktualno\/slovenija\/v-prometni-nesreci-umrl-54-letni-voznik-stirikolesnika-iz-mute\/\"]}]},{\"@type\":\"BreadcrumbList\",\"@id\":\"https:\/\/hudo.com\/si\/aktualno\/slovenija\/v-prometni-nesreci-umrl-54-letni-voznik-stirikolesnika-iz-mute\/#breadcrumb\",\"itemListElement\":[{\"@type\":\"ListItem\",\"position\":1,\"name\":\"Home\",\"item\":\"https:\/\/hudo.com\/si\/\"},{\"@type\":\"ListItem\",\"position\":2,\"name\":\"V prometni nesre\u010di umrl 54-letni voznik \u0161tirikolesnika iz Mute\"}]},{\"@type\":\"WebSite\",\"@id\":\"https:\/\/hudo.com\/si\/#website\",\"url\":\"https:\/\/hudo.com\/si\/\",\"name\":\"Hudo Slovenija\",\"description\":\"Vse novice iz Slovenije in sveta\",\"publisher\":{\"@id\":\"https:\/\/hudo.com\/si\/#organization\"},\"potentialAction\":[{\"@type\":\"SearchAction\",\"target\":{\"@type\":\"EntryPoint\",\"urlTemplate\":\"https:\/\/hudo.com\/si\/?s={search_term_string}\"},\"query-input\":\"required name=search_term_string\"}],\"inLanguage\":\"sl-SI\"},{\"@type\":\"Organization\",\"@id\":\"https:\/\/hudo.com\/si\/#organization\",\"name\":\"VSN Media\",\"url\":\"https:\/\/hudo.com\/si\/\",\"logo\":{\"@type\":\"ImageObject\",\"inLanguage\":\"sl-SI\",\"@id\":\"https:\/\/hudo.com\/si\/#\/schema\/logo\/image\/\",\"url\":\"https:\/\/hudo.com\/si\/wp-content\/uploads\/sites\/2\/2021\/03\/hudo-app-2.png\",\"contentUrl\":\"https:\/\/hudo.com\/si\/wp-content\/uploads\/sites\/2\/2021\/03\/hudo-app-2.png\",\"width\":2185,\"height\":2167,\"caption\":\"VSN Media\"},\"image\":{\"@id\":\"https:\/\/hudo.com\/si\/#\/schema\/logo\/image\/\"},\"sameAs\":[\"https:\/\/www.facebook.com\/hudo.si\",\"https:\/\/twitter.com\/hudo_si\"]},{\"@type\":\"Person\",\"@id\":\"https:\/\/hudo.com\/si\/#\/schema\/person\/2391667a63ea075ba94f2f2dc6b77537\",\"name\":\"A. G., STA\",\"image\":{\"@type\":\"ImageObject\",\"inLanguage\":\"sl-SI\",\"@id\":\"https:\/\/hudo.com\/si\/#\/schema\/person\/image\/\",\"url\":\"https:\/\/secure.gravatar.com\/avatar\/e13d22ac3e442658d5025fbbe6238a79?s=96&d=mm&r=g\",\"contentUrl\":\"https:\/\/secure.gravatar.com\/avatar\/e13d22ac3e442658d5025fbbe6238a79?s=96&d=mm&r=g\",\"caption\":\"A. G., STA\"},\"url\":\"https:\/\/hudo.com\/si\/author\/alenka\/\"}]}<\/script>\n<!-- \/ Yoast SEO plugin. -->","yoast_head_json":{"title":"V prometni nesre\u010di umrl 54-letni voznik \u0161tirikolesnika iz Mute - Hudo Slovenija","robots":{"index":"index","follow":"follow","max-snippet":"max-snippet:-1","max-image-preview":"max-image-preview:large","max-video-preview":"max-video-preview:-1"},"canonical":"https:\/\/hudo.com\/si\/aktualno\/slovenija\/v-prometni-nesreci-umrl-54-letni-voznik-stirikolesnika-iz-mute\/","og_locale":"sl_SI","og_type":"article","og_title":"V prometni nesre\u010di umrl 54-letni voznik \u0161tirikolesnika iz Mute - Hudo Slovenija","og_description":"V nedeljo ob 21.40 se je na na lokalni cesti Gortina-Pernice na obmo\u010dju Radelj ob Dravi zgodila prometna nesre\u010da s smrtnim izidom, v kateri je umrl 54-letni voznik \u0161tirkolesnika iz Mute, so sporo\u010dili iz Generalne policijske uprave.","og_url":"https:\/\/hudo.com\/si\/aktualno\/slovenija\/v-prometni-nesreci-umrl-54-letni-voznik-stirikolesnika-iz-mute\/","og_site_name":"Hudo Slovenija","article_publisher":"https:\/\/www.facebook.com\/hudo.si","article_published_time":"2021-06-28T06:14:48+00:00","og_image":[{"width":640,"height":547,"url":"https:\/\/hudo.com\/si\/wp-content\/uploads\/sites\/2\/2017\/03\/20141110-00567217.jpg","type":"image\/jpeg"}],"author":"A. G., STA","twitter_card":"summary_large_image","twitter_creator":"@hudo_si","twitter_site":"@hudo_si","twitter_misc":{"Written by":"A. G., STA","Est. reading time":"1 minuta"},"schema":{"@context":"https:\/\/schema.org","@graph":[{"@type":"Article","@id":"https:\/\/hudo.com\/si\/aktualno\/slovenija\/v-prometni-nesreci-umrl-54-letni-voznik-stirikolesnika-iz-mute\/#article","isPartOf":{"@id":"https:\/\/hudo.com\/si\/aktualno\/slovenija\/v-prometni-nesreci-umrl-54-letni-voznik-stirikolesnika-iz-mute\/"},"author":{"name":"A. G., STA","@id":"https:\/\/hudo.com\/si\/#\/schema\/person\/2391667a63ea075ba94f2f2dc6b77537"},"headline":"V prometni nesre\u010di umrl 54-letni voznik \u0161tirikolesnika iz Mute","datePublished":"2021-06-28T06:14:48+00:00","dateModified":"2021-06-28T06:14:48+00:00","mainEntityOfPage":{"@id":"https:\/\/hudo.com\/si\/aktualno\/slovenija\/v-prometni-nesreci-umrl-54-letni-voznik-stirikolesnika-iz-mute\/"},"wordCount":231,"publisher":{"@id":"https:\/\/hudo.com\/si\/#organization"},"keywords":["\u010drna kronika","prometna nesre\u010da s smrtnim izidom","Slovenija"],"articleSection":["Slovenija"],"inLanguage":"sl-SI"},{"@type":"WebPage","@id":"https:\/\/hudo.com\/si\/aktualno\/slovenija\/v-prometni-nesreci-umrl-54-letni-voznik-stirikolesnika-iz-mute\/","url":"https:\/\/hudo.com\/si\/aktualno\/slovenija\/v-prometni-nesreci-umrl-54-letni-voznik-stirikolesnika-iz-mute\/","name":"V prometni nesre\u010di umrl 54-letni voznik \u0161tirikolesnika iz Mute - Hudo Slovenija","isPartOf":{"@id":"https:\/\/hudo.com\/si\/#website"},"datePublished":"2021-06-28T06:14:48+00:00","dateModified":"2021-06-28T06:14:48+00:00","breadcrumb":{"@id":"https:\/\/hudo.com\/si\/aktualno\/slovenija\/v-prometni-nesreci-umrl-54-letni-voznik-stirikolesnika-iz-mute\/#breadcrumb"},"inLanguage":"sl-SI","potentialAction":[{"@type":"ReadAction","target":["https:\/\/hudo.com\/si\/aktualno\/slovenija\/v-prometni-nesreci-umrl-54-letni-voznik-stirikolesnika-iz-mute\/"]}]},{"@type":"BreadcrumbList","@id":"https:\/\/hudo.com\/si\/aktualno\/slovenija\/v-prometni-nesreci-umrl-54-letni-voznik-stirikolesnika-iz-mute\/#breadcrumb","itemListElement":[{"@type":"ListItem","position":1,"name":"Home","item":"https:\/\/hudo.com\/si\/"},{"@type":"ListItem","position":2,"name":"V prometni nesre\u010di umrl 54-letni voznik \u0161tirikolesnika iz Mute"}]},{"@type":"WebSite","@id":"https:\/\/hudo.com\/si\/#website","url":"https:\/\/hudo.com\/si\/","name":"Hudo Slovenija","description":"Vse novice iz Slovenije in sveta","publisher":{"@id":"https:\/\/hudo.com\/si\/#organization"},"potentialAction":[{"@type":"SearchAction","target":{"@type":"EntryPoint","urlTemplate":"https:\/\/hudo.com\/si\/?s={search_term_string}"},"query-input":"required name=search_term_string"}],"inLanguage":"sl-SI"},{"@type":"Organization","@id":"https:\/\/hudo.com\/si\/#organization","name":"VSN Media","url":"https:\/\/hudo.com\/si\/","logo":{"@type":"ImageObject","inLanguage":"sl-SI","@id":"https:\/\/hudo.com\/si\/#\/schema\/logo\/image\/","url":"https:\/\/hudo.com\/si\/wp-content\/uploads\/sites\/2\/2021\/03\/hudo-app-2.png","contentUrl":"https:\/\/hudo.com\/si\/wp-content\/uploads\/sites\/2\/2021\/03\/hudo-app-2.png","width":2185,"height":2167,"caption":"VSN Media"},"image":{"@id":"https:\/\/hudo.com\/si\/#\/schema\/logo\/image\/"},"sameAs":["https:\/\/www.facebook.com\/hudo.si","https:\/\/twitter.com\/hudo_si"]},{"@type":"Person","@id":"https:\/\/hudo.com\/si\/#\/schema\/person\/2391667a63ea075ba94f2f2dc6b77537","name":"A. G., STA","image":{"@type":"ImageObject","inLanguage":"sl-SI","@id":"https:\/\/hudo.com\/si\/#\/schema\/person\/image\/","url":"https:\/\/secure.gravatar.com\/avatar\/e13d22ac3e442658d5025fbbe6238a79?s=96&d=mm&r=g","contentUrl":"https:\/\/secure.gravatar.com\/avatar\/e13d22ac3e442658d5025fbbe6238a79?s=96&d=mm&r=g","caption":"A. G., STA"},"url":"https:\/\/hudo.com\/si\/author\/alenka\/"}]}},"amp_enabled":true,"_links":{"self":[{"href":"https:\/\/hudo.com\/si\/wp-json\/wp\/v2\/posts\/453701"}],"collection":[{"href":"https:\/\/hudo.com\/si\/wp-json\/wp\/v2\/posts"}],"about":[{"href":"https:\/\/hudo.com\/si\/wp-json\/wp\/v2\/types\/post"}],"author":[{"embeddable":true,"href":"https:\/\/hudo.com\/si\/wp-json\/wp\/v2\/users\/5"}],"replies":[{"embeddable":true,"href":"https:\/\/hudo.com\/si\/wp-json\/wp\/v2\/comments?post=453701"}],"version-history":[{"count":1,"href":"https:\/\/hudo.com\/si\/wp-json\/wp\/v2\/posts\/453701\/revisions"}],"predecessor-version":[{"id":453702,"href":"https:\/\/hudo.com\/si\/wp-json\/wp\/v2\/posts\/453701\/revisions\/453702"}],"wp:featuredmedia":[{"embeddable":true,"href":"https:\/\/hudo.com\/si\/wp-json\/wp\/v2\/media\/225747"}],"wp:attachment":[{"href":"https:\/\/hudo.com\/si\/wp-json\/wp\/v2\/media?parent=453701"}],"wp:term":[{"taxonomy":"category","embeddable":true,"href":"https:\/\/hudo.com\/si\/wp-json\/wp\/v2\/categories?post=453701"},{"taxonomy":"post_tag","embeddable":true,"href":"https:\/\/hudo.com\/si\/wp-json\/wp\/v2\/tags?post=453701"},{"taxonomy":"source","embeddable":true,"href":"https:\/\/hudo.com\/si\/wp-json\/wp\/v2\/source?post=453701"},{"taxonomy":"supertag","embeddable":true,"href":"https:\/\/hudo.com\/si\/wp-json\/wp\/v2\/supertag?post=453701"}],"curies":[{"name":"wp","href":"https:\/\/api.w.org\/{rel}","templated":true}]}}