{"id":453773,"date":"2021-06-29T05:27:33","date_gmt":"2021-06-29T03:27:33","guid":{"rendered":"https:\/\/hudo.com\/si\/2021\/06\/29\/poglejte-si-napovednik-ibrahimovicevega-filma-jaz-sem-zlatan-video\/"},"modified":"2021-06-29T05:27:33","modified_gmt":"2021-06-29T03:27:33","slug":"poglejte-si-napovednik-ibrahimovicevega-filma-jaz-sem-zlatan-video","status":"publish","type":"post","link":"https:\/\/hudo.com\/si\/sport\/poglejte-si-napovednik-ibrahimovicevega-filma-jaz-sem-zlatan-video\/","title":{"rendered":"Poglejte si napovednik Ibrahimovi\u0107evega filma &#8220;Jaz sem Zlatan&#8221; (video)"},"content":{"rendered":"<figure>\n\t\t\t\t\t<img loading=\"lazy\" decoding=\"async\" width=\"660\" height=\"320\" src=\"image\/gif;base64,R0lGODlhAQABAAAAACH5BAEKAAEALAAAAAABAAEAAAICTAEAOw==\" class=\"lazyload\" data-src=\"https:\/\/moski.hudo.com\/wp-content\/uploads\/2020\/07\/profimedia-0543070208-320x155.jpg\" data-srcset=\"https:\/\/moski.hudo.com\/wp-content\/uploads\/2020\/07\/profimedia-0543070208-660x320.jpg 660w,https:\/\/moski.hudo.com\/wp-content\/uploads\/2020\/07\/profimedia-0543070208-320x155.jpg 330w\" \/><figcaption>Zlatan Ibrahimovi\u0107 (foto:Profimedia)<\/figcaption><\/figure>\n<p>Film temelji na nogometa\u0161evi avtobiografiji Jaz sem Zlatan Ibrahimovi\u0107, ki jo je napisal \u0161vedski novinar David Lagercrantz. On je tudi eden od dveh scenaristov filma, re\u017eiser pa je \u0161e en \u0160ved Jens Sjogren.<\/p>\n<p>Glavni igralski vlogi so namenili Dominicu Bajraktariju Anderssonu in Granitu Rushitiju. Bajraktari Andersson bo igral Ibrahimovi\u0107a v dobi od 11. do 13. leta, Rushiti pa od 17. do 23. leta oziroma od \u010dasa za\u010detka profesionalne kariere v Malm\u00f6ju do prestopa v Ajax.<\/p>\n<p>\u010ceprav ima nogometa\u0161 bosanskih korenin \u017ee 39 let, \u0161e vedno nase opozarja v dresu Milana.<\/p>\n<p>Se bo pa Ibrahimovi\u0107 v prihodnjem letu tudi sam pojavil v filmu, in sicer bo v novem filmu o Asterixu in Obelixu, ki naj bi iz\u0161el prihodnje leto, nastopal kot lik Antivirus.<\/p><\/p>\n","protected":false},"excerpt":{"rendered":"<p>\u0160vedski nogometni zvezdnik Zlatan Ibrahimovi\u0107 je na Twitterju objavil napovednik svojega filma z naslovom Jaz sem Zlatan, ki bo na velika platna pri\u0161el septembra.<\/p>\n","protected":false},"author":1,"featured_media":453774,"comment_status":"closed","ping_status":"closed","sticky":false,"template":"","format":"standard","meta":{"footnotes":""},"categories":[18176],"tags":[19032,4201],"source":[1518,4032,1556],"supertag":[],"acf":[],"yoast_head":"<!-- This site is optimized with the Yoast SEO plugin v21.3 - https:\/\/yoast.com\/wordpress\/plugins\/seo\/ -->\n<title>Poglejte si napovednik Ibrahimovi\u0107evega filma &#8220;Jaz sem Zlatan&#8221; (video) - Hudo Slovenija<\/title>\n<meta name=\"robots\" content=\"index, follow, max-snippet:-1, max-image-preview:large, max-video-preview:-1\" \/>\n<link rel=\"canonical\" href=\"https:\/\/hudo.com\/si\/sport\/poglejte-si-napovednik-ibrahimovicevega-filma-jaz-sem-zlatan-video\/\" \/>\n<meta property=\"og:locale\" content=\"sl_SI\" \/>\n<meta property=\"og:type\" content=\"article\" \/>\n<meta property=\"og:title\" content=\"Poglejte si napovednik Ibrahimovi\u0107evega filma &#8220;Jaz sem Zlatan&#8221; (video) - Hudo Slovenija\" \/>\n<meta property=\"og:description\" content=\"\u0160vedski nogometni zvezdnik Zlatan Ibrahimovi\u0107 je na Twitterju objavil napovednik svojega filma z naslovom Jaz sem Zlatan, ki bo na velika platna pri\u0161el septembra.\" \/>\n<meta property=\"og:url\" content=\"https:\/\/hudo.com\/si\/sport\/poglejte-si-napovednik-ibrahimovicevega-filma-jaz-sem-zlatan-video\/\" \/>\n<meta property=\"og:site_name\" content=\"Hudo Slovenija\" \/>\n<meta property=\"article:publisher\" content=\"https:\/\/www.facebook.com\/hudo.si\" \/>\n<meta property=\"article:published_time\" content=\"2021-06-29T03:27:33+00:00\" \/>\n<meta property=\"og:image\" content=\"https:\/\/hudo.com\/si\/wp-content\/uploads\/sites\/2\/2021\/06\/profimedia-0543070208.jpg\" \/>\n\t<meta property=\"og:image:width\" content=\"1250\" \/>\n\t<meta property=\"og:image:height\" content=\"835\" \/>\n\t<meta property=\"og:image:type\" content=\"image\/jpeg\" \/>\n<meta name=\"author\" content=\"hudo\" \/>\n<meta name=\"twitter:card\" content=\"summary_large_image\" \/>\n<meta name=\"twitter:creator\" content=\"@hudo_si\" \/>\n<meta name=\"twitter:site\" content=\"@hudo_si\" \/>\n<meta name=\"twitter:label1\" content=\"Written by\" \/>\n\t<meta name=\"twitter:data1\" content=\"hudo\" \/>\n\t<meta name=\"twitter:label2\" content=\"Est. reading time\" \/>\n\t<meta name=\"twitter:data2\" content=\"1 minuta\" \/>\n<script type=\"application\/ld+json\" class=\"yoast-schema-graph\">{\"@context\":\"https:\/\/schema.org\",\"@graph\":[{\"@type\":\"Article\",\"@id\":\"https:\/\/hudo.com\/si\/sport\/poglejte-si-napovednik-ibrahimovicevega-filma-jaz-sem-zlatan-video\/#article\",\"isPartOf\":{\"@id\":\"https:\/\/hudo.com\/si\/sport\/poglejte-si-napovednik-ibrahimovicevega-filma-jaz-sem-zlatan-video\/\"},\"author\":{\"name\":\"hudo\",\"@id\":\"https:\/\/hudo.com\/si\/#\/schema\/person\/601cf3379633985b20f7e50f2bb47707\"},\"headline\":\"Poglejte si napovednik Ibrahimovi\u0107evega filma &#8220;Jaz sem Zlatan&#8221; (video)\",\"datePublished\":\"2021-06-29T03:27:33+00:00\",\"dateModified\":\"2021-06-29T03:27:33+00:00\",\"mainEntityOfPage\":{\"@id\":\"https:\/\/hudo.com\/si\/sport\/poglejte-si-napovednik-ibrahimovicevega-filma-jaz-sem-zlatan-video\/\"},\"wordCount\":137,\"publisher\":{\"@id\":\"https:\/\/hudo.com\/si\/#organization\"},\"keywords\":[\"Jaz sem Zlatan\",\"zlatan ibrahimovi\u0107\"],\"articleSection\":[\"\u0160port\"],\"inLanguage\":\"sl-SI\"},{\"@type\":\"WebPage\",\"@id\":\"https:\/\/hudo.com\/si\/sport\/poglejte-si-napovednik-ibrahimovicevega-filma-jaz-sem-zlatan-video\/\",\"url\":\"https:\/\/hudo.com\/si\/sport\/poglejte-si-napovednik-ibrahimovicevega-filma-jaz-sem-zlatan-video\/\",\"name\":\"Poglejte si napovednik Ibrahimovi\u0107evega filma &#8220;Jaz sem Zlatan&#8221; (video) - Hudo Slovenija\",\"isPartOf\":{\"@id\":\"https:\/\/hudo.com\/si\/#website\"},\"datePublished\":\"2021-06-29T03:27:33+00:00\",\"dateModified\":\"2021-06-29T03:27:33+00:00\",\"breadcrumb\":{\"@id\":\"https:\/\/hudo.com\/si\/sport\/poglejte-si-napovednik-ibrahimovicevega-filma-jaz-sem-zlatan-video\/#breadcrumb\"},\"inLanguage\":\"sl-SI\",\"potentialAction\":[{\"@type\":\"ReadAction\",\"target\":[\"https:\/\/hudo.com\/si\/sport\/poglejte-si-napovednik-ibrahimovicevega-filma-jaz-sem-zlatan-video\/\"]}]},{\"@type\":\"BreadcrumbList\",\"@id\":\"https:\/\/hudo.com\/si\/sport\/poglejte-si-napovednik-ibrahimovicevega-filma-jaz-sem-zlatan-video\/#breadcrumb\",\"itemListElement\":[{\"@type\":\"ListItem\",\"position\":1,\"name\":\"Home\",\"item\":\"https:\/\/hudo.com\/si\/\"},{\"@type\":\"ListItem\",\"position\":2,\"name\":\"Poglejte si napovednik Ibrahimovi\u0107evega filma &#8220;Jaz sem Zlatan&#8221; (video)\"}]},{\"@type\":\"WebSite\",\"@id\":\"https:\/\/hudo.com\/si\/#website\",\"url\":\"https:\/\/hudo.com\/si\/\",\"name\":\"Hudo Slovenija\",\"description\":\"Vse novice iz Slovenije in sveta\",\"publisher\":{\"@id\":\"https:\/\/hudo.com\/si\/#organization\"},\"potentialAction\":[{\"@type\":\"SearchAction\",\"target\":{\"@type\":\"EntryPoint\",\"urlTemplate\":\"https:\/\/hudo.com\/si\/?s={search_term_string}\"},\"query-input\":\"required name=search_term_string\"}],\"inLanguage\":\"sl-SI\"},{\"@type\":\"Organization\",\"@id\":\"https:\/\/hudo.com\/si\/#organization\",\"name\":\"VSN Media\",\"url\":\"https:\/\/hudo.com\/si\/\",\"logo\":{\"@type\":\"ImageObject\",\"inLanguage\":\"sl-SI\",\"@id\":\"https:\/\/hudo.com\/si\/#\/schema\/logo\/image\/\",\"url\":\"https:\/\/hudo.com\/si\/wp-content\/uploads\/sites\/2\/2021\/03\/hudo-app-2.png\",\"contentUrl\":\"https:\/\/hudo.com\/si\/wp-content\/uploads\/sites\/2\/2021\/03\/hudo-app-2.png\",\"width\":2185,\"height\":2167,\"caption\":\"VSN Media\"},\"image\":{\"@id\":\"https:\/\/hudo.com\/si\/#\/schema\/logo\/image\/\"},\"sameAs\":[\"https:\/\/www.facebook.com\/hudo.si\",\"https:\/\/twitter.com\/hudo_si\"]},{\"@type\":\"Person\",\"@id\":\"https:\/\/hudo.com\/si\/#\/schema\/person\/601cf3379633985b20f7e50f2bb47707\",\"name\":\"hudo\",\"image\":{\"@type\":\"ImageObject\",\"inLanguage\":\"sl-SI\",\"@id\":\"https:\/\/hudo.com\/si\/#\/schema\/person\/image\/\",\"url\":\"https:\/\/secure.gravatar.com\/avatar\/c4ca25fa72cace7a696b52ff5db9e095?s=96&d=mm&r=g\",\"contentUrl\":\"https:\/\/secure.gravatar.com\/avatar\/c4ca25fa72cace7a696b52ff5db9e095?s=96&d=mm&r=g\",\"caption\":\"hudo\"},\"url\":\"https:\/\/hudo.com\/si\/author\/hudo\/\"}]}<\/script>\n<!-- \/ Yoast SEO plugin. -->","yoast_head_json":{"title":"Poglejte si napovednik Ibrahimovi\u0107evega filma &#8220;Jaz sem Zlatan&#8221; (video) - Hudo Slovenija","robots":{"index":"index","follow":"follow","max-snippet":"max-snippet:-1","max-image-preview":"max-image-preview:large","max-video-preview":"max-video-preview:-1"},"canonical":"https:\/\/hudo.com\/si\/sport\/poglejte-si-napovednik-ibrahimovicevega-filma-jaz-sem-zlatan-video\/","og_locale":"sl_SI","og_type":"article","og_title":"Poglejte si napovednik Ibrahimovi\u0107evega filma &#8220;Jaz sem Zlatan&#8221; (video) - Hudo Slovenija","og_description":"\u0160vedski nogometni zvezdnik Zlatan Ibrahimovi\u0107 je na Twitterju objavil napovednik svojega filma z naslovom Jaz sem Zlatan, ki bo na velika platna pri\u0161el septembra.","og_url":"https:\/\/hudo.com\/si\/sport\/poglejte-si-napovednik-ibrahimovicevega-filma-jaz-sem-zlatan-video\/","og_site_name":"Hudo Slovenija","article_publisher":"https:\/\/www.facebook.com\/hudo.si","article_published_time":"2021-06-29T03:27:33+00:00","og_image":[{"width":1250,"height":835,"url":"https:\/\/hudo.com\/si\/wp-content\/uploads\/sites\/2\/2021\/06\/profimedia-0543070208.jpg","type":"image\/jpeg"}],"author":"hudo","twitter_card":"summary_large_image","twitter_creator":"@hudo_si","twitter_site":"@hudo_si","twitter_misc":{"Written by":"hudo","Est. reading time":"1 minuta"},"schema":{"@context":"https:\/\/schema.org","@graph":[{"@type":"Article","@id":"https:\/\/hudo.com\/si\/sport\/poglejte-si-napovednik-ibrahimovicevega-filma-jaz-sem-zlatan-video\/#article","isPartOf":{"@id":"https:\/\/hudo.com\/si\/sport\/poglejte-si-napovednik-ibrahimovicevega-filma-jaz-sem-zlatan-video\/"},"author":{"name":"hudo","@id":"https:\/\/hudo.com\/si\/#\/schema\/person\/601cf3379633985b20f7e50f2bb47707"},"headline":"Poglejte si napovednik Ibrahimovi\u0107evega filma &#8220;Jaz sem Zlatan&#8221; (video)","datePublished":"2021-06-29T03:27:33+00:00","dateModified":"2021-06-29T03:27:33+00:00","mainEntityOfPage":{"@id":"https:\/\/hudo.com\/si\/sport\/poglejte-si-napovednik-ibrahimovicevega-filma-jaz-sem-zlatan-video\/"},"wordCount":137,"publisher":{"@id":"https:\/\/hudo.com\/si\/#organization"},"keywords":["Jaz sem Zlatan","zlatan ibrahimovi\u0107"],"articleSection":["\u0160port"],"inLanguage":"sl-SI"},{"@type":"WebPage","@id":"https:\/\/hudo.com\/si\/sport\/poglejte-si-napovednik-ibrahimovicevega-filma-jaz-sem-zlatan-video\/","url":"https:\/\/hudo.com\/si\/sport\/poglejte-si-napovednik-ibrahimovicevega-filma-jaz-sem-zlatan-video\/","name":"Poglejte si napovednik Ibrahimovi\u0107evega filma &#8220;Jaz sem Zlatan&#8221; (video) - Hudo Slovenija","isPartOf":{"@id":"https:\/\/hudo.com\/si\/#website"},"datePublished":"2021-06-29T03:27:33+00:00","dateModified":"2021-06-29T03:27:33+00:00","breadcrumb":{"@id":"https:\/\/hudo.com\/si\/sport\/poglejte-si-napovednik-ibrahimovicevega-filma-jaz-sem-zlatan-video\/#breadcrumb"},"inLanguage":"sl-SI","potentialAction":[{"@type":"ReadAction","target":["https:\/\/hudo.com\/si\/sport\/poglejte-si-napovednik-ibrahimovicevega-filma-jaz-sem-zlatan-video\/"]}]},{"@type":"BreadcrumbList","@id":"https:\/\/hudo.com\/si\/sport\/poglejte-si-napovednik-ibrahimovicevega-filma-jaz-sem-zlatan-video\/#breadcrumb","itemListElement":[{"@type":"ListItem","position":1,"name":"Home","item":"https:\/\/hudo.com\/si\/"},{"@type":"ListItem","position":2,"name":"Poglejte si napovednik Ibrahimovi\u0107evega filma &#8220;Jaz sem Zlatan&#8221; (video)"}]},{"@type":"WebSite","@id":"https:\/\/hudo.com\/si\/#website","url":"https:\/\/hudo.com\/si\/","name":"Hudo Slovenija","description":"Vse novice iz Slovenije in sveta","publisher":{"@id":"https:\/\/hudo.com\/si\/#organization"},"potentialAction":[{"@type":"SearchAction","target":{"@type":"EntryPoint","urlTemplate":"https:\/\/hudo.com\/si\/?s={search_term_string}"},"query-input":"required name=search_term_string"}],"inLanguage":"sl-SI"},{"@type":"Organization","@id":"https:\/\/hudo.com\/si\/#organization","name":"VSN Media","url":"https:\/\/hudo.com\/si\/","logo":{"@type":"ImageObject","inLanguage":"sl-SI","@id":"https:\/\/hudo.com\/si\/#\/schema\/logo\/image\/","url":"https:\/\/hudo.com\/si\/wp-content\/uploads\/sites\/2\/2021\/03\/hudo-app-2.png","contentUrl":"https:\/\/hudo.com\/si\/wp-content\/uploads\/sites\/2\/2021\/03\/hudo-app-2.png","width":2185,"height":2167,"caption":"VSN Media"},"image":{"@id":"https:\/\/hudo.com\/si\/#\/schema\/logo\/image\/"},"sameAs":["https:\/\/www.facebook.com\/hudo.si","https:\/\/twitter.com\/hudo_si"]},{"@type":"Person","@id":"https:\/\/hudo.com\/si\/#\/schema\/person\/601cf3379633985b20f7e50f2bb47707","name":"hudo","image":{"@type":"ImageObject","inLanguage":"sl-SI","@id":"https:\/\/hudo.com\/si\/#\/schema\/person\/image\/","url":"https:\/\/secure.gravatar.com\/avatar\/c4ca25fa72cace7a696b52ff5db9e095?s=96&d=mm&r=g","contentUrl":"https:\/\/secure.gravatar.com\/avatar\/c4ca25fa72cace7a696b52ff5db9e095?s=96&d=mm&r=g","caption":"hudo"},"url":"https:\/\/hudo.com\/si\/author\/hudo\/"}]}},"amp_enabled":true,"_links":{"self":[{"href":"https:\/\/hudo.com\/si\/wp-json\/wp\/v2\/posts\/453773"}],"collection":[{"href":"https:\/\/hudo.com\/si\/wp-json\/wp\/v2\/posts"}],"about":[{"href":"https:\/\/hudo.com\/si\/wp-json\/wp\/v2\/types\/post"}],"author":[{"embeddable":true,"href":"https:\/\/hudo.com\/si\/wp-json\/wp\/v2\/users\/1"}],"replies":[{"embeddable":true,"href":"https:\/\/hudo.com\/si\/wp-json\/wp\/v2\/comments?post=453773"}],"version-history":[{"count":0,"href":"https:\/\/hudo.com\/si\/wp-json\/wp\/v2\/posts\/453773\/revisions"}],"wp:featuredmedia":[{"embeddable":true,"href":"https:\/\/hudo.com\/si\/wp-json\/wp\/v2\/media\/453774"}],"wp:attachment":[{"href":"https:\/\/hudo.com\/si\/wp-json\/wp\/v2\/media?parent=453773"}],"wp:term":[{"taxonomy":"category","embeddable":true,"href":"https:\/\/hudo.com\/si\/wp-json\/wp\/v2\/categories?post=453773"},{"taxonomy":"post_tag","embeddable":true,"href":"https:\/\/hudo.com\/si\/wp-json\/wp\/v2\/tags?post=453773"},{"taxonomy":"source","embeddable":true,"href":"https:\/\/hudo.com\/si\/wp-json\/wp\/v2\/source?post=453773"},{"taxonomy":"supertag","embeddable":true,"href":"https:\/\/hudo.com\/si\/wp-json\/wp\/v2\/supertag?post=453773"}],"curies":[{"name":"wp","href":"https:\/\/api.w.org\/{rel}","templated":true}]}}