{"id":453870,"date":"2021-06-30T13:20:32","date_gmt":"2021-06-30T11:20:32","guid":{"rendered":"https:\/\/hudo.com\/si\/?p=453870"},"modified":"2021-06-30T13:20:32","modified_gmt":"2021-06-30T11:20:32","slug":"vreme-pokazalo-zobe-na-ceskem-stevilni-ostali-brez-elektrike-v-nemciji-so-se-ceste-spremenile-v-reke-video","status":"publish","type":"post","link":"https:\/\/hudo.com\/si\/aktualno\/svet\/vreme-pokazalo-zobe-na-ceskem-stevilni-ostali-brez-elektrike-v-nemciji-so-se-ceste-spremenile-v-reke-video\/","title":{"rendered":"Vreme pokazalo zobe: na \u010ce\u0161kem \u0161tevilni ostali brez elektrike, v Nem\u010diji so se ceste spremenile v reke (Video)"},"content":{"rendered":"<p>Stuttgart je neurje s sunki vetra, ki so dosegali do 100 kilometrov na uro, prizadelo \u017ee v ponedeljek zve\u010der. Poplavljeni so bili \u0161tevilni predori podzemne \u017eeleznice, zaradi \u010desar je bil \u017eelezni\u0161ki promet delno ustavljen. \u0160kodo je med drugim utrpela tudi streha opere, kamor je poleg tega vdrla voda in posledi\u010dno so odpovedali eno od predstav.<\/p>\n<p>V Baden-W\u00fcrttembergu so podobne vremenske razmere prizadele \u0161e ve\u010d drugih mest, med drugim Reutlingen, kjer so se zvrstili \u0161tevilni klici na pomo\u010d zaradi to\u010de, in Altensteig, kjer je reka, ki je prestopila bregove, poplavila ve\u010d ulic.<\/p>\n<blockquote class=\"twitter-tweet\">\n<p dir=\"ltr\" lang=\"de\">Devastating hail shower in Rotweill B\u00f6singen \/ Germany!&#x1f62c; &#x1f1e9;&#x1f1ea; <a href=\"https:\/\/twitter.com\/spann?ref_src=twsrc%5Etfw\">@spann<\/a> &#x1f4f7;RF Bolanz <a href=\"https:\/\/t.co\/ApfxEpmUUM\">pic.twitter.com\/ApfxEpmUUM<\/a><\/p>\n<p>\u2014 Michael vd Poel&#x2600;&#xfe0f;&#x2744;&#xfe0f; (@WeermanMichael) <a href=\"https:\/\/twitter.com\/WeermanMichael\/status\/1409609380471914496?ref_src=twsrc%5Etfw\">June 28, 2021<\/a><\/p><\/blockquote>\n<p><div class=\"embed-notice\">Za ogled vstavljene vsebine morate omogo\u010diti <a href=\"#\" onclick=\"Optanon.ToggleInfoDisplay()\">shranjevanje pi\u0161kotkov v napravi<\/a><\/div><script async type=\"text\/plain\" class=\"optanon-category-C0002-C0003-C0004\" optanon-src=\"https:\/\/platform.twitter.com\/widgets.js\" charset=\"utf-8\"><\/script><\/p>\n<p>Ve\u010d videoposnetkov, ki so zakro\u017eili po nem\u0161kih medijih, na obmo\u010dju Schwarzwalda prikazuje mini tornade in avtomobile, ki vozijo po ve\u010d centimetrih vode.<\/p>\n<blockquote class=\"twitter-tweet\">\n<p dir=\"ltr\" lang=\"en\">While the threat for severe weather can lessen on Wednesday, storms are forecast to spread to northern Germany and bring times of heavy rainfall: <a href=\"https:\/\/t.co\/2Z3T8SmD9y\">https:\/\/t.co\/2Z3T8SmD9y<\/a> <a href=\"https:\/\/t.co\/jdSIq0Dwvi\">pic.twitter.com\/jdSIq0Dwvi<\/a><\/p>\n<p>\u2014 Breaking Weather by AccuWeather (@breakingweather) <a href=\"https:\/\/twitter.com\/breakingweather\/status\/1410171506320101378?ref_src=twsrc%5Etfw\">June 30, 2021<\/a><\/p><\/blockquote>\n<p><div class=\"embed-notice\">Za ogled vstavljene vsebine morate omogo\u010diti <a href=\"#\" onclick=\"Optanon.ToggleInfoDisplay()\">shranjevanje pi\u0161kotkov v napravi<\/a><\/div><script async type=\"text\/plain\" class=\"optanon-category-C0002-C0003-C0004\" optanon-src=\"https:\/\/platform.twitter.com\/widgets.js\" charset=\"utf-8\"><\/script><\/p>\n<p>Neurje je \u017ee v ponedeljek prizadelo tudi Bavarsko, Porenje-Pfal\u0161ko in Severno Porenje-Vestfalijo, kjer so prav tako zaradi poplavljenih kleti morali velikokrat posredovati gasilci.<\/p>\n<p>V torek zve\u010der se je neurje z obilnimi padavinami znova zgrnilo nad dele Nem\u010dije in tako na Bavarskem kot v Baden-W\u00fcrttembergu so bile v ve\u010dernih urah prekinjene \u0161tevilne \u017eelezni\u0161ke povezave. Iz bavarskega mesta Landshut poro\u010dajo o delno poplavljenih ulic in kleteh.<\/p>\n<p>Samo v Frankfurtu v zvezni de\u017eeli Hessen so v dveh urah gasilci prejeli ve\u010d kot 600 klicev. Voda je zalivala kleti in gara\u017ee ter podvoze. Vlaki in avtobusi so v ve\u010d delih mesta za\u010dasno obstali, poro\u010da nem\u0161ka tiskovna agencija dpa.<\/p>\n<p>Neurje je znova zajelo tudi Severno Porenje-Vestfalijo, od koder iz mesta Bochum poro\u010dajo, da je voda v kleteh segala do stropa.<\/p>\n<p>Tudi dele Francije je \u017ee v ponedeljek prizadelo neurje. V departmaju Vogezi na severovzhodu dr\u017eave je ponekod padlo ve\u010d deset centimetrov to\u010de, zaradi \u010desar so morali uporabiti celo sne\u017ene pluge. Francoski meteorolo\u0161ki urad je za ves severovzhod dr\u017eave izdal oran\u017eno opozorilo.<\/p>\n<p>Podobno vreme s to\u010do je prizadelo tudi \u0160vico, poro\u010da francoska tiskovna agencija AFP.<\/p>\n<h2>Po neurjih na \u010ce\u0161kem \u0161tevilni ostali brez elektrike<\/h2>\n<div class=\"lead\">\n<p>Tudi nad \u010ce\u0161ko so se v sredo zve\u010der razbesnela mo\u010dna neurja, ki so povzro\u010dila obse\u017eno \u0161kodo in tudi obse\u017ene izpade oskrbe z elektriko. Kot poro\u010da nem\u0161ka tiskovna agencija dpa, je brez elektrike ostalo okoli 145.000 gospodinjstev. Gasilci so morali zaradi podrtega drevja in zalitih kleti posredovati ve\u010d stokrat, velike te\u017eave pa so bile tudi v prometu.<\/p>\n<\/div>\n<div class=\"fotos\" data-nid=\"2917935\">\n<div>\n<div class=\"foto w3h2\" data-eng=\"false\">\n<p>Neurje je sicer polomilo in izruvalo \u0161tevilna drevesa, ki so padla tudi na ceste in tire. Ve\u010d deset \u017eelezni\u0161kih povezav je bilo prekinjenih. Za ve\u010d ur je bila zaprta tudi glavna avtocesta med Prago in Brnom.<\/p>\n<p>V mestu Liberec je strela udarila v hi\u0161o. Pet ljudi so odpeljali v bolni\u0161nico. V mestu Pardubice je drevo padlo na kolesarja in ga hudo po\u0161kodovalo.<\/p>\n<p>To je novo neurje, ki je prizadelo \u010ce\u0161ko po le nekaj dneh. V no\u010di na petek je na jugovzhodu dr\u017eave na meji z Avstrijo divjal celo tornado. Pri tem je bilo ubitih \u0161est ljudi, po\u0161kodovanih pa ve\u010d sto. Po\u0161kodovanih je bilo tudi okoli 1200 stavb, od tega 115 tako mo\u010dno, da jih bo treba podreti, \u0161e navaja dpa.<\/p>\n<\/div>\n<\/div>\n<\/div>\n","protected":false},"excerpt":{"rendered":"<p>Dele Nem\u010dije je v torek zve\u010der prizadelo silovito neurje z obilnimi padavinami in mo\u010dnim vetrom, ki je povzro\u010dilo precej\u0161njo \u0161kodo in za\u010dasno ohromilo \u017eelezni\u0161ki promet. Podobno kot \u017ee v ponedeljek zve\u010der sta bili med prizadetimi zvezni de\u017eeli Bavarska in Baden-W\u00fcrttemberg. O neurjih so poro\u010dali tudi iz \u0160vice in vzhoda Francije.<\/p>\n","protected":false},"author":5,"featured_media":453871,"comment_status":"closed","ping_status":"closed","sticky":false,"template":"","format":"standard","meta":{"footnotes":""},"categories":[18202],"tags":[3758,2018,3628,2149],"source":[4511],"supertag":[12922],"acf":[],"yoast_head":"<!-- This site is optimized with the Yoast SEO plugin v21.3 - https:\/\/yoast.com\/wordpress\/plugins\/seo\/ -->\n<title>Vreme pokazalo zobe: na \u010ce\u0161kem \u0161tevilni ostali brez elektrike, v Nem\u010diji so se ceste spremenile v reke (Video) - Hudo Slovenija<\/title>\n<meta name=\"robots\" content=\"index, follow, max-snippet:-1, max-image-preview:large, max-video-preview:-1\" \/>\n<link rel=\"canonical\" href=\"https:\/\/hudo.com\/si\/aktualno\/svet\/vreme-pokazalo-zobe-na-ceskem-stevilni-ostali-brez-elektrike-v-nemciji-so-se-ceste-spremenile-v-reke-video\/\" \/>\n<meta property=\"og:locale\" content=\"sl_SI\" \/>\n<meta property=\"og:type\" content=\"article\" \/>\n<meta property=\"og:title\" content=\"Vreme pokazalo zobe: na \u010ce\u0161kem \u0161tevilni ostali brez elektrike, v Nem\u010diji so se ceste spremenile v reke (Video) - Hudo Slovenija\" \/>\n<meta property=\"og:description\" content=\"Dele Nem\u010dije je v torek zve\u010der prizadelo silovito neurje z obilnimi padavinami in mo\u010dnim vetrom, ki je povzro\u010dilo precej\u0161njo \u0161kodo in za\u010dasno ohromilo \u017eelezni\u0161ki promet. Podobno kot \u017ee v ponedeljek zve\u010der sta bili med prizadetimi zvezni de\u017eeli Bavarska in Baden-W\u00fcrttemberg. O neurjih so poro\u010dali tudi iz \u0160vice in vzhoda Francije.\" \/>\n<meta property=\"og:url\" content=\"https:\/\/hudo.com\/si\/aktualno\/svet\/vreme-pokazalo-zobe-na-ceskem-stevilni-ostali-brez-elektrike-v-nemciji-so-se-ceste-spremenile-v-reke-video\/\" \/>\n<meta property=\"og:site_name\" content=\"Hudo Slovenija\" \/>\n<meta property=\"article:publisher\" content=\"https:\/\/www.facebook.com\/hudo.si\" \/>\n<meta property=\"article:published_time\" content=\"2021-06-30T11:20:32+00:00\" \/>\n<meta property=\"og:image\" content=\"https:\/\/hudo.com\/si\/wp-content\/uploads\/sites\/2\/2021\/06\/profimedia-0618703713.jpg\" \/>\n\t<meta property=\"og:image:width\" content=\"1250\" \/>\n\t<meta property=\"og:image:height\" content=\"861\" \/>\n\t<meta property=\"og:image:type\" content=\"image\/jpeg\" \/>\n<meta name=\"author\" content=\"A. G., STA\" \/>\n<meta name=\"twitter:card\" content=\"summary_large_image\" \/>\n<meta name=\"twitter:creator\" content=\"@hudo_si\" \/>\n<meta name=\"twitter:site\" content=\"@hudo_si\" \/>\n<meta name=\"twitter:label1\" content=\"Written by\" \/>\n\t<meta name=\"twitter:data1\" content=\"A. G., STA\" \/>\n\t<meta name=\"twitter:label2\" content=\"Est. reading time\" \/>\n\t<meta name=\"twitter:data2\" content=\"3 minute\" \/>\n<script type=\"application\/ld+json\" class=\"yoast-schema-graph\">{\"@context\":\"https:\/\/schema.org\",\"@graph\":[{\"@type\":\"Article\",\"@id\":\"https:\/\/hudo.com\/si\/aktualno\/svet\/vreme-pokazalo-zobe-na-ceskem-stevilni-ostali-brez-elektrike-v-nemciji-so-se-ceste-spremenile-v-reke-video\/#article\",\"isPartOf\":{\"@id\":\"https:\/\/hudo.com\/si\/aktualno\/svet\/vreme-pokazalo-zobe-na-ceskem-stevilni-ostali-brez-elektrike-v-nemciji-so-se-ceste-spremenile-v-reke-video\/\"},\"author\":{\"name\":\"A. G., STA\",\"@id\":\"https:\/\/hudo.com\/si\/#\/schema\/person\/2391667a63ea075ba94f2f2dc6b77537\"},\"headline\":\"Vreme pokazalo zobe: na \u010ce\u0161kem \u0161tevilni ostali brez elektrike, v Nem\u010diji so se ceste spremenile v reke (Video)\",\"datePublished\":\"2021-06-30T11:20:32+00:00\",\"dateModified\":\"2021-06-30T11:20:32+00:00\",\"mainEntityOfPage\":{\"@id\":\"https:\/\/hudo.com\/si\/aktualno\/svet\/vreme-pokazalo-zobe-na-ceskem-stevilni-ostali-brez-elektrike-v-nemciji-so-se-ceste-spremenile-v-reke-video\/\"},\"wordCount\":620,\"publisher\":{\"@id\":\"https:\/\/hudo.com\/si\/#organization\"},\"keywords\":[\"\u010de\u0161ka\",\"francija\",\"nem\u010dija\",\"vreme\"],\"articleSection\":[\"Svet\"],\"inLanguage\":\"sl-SI\"},{\"@type\":\"WebPage\",\"@id\":\"https:\/\/hudo.com\/si\/aktualno\/svet\/vreme-pokazalo-zobe-na-ceskem-stevilni-ostali-brez-elektrike-v-nemciji-so-se-ceste-spremenile-v-reke-video\/\",\"url\":\"https:\/\/hudo.com\/si\/aktualno\/svet\/vreme-pokazalo-zobe-na-ceskem-stevilni-ostali-brez-elektrike-v-nemciji-so-se-ceste-spremenile-v-reke-video\/\",\"name\":\"Vreme pokazalo zobe: na \u010ce\u0161kem \u0161tevilni ostali brez elektrike, v Nem\u010diji so se ceste spremenile v reke (Video) - Hudo Slovenija\",\"isPartOf\":{\"@id\":\"https:\/\/hudo.com\/si\/#website\"},\"datePublished\":\"2021-06-30T11:20:32+00:00\",\"dateModified\":\"2021-06-30T11:20:32+00:00\",\"breadcrumb\":{\"@id\":\"https:\/\/hudo.com\/si\/aktualno\/svet\/vreme-pokazalo-zobe-na-ceskem-stevilni-ostali-brez-elektrike-v-nemciji-so-se-ceste-spremenile-v-reke-video\/#breadcrumb\"},\"inLanguage\":\"sl-SI\",\"potentialAction\":[{\"@type\":\"ReadAction\",\"target\":[\"https:\/\/hudo.com\/si\/aktualno\/svet\/vreme-pokazalo-zobe-na-ceskem-stevilni-ostali-brez-elektrike-v-nemciji-so-se-ceste-spremenile-v-reke-video\/\"]}]},{\"@type\":\"BreadcrumbList\",\"@id\":\"https:\/\/hudo.com\/si\/aktualno\/svet\/vreme-pokazalo-zobe-na-ceskem-stevilni-ostali-brez-elektrike-v-nemciji-so-se-ceste-spremenile-v-reke-video\/#breadcrumb\",\"itemListElement\":[{\"@type\":\"ListItem\",\"position\":1,\"name\":\"Home\",\"item\":\"https:\/\/hudo.com\/si\/\"},{\"@type\":\"ListItem\",\"position\":2,\"name\":\"Vreme pokazalo zobe: na \u010ce\u0161kem \u0161tevilni ostali brez elektrike, v Nem\u010diji so se ceste spremenile v reke (Video)\"}]},{\"@type\":\"WebSite\",\"@id\":\"https:\/\/hudo.com\/si\/#website\",\"url\":\"https:\/\/hudo.com\/si\/\",\"name\":\"Hudo Slovenija\",\"description\":\"Vse novice iz Slovenije in sveta\",\"publisher\":{\"@id\":\"https:\/\/hudo.com\/si\/#organization\"},\"potentialAction\":[{\"@type\":\"SearchAction\",\"target\":{\"@type\":\"EntryPoint\",\"urlTemplate\":\"https:\/\/hudo.com\/si\/?s={search_term_string}\"},\"query-input\":\"required name=search_term_string\"}],\"inLanguage\":\"sl-SI\"},{\"@type\":\"Organization\",\"@id\":\"https:\/\/hudo.com\/si\/#organization\",\"name\":\"VSN Media\",\"url\":\"https:\/\/hudo.com\/si\/\",\"logo\":{\"@type\":\"ImageObject\",\"inLanguage\":\"sl-SI\",\"@id\":\"https:\/\/hudo.com\/si\/#\/schema\/logo\/image\/\",\"url\":\"https:\/\/hudo.com\/si\/wp-content\/uploads\/sites\/2\/2021\/03\/hudo-app-2.png\",\"contentUrl\":\"https:\/\/hudo.com\/si\/wp-content\/uploads\/sites\/2\/2021\/03\/hudo-app-2.png\",\"width\":2185,\"height\":2167,\"caption\":\"VSN Media\"},\"image\":{\"@id\":\"https:\/\/hudo.com\/si\/#\/schema\/logo\/image\/\"},\"sameAs\":[\"https:\/\/www.facebook.com\/hudo.si\",\"https:\/\/twitter.com\/hudo_si\"]},{\"@type\":\"Person\",\"@id\":\"https:\/\/hudo.com\/si\/#\/schema\/person\/2391667a63ea075ba94f2f2dc6b77537\",\"name\":\"A. G., STA\",\"image\":{\"@type\":\"ImageObject\",\"inLanguage\":\"sl-SI\",\"@id\":\"https:\/\/hudo.com\/si\/#\/schema\/person\/image\/\",\"url\":\"https:\/\/secure.gravatar.com\/avatar\/e13d22ac3e442658d5025fbbe6238a79?s=96&d=mm&r=g\",\"contentUrl\":\"https:\/\/secure.gravatar.com\/avatar\/e13d22ac3e442658d5025fbbe6238a79?s=96&d=mm&r=g\",\"caption\":\"A. G., STA\"},\"url\":\"https:\/\/hudo.com\/si\/author\/alenka\/\"}]}<\/script>\n<!-- \/ Yoast SEO plugin. -->","yoast_head_json":{"title":"Vreme pokazalo zobe: na \u010ce\u0161kem \u0161tevilni ostali brez elektrike, v Nem\u010diji so se ceste spremenile v reke (Video) - Hudo Slovenija","robots":{"index":"index","follow":"follow","max-snippet":"max-snippet:-1","max-image-preview":"max-image-preview:large","max-video-preview":"max-video-preview:-1"},"canonical":"https:\/\/hudo.com\/si\/aktualno\/svet\/vreme-pokazalo-zobe-na-ceskem-stevilni-ostali-brez-elektrike-v-nemciji-so-se-ceste-spremenile-v-reke-video\/","og_locale":"sl_SI","og_type":"article","og_title":"Vreme pokazalo zobe: na \u010ce\u0161kem \u0161tevilni ostali brez elektrike, v Nem\u010diji so se ceste spremenile v reke (Video) - Hudo Slovenija","og_description":"Dele Nem\u010dije je v torek zve\u010der prizadelo silovito neurje z obilnimi padavinami in mo\u010dnim vetrom, ki je povzro\u010dilo precej\u0161njo \u0161kodo in za\u010dasno ohromilo \u017eelezni\u0161ki promet. Podobno kot \u017ee v ponedeljek zve\u010der sta bili med prizadetimi zvezni de\u017eeli Bavarska in Baden-W\u00fcrttemberg. O neurjih so poro\u010dali tudi iz \u0160vice in vzhoda Francije.","og_url":"https:\/\/hudo.com\/si\/aktualno\/svet\/vreme-pokazalo-zobe-na-ceskem-stevilni-ostali-brez-elektrike-v-nemciji-so-se-ceste-spremenile-v-reke-video\/","og_site_name":"Hudo Slovenija","article_publisher":"https:\/\/www.facebook.com\/hudo.si","article_published_time":"2021-06-30T11:20:32+00:00","og_image":[{"width":1250,"height":861,"url":"https:\/\/hudo.com\/si\/wp-content\/uploads\/sites\/2\/2021\/06\/profimedia-0618703713.jpg","type":"image\/jpeg"}],"author":"A. G., STA","twitter_card":"summary_large_image","twitter_creator":"@hudo_si","twitter_site":"@hudo_si","twitter_misc":{"Written by":"A. G., STA","Est. reading time":"3 minute"},"schema":{"@context":"https:\/\/schema.org","@graph":[{"@type":"Article","@id":"https:\/\/hudo.com\/si\/aktualno\/svet\/vreme-pokazalo-zobe-na-ceskem-stevilni-ostali-brez-elektrike-v-nemciji-so-se-ceste-spremenile-v-reke-video\/#article","isPartOf":{"@id":"https:\/\/hudo.com\/si\/aktualno\/svet\/vreme-pokazalo-zobe-na-ceskem-stevilni-ostali-brez-elektrike-v-nemciji-so-se-ceste-spremenile-v-reke-video\/"},"author":{"name":"A. G., STA","@id":"https:\/\/hudo.com\/si\/#\/schema\/person\/2391667a63ea075ba94f2f2dc6b77537"},"headline":"Vreme pokazalo zobe: na \u010ce\u0161kem \u0161tevilni ostali brez elektrike, v Nem\u010diji so se ceste spremenile v reke (Video)","datePublished":"2021-06-30T11:20:32+00:00","dateModified":"2021-06-30T11:20:32+00:00","mainEntityOfPage":{"@id":"https:\/\/hudo.com\/si\/aktualno\/svet\/vreme-pokazalo-zobe-na-ceskem-stevilni-ostali-brez-elektrike-v-nemciji-so-se-ceste-spremenile-v-reke-video\/"},"wordCount":620,"publisher":{"@id":"https:\/\/hudo.com\/si\/#organization"},"keywords":["\u010de\u0161ka","francija","nem\u010dija","vreme"],"articleSection":["Svet"],"inLanguage":"sl-SI"},{"@type":"WebPage","@id":"https:\/\/hudo.com\/si\/aktualno\/svet\/vreme-pokazalo-zobe-na-ceskem-stevilni-ostali-brez-elektrike-v-nemciji-so-se-ceste-spremenile-v-reke-video\/","url":"https:\/\/hudo.com\/si\/aktualno\/svet\/vreme-pokazalo-zobe-na-ceskem-stevilni-ostali-brez-elektrike-v-nemciji-so-se-ceste-spremenile-v-reke-video\/","name":"Vreme pokazalo zobe: na \u010ce\u0161kem \u0161tevilni ostali brez elektrike, v Nem\u010diji so se ceste spremenile v reke (Video) - Hudo Slovenija","isPartOf":{"@id":"https:\/\/hudo.com\/si\/#website"},"datePublished":"2021-06-30T11:20:32+00:00","dateModified":"2021-06-30T11:20:32+00:00","breadcrumb":{"@id":"https:\/\/hudo.com\/si\/aktualno\/svet\/vreme-pokazalo-zobe-na-ceskem-stevilni-ostali-brez-elektrike-v-nemciji-so-se-ceste-spremenile-v-reke-video\/#breadcrumb"},"inLanguage":"sl-SI","potentialAction":[{"@type":"ReadAction","target":["https:\/\/hudo.com\/si\/aktualno\/svet\/vreme-pokazalo-zobe-na-ceskem-stevilni-ostali-brez-elektrike-v-nemciji-so-se-ceste-spremenile-v-reke-video\/"]}]},{"@type":"BreadcrumbList","@id":"https:\/\/hudo.com\/si\/aktualno\/svet\/vreme-pokazalo-zobe-na-ceskem-stevilni-ostali-brez-elektrike-v-nemciji-so-se-ceste-spremenile-v-reke-video\/#breadcrumb","itemListElement":[{"@type":"ListItem","position":1,"name":"Home","item":"https:\/\/hudo.com\/si\/"},{"@type":"ListItem","position":2,"name":"Vreme pokazalo zobe: na \u010ce\u0161kem \u0161tevilni ostali brez elektrike, v Nem\u010diji so se ceste spremenile v reke (Video)"}]},{"@type":"WebSite","@id":"https:\/\/hudo.com\/si\/#website","url":"https:\/\/hudo.com\/si\/","name":"Hudo Slovenija","description":"Vse novice iz Slovenije in sveta","publisher":{"@id":"https:\/\/hudo.com\/si\/#organization"},"potentialAction":[{"@type":"SearchAction","target":{"@type":"EntryPoint","urlTemplate":"https:\/\/hudo.com\/si\/?s={search_term_string}"},"query-input":"required name=search_term_string"}],"inLanguage":"sl-SI"},{"@type":"Organization","@id":"https:\/\/hudo.com\/si\/#organization","name":"VSN Media","url":"https:\/\/hudo.com\/si\/","logo":{"@type":"ImageObject","inLanguage":"sl-SI","@id":"https:\/\/hudo.com\/si\/#\/schema\/logo\/image\/","url":"https:\/\/hudo.com\/si\/wp-content\/uploads\/sites\/2\/2021\/03\/hudo-app-2.png","contentUrl":"https:\/\/hudo.com\/si\/wp-content\/uploads\/sites\/2\/2021\/03\/hudo-app-2.png","width":2185,"height":2167,"caption":"VSN Media"},"image":{"@id":"https:\/\/hudo.com\/si\/#\/schema\/logo\/image\/"},"sameAs":["https:\/\/www.facebook.com\/hudo.si","https:\/\/twitter.com\/hudo_si"]},{"@type":"Person","@id":"https:\/\/hudo.com\/si\/#\/schema\/person\/2391667a63ea075ba94f2f2dc6b77537","name":"A. G., STA","image":{"@type":"ImageObject","inLanguage":"sl-SI","@id":"https:\/\/hudo.com\/si\/#\/schema\/person\/image\/","url":"https:\/\/secure.gravatar.com\/avatar\/e13d22ac3e442658d5025fbbe6238a79?s=96&d=mm&r=g","contentUrl":"https:\/\/secure.gravatar.com\/avatar\/e13d22ac3e442658d5025fbbe6238a79?s=96&d=mm&r=g","caption":"A. G., STA"},"url":"https:\/\/hudo.com\/si\/author\/alenka\/"}]}},"amp_enabled":true,"_links":{"self":[{"href":"https:\/\/hudo.com\/si\/wp-json\/wp\/v2\/posts\/453870"}],"collection":[{"href":"https:\/\/hudo.com\/si\/wp-json\/wp\/v2\/posts"}],"about":[{"href":"https:\/\/hudo.com\/si\/wp-json\/wp\/v2\/types\/post"}],"author":[{"embeddable":true,"href":"https:\/\/hudo.com\/si\/wp-json\/wp\/v2\/users\/5"}],"replies":[{"embeddable":true,"href":"https:\/\/hudo.com\/si\/wp-json\/wp\/v2\/comments?post=453870"}],"version-history":[{"count":1,"href":"https:\/\/hudo.com\/si\/wp-json\/wp\/v2\/posts\/453870\/revisions"}],"predecessor-version":[{"id":453872,"href":"https:\/\/hudo.com\/si\/wp-json\/wp\/v2\/posts\/453870\/revisions\/453872"}],"wp:featuredmedia":[{"embeddable":true,"href":"https:\/\/hudo.com\/si\/wp-json\/wp\/v2\/media\/453871"}],"wp:attachment":[{"href":"https:\/\/hudo.com\/si\/wp-json\/wp\/v2\/media?parent=453870"}],"wp:term":[{"taxonomy":"category","embeddable":true,"href":"https:\/\/hudo.com\/si\/wp-json\/wp\/v2\/categories?post=453870"},{"taxonomy":"post_tag","embeddable":true,"href":"https:\/\/hudo.com\/si\/wp-json\/wp\/v2\/tags?post=453870"},{"taxonomy":"source","embeddable":true,"href":"https:\/\/hudo.com\/si\/wp-json\/wp\/v2\/source?post=453870"},{"taxonomy":"supertag","embeddable":true,"href":"https:\/\/hudo.com\/si\/wp-json\/wp\/v2\/supertag?post=453870"}],"curies":[{"name":"wp","href":"https:\/\/api.w.org\/{rel}","templated":true}]}}