{"id":453887,"date":"2021-06-30T18:24:58","date_gmt":"2021-06-30T16:24:58","guid":{"rendered":"https:\/\/hudo.com\/si\/?p=453887"},"modified":"2021-06-30T18:24:58","modified_gmt":"2021-06-30T16:24:58","slug":"jansa-ce-se-ne-bomo-cepili-bodo-sole-in-vrtci-jeseni-zaprti","status":"publish","type":"post","link":"https:\/\/hudo.com\/si\/aktualno\/slovenija\/jansa-ce-se-ne-bomo-cepili-bodo-sole-in-vrtci-jeseni-zaprti\/","title":{"rendered":"Jan\u0161a: \u010ce se ne bomo cepili, bodo \u0161ole in vrtci jeseni zaprti"},"content":{"rendered":"<p>Spregovoril je o delta razli\u010dici koronavirusa, saj po njegovih besedah ni vpra\u0161anje, \u010de bo pri\u0161la, pa\u010d pa je samo vpra\u0161anje, kdaj in kako intenzivno. &#8220;Imamo odgovor nanjo in to je cepljenje,&#8221; je opozoril. &#8220;Po tem, kar se dogaja v Veliki Britaniji, ki ima enega najvi\u0161jih odstotkov precepljenosti, hkrati pa najve\u010d delta variante, ne govorimo ve\u010d o odstotkih, govorimo o tem, da se moramo cepiti vsi,&#8221; je \u0161e dejal Jan\u0161a.<\/p>\n<p>Dotaknil se je tudi predsedovanja Svetu EU, ki ga bo Slovenija prevzela v \u010detrtek. Dejal je, da se bo vlada kljub predsedovanju organizirala tako, da bo tudi v prihodnjih \u0161estih mesecih obiskovala slovenske regije in skrbela za to, da bodo sredstva, ki so zdaj na voljo tudi z evropskih skladov, pravi\u010dno in u\u010dinkovito investirana ter porazdeljena. &#8220;Obisk vlade v regiji v \u010dasu prevzema predsedovanja je simboli\u010dni pokazatelj, da ta vlada tudi v \u010dasu predsedovanja ne bo pozabila na Slovenijo,&#8221; je \u0161e napovedal.<\/p>\n<p>Ob tem je poudaril, da ima vzhodna regija, katere del je tudi Podravje, v naslednjih sedmih letih na voljo 400 milijonov evrov ve\u010d sredstev za investicije kot v prej\u0161njih sedmih letih. &#8220;Maribor lahko ra\u010duna v prihodnjih letih na znatne finan\u010dne injekcije, tudi v tiste dejavnosti, ki delovnih mest ne ustvarijo \u010dez no\u010d, ampak so podlaga za to, da lahko gospodarstvo napreduje, se razvija in dobiva kvalitetne kadre, ki poganjajo razvoj naprej.&#8221;<\/p>\n<p>V pogovoru se je dotaknil tudi vpra\u0161anja Nove Kreditne banke Maribor (NKBM) in morebitnega prenosa sede\u017ea v Ljubljano. &#8220;Vlada bo naredila vse, da sede\u017e ostane v Mariboru, kamor sodi. Stopili bomo v stik z lastniki in jih prepri\u010dali, da Slovenija ni samo Ljubljana, da je na\u010drt te vlade, da Slovenijo decentralizira,&#8221; je \u0161e dejal.<\/p>\n<p>Premier Jan\u0161a je sicer danes med drugim obiskal tudi Ormo\u017e, kjer se je sestal s tamkaj\u0161njim \u017eupanom Danijelom Vrbnjakom. Opozoril je, da se ob\u010dina Ormo\u017e soo\u010da z velikimi gospodarskimi in socialnimi problemi, ve\u010d ali manj razvojno stagnira, vendar ima razvojne prilo\u017enosti za razvoj gospodarstva.<\/p>\n<p>&#8220;Tu so investicije, ki prihajajo iz razli\u010dnih virov, iz dr\u017eavnega in evropskega, v naslednjih letih pa bodo zagotovile dovolj sredstev, tako da se bo gospodarski zagon bistveno pospe\u0161il, da bo ve\u010d dobro pla\u010danih delovnih mest,&#8221; je dejal premier. &#8220;Toliko investicij, kot jih bo v naslednjih letih, v Ormo\u017eu doslej \u0161e ni bilo,&#8221; je dodal.<\/p>\n","protected":false},"excerpt":{"rendered":"<p>Predsednik vlade Janez Jan\u0161a je ob regijskem obisku v Podravju v pogovoru za Radio City znova pozval k cepljenju proti covidu-19. &#8220;\u010ce se bomo cepili, bodo jeseni \u0161ole in vrtci odprti, \u010de pa se ne bomo, ne bodo odprti in bomo spet pla\u010devali ceno,&#8221; je opozoril. Spregovoril je tudi o predsedovanju Svetu EU in investicijah v podravski regiji.<\/p>\n","protected":false},"author":5,"featured_media":451906,"comment_status":"closed","ping_status":"closed","sticky":false,"template":"","format":"standard","meta":{"footnotes":""},"categories":[18201],"tags":[18878,5845,15632,4900],"source":[4511],"supertag":[],"acf":[],"yoast_head":"<!-- This site is optimized with the Yoast SEO plugin v21.3 - https:\/\/yoast.com\/wordpress\/plugins\/seo\/ -->\n<title>Jan\u0161a: \u010ce se ne bomo cepili, bodo \u0161ole in vrtci jeseni zaprti - Hudo Slovenija<\/title>\n<meta name=\"robots\" content=\"index, follow, max-snippet:-1, max-image-preview:large, max-video-preview:-1\" \/>\n<link rel=\"canonical\" href=\"https:\/\/hudo.com\/si\/aktualno\/slovenija\/jansa-ce-se-ne-bomo-cepili-bodo-sole-in-vrtci-jeseni-zaprti\/\" \/>\n<meta property=\"og:locale\" content=\"sl_SI\" \/>\n<meta property=\"og:type\" content=\"article\" \/>\n<meta property=\"og:title\" content=\"Jan\u0161a: \u010ce se ne bomo cepili, bodo \u0161ole in vrtci jeseni zaprti - Hudo Slovenija\" \/>\n<meta property=\"og:description\" content=\"Predsednik vlade Janez Jan\u0161a je ob regijskem obisku v Podravju v pogovoru za Radio City znova pozval k cepljenju proti covidu-19. &quot;\u010ce se bomo cepili, bodo jeseni \u0161ole in vrtci odprti, \u010de pa se ne bomo, ne bodo odprti in bomo spet pla\u010devali ceno,&quot; je opozoril. Spregovoril je tudi o predsedovanju Svetu EU in investicijah v podravski regiji.\" \/>\n<meta property=\"og:url\" content=\"https:\/\/hudo.com\/si\/aktualno\/slovenija\/jansa-ce-se-ne-bomo-cepili-bodo-sole-in-vrtci-jeseni-zaprti\/\" \/>\n<meta property=\"og:site_name\" content=\"Hudo Slovenija\" \/>\n<meta property=\"article:publisher\" content=\"https:\/\/www.facebook.com\/hudo.si\" \/>\n<meta property=\"article:published_time\" content=\"2021-06-30T16:24:58+00:00\" \/>\n<meta property=\"og:image\" content=\"https:\/\/hudo.com\/si\/wp-content\/uploads\/sites\/2\/2021\/05\/profimedia-0612466656.jpg\" \/>\n\t<meta property=\"og:image:width\" content=\"1250\" \/>\n\t<meta property=\"og:image:height\" content=\"833\" \/>\n\t<meta property=\"og:image:type\" content=\"image\/jpeg\" \/>\n<meta name=\"author\" content=\"A. G., STA\" \/>\n<meta name=\"twitter:card\" content=\"summary_large_image\" \/>\n<meta name=\"twitter:creator\" content=\"@hudo_si\" \/>\n<meta name=\"twitter:site\" content=\"@hudo_si\" \/>\n<meta name=\"twitter:label1\" content=\"Written by\" \/>\n\t<meta name=\"twitter:data1\" content=\"A. G., STA\" \/>\n\t<meta name=\"twitter:label2\" content=\"Est. reading time\" \/>\n\t<meta name=\"twitter:data2\" content=\"2 minuti\" \/>\n<script type=\"application\/ld+json\" class=\"yoast-schema-graph\">{\"@context\":\"https:\/\/schema.org\",\"@graph\":[{\"@type\":\"Article\",\"@id\":\"https:\/\/hudo.com\/si\/aktualno\/slovenija\/jansa-ce-se-ne-bomo-cepili-bodo-sole-in-vrtci-jeseni-zaprti\/#article\",\"isPartOf\":{\"@id\":\"https:\/\/hudo.com\/si\/aktualno\/slovenija\/jansa-ce-se-ne-bomo-cepili-bodo-sole-in-vrtci-jeseni-zaprti\/\"},\"author\":{\"name\":\"A. G., STA\",\"@id\":\"https:\/\/hudo.com\/si\/#\/schema\/person\/2391667a63ea075ba94f2f2dc6b77537\"},\"headline\":\"Jan\u0161a: \u010ce se ne bomo cepili, bodo \u0161ole in vrtci jeseni zaprti\",\"datePublished\":\"2021-06-30T16:24:58+00:00\",\"dateModified\":\"2021-06-30T16:24:58+00:00\",\"mainEntityOfPage\":{\"@id\":\"https:\/\/hudo.com\/si\/aktualno\/slovenija\/jansa-ce-se-ne-bomo-cepili-bodo-sole-in-vrtci-jeseni-zaprti\/\"},\"wordCount\":412,\"publisher\":{\"@id\":\"https:\/\/hudo.com\/si\/#organization\"},\"keywords\":[\"cepljenje otrok proti covid-19\",\"janez jan\u0161a\",\"koronavirus\",\"\u0161ola\"],\"articleSection\":[\"Slovenija\"],\"inLanguage\":\"sl-SI\"},{\"@type\":\"WebPage\",\"@id\":\"https:\/\/hudo.com\/si\/aktualno\/slovenija\/jansa-ce-se-ne-bomo-cepili-bodo-sole-in-vrtci-jeseni-zaprti\/\",\"url\":\"https:\/\/hudo.com\/si\/aktualno\/slovenija\/jansa-ce-se-ne-bomo-cepili-bodo-sole-in-vrtci-jeseni-zaprti\/\",\"name\":\"Jan\u0161a: \u010ce se ne bomo cepili, bodo \u0161ole in vrtci jeseni zaprti - Hudo Slovenija\",\"isPartOf\":{\"@id\":\"https:\/\/hudo.com\/si\/#website\"},\"datePublished\":\"2021-06-30T16:24:58+00:00\",\"dateModified\":\"2021-06-30T16:24:58+00:00\",\"breadcrumb\":{\"@id\":\"https:\/\/hudo.com\/si\/aktualno\/slovenija\/jansa-ce-se-ne-bomo-cepili-bodo-sole-in-vrtci-jeseni-zaprti\/#breadcrumb\"},\"inLanguage\":\"sl-SI\",\"potentialAction\":[{\"@type\":\"ReadAction\",\"target\":[\"https:\/\/hudo.com\/si\/aktualno\/slovenija\/jansa-ce-se-ne-bomo-cepili-bodo-sole-in-vrtci-jeseni-zaprti\/\"]}]},{\"@type\":\"BreadcrumbList\",\"@id\":\"https:\/\/hudo.com\/si\/aktualno\/slovenija\/jansa-ce-se-ne-bomo-cepili-bodo-sole-in-vrtci-jeseni-zaprti\/#breadcrumb\",\"itemListElement\":[{\"@type\":\"ListItem\",\"position\":1,\"name\":\"Home\",\"item\":\"https:\/\/hudo.com\/si\/\"},{\"@type\":\"ListItem\",\"position\":2,\"name\":\"Jan\u0161a: \u010ce se ne bomo cepili, bodo \u0161ole in vrtci jeseni zaprti\"}]},{\"@type\":\"WebSite\",\"@id\":\"https:\/\/hudo.com\/si\/#website\",\"url\":\"https:\/\/hudo.com\/si\/\",\"name\":\"Hudo Slovenija\",\"description\":\"Vse novice iz Slovenije in sveta\",\"publisher\":{\"@id\":\"https:\/\/hudo.com\/si\/#organization\"},\"potentialAction\":[{\"@type\":\"SearchAction\",\"target\":{\"@type\":\"EntryPoint\",\"urlTemplate\":\"https:\/\/hudo.com\/si\/?s={search_term_string}\"},\"query-input\":\"required name=search_term_string\"}],\"inLanguage\":\"sl-SI\"},{\"@type\":\"Organization\",\"@id\":\"https:\/\/hudo.com\/si\/#organization\",\"name\":\"VSN Media\",\"url\":\"https:\/\/hudo.com\/si\/\",\"logo\":{\"@type\":\"ImageObject\",\"inLanguage\":\"sl-SI\",\"@id\":\"https:\/\/hudo.com\/si\/#\/schema\/logo\/image\/\",\"url\":\"https:\/\/hudo.com\/si\/wp-content\/uploads\/sites\/2\/2021\/03\/hudo-app-2.png\",\"contentUrl\":\"https:\/\/hudo.com\/si\/wp-content\/uploads\/sites\/2\/2021\/03\/hudo-app-2.png\",\"width\":2185,\"height\":2167,\"caption\":\"VSN Media\"},\"image\":{\"@id\":\"https:\/\/hudo.com\/si\/#\/schema\/logo\/image\/\"},\"sameAs\":[\"https:\/\/www.facebook.com\/hudo.si\",\"https:\/\/twitter.com\/hudo_si\"]},{\"@type\":\"Person\",\"@id\":\"https:\/\/hudo.com\/si\/#\/schema\/person\/2391667a63ea075ba94f2f2dc6b77537\",\"name\":\"A. G., STA\",\"image\":{\"@type\":\"ImageObject\",\"inLanguage\":\"sl-SI\",\"@id\":\"https:\/\/hudo.com\/si\/#\/schema\/person\/image\/\",\"url\":\"https:\/\/secure.gravatar.com\/avatar\/e13d22ac3e442658d5025fbbe6238a79?s=96&d=mm&r=g\",\"contentUrl\":\"https:\/\/secure.gravatar.com\/avatar\/e13d22ac3e442658d5025fbbe6238a79?s=96&d=mm&r=g\",\"caption\":\"A. G., STA\"},\"url\":\"https:\/\/hudo.com\/si\/author\/alenka\/\"}]}<\/script>\n<!-- \/ Yoast SEO plugin. -->","yoast_head_json":{"title":"Jan\u0161a: \u010ce se ne bomo cepili, bodo \u0161ole in vrtci jeseni zaprti - Hudo Slovenija","robots":{"index":"index","follow":"follow","max-snippet":"max-snippet:-1","max-image-preview":"max-image-preview:large","max-video-preview":"max-video-preview:-1"},"canonical":"https:\/\/hudo.com\/si\/aktualno\/slovenija\/jansa-ce-se-ne-bomo-cepili-bodo-sole-in-vrtci-jeseni-zaprti\/","og_locale":"sl_SI","og_type":"article","og_title":"Jan\u0161a: \u010ce se ne bomo cepili, bodo \u0161ole in vrtci jeseni zaprti - Hudo Slovenija","og_description":"Predsednik vlade Janez Jan\u0161a je ob regijskem obisku v Podravju v pogovoru za Radio City znova pozval k cepljenju proti covidu-19. \"\u010ce se bomo cepili, bodo jeseni \u0161ole in vrtci odprti, \u010de pa se ne bomo, ne bodo odprti in bomo spet pla\u010devali ceno,\" je opozoril. Spregovoril je tudi o predsedovanju Svetu EU in investicijah v podravski regiji.","og_url":"https:\/\/hudo.com\/si\/aktualno\/slovenija\/jansa-ce-se-ne-bomo-cepili-bodo-sole-in-vrtci-jeseni-zaprti\/","og_site_name":"Hudo Slovenija","article_publisher":"https:\/\/www.facebook.com\/hudo.si","article_published_time":"2021-06-30T16:24:58+00:00","og_image":[{"width":1250,"height":833,"url":"https:\/\/hudo.com\/si\/wp-content\/uploads\/sites\/2\/2021\/05\/profimedia-0612466656.jpg","type":"image\/jpeg"}],"author":"A. G., STA","twitter_card":"summary_large_image","twitter_creator":"@hudo_si","twitter_site":"@hudo_si","twitter_misc":{"Written by":"A. G., STA","Est. reading time":"2 minuti"},"schema":{"@context":"https:\/\/schema.org","@graph":[{"@type":"Article","@id":"https:\/\/hudo.com\/si\/aktualno\/slovenija\/jansa-ce-se-ne-bomo-cepili-bodo-sole-in-vrtci-jeseni-zaprti\/#article","isPartOf":{"@id":"https:\/\/hudo.com\/si\/aktualno\/slovenija\/jansa-ce-se-ne-bomo-cepili-bodo-sole-in-vrtci-jeseni-zaprti\/"},"author":{"name":"A. G., STA","@id":"https:\/\/hudo.com\/si\/#\/schema\/person\/2391667a63ea075ba94f2f2dc6b77537"},"headline":"Jan\u0161a: \u010ce se ne bomo cepili, bodo \u0161ole in vrtci jeseni zaprti","datePublished":"2021-06-30T16:24:58+00:00","dateModified":"2021-06-30T16:24:58+00:00","mainEntityOfPage":{"@id":"https:\/\/hudo.com\/si\/aktualno\/slovenija\/jansa-ce-se-ne-bomo-cepili-bodo-sole-in-vrtci-jeseni-zaprti\/"},"wordCount":412,"publisher":{"@id":"https:\/\/hudo.com\/si\/#organization"},"keywords":["cepljenje otrok proti covid-19","janez jan\u0161a","koronavirus","\u0161ola"],"articleSection":["Slovenija"],"inLanguage":"sl-SI"},{"@type":"WebPage","@id":"https:\/\/hudo.com\/si\/aktualno\/slovenija\/jansa-ce-se-ne-bomo-cepili-bodo-sole-in-vrtci-jeseni-zaprti\/","url":"https:\/\/hudo.com\/si\/aktualno\/slovenija\/jansa-ce-se-ne-bomo-cepili-bodo-sole-in-vrtci-jeseni-zaprti\/","name":"Jan\u0161a: \u010ce se ne bomo cepili, bodo \u0161ole in vrtci jeseni zaprti - Hudo Slovenija","isPartOf":{"@id":"https:\/\/hudo.com\/si\/#website"},"datePublished":"2021-06-30T16:24:58+00:00","dateModified":"2021-06-30T16:24:58+00:00","breadcrumb":{"@id":"https:\/\/hudo.com\/si\/aktualno\/slovenija\/jansa-ce-se-ne-bomo-cepili-bodo-sole-in-vrtci-jeseni-zaprti\/#breadcrumb"},"inLanguage":"sl-SI","potentialAction":[{"@type":"ReadAction","target":["https:\/\/hudo.com\/si\/aktualno\/slovenija\/jansa-ce-se-ne-bomo-cepili-bodo-sole-in-vrtci-jeseni-zaprti\/"]}]},{"@type":"BreadcrumbList","@id":"https:\/\/hudo.com\/si\/aktualno\/slovenija\/jansa-ce-se-ne-bomo-cepili-bodo-sole-in-vrtci-jeseni-zaprti\/#breadcrumb","itemListElement":[{"@type":"ListItem","position":1,"name":"Home","item":"https:\/\/hudo.com\/si\/"},{"@type":"ListItem","position":2,"name":"Jan\u0161a: \u010ce se ne bomo cepili, bodo \u0161ole in vrtci jeseni zaprti"}]},{"@type":"WebSite","@id":"https:\/\/hudo.com\/si\/#website","url":"https:\/\/hudo.com\/si\/","name":"Hudo Slovenija","description":"Vse novice iz Slovenije in sveta","publisher":{"@id":"https:\/\/hudo.com\/si\/#organization"},"potentialAction":[{"@type":"SearchAction","target":{"@type":"EntryPoint","urlTemplate":"https:\/\/hudo.com\/si\/?s={search_term_string}"},"query-input":"required name=search_term_string"}],"inLanguage":"sl-SI"},{"@type":"Organization","@id":"https:\/\/hudo.com\/si\/#organization","name":"VSN Media","url":"https:\/\/hudo.com\/si\/","logo":{"@type":"ImageObject","inLanguage":"sl-SI","@id":"https:\/\/hudo.com\/si\/#\/schema\/logo\/image\/","url":"https:\/\/hudo.com\/si\/wp-content\/uploads\/sites\/2\/2021\/03\/hudo-app-2.png","contentUrl":"https:\/\/hudo.com\/si\/wp-content\/uploads\/sites\/2\/2021\/03\/hudo-app-2.png","width":2185,"height":2167,"caption":"VSN Media"},"image":{"@id":"https:\/\/hudo.com\/si\/#\/schema\/logo\/image\/"},"sameAs":["https:\/\/www.facebook.com\/hudo.si","https:\/\/twitter.com\/hudo_si"]},{"@type":"Person","@id":"https:\/\/hudo.com\/si\/#\/schema\/person\/2391667a63ea075ba94f2f2dc6b77537","name":"A. G., STA","image":{"@type":"ImageObject","inLanguage":"sl-SI","@id":"https:\/\/hudo.com\/si\/#\/schema\/person\/image\/","url":"https:\/\/secure.gravatar.com\/avatar\/e13d22ac3e442658d5025fbbe6238a79?s=96&d=mm&r=g","contentUrl":"https:\/\/secure.gravatar.com\/avatar\/e13d22ac3e442658d5025fbbe6238a79?s=96&d=mm&r=g","caption":"A. G., STA"},"url":"https:\/\/hudo.com\/si\/author\/alenka\/"}]}},"amp_enabled":true,"_links":{"self":[{"href":"https:\/\/hudo.com\/si\/wp-json\/wp\/v2\/posts\/453887"}],"collection":[{"href":"https:\/\/hudo.com\/si\/wp-json\/wp\/v2\/posts"}],"about":[{"href":"https:\/\/hudo.com\/si\/wp-json\/wp\/v2\/types\/post"}],"author":[{"embeddable":true,"href":"https:\/\/hudo.com\/si\/wp-json\/wp\/v2\/users\/5"}],"replies":[{"embeddable":true,"href":"https:\/\/hudo.com\/si\/wp-json\/wp\/v2\/comments?post=453887"}],"version-history":[{"count":1,"href":"https:\/\/hudo.com\/si\/wp-json\/wp\/v2\/posts\/453887\/revisions"}],"predecessor-version":[{"id":453888,"href":"https:\/\/hudo.com\/si\/wp-json\/wp\/v2\/posts\/453887\/revisions\/453888"}],"wp:featuredmedia":[{"embeddable":true,"href":"https:\/\/hudo.com\/si\/wp-json\/wp\/v2\/media\/451906"}],"wp:attachment":[{"href":"https:\/\/hudo.com\/si\/wp-json\/wp\/v2\/media?parent=453887"}],"wp:term":[{"taxonomy":"category","embeddable":true,"href":"https:\/\/hudo.com\/si\/wp-json\/wp\/v2\/categories?post=453887"},{"taxonomy":"post_tag","embeddable":true,"href":"https:\/\/hudo.com\/si\/wp-json\/wp\/v2\/tags?post=453887"},{"taxonomy":"source","embeddable":true,"href":"https:\/\/hudo.com\/si\/wp-json\/wp\/v2\/source?post=453887"},{"taxonomy":"supertag","embeddable":true,"href":"https:\/\/hudo.com\/si\/wp-json\/wp\/v2\/supertag?post=453887"}],"curies":[{"name":"wp","href":"https:\/\/api.w.org\/{rel}","templated":true}]}}