{"id":453931,"date":"2021-07-01T13:33:48","date_gmt":"2021-07-01T11:33:48","guid":{"rendered":"https:\/\/hudo.com\/si\/?p=453931"},"modified":"2021-07-01T13:33:48","modified_gmt":"2021-07-01T11:33:48","slug":"nijz-to-je-skrb-vzbujajoce-in-zahteva-takojsen-odziv-ter-ustrezno-ukrepanje","status":"publish","type":"post","link":"https:\/\/hudo.com\/si\/aktualno\/slovenija\/nijz-to-je-skrb-vzbujajoce-in-zahteva-takojsen-odziv-ter-ustrezno-ukrepanje\/","title":{"rendered":"NIJZ: &#8220;To je skrb vzbujajo\u010de in zahteva takoj\u0161en odziv ter ustrezno ukrepanje&#8221;"},"content":{"rendered":"<p>Na podlagi do sedaj pridobljenih podatkov je razli\u010dica delta namre\u010d \u0161e bolj nalezljiva od drugih razli\u010dic novega koronavirusa. Prve ocene Evropskega centra za prepre\u010devanje in obvladovanje bolezni ka\u017eejo, da bo ta razli\u010dica do konca avgusta predstavljala 90 odstotkov vseh oku\u017eb s koronavirusom na obmo\u010dju EU, so zapisali na spletni strani Nacionalnega in\u0161tituta za javno zdravje (NIJZ).<\/p>\n<p>Zaskrbljujo\u010de je po navedbah NIJZ predvsem dejstvo, da lahko razli\u010dica delta oku\u017ei tudi posameznike, ki so \u017ee prejeli prvi odmerek odobrenih cepiv proti covidu-19 od dveh. Spodbudno pa je, da tisti, ki so polno cepljeni, razvijejo visoko za\u0161\u010dito tudi proti tej razli\u010dici. Po trenutno dostopnih podatkih razli\u010dica delta prav tako ne povzro\u010da porasta \u0161tevila ponovnih oku\u017eb pri tistih posameznikih, ki so oku\u017ebo z novim koronavirusom \u017ee preboleli.<\/p>\n<p>&#8220;\u0160e vedno je precej oseb, pri katerih je prisotno tveganje za te\u017eji potek covida-19, zato \u0161e naprej poudarjamo in izpostavljamo doslednost pri spo\u0161tovanju za\u0161\u010ditnih ukrepov in pomen cepljenja kot klju\u010dna dejavnika za omejitev \u0161irjenja oku\u017eb in za\u0161\u010dito tistih, ki to najbolj potrebujejo,&#8221; so pozvali na NIJZ.<\/p>\n","protected":false},"excerpt":{"rendered":"<p>\u0160tevilne razli\u010dice novega koronavirusa se zelo hitro \u0161irijo po vsem svetu, dolo\u010dene med njimi so po oceni NIJZ skrb vzbujajo\u010de in zahtevajo takoj\u0161en odziv ter ustrezno ukrepanje. Ob tem izpostavljajo razli\u010dico delta, za katero je velika verjetnost, da se bo \u0161irila predvsem med mladimi in ostalimi, ki \u0161e niso bili cepljeni.<\/p>\n","protected":false},"author":5,"featured_media":442769,"comment_status":"closed","ping_status":"closed","sticky":false,"template":"","format":"standard","meta":{"footnotes":""},"categories":[18201],"tags":[15632,5670,18997],"source":[4511],"supertag":[],"acf":[],"yoast_head":"<!-- This site is optimized with the Yoast SEO plugin v21.3 - https:\/\/yoast.com\/wordpress\/plugins\/seo\/ -->\n<title>NIJZ: &quot;To je skrb vzbujajo\u010de in zahteva takoj\u0161en odziv ter ustrezno ukrepanje&quot; - Hudo Slovenija<\/title>\n<meta name=\"robots\" content=\"index, follow, max-snippet:-1, max-image-preview:large, max-video-preview:-1\" \/>\n<link rel=\"canonical\" href=\"https:\/\/hudo.com\/si\/aktualno\/slovenija\/nijz-to-je-skrb-vzbujajoce-in-zahteva-takojsen-odziv-ter-ustrezno-ukrepanje\/\" \/>\n<meta property=\"og:locale\" content=\"sl_SI\" \/>\n<meta property=\"og:type\" content=\"article\" \/>\n<meta property=\"og:title\" content=\"NIJZ: &quot;To je skrb vzbujajo\u010de in zahteva takoj\u0161en odziv ter ustrezno ukrepanje&quot; - Hudo Slovenija\" \/>\n<meta property=\"og:description\" content=\"\u0160tevilne razli\u010dice novega koronavirusa se zelo hitro \u0161irijo po vsem svetu, dolo\u010dene med njimi so po oceni NIJZ skrb vzbujajo\u010de in zahtevajo takoj\u0161en odziv ter ustrezno ukrepanje. Ob tem izpostavljajo razli\u010dico delta, za katero je velika verjetnost, da se bo \u0161irila predvsem med mladimi in ostalimi, ki \u0161e niso bili cepljeni.\" \/>\n<meta property=\"og:url\" content=\"https:\/\/hudo.com\/si\/aktualno\/slovenija\/nijz-to-je-skrb-vzbujajoce-in-zahteva-takojsen-odziv-ter-ustrezno-ukrepanje\/\" \/>\n<meta property=\"og:site_name\" content=\"Hudo Slovenija\" \/>\n<meta property=\"article:publisher\" content=\"https:\/\/www.facebook.com\/hudo.si\" \/>\n<meta property=\"article:published_time\" content=\"2021-07-01T11:33:48+00:00\" \/>\n<meta property=\"og:image\" content=\"https:\/\/hudo.com\/si\/wp-content\/uploads\/sites\/2\/2021\/01\/profimedia-0516094629.jpg\" \/>\n\t<meta property=\"og:image:width\" content=\"1250\" \/>\n\t<meta property=\"og:image:height\" content=\"833\" \/>\n\t<meta property=\"og:image:type\" content=\"image\/jpeg\" \/>\n<meta name=\"author\" content=\"A. G., STA\" \/>\n<meta name=\"twitter:card\" content=\"summary_large_image\" \/>\n<meta name=\"twitter:creator\" content=\"@hudo_si\" \/>\n<meta name=\"twitter:site\" content=\"@hudo_si\" \/>\n<meta name=\"twitter:label1\" content=\"Written by\" \/>\n\t<meta name=\"twitter:data1\" content=\"A. G., STA\" \/>\n\t<meta name=\"twitter:label2\" content=\"Est. reading time\" \/>\n\t<meta name=\"twitter:data2\" content=\"1 minuta\" \/>\n<script type=\"application\/ld+json\" class=\"yoast-schema-graph\">{\"@context\":\"https:\/\/schema.org\",\"@graph\":[{\"@type\":\"Article\",\"@id\":\"https:\/\/hudo.com\/si\/aktualno\/slovenija\/nijz-to-je-skrb-vzbujajoce-in-zahteva-takojsen-odziv-ter-ustrezno-ukrepanje\/#article\",\"isPartOf\":{\"@id\":\"https:\/\/hudo.com\/si\/aktualno\/slovenija\/nijz-to-je-skrb-vzbujajoce-in-zahteva-takojsen-odziv-ter-ustrezno-ukrepanje\/\"},\"author\":{\"name\":\"A. G., STA\",\"@id\":\"https:\/\/hudo.com\/si\/#\/schema\/person\/2391667a63ea075ba94f2f2dc6b77537\"},\"headline\":\"NIJZ: &#8220;To je skrb vzbujajo\u010de in zahteva takoj\u0161en odziv ter ustrezno ukrepanje&#8221;\",\"datePublished\":\"2021-07-01T11:33:48+00:00\",\"dateModified\":\"2021-07-01T11:33:48+00:00\",\"mainEntityOfPage\":{\"@id\":\"https:\/\/hudo.com\/si\/aktualno\/slovenija\/nijz-to-je-skrb-vzbujajoce-in-zahteva-takojsen-odziv-ter-ustrezno-ukrepanje\/\"},\"wordCount\":205,\"publisher\":{\"@id\":\"https:\/\/hudo.com\/si\/#organization\"},\"keywords\":[\"koronavirus\",\"nijz\",\"razli\u010dica koronavirusa delta\"],\"articleSection\":[\"Slovenija\"],\"inLanguage\":\"sl-SI\"},{\"@type\":\"WebPage\",\"@id\":\"https:\/\/hudo.com\/si\/aktualno\/slovenija\/nijz-to-je-skrb-vzbujajoce-in-zahteva-takojsen-odziv-ter-ustrezno-ukrepanje\/\",\"url\":\"https:\/\/hudo.com\/si\/aktualno\/slovenija\/nijz-to-je-skrb-vzbujajoce-in-zahteva-takojsen-odziv-ter-ustrezno-ukrepanje\/\",\"name\":\"NIJZ: \\\"To je skrb vzbujajo\u010de in zahteva takoj\u0161en odziv ter ustrezno ukrepanje\\\" - Hudo Slovenija\",\"isPartOf\":{\"@id\":\"https:\/\/hudo.com\/si\/#website\"},\"datePublished\":\"2021-07-01T11:33:48+00:00\",\"dateModified\":\"2021-07-01T11:33:48+00:00\",\"breadcrumb\":{\"@id\":\"https:\/\/hudo.com\/si\/aktualno\/slovenija\/nijz-to-je-skrb-vzbujajoce-in-zahteva-takojsen-odziv-ter-ustrezno-ukrepanje\/#breadcrumb\"},\"inLanguage\":\"sl-SI\",\"potentialAction\":[{\"@type\":\"ReadAction\",\"target\":[\"https:\/\/hudo.com\/si\/aktualno\/slovenija\/nijz-to-je-skrb-vzbujajoce-in-zahteva-takojsen-odziv-ter-ustrezno-ukrepanje\/\"]}]},{\"@type\":\"BreadcrumbList\",\"@id\":\"https:\/\/hudo.com\/si\/aktualno\/slovenija\/nijz-to-je-skrb-vzbujajoce-in-zahteva-takojsen-odziv-ter-ustrezno-ukrepanje\/#breadcrumb\",\"itemListElement\":[{\"@type\":\"ListItem\",\"position\":1,\"name\":\"Home\",\"item\":\"https:\/\/hudo.com\/si\/\"},{\"@type\":\"ListItem\",\"position\":2,\"name\":\"NIJZ: &#8220;To je skrb vzbujajo\u010de in zahteva takoj\u0161en odziv ter ustrezno ukrepanje&#8221;\"}]},{\"@type\":\"WebSite\",\"@id\":\"https:\/\/hudo.com\/si\/#website\",\"url\":\"https:\/\/hudo.com\/si\/\",\"name\":\"Hudo Slovenija\",\"description\":\"Vse novice iz Slovenije in sveta\",\"publisher\":{\"@id\":\"https:\/\/hudo.com\/si\/#organization\"},\"potentialAction\":[{\"@type\":\"SearchAction\",\"target\":{\"@type\":\"EntryPoint\",\"urlTemplate\":\"https:\/\/hudo.com\/si\/?s={search_term_string}\"},\"query-input\":\"required name=search_term_string\"}],\"inLanguage\":\"sl-SI\"},{\"@type\":\"Organization\",\"@id\":\"https:\/\/hudo.com\/si\/#organization\",\"name\":\"VSN Media\",\"url\":\"https:\/\/hudo.com\/si\/\",\"logo\":{\"@type\":\"ImageObject\",\"inLanguage\":\"sl-SI\",\"@id\":\"https:\/\/hudo.com\/si\/#\/schema\/logo\/image\/\",\"url\":\"https:\/\/hudo.com\/si\/wp-content\/uploads\/sites\/2\/2021\/03\/hudo-app-2.png\",\"contentUrl\":\"https:\/\/hudo.com\/si\/wp-content\/uploads\/sites\/2\/2021\/03\/hudo-app-2.png\",\"width\":2185,\"height\":2167,\"caption\":\"VSN Media\"},\"image\":{\"@id\":\"https:\/\/hudo.com\/si\/#\/schema\/logo\/image\/\"},\"sameAs\":[\"https:\/\/www.facebook.com\/hudo.si\",\"https:\/\/twitter.com\/hudo_si\"]},{\"@type\":\"Person\",\"@id\":\"https:\/\/hudo.com\/si\/#\/schema\/person\/2391667a63ea075ba94f2f2dc6b77537\",\"name\":\"A. G., STA\",\"image\":{\"@type\":\"ImageObject\",\"inLanguage\":\"sl-SI\",\"@id\":\"https:\/\/hudo.com\/si\/#\/schema\/person\/image\/\",\"url\":\"https:\/\/secure.gravatar.com\/avatar\/e13d22ac3e442658d5025fbbe6238a79?s=96&d=mm&r=g\",\"contentUrl\":\"https:\/\/secure.gravatar.com\/avatar\/e13d22ac3e442658d5025fbbe6238a79?s=96&d=mm&r=g\",\"caption\":\"A. G., STA\"},\"url\":\"https:\/\/hudo.com\/si\/author\/alenka\/\"}]}<\/script>\n<!-- \/ Yoast SEO plugin. -->","yoast_head_json":{"title":"NIJZ: \"To je skrb vzbujajo\u010de in zahteva takoj\u0161en odziv ter ustrezno ukrepanje\" - Hudo Slovenija","robots":{"index":"index","follow":"follow","max-snippet":"max-snippet:-1","max-image-preview":"max-image-preview:large","max-video-preview":"max-video-preview:-1"},"canonical":"https:\/\/hudo.com\/si\/aktualno\/slovenija\/nijz-to-je-skrb-vzbujajoce-in-zahteva-takojsen-odziv-ter-ustrezno-ukrepanje\/","og_locale":"sl_SI","og_type":"article","og_title":"NIJZ: \"To je skrb vzbujajo\u010de in zahteva takoj\u0161en odziv ter ustrezno ukrepanje\" - Hudo Slovenija","og_description":"\u0160tevilne razli\u010dice novega koronavirusa se zelo hitro \u0161irijo po vsem svetu, dolo\u010dene med njimi so po oceni NIJZ skrb vzbujajo\u010de in zahtevajo takoj\u0161en odziv ter ustrezno ukrepanje. Ob tem izpostavljajo razli\u010dico delta, za katero je velika verjetnost, da se bo \u0161irila predvsem med mladimi in ostalimi, ki \u0161e niso bili cepljeni.","og_url":"https:\/\/hudo.com\/si\/aktualno\/slovenija\/nijz-to-je-skrb-vzbujajoce-in-zahteva-takojsen-odziv-ter-ustrezno-ukrepanje\/","og_site_name":"Hudo Slovenija","article_publisher":"https:\/\/www.facebook.com\/hudo.si","article_published_time":"2021-07-01T11:33:48+00:00","og_image":[{"width":1250,"height":833,"url":"https:\/\/hudo.com\/si\/wp-content\/uploads\/sites\/2\/2021\/01\/profimedia-0516094629.jpg","type":"image\/jpeg"}],"author":"A. G., STA","twitter_card":"summary_large_image","twitter_creator":"@hudo_si","twitter_site":"@hudo_si","twitter_misc":{"Written by":"A. G., STA","Est. reading time":"1 minuta"},"schema":{"@context":"https:\/\/schema.org","@graph":[{"@type":"Article","@id":"https:\/\/hudo.com\/si\/aktualno\/slovenija\/nijz-to-je-skrb-vzbujajoce-in-zahteva-takojsen-odziv-ter-ustrezno-ukrepanje\/#article","isPartOf":{"@id":"https:\/\/hudo.com\/si\/aktualno\/slovenija\/nijz-to-je-skrb-vzbujajoce-in-zahteva-takojsen-odziv-ter-ustrezno-ukrepanje\/"},"author":{"name":"A. G., STA","@id":"https:\/\/hudo.com\/si\/#\/schema\/person\/2391667a63ea075ba94f2f2dc6b77537"},"headline":"NIJZ: &#8220;To je skrb vzbujajo\u010de in zahteva takoj\u0161en odziv ter ustrezno ukrepanje&#8221;","datePublished":"2021-07-01T11:33:48+00:00","dateModified":"2021-07-01T11:33:48+00:00","mainEntityOfPage":{"@id":"https:\/\/hudo.com\/si\/aktualno\/slovenija\/nijz-to-je-skrb-vzbujajoce-in-zahteva-takojsen-odziv-ter-ustrezno-ukrepanje\/"},"wordCount":205,"publisher":{"@id":"https:\/\/hudo.com\/si\/#organization"},"keywords":["koronavirus","nijz","razli\u010dica koronavirusa delta"],"articleSection":["Slovenija"],"inLanguage":"sl-SI"},{"@type":"WebPage","@id":"https:\/\/hudo.com\/si\/aktualno\/slovenija\/nijz-to-je-skrb-vzbujajoce-in-zahteva-takojsen-odziv-ter-ustrezno-ukrepanje\/","url":"https:\/\/hudo.com\/si\/aktualno\/slovenija\/nijz-to-je-skrb-vzbujajoce-in-zahteva-takojsen-odziv-ter-ustrezno-ukrepanje\/","name":"NIJZ: \"To je skrb vzbujajo\u010de in zahteva takoj\u0161en odziv ter ustrezno ukrepanje\" - Hudo Slovenija","isPartOf":{"@id":"https:\/\/hudo.com\/si\/#website"},"datePublished":"2021-07-01T11:33:48+00:00","dateModified":"2021-07-01T11:33:48+00:00","breadcrumb":{"@id":"https:\/\/hudo.com\/si\/aktualno\/slovenija\/nijz-to-je-skrb-vzbujajoce-in-zahteva-takojsen-odziv-ter-ustrezno-ukrepanje\/#breadcrumb"},"inLanguage":"sl-SI","potentialAction":[{"@type":"ReadAction","target":["https:\/\/hudo.com\/si\/aktualno\/slovenija\/nijz-to-je-skrb-vzbujajoce-in-zahteva-takojsen-odziv-ter-ustrezno-ukrepanje\/"]}]},{"@type":"BreadcrumbList","@id":"https:\/\/hudo.com\/si\/aktualno\/slovenija\/nijz-to-je-skrb-vzbujajoce-in-zahteva-takojsen-odziv-ter-ustrezno-ukrepanje\/#breadcrumb","itemListElement":[{"@type":"ListItem","position":1,"name":"Home","item":"https:\/\/hudo.com\/si\/"},{"@type":"ListItem","position":2,"name":"NIJZ: &#8220;To je skrb vzbujajo\u010de in zahteva takoj\u0161en odziv ter ustrezno ukrepanje&#8221;"}]},{"@type":"WebSite","@id":"https:\/\/hudo.com\/si\/#website","url":"https:\/\/hudo.com\/si\/","name":"Hudo Slovenija","description":"Vse novice iz Slovenije in sveta","publisher":{"@id":"https:\/\/hudo.com\/si\/#organization"},"potentialAction":[{"@type":"SearchAction","target":{"@type":"EntryPoint","urlTemplate":"https:\/\/hudo.com\/si\/?s={search_term_string}"},"query-input":"required name=search_term_string"}],"inLanguage":"sl-SI"},{"@type":"Organization","@id":"https:\/\/hudo.com\/si\/#organization","name":"VSN Media","url":"https:\/\/hudo.com\/si\/","logo":{"@type":"ImageObject","inLanguage":"sl-SI","@id":"https:\/\/hudo.com\/si\/#\/schema\/logo\/image\/","url":"https:\/\/hudo.com\/si\/wp-content\/uploads\/sites\/2\/2021\/03\/hudo-app-2.png","contentUrl":"https:\/\/hudo.com\/si\/wp-content\/uploads\/sites\/2\/2021\/03\/hudo-app-2.png","width":2185,"height":2167,"caption":"VSN Media"},"image":{"@id":"https:\/\/hudo.com\/si\/#\/schema\/logo\/image\/"},"sameAs":["https:\/\/www.facebook.com\/hudo.si","https:\/\/twitter.com\/hudo_si"]},{"@type":"Person","@id":"https:\/\/hudo.com\/si\/#\/schema\/person\/2391667a63ea075ba94f2f2dc6b77537","name":"A. G., STA","image":{"@type":"ImageObject","inLanguage":"sl-SI","@id":"https:\/\/hudo.com\/si\/#\/schema\/person\/image\/","url":"https:\/\/secure.gravatar.com\/avatar\/e13d22ac3e442658d5025fbbe6238a79?s=96&d=mm&r=g","contentUrl":"https:\/\/secure.gravatar.com\/avatar\/e13d22ac3e442658d5025fbbe6238a79?s=96&d=mm&r=g","caption":"A. G., STA"},"url":"https:\/\/hudo.com\/si\/author\/alenka\/"}]}},"amp_enabled":true,"_links":{"self":[{"href":"https:\/\/hudo.com\/si\/wp-json\/wp\/v2\/posts\/453931"}],"collection":[{"href":"https:\/\/hudo.com\/si\/wp-json\/wp\/v2\/posts"}],"about":[{"href":"https:\/\/hudo.com\/si\/wp-json\/wp\/v2\/types\/post"}],"author":[{"embeddable":true,"href":"https:\/\/hudo.com\/si\/wp-json\/wp\/v2\/users\/5"}],"replies":[{"embeddable":true,"href":"https:\/\/hudo.com\/si\/wp-json\/wp\/v2\/comments?post=453931"}],"version-history":[{"count":1,"href":"https:\/\/hudo.com\/si\/wp-json\/wp\/v2\/posts\/453931\/revisions"}],"predecessor-version":[{"id":453934,"href":"https:\/\/hudo.com\/si\/wp-json\/wp\/v2\/posts\/453931\/revisions\/453934"}],"wp:featuredmedia":[{"embeddable":true,"href":"https:\/\/hudo.com\/si\/wp-json\/wp\/v2\/media\/442769"}],"wp:attachment":[{"href":"https:\/\/hudo.com\/si\/wp-json\/wp\/v2\/media?parent=453931"}],"wp:term":[{"taxonomy":"category","embeddable":true,"href":"https:\/\/hudo.com\/si\/wp-json\/wp\/v2\/categories?post=453931"},{"taxonomy":"post_tag","embeddable":true,"href":"https:\/\/hudo.com\/si\/wp-json\/wp\/v2\/tags?post=453931"},{"taxonomy":"source","embeddable":true,"href":"https:\/\/hudo.com\/si\/wp-json\/wp\/v2\/source?post=453931"},{"taxonomy":"supertag","embeddable":true,"href":"https:\/\/hudo.com\/si\/wp-json\/wp\/v2\/supertag?post=453931"}],"curies":[{"name":"wp","href":"https:\/\/api.w.org\/{rel}","templated":true}]}}