{"id":454172,"date":"2021-07-06T05:51:13","date_gmt":"2021-07-06T03:51:13","guid":{"rendered":"https:\/\/hudo.com\/si\/2021\/07\/06\/v-cannesu-se-bo-nocoj-s-premiero-filma-annette-zacel-74-filmski-festival\/"},"modified":"2021-07-06T05:51:13","modified_gmt":"2021-07-06T03:51:13","slug":"v-cannesu-se-bo-nocoj-s-premiero-filma-annette-zacel-74-filmski-festival","status":"publish","type":"post","link":"https:\/\/hudo.com\/si\/lifestyle\/v-cannesu-se-bo-nocoj-s-premiero-filma-annette-zacel-74-filmski-festival\/","title":{"rendered":"V Cannesu se bo nocoj s premiero filma Annette za\u010del 74. filmski festival"},"content":{"rendered":"<figure>\n\t\t\t\t\t<img loading=\"lazy\" decoding=\"async\" width=\"660\" height=\"320\" src=\"image\/gif;base64,R0lGODlhAQABAAAAACH5BAEKAAEALAAAAAABAAEAAAICTAEAOw==\" class=\"lazyload\" data-src=\"https:\/\/zenska.hudo.com\/files\/2021\/07\/profimedia-0619773892-320x155.jpg\" data-srcset=\"https:\/\/zenska.hudo.com\/files\/2021\/07\/profimedia-0619773892-660x320.jpg 660w,https:\/\/zenska.hudo.com\/files\/2021\/07\/profimedia-0619773892-320x155.jpg 330w\" \/><figcaption>74. filmski festival v Cannesu (Foto: Profimedia)<\/figcaption><\/figure>\n<p>Poleg otvoritvenega filma Annette je v leto\u0161njem tekmovalnem izboru canneskega filmskega festivala \u0161e 23 drugih filmov, o katerih bo presojala velika festivalska \u017eirija, ki ji bo predsedoval ameri\u0161ki filmski re\u017eiser Spike Lee, sicer prva temnopolta oseba v tej vlogi. Filme podpisujejo \u0161tevilni priznani re\u017eiserji, kot so Sean Penn, Joachim Trier, Wes Anderson in Francois Ozon, ter z zlato palmo \u017ee oven\u010dana re\u017eiserja Nanni Moretti in Jacques Audiard.<\/p>\n<p>Na 74. filmski festival v Cannesu sta se v razli\u010dna programska tekmovalna sklopa uvrstili tudi slovenski manj\u0161inski koprodukciji, so sporo\u010dili s Slovenskega filmskega centra (SFC). V programu Tedna kritike bo na ogled prvenec italijanske re\u017eiserke Laure Samani z naslovom Telesce, v programu 15 dni re\u017eiserjev pa bo film Morena, prvenec hrva\u0161ke re\u017eiserke Antonete Alamat Kusijanovi\u0107.<\/p>\n<p>V sklopu festivala bo od 6. do 15. julija potekala tudi filmska tr\u017enica. SFC bo na tr\u017enici predstavil slovenska celove\u010derna filma &#8211; prvenec re\u017eiserke Tijane Zinaji\u0107 Prasica, slab\u0161alni izraz za \u017eensko ter dokumentarec re\u017eiserke Haidy Kancler z naslovom Smu\u010darske sanje.<\/p>\n<p>V program tr\u017enice Circle Women Doc Accelerator &#8211; Cannes Docs Showcase se je uvrstil celove\u010derni dokumentarni prvenec Cent&#8217;anni re\u017eiserke Maje Doroteje Prelog, v program L&#8217;Atelier 2021 pa filmski projekt v razvoju Niti besede re\u017eiserke Hanne Slak.<\/p>\n<p>Na festivalu bodo letos posebno pozornost namenili okoljevarstvenim temam, po napovedih organizatorjev pa se ga bodo udele\u017eili tudi nekateri hollywoodski zvezdniki, med njimi Timothee Chalamet, Nicole Kidman in Matt Damon.<\/p>\n","protected":false},"excerpt":{"rendered":"<p>Ob odprtju bodo \u010dastno zlato palmo izro\u010dili ameri\u0161ki igralki in re\u017eiserki Jodie Foster, sicer pa bo presti\u017eno priznanje letos prejel tudi italijanski re\u017eiser Marco Bellocchio. Nagrajence bodo razglasili na zaklju\u010dni slovesnosti 17. julija.<\/p>\n","protected":false},"author":1,"featured_media":454173,"comment_status":"closed","ping_status":"closed","sticky":false,"template":"","format":"standard","meta":{"footnotes":""},"categories":[1091],"tags":[18117],"source":[1416,1381,1334],"supertag":[],"acf":[],"yoast_head":"<!-- This site is optimized with the Yoast SEO plugin v21.3 - https:\/\/yoast.com\/wordpress\/plugins\/seo\/ -->\n<title>V Cannesu se bo nocoj s premiero filma Annette za\u010del 74. filmski festival - Hudo Slovenija<\/title>\n<meta name=\"robots\" content=\"index, follow, max-snippet:-1, max-image-preview:large, max-video-preview:-1\" \/>\n<link rel=\"canonical\" href=\"https:\/\/hudo.com\/si\/lifestyle\/v-cannesu-se-bo-nocoj-s-premiero-filma-annette-zacel-74-filmski-festival\/\" \/>\n<meta property=\"og:locale\" content=\"sl_SI\" \/>\n<meta property=\"og:type\" content=\"article\" \/>\n<meta property=\"og:title\" content=\"V Cannesu se bo nocoj s premiero filma Annette za\u010del 74. filmski festival - Hudo Slovenija\" \/>\n<meta property=\"og:description\" content=\"Ob odprtju bodo \u010dastno zlato palmo izro\u010dili ameri\u0161ki igralki in re\u017eiserki Jodie Foster, sicer pa bo presti\u017eno priznanje letos prejel tudi italijanski re\u017eiser Marco Bellocchio. Nagrajence bodo razglasili na zaklju\u010dni slovesnosti 17. julija.\" \/>\n<meta property=\"og:url\" content=\"https:\/\/hudo.com\/si\/lifestyle\/v-cannesu-se-bo-nocoj-s-premiero-filma-annette-zacel-74-filmski-festival\/\" \/>\n<meta property=\"og:site_name\" content=\"Hudo Slovenija\" \/>\n<meta property=\"article:publisher\" content=\"https:\/\/www.facebook.com\/hudo.si\" \/>\n<meta property=\"article:published_time\" content=\"2021-07-06T03:51:13+00:00\" \/>\n<meta property=\"og:image\" content=\"https:\/\/hudo.com\/si\/wp-content\/uploads\/sites\/2\/2021\/07\/profimedia-0619773870.jpg\" \/>\n\t<meta property=\"og:image:width\" content=\"1250\" \/>\n\t<meta property=\"og:image:height\" content=\"833\" \/>\n\t<meta property=\"og:image:type\" content=\"image\/jpeg\" \/>\n<meta name=\"author\" content=\"hudo\" \/>\n<meta name=\"twitter:card\" content=\"summary_large_image\" \/>\n<meta name=\"twitter:creator\" content=\"@hudo_si\" \/>\n<meta name=\"twitter:site\" content=\"@hudo_si\" \/>\n<meta name=\"twitter:label1\" content=\"Written by\" \/>\n\t<meta name=\"twitter:data1\" content=\"hudo\" \/>\n\t<meta name=\"twitter:label2\" content=\"Est. reading time\" \/>\n\t<meta name=\"twitter:data2\" content=\"1 minuta\" \/>\n<script type=\"application\/ld+json\" class=\"yoast-schema-graph\">{\"@context\":\"https:\/\/schema.org\",\"@graph\":[{\"@type\":\"Article\",\"@id\":\"https:\/\/hudo.com\/si\/lifestyle\/v-cannesu-se-bo-nocoj-s-premiero-filma-annette-zacel-74-filmski-festival\/#article\",\"isPartOf\":{\"@id\":\"https:\/\/hudo.com\/si\/lifestyle\/v-cannesu-se-bo-nocoj-s-premiero-filma-annette-zacel-74-filmski-festival\/\"},\"author\":{\"name\":\"hudo\",\"@id\":\"https:\/\/hudo.com\/si\/#\/schema\/person\/601cf3379633985b20f7e50f2bb47707\"},\"headline\":\"V Cannesu se bo nocoj s premiero filma Annette za\u010del 74. filmski festival\",\"datePublished\":\"2021-07-06T03:51:13+00:00\",\"dateModified\":\"2021-07-06T03:51:13+00:00\",\"mainEntityOfPage\":{\"@id\":\"https:\/\/hudo.com\/si\/lifestyle\/v-cannesu-se-bo-nocoj-s-premiero-filma-annette-zacel-74-filmski-festival\/\"},\"wordCount\":266,\"publisher\":{\"@id\":\"https:\/\/hudo.com\/si\/#organization\"},\"keywords\":[\"cannes 2021\"],\"articleSection\":[\"Lifestyle\"],\"inLanguage\":\"sl-SI\"},{\"@type\":\"WebPage\",\"@id\":\"https:\/\/hudo.com\/si\/lifestyle\/v-cannesu-se-bo-nocoj-s-premiero-filma-annette-zacel-74-filmski-festival\/\",\"url\":\"https:\/\/hudo.com\/si\/lifestyle\/v-cannesu-se-bo-nocoj-s-premiero-filma-annette-zacel-74-filmski-festival\/\",\"name\":\"V Cannesu se bo nocoj s premiero filma Annette za\u010del 74. filmski festival - Hudo Slovenija\",\"isPartOf\":{\"@id\":\"https:\/\/hudo.com\/si\/#website\"},\"datePublished\":\"2021-07-06T03:51:13+00:00\",\"dateModified\":\"2021-07-06T03:51:13+00:00\",\"breadcrumb\":{\"@id\":\"https:\/\/hudo.com\/si\/lifestyle\/v-cannesu-se-bo-nocoj-s-premiero-filma-annette-zacel-74-filmski-festival\/#breadcrumb\"},\"inLanguage\":\"sl-SI\",\"potentialAction\":[{\"@type\":\"ReadAction\",\"target\":[\"https:\/\/hudo.com\/si\/lifestyle\/v-cannesu-se-bo-nocoj-s-premiero-filma-annette-zacel-74-filmski-festival\/\"]}]},{\"@type\":\"BreadcrumbList\",\"@id\":\"https:\/\/hudo.com\/si\/lifestyle\/v-cannesu-se-bo-nocoj-s-premiero-filma-annette-zacel-74-filmski-festival\/#breadcrumb\",\"itemListElement\":[{\"@type\":\"ListItem\",\"position\":1,\"name\":\"Home\",\"item\":\"https:\/\/hudo.com\/si\/\"},{\"@type\":\"ListItem\",\"position\":2,\"name\":\"V Cannesu se bo nocoj s premiero filma Annette za\u010del 74. filmski festival\"}]},{\"@type\":\"WebSite\",\"@id\":\"https:\/\/hudo.com\/si\/#website\",\"url\":\"https:\/\/hudo.com\/si\/\",\"name\":\"Hudo Slovenija\",\"description\":\"Vse novice iz Slovenije in sveta\",\"publisher\":{\"@id\":\"https:\/\/hudo.com\/si\/#organization\"},\"potentialAction\":[{\"@type\":\"SearchAction\",\"target\":{\"@type\":\"EntryPoint\",\"urlTemplate\":\"https:\/\/hudo.com\/si\/?s={search_term_string}\"},\"query-input\":\"required name=search_term_string\"}],\"inLanguage\":\"sl-SI\"},{\"@type\":\"Organization\",\"@id\":\"https:\/\/hudo.com\/si\/#organization\",\"name\":\"VSN Media\",\"url\":\"https:\/\/hudo.com\/si\/\",\"logo\":{\"@type\":\"ImageObject\",\"inLanguage\":\"sl-SI\",\"@id\":\"https:\/\/hudo.com\/si\/#\/schema\/logo\/image\/\",\"url\":\"https:\/\/hudo.com\/si\/wp-content\/uploads\/sites\/2\/2021\/03\/hudo-app-2.png\",\"contentUrl\":\"https:\/\/hudo.com\/si\/wp-content\/uploads\/sites\/2\/2021\/03\/hudo-app-2.png\",\"width\":2185,\"height\":2167,\"caption\":\"VSN Media\"},\"image\":{\"@id\":\"https:\/\/hudo.com\/si\/#\/schema\/logo\/image\/\"},\"sameAs\":[\"https:\/\/www.facebook.com\/hudo.si\",\"https:\/\/twitter.com\/hudo_si\"]},{\"@type\":\"Person\",\"@id\":\"https:\/\/hudo.com\/si\/#\/schema\/person\/601cf3379633985b20f7e50f2bb47707\",\"name\":\"hudo\",\"image\":{\"@type\":\"ImageObject\",\"inLanguage\":\"sl-SI\",\"@id\":\"https:\/\/hudo.com\/si\/#\/schema\/person\/image\/\",\"url\":\"https:\/\/secure.gravatar.com\/avatar\/c4ca25fa72cace7a696b52ff5db9e095?s=96&d=mm&r=g\",\"contentUrl\":\"https:\/\/secure.gravatar.com\/avatar\/c4ca25fa72cace7a696b52ff5db9e095?s=96&d=mm&r=g\",\"caption\":\"hudo\"},\"url\":\"https:\/\/hudo.com\/si\/author\/hudo\/\"}]}<\/script>\n<!-- \/ Yoast SEO plugin. -->","yoast_head_json":{"title":"V Cannesu se bo nocoj s premiero filma Annette za\u010del 74. filmski festival - Hudo Slovenija","robots":{"index":"index","follow":"follow","max-snippet":"max-snippet:-1","max-image-preview":"max-image-preview:large","max-video-preview":"max-video-preview:-1"},"canonical":"https:\/\/hudo.com\/si\/lifestyle\/v-cannesu-se-bo-nocoj-s-premiero-filma-annette-zacel-74-filmski-festival\/","og_locale":"sl_SI","og_type":"article","og_title":"V Cannesu se bo nocoj s premiero filma Annette za\u010del 74. filmski festival - Hudo Slovenija","og_description":"Ob odprtju bodo \u010dastno zlato palmo izro\u010dili ameri\u0161ki igralki in re\u017eiserki Jodie Foster, sicer pa bo presti\u017eno priznanje letos prejel tudi italijanski re\u017eiser Marco Bellocchio. Nagrajence bodo razglasili na zaklju\u010dni slovesnosti 17. julija.","og_url":"https:\/\/hudo.com\/si\/lifestyle\/v-cannesu-se-bo-nocoj-s-premiero-filma-annette-zacel-74-filmski-festival\/","og_site_name":"Hudo Slovenija","article_publisher":"https:\/\/www.facebook.com\/hudo.si","article_published_time":"2021-07-06T03:51:13+00:00","og_image":[{"width":1250,"height":833,"url":"https:\/\/hudo.com\/si\/wp-content\/uploads\/sites\/2\/2021\/07\/profimedia-0619773870.jpg","type":"image\/jpeg"}],"author":"hudo","twitter_card":"summary_large_image","twitter_creator":"@hudo_si","twitter_site":"@hudo_si","twitter_misc":{"Written by":"hudo","Est. reading time":"1 minuta"},"schema":{"@context":"https:\/\/schema.org","@graph":[{"@type":"Article","@id":"https:\/\/hudo.com\/si\/lifestyle\/v-cannesu-se-bo-nocoj-s-premiero-filma-annette-zacel-74-filmski-festival\/#article","isPartOf":{"@id":"https:\/\/hudo.com\/si\/lifestyle\/v-cannesu-se-bo-nocoj-s-premiero-filma-annette-zacel-74-filmski-festival\/"},"author":{"name":"hudo","@id":"https:\/\/hudo.com\/si\/#\/schema\/person\/601cf3379633985b20f7e50f2bb47707"},"headline":"V Cannesu se bo nocoj s premiero filma Annette za\u010del 74. filmski festival","datePublished":"2021-07-06T03:51:13+00:00","dateModified":"2021-07-06T03:51:13+00:00","mainEntityOfPage":{"@id":"https:\/\/hudo.com\/si\/lifestyle\/v-cannesu-se-bo-nocoj-s-premiero-filma-annette-zacel-74-filmski-festival\/"},"wordCount":266,"publisher":{"@id":"https:\/\/hudo.com\/si\/#organization"},"keywords":["cannes 2021"],"articleSection":["Lifestyle"],"inLanguage":"sl-SI"},{"@type":"WebPage","@id":"https:\/\/hudo.com\/si\/lifestyle\/v-cannesu-se-bo-nocoj-s-premiero-filma-annette-zacel-74-filmski-festival\/","url":"https:\/\/hudo.com\/si\/lifestyle\/v-cannesu-se-bo-nocoj-s-premiero-filma-annette-zacel-74-filmski-festival\/","name":"V Cannesu se bo nocoj s premiero filma Annette za\u010del 74. filmski festival - Hudo Slovenija","isPartOf":{"@id":"https:\/\/hudo.com\/si\/#website"},"datePublished":"2021-07-06T03:51:13+00:00","dateModified":"2021-07-06T03:51:13+00:00","breadcrumb":{"@id":"https:\/\/hudo.com\/si\/lifestyle\/v-cannesu-se-bo-nocoj-s-premiero-filma-annette-zacel-74-filmski-festival\/#breadcrumb"},"inLanguage":"sl-SI","potentialAction":[{"@type":"ReadAction","target":["https:\/\/hudo.com\/si\/lifestyle\/v-cannesu-se-bo-nocoj-s-premiero-filma-annette-zacel-74-filmski-festival\/"]}]},{"@type":"BreadcrumbList","@id":"https:\/\/hudo.com\/si\/lifestyle\/v-cannesu-se-bo-nocoj-s-premiero-filma-annette-zacel-74-filmski-festival\/#breadcrumb","itemListElement":[{"@type":"ListItem","position":1,"name":"Home","item":"https:\/\/hudo.com\/si\/"},{"@type":"ListItem","position":2,"name":"V Cannesu se bo nocoj s premiero filma Annette za\u010del 74. filmski festival"}]},{"@type":"WebSite","@id":"https:\/\/hudo.com\/si\/#website","url":"https:\/\/hudo.com\/si\/","name":"Hudo Slovenija","description":"Vse novice iz Slovenije in sveta","publisher":{"@id":"https:\/\/hudo.com\/si\/#organization"},"potentialAction":[{"@type":"SearchAction","target":{"@type":"EntryPoint","urlTemplate":"https:\/\/hudo.com\/si\/?s={search_term_string}"},"query-input":"required name=search_term_string"}],"inLanguage":"sl-SI"},{"@type":"Organization","@id":"https:\/\/hudo.com\/si\/#organization","name":"VSN Media","url":"https:\/\/hudo.com\/si\/","logo":{"@type":"ImageObject","inLanguage":"sl-SI","@id":"https:\/\/hudo.com\/si\/#\/schema\/logo\/image\/","url":"https:\/\/hudo.com\/si\/wp-content\/uploads\/sites\/2\/2021\/03\/hudo-app-2.png","contentUrl":"https:\/\/hudo.com\/si\/wp-content\/uploads\/sites\/2\/2021\/03\/hudo-app-2.png","width":2185,"height":2167,"caption":"VSN Media"},"image":{"@id":"https:\/\/hudo.com\/si\/#\/schema\/logo\/image\/"},"sameAs":["https:\/\/www.facebook.com\/hudo.si","https:\/\/twitter.com\/hudo_si"]},{"@type":"Person","@id":"https:\/\/hudo.com\/si\/#\/schema\/person\/601cf3379633985b20f7e50f2bb47707","name":"hudo","image":{"@type":"ImageObject","inLanguage":"sl-SI","@id":"https:\/\/hudo.com\/si\/#\/schema\/person\/image\/","url":"https:\/\/secure.gravatar.com\/avatar\/c4ca25fa72cace7a696b52ff5db9e095?s=96&d=mm&r=g","contentUrl":"https:\/\/secure.gravatar.com\/avatar\/c4ca25fa72cace7a696b52ff5db9e095?s=96&d=mm&r=g","caption":"hudo"},"url":"https:\/\/hudo.com\/si\/author\/hudo\/"}]}},"amp_enabled":true,"_links":{"self":[{"href":"https:\/\/hudo.com\/si\/wp-json\/wp\/v2\/posts\/454172"}],"collection":[{"href":"https:\/\/hudo.com\/si\/wp-json\/wp\/v2\/posts"}],"about":[{"href":"https:\/\/hudo.com\/si\/wp-json\/wp\/v2\/types\/post"}],"author":[{"embeddable":true,"href":"https:\/\/hudo.com\/si\/wp-json\/wp\/v2\/users\/1"}],"replies":[{"embeddable":true,"href":"https:\/\/hudo.com\/si\/wp-json\/wp\/v2\/comments?post=454172"}],"version-history":[{"count":0,"href":"https:\/\/hudo.com\/si\/wp-json\/wp\/v2\/posts\/454172\/revisions"}],"wp:featuredmedia":[{"embeddable":true,"href":"https:\/\/hudo.com\/si\/wp-json\/wp\/v2\/media\/454173"}],"wp:attachment":[{"href":"https:\/\/hudo.com\/si\/wp-json\/wp\/v2\/media?parent=454172"}],"wp:term":[{"taxonomy":"category","embeddable":true,"href":"https:\/\/hudo.com\/si\/wp-json\/wp\/v2\/categories?post=454172"},{"taxonomy":"post_tag","embeddable":true,"href":"https:\/\/hudo.com\/si\/wp-json\/wp\/v2\/tags?post=454172"},{"taxonomy":"source","embeddable":true,"href":"https:\/\/hudo.com\/si\/wp-json\/wp\/v2\/source?post=454172"},{"taxonomy":"supertag","embeddable":true,"href":"https:\/\/hudo.com\/si\/wp-json\/wp\/v2\/supertag?post=454172"}],"curies":[{"name":"wp","href":"https:\/\/api.w.org\/{rel}","templated":true}]}}