{"id":454187,"date":"2021-07-06T07:29:05","date_gmt":"2021-07-06T05:29:05","guid":{"rendered":"https:\/\/hudo.com\/si\/2021\/07\/06\/foto-gwen-stefani-in-njena-sanjska-poroka-s-sanjskim-moskim\/"},"modified":"2021-07-06T07:29:05","modified_gmt":"2021-07-06T05:29:05","slug":"foto-gwen-stefani-in-njena-sanjska-poroka-s-sanjskim-moskim","status":"publish","type":"post","link":"https:\/\/hudo.com\/si\/vip\/foto-gwen-stefani-in-njena-sanjska-poroka-s-sanjskim-moskim\/","title":{"rendered":"Foto: Gwen Stefani in njena sanjska poroka s sanjskim mo\u0161kim"},"content":{"rendered":"<blockquote class=\"instagram-media\" style=\"background: #FFF;border: 0;border-radius: 3px;margin: 1px;max-width: 540px;min-width: 326px;padding: 0\" data-instgrm-captioned=\"\" data-instgrm-permalink=\"https:\/\/www.instagram.com\/p\/CQ9yNeQJxcS\/?utm_source=ig_embed&amp;utm_campaign=loading\" data-instgrm-version=\"13\">\n<div style=\"padding: 16px\">\n<p>&nbsp;<\/p>\n<div style=\"flex-direction: row;align-items: center\"><\/div>\n<div style=\"padding: 19% 0\"><\/div>\n<div style=\"height: 50px;margin: 0 auto 12px;width: 50px\"><\/div>\n<div style=\"padding-top: 8px\">\n<div style=\"color: #3897f0;font-family: Arial,sans-serif;font-size: 14px;font-style: normal;font-weight: 550;line-height: 18px\">View this post on Instagram<\/div>\n<\/div>\n<div style=\"padding: 12.5% 0\"><\/div>\n<div style=\"flex-direction: row;margin-bottom: 14px;align-items: center\"><\/div>\n<div style=\"flex-direction: column;flex-grow: 1;justify-content: center;margin-bottom: 24px\"><\/div>\n<p>&nbsp;<\/p>\n<p style=\"color: #c9c8cd;font-family: Arial,sans-serif;font-size: 14px;line-height: 17px;margin-bottom: 0;margin-top: 8px;overflow: hidden;padding: 8px 0 7px;text-align: center\"><a style=\"color: #c9c8cd;font-family: Arial,sans-serif;font-size: 14px;font-style: normal;font-weight: normal;line-height: 17px;text-decoration: none\" href=\"https:\/\/www.instagram.com\/p\/CQ9yNeQJxcS\/?utm_source=ig_embed&amp;utm_campaign=loading\" target=\"_blank\" rel=\"noopener noreferrer\">A post shared by People Magazine (@people)<\/a><\/p>\n<\/div>\n<\/blockquote>\n<p>&nbsp;<\/p>\n<p class=\"dek margin-16-tb padded-mobile\">45-letni Blake Shelton in 51-letna Gwen Stefani sta se zaro\u010dila oktobra 2020, po tem ko sta par postala leta 2015. Danes sta poro\u010den par. Poroka se je zgodila minuli vikend na Blakovem ran\u010du v Oklahomi in \u017ee v preteklosti se je country pevec \u0161alil, da bo organizacijo aje prepustil Gwen, sicer bo vse skupaj precej primitivno: &#8220;\u010ce bi bil jaz zadol\u017een za izbiro jedi, bi izbral vse kar je ocvrtega. Pomfri, ocvrt pi\u0161\u010danec, take stvari. In mislim da Gwen ve, da bi bila poroka precej brez nivoja, \u010de bi bila organizacija v mojih rokah. \u017delim, da ona prevzame organizacijo, ker vem, da bo to opravila odli\u010dno. In mislim, da pri tem res u\u017eiva.&#8221;<\/p>\n<figure>\n\t\t\t\t\t<img loading=\"lazy\" decoding=\"async\" width=\"660\" height=\"320\" src=\"image\/gif;base64,R0lGODlhAQABAAAAACH5BAEKAAEALAAAAAABAAEAAAICTAEAOw==\" class=\"lazyload\" data-src=\"https:\/\/zenska.hudo.com\/files\/2021\/07\/profimedia-0566247789-320x155.jpg\" data-srcset=\"https:\/\/zenska.hudo.com\/files\/2021\/07\/profimedia-0566247789-660x320.jpg 660w,https:\/\/zenska.hudo.com\/files\/2021\/07\/profimedia-0566247789-320x155.jpg 330w\" \/><figcaption>Foto: Profimedia<\/figcaption><\/figure>\n<p class=\"dek margin-16-tb padded-mobile\">Shelton je sicer postal tudi kru\u0161ni o\u010de Gweninim tem sinovom, 15-letnemu Kingstonu Jamesu McGregorju, 12-letnemu Zumi Nesta Rocku in 7-letnemu Apollu Bowieju Flynnu. O tem jeza revijo People pred \u010dasom priznal: &#8220;Ne vem, ali je enako te\u017eko ali \u0161e te\u017eje, \u010de si njihov pravi, biolo\u0161ki o\u010de. Imam o\u010dima, ki je eden mojih junakov. Rad imam mojega o\u010dima in se zgledujem po njem, zame je kot o\u010de, zato imam dober vzgled v \u017eivljenju, kako naj sam ravnam in kako naj bom tudi sam tak o\u010dim kot si \u017eelim biti. In to nalogo oziroma vlogo jemljem zelo resno. A se seveda ob tem tudi zelo zabavam. Danes si ne morem ve\u010d predstavljati \u017eivljenja brez teh otrok.&#8221; In prav Gwnini trije sinovi so imeli menda, po pri\u010devanju vira za revijo People, na njuni poroki minuli teden pomembno vlogo. Poroka je bila doma, v o\u017ejem krogu dru\u017eine in pijateljev, a zato ni\u010d manj pravlji\u010dna in razko\u0161na, kot lahko vidimo tudi na fotografijah.<\/p>\n<figure>\n\t\t\t\t\t<img loading=\"lazy\" decoding=\"async\" width=\"660\" height=\"320\" src=\"image\/gif;base64,R0lGODlhAQABAAAAACH5BAEKAAEALAAAAAABAAEAAAICTAEAOw==\" class=\"lazyload\" data-src=\"https:\/\/zenska.hudo.com\/files\/2021\/07\/profimedia-0276082508-320x155.jpg\" data-srcset=\"https:\/\/zenska.hudo.com\/files\/2021\/07\/profimedia-0276082508-660x320.jpg 660w,https:\/\/zenska.hudo.com\/files\/2021\/07\/profimedia-0276082508-320x155.jpg 330w\" \/><figcaption>Foto: Profimedia<\/figcaption><\/figure>\n<div class=\"paragraph\">\n<p>Stefani in Shelton sta se sicer na\u0161la na snemanju talent \u0161ova The Voice leta 2015, kjer sta bila oba \u010dlana \u017eirije. Takrat sta se nemudoma ujela in povezala, saj sta oba ravno prestajala vsak svojo lo\u010ditev. Blake se je ravno lo\u010dil od country pevke Mirande Lambert, Gwen pa od rockerja Gavina Rossdala. A takrat, kot je povedala kasneje Gwen, si nikako ni \u017eelela za\u010deti nove zveze a, &#8220;je bilo nevejetno, da naju je bog postavil v situacijo, ko sva na\u0161la drug drugega, v to\u010dno tistem trenutku&#8221;. In nekaj mesecev kasneje sta zvezo tudi uadno potrdila, ko sta se za\u010dela skupaj pojavljati na rde\u010dih preprogah.<\/p>\n<\/div>\n<div class=\"paragraph\">\n<div class=\"paragraph\">\n<div class=\"paragraph\">\n<div class=\"component inline image margin-32-tb align-img align-default\">\n<figure>\n\t\t\t\t\t<img loading=\"lazy\" decoding=\"async\" width=\"660\" height=\"320\" src=\"image\/gif;base64,R0lGODlhAQABAAAAACH5BAEKAAEALAAAAAABAAEAAAICTAEAOw==\" class=\"lazyload\" data-src=\"https:\/\/zenska.hudo.com\/files\/2021\/07\/profimedia-0607085788-320x155.jpg\" data-srcset=\"https:\/\/zenska.hudo.com\/files\/2021\/07\/profimedia-0607085788-660x320.jpg 660w,https:\/\/zenska.hudo.com\/files\/2021\/07\/profimedia-0607085788-320x155.jpg 330w\" \/><figcaption>Foto: Profimedia<\/figcaption><\/figure>\n<div class=\"paragraph\">\n<p>In danes, \u0161tiri leta, sta bolj zaljubljena kot kdajkoli prej. Vir je za revijo People povedal: &#8220;Sta noro zaljubljena in preprosto nelo\u010dljiva. Blake si je \u017eelel vzeti \u010das in po\u010dakati s poroko, a je Gwen popolnoma predan. Oba \u010dutita, da sta na\u0161la svojega pravega partnerja za vse \u017eivljenje.&#8221;<\/p>\n<figure>\n\t\t\t\t\t<img loading=\"lazy\" decoding=\"async\" width=\"660\" height=\"320\" src=\"image\/gif;base64,R0lGODlhAQABAAAAACH5BAEKAAEALAAAAAABAAEAAAICTAEAOw==\" class=\"lazyload\" data-src=\"https:\/\/zenska.hudo.com\/files\/2021\/07\/profimedia-0291800447-320x155.jpg\" data-srcset=\"https:\/\/zenska.hudo.com\/files\/2021\/07\/profimedia-0291800447-660x320.jpg 660w,https:\/\/zenska.hudo.com\/files\/2021\/07\/profimedia-0291800447-320x155.jpg 330w\" \/><figcaption>Foto: Profimedia<\/figcaption><\/figure>\n<figure>\n\t\t\t\t\t<img loading=\"lazy\" decoding=\"async\" width=\"660\" height=\"320\" src=\"image\/gif;base64,R0lGODlhAQABAAAAACH5BAEKAAEALAAAAAABAAEAAAICTAEAOw==\" class=\"lazyload\" data-src=\"https:\/\/zenska.hudo.com\/files\/2021\/07\/profimedia-0425348649-320x155.jpg\" data-srcset=\"https:\/\/zenska.hudo.com\/files\/2021\/07\/profimedia-0425348649-660x320.jpg 660w,https:\/\/zenska.hudo.com\/files\/2021\/07\/profimedia-0425348649-320x155.jpg 330w\" \/><figcaption>Foto: Profimedia<\/figcaption><\/figure>\n<\/div>\n<\/div>\n<\/div>\n<\/div>\n<\/div>\n","protected":false},"excerpt":{"rendered":"<p>Po tem, ko je minuli vikend dahnila usodni da na ran\u010du svojega novope\u010denega mo\u017ea Blakea Sheltona, je pevka Gwen Stefani sedaj s svojimi obo\u017eevalci ko\u010dno delila tudi nekaj foto utrinkov iz svoje sanjske poroke &#8230;<\/p>\n","protected":false},"author":1,"featured_media":454188,"comment_status":"closed","ping_status":"closed","sticky":false,"template":"","format":"standard","meta":{"footnotes":""},"categories":[1093],"tags":[9844,5203,19069,5309,19070],"source":[1346,1345,1334],"supertag":[],"acf":[],"yoast_head":"<!-- This site is optimized with the Yoast SEO plugin v21.3 - https:\/\/yoast.com\/wordpress\/plugins\/seo\/ -->\n<title>Foto: Gwen Stefani in njena sanjska poroka s sanjskim mo\u0161kim - Hudo Slovenija<\/title>\n<meta name=\"robots\" content=\"index, follow, max-snippet:-1, max-image-preview:large, max-video-preview:-1\" \/>\n<link rel=\"canonical\" href=\"https:\/\/hudo.com\/si\/vip\/foto-gwen-stefani-in-njena-sanjska-poroka-s-sanjskim-moskim\/\" \/>\n<meta property=\"og:locale\" content=\"sl_SI\" \/>\n<meta property=\"og:type\" content=\"article\" \/>\n<meta property=\"og:title\" content=\"Foto: Gwen Stefani in njena sanjska poroka s sanjskim mo\u0161kim - Hudo Slovenija\" \/>\n<meta property=\"og:description\" content=\"Po tem, ko je minuli vikend dahnila usodni da na ran\u010du svojega novope\u010denega mo\u017ea Blakea Sheltona, je pevka Gwen Stefani sedaj s svojimi obo\u017eevalci ko\u010dno delila tudi nekaj foto utrinkov iz svoje sanjske poroke ...\" \/>\n<meta property=\"og:url\" content=\"https:\/\/hudo.com\/si\/vip\/foto-gwen-stefani-in-njena-sanjska-poroka-s-sanjskim-moskim\/\" \/>\n<meta property=\"og:site_name\" content=\"Hudo Slovenija\" \/>\n<meta property=\"article:publisher\" content=\"https:\/\/www.facebook.com\/hudo.si\" \/>\n<meta property=\"article:published_time\" content=\"2021-07-06T05:29:05+00:00\" \/>\n<meta property=\"og:image\" content=\"https:\/\/hudo.com\/si\/wp-content\/uploads\/sites\/2\/2021\/07\/profimedia-0376416331.jpg\" \/>\n\t<meta property=\"og:image:width\" content=\"1080\" \/>\n\t<meta property=\"og:image:height\" content=\"1079\" \/>\n\t<meta property=\"og:image:type\" content=\"image\/jpeg\" \/>\n<meta name=\"author\" content=\"hudo\" \/>\n<meta name=\"twitter:card\" content=\"summary_large_image\" \/>\n<meta name=\"twitter:creator\" content=\"@hudo_si\" \/>\n<meta name=\"twitter:site\" content=\"@hudo_si\" \/>\n<meta name=\"twitter:label1\" content=\"Written by\" \/>\n\t<meta name=\"twitter:data1\" content=\"hudo\" \/>\n\t<meta name=\"twitter:label2\" content=\"Est. reading time\" \/>\n\t<meta name=\"twitter:data2\" content=\"2 minuti\" \/>\n<script type=\"application\/ld+json\" class=\"yoast-schema-graph\">{\"@context\":\"https:\/\/schema.org\",\"@graph\":[{\"@type\":\"Article\",\"@id\":\"https:\/\/hudo.com\/si\/vip\/foto-gwen-stefani-in-njena-sanjska-poroka-s-sanjskim-moskim\/#article\",\"isPartOf\":{\"@id\":\"https:\/\/hudo.com\/si\/vip\/foto-gwen-stefani-in-njena-sanjska-poroka-s-sanjskim-moskim\/\"},\"author\":{\"name\":\"hudo\",\"@id\":\"https:\/\/hudo.com\/si\/#\/schema\/person\/601cf3379633985b20f7e50f2bb47707\"},\"headline\":\"Foto: Gwen Stefani in njena sanjska poroka s sanjskim mo\u0161kim\",\"datePublished\":\"2021-07-06T05:29:05+00:00\",\"dateModified\":\"2021-07-06T05:29:05+00:00\",\"mainEntityOfPage\":{\"@id\":\"https:\/\/hudo.com\/si\/vip\/foto-gwen-stefani-in-njena-sanjska-poroka-s-sanjskim-moskim\/\"},\"wordCount\":489,\"publisher\":{\"@id\":\"https:\/\/hudo.com\/si\/#organization\"},\"keywords\":[\"Blake Shelton\",\"Gwen Stefani\",\"poroka gwen stefani in blake shelton\",\"poroke slavnih\",\"poroke slavnih 2021\"],\"articleSection\":[\"VIP\"],\"inLanguage\":\"sl-SI\"},{\"@type\":\"WebPage\",\"@id\":\"https:\/\/hudo.com\/si\/vip\/foto-gwen-stefani-in-njena-sanjska-poroka-s-sanjskim-moskim\/\",\"url\":\"https:\/\/hudo.com\/si\/vip\/foto-gwen-stefani-in-njena-sanjska-poroka-s-sanjskim-moskim\/\",\"name\":\"Foto: Gwen Stefani in njena sanjska poroka s sanjskim mo\u0161kim - Hudo Slovenija\",\"isPartOf\":{\"@id\":\"https:\/\/hudo.com\/si\/#website\"},\"datePublished\":\"2021-07-06T05:29:05+00:00\",\"dateModified\":\"2021-07-06T05:29:05+00:00\",\"breadcrumb\":{\"@id\":\"https:\/\/hudo.com\/si\/vip\/foto-gwen-stefani-in-njena-sanjska-poroka-s-sanjskim-moskim\/#breadcrumb\"},\"inLanguage\":\"sl-SI\",\"potentialAction\":[{\"@type\":\"ReadAction\",\"target\":[\"https:\/\/hudo.com\/si\/vip\/foto-gwen-stefani-in-njena-sanjska-poroka-s-sanjskim-moskim\/\"]}]},{\"@type\":\"BreadcrumbList\",\"@id\":\"https:\/\/hudo.com\/si\/vip\/foto-gwen-stefani-in-njena-sanjska-poroka-s-sanjskim-moskim\/#breadcrumb\",\"itemListElement\":[{\"@type\":\"ListItem\",\"position\":1,\"name\":\"Home\",\"item\":\"https:\/\/hudo.com\/si\/\"},{\"@type\":\"ListItem\",\"position\":2,\"name\":\"Foto: Gwen Stefani in njena sanjska poroka s sanjskim mo\u0161kim\"}]},{\"@type\":\"WebSite\",\"@id\":\"https:\/\/hudo.com\/si\/#website\",\"url\":\"https:\/\/hudo.com\/si\/\",\"name\":\"Hudo Slovenija\",\"description\":\"Vse novice iz Slovenije in sveta\",\"publisher\":{\"@id\":\"https:\/\/hudo.com\/si\/#organization\"},\"potentialAction\":[{\"@type\":\"SearchAction\",\"target\":{\"@type\":\"EntryPoint\",\"urlTemplate\":\"https:\/\/hudo.com\/si\/?s={search_term_string}\"},\"query-input\":\"required name=search_term_string\"}],\"inLanguage\":\"sl-SI\"},{\"@type\":\"Organization\",\"@id\":\"https:\/\/hudo.com\/si\/#organization\",\"name\":\"VSN Media\",\"url\":\"https:\/\/hudo.com\/si\/\",\"logo\":{\"@type\":\"ImageObject\",\"inLanguage\":\"sl-SI\",\"@id\":\"https:\/\/hudo.com\/si\/#\/schema\/logo\/image\/\",\"url\":\"https:\/\/hudo.com\/si\/wp-content\/uploads\/sites\/2\/2021\/03\/hudo-app-2.png\",\"contentUrl\":\"https:\/\/hudo.com\/si\/wp-content\/uploads\/sites\/2\/2021\/03\/hudo-app-2.png\",\"width\":2185,\"height\":2167,\"caption\":\"VSN Media\"},\"image\":{\"@id\":\"https:\/\/hudo.com\/si\/#\/schema\/logo\/image\/\"},\"sameAs\":[\"https:\/\/www.facebook.com\/hudo.si\",\"https:\/\/twitter.com\/hudo_si\"]},{\"@type\":\"Person\",\"@id\":\"https:\/\/hudo.com\/si\/#\/schema\/person\/601cf3379633985b20f7e50f2bb47707\",\"name\":\"hudo\",\"image\":{\"@type\":\"ImageObject\",\"inLanguage\":\"sl-SI\",\"@id\":\"https:\/\/hudo.com\/si\/#\/schema\/person\/image\/\",\"url\":\"https:\/\/secure.gravatar.com\/avatar\/c4ca25fa72cace7a696b52ff5db9e095?s=96&d=mm&r=g\",\"contentUrl\":\"https:\/\/secure.gravatar.com\/avatar\/c4ca25fa72cace7a696b52ff5db9e095?s=96&d=mm&r=g\",\"caption\":\"hudo\"},\"url\":\"https:\/\/hudo.com\/si\/author\/hudo\/\"}]}<\/script>\n<!-- \/ Yoast SEO plugin. -->","yoast_head_json":{"title":"Foto: Gwen Stefani in njena sanjska poroka s sanjskim mo\u0161kim - Hudo Slovenija","robots":{"index":"index","follow":"follow","max-snippet":"max-snippet:-1","max-image-preview":"max-image-preview:large","max-video-preview":"max-video-preview:-1"},"canonical":"https:\/\/hudo.com\/si\/vip\/foto-gwen-stefani-in-njena-sanjska-poroka-s-sanjskim-moskim\/","og_locale":"sl_SI","og_type":"article","og_title":"Foto: Gwen Stefani in njena sanjska poroka s sanjskim mo\u0161kim - Hudo Slovenija","og_description":"Po tem, ko je minuli vikend dahnila usodni da na ran\u010du svojega novope\u010denega mo\u017ea Blakea Sheltona, je pevka Gwen Stefani sedaj s svojimi obo\u017eevalci ko\u010dno delila tudi nekaj foto utrinkov iz svoje sanjske poroke ...","og_url":"https:\/\/hudo.com\/si\/vip\/foto-gwen-stefani-in-njena-sanjska-poroka-s-sanjskim-moskim\/","og_site_name":"Hudo Slovenija","article_publisher":"https:\/\/www.facebook.com\/hudo.si","article_published_time":"2021-07-06T05:29:05+00:00","og_image":[{"width":1080,"height":1079,"url":"https:\/\/hudo.com\/si\/wp-content\/uploads\/sites\/2\/2021\/07\/profimedia-0376416331.jpg","type":"image\/jpeg"}],"author":"hudo","twitter_card":"summary_large_image","twitter_creator":"@hudo_si","twitter_site":"@hudo_si","twitter_misc":{"Written by":"hudo","Est. reading time":"2 minuti"},"schema":{"@context":"https:\/\/schema.org","@graph":[{"@type":"Article","@id":"https:\/\/hudo.com\/si\/vip\/foto-gwen-stefani-in-njena-sanjska-poroka-s-sanjskim-moskim\/#article","isPartOf":{"@id":"https:\/\/hudo.com\/si\/vip\/foto-gwen-stefani-in-njena-sanjska-poroka-s-sanjskim-moskim\/"},"author":{"name":"hudo","@id":"https:\/\/hudo.com\/si\/#\/schema\/person\/601cf3379633985b20f7e50f2bb47707"},"headline":"Foto: Gwen Stefani in njena sanjska poroka s sanjskim mo\u0161kim","datePublished":"2021-07-06T05:29:05+00:00","dateModified":"2021-07-06T05:29:05+00:00","mainEntityOfPage":{"@id":"https:\/\/hudo.com\/si\/vip\/foto-gwen-stefani-in-njena-sanjska-poroka-s-sanjskim-moskim\/"},"wordCount":489,"publisher":{"@id":"https:\/\/hudo.com\/si\/#organization"},"keywords":["Blake Shelton","Gwen Stefani","poroka gwen stefani in blake shelton","poroke slavnih","poroke slavnih 2021"],"articleSection":["VIP"],"inLanguage":"sl-SI"},{"@type":"WebPage","@id":"https:\/\/hudo.com\/si\/vip\/foto-gwen-stefani-in-njena-sanjska-poroka-s-sanjskim-moskim\/","url":"https:\/\/hudo.com\/si\/vip\/foto-gwen-stefani-in-njena-sanjska-poroka-s-sanjskim-moskim\/","name":"Foto: Gwen Stefani in njena sanjska poroka s sanjskim mo\u0161kim - Hudo Slovenija","isPartOf":{"@id":"https:\/\/hudo.com\/si\/#website"},"datePublished":"2021-07-06T05:29:05+00:00","dateModified":"2021-07-06T05:29:05+00:00","breadcrumb":{"@id":"https:\/\/hudo.com\/si\/vip\/foto-gwen-stefani-in-njena-sanjska-poroka-s-sanjskim-moskim\/#breadcrumb"},"inLanguage":"sl-SI","potentialAction":[{"@type":"ReadAction","target":["https:\/\/hudo.com\/si\/vip\/foto-gwen-stefani-in-njena-sanjska-poroka-s-sanjskim-moskim\/"]}]},{"@type":"BreadcrumbList","@id":"https:\/\/hudo.com\/si\/vip\/foto-gwen-stefani-in-njena-sanjska-poroka-s-sanjskim-moskim\/#breadcrumb","itemListElement":[{"@type":"ListItem","position":1,"name":"Home","item":"https:\/\/hudo.com\/si\/"},{"@type":"ListItem","position":2,"name":"Foto: Gwen Stefani in njena sanjska poroka s sanjskim mo\u0161kim"}]},{"@type":"WebSite","@id":"https:\/\/hudo.com\/si\/#website","url":"https:\/\/hudo.com\/si\/","name":"Hudo Slovenija","description":"Vse novice iz Slovenije in sveta","publisher":{"@id":"https:\/\/hudo.com\/si\/#organization"},"potentialAction":[{"@type":"SearchAction","target":{"@type":"EntryPoint","urlTemplate":"https:\/\/hudo.com\/si\/?s={search_term_string}"},"query-input":"required name=search_term_string"}],"inLanguage":"sl-SI"},{"@type":"Organization","@id":"https:\/\/hudo.com\/si\/#organization","name":"VSN Media","url":"https:\/\/hudo.com\/si\/","logo":{"@type":"ImageObject","inLanguage":"sl-SI","@id":"https:\/\/hudo.com\/si\/#\/schema\/logo\/image\/","url":"https:\/\/hudo.com\/si\/wp-content\/uploads\/sites\/2\/2021\/03\/hudo-app-2.png","contentUrl":"https:\/\/hudo.com\/si\/wp-content\/uploads\/sites\/2\/2021\/03\/hudo-app-2.png","width":2185,"height":2167,"caption":"VSN Media"},"image":{"@id":"https:\/\/hudo.com\/si\/#\/schema\/logo\/image\/"},"sameAs":["https:\/\/www.facebook.com\/hudo.si","https:\/\/twitter.com\/hudo_si"]},{"@type":"Person","@id":"https:\/\/hudo.com\/si\/#\/schema\/person\/601cf3379633985b20f7e50f2bb47707","name":"hudo","image":{"@type":"ImageObject","inLanguage":"sl-SI","@id":"https:\/\/hudo.com\/si\/#\/schema\/person\/image\/","url":"https:\/\/secure.gravatar.com\/avatar\/c4ca25fa72cace7a696b52ff5db9e095?s=96&d=mm&r=g","contentUrl":"https:\/\/secure.gravatar.com\/avatar\/c4ca25fa72cace7a696b52ff5db9e095?s=96&d=mm&r=g","caption":"hudo"},"url":"https:\/\/hudo.com\/si\/author\/hudo\/"}]}},"amp_enabled":true,"_links":{"self":[{"href":"https:\/\/hudo.com\/si\/wp-json\/wp\/v2\/posts\/454187"}],"collection":[{"href":"https:\/\/hudo.com\/si\/wp-json\/wp\/v2\/posts"}],"about":[{"href":"https:\/\/hudo.com\/si\/wp-json\/wp\/v2\/types\/post"}],"author":[{"embeddable":true,"href":"https:\/\/hudo.com\/si\/wp-json\/wp\/v2\/users\/1"}],"replies":[{"embeddable":true,"href":"https:\/\/hudo.com\/si\/wp-json\/wp\/v2\/comments?post=454187"}],"version-history":[{"count":0,"href":"https:\/\/hudo.com\/si\/wp-json\/wp\/v2\/posts\/454187\/revisions"}],"wp:featuredmedia":[{"embeddable":true,"href":"https:\/\/hudo.com\/si\/wp-json\/wp\/v2\/media\/454188"}],"wp:attachment":[{"href":"https:\/\/hudo.com\/si\/wp-json\/wp\/v2\/media?parent=454187"}],"wp:term":[{"taxonomy":"category","embeddable":true,"href":"https:\/\/hudo.com\/si\/wp-json\/wp\/v2\/categories?post=454187"},{"taxonomy":"post_tag","embeddable":true,"href":"https:\/\/hudo.com\/si\/wp-json\/wp\/v2\/tags?post=454187"},{"taxonomy":"source","embeddable":true,"href":"https:\/\/hudo.com\/si\/wp-json\/wp\/v2\/source?post=454187"},{"taxonomy":"supertag","embeddable":true,"href":"https:\/\/hudo.com\/si\/wp-json\/wp\/v2\/supertag?post=454187"}],"curies":[{"name":"wp","href":"https:\/\/api.w.org\/{rel}","templated":true}]}}