{"id":454310,"date":"2021-07-08T08:22:42","date_gmt":"2021-07-08T06:22:42","guid":{"rendered":"https:\/\/hudo.com\/si\/?p=454310"},"modified":"2021-07-08T08:22:42","modified_gmt":"2021-07-08T06:22:42","slug":"vlada-bo-pretresala-ukrepe-bodo-maske-v-zaprtih-prostorih-spet-obvezne","status":"publish","type":"post","link":"https:\/\/hudo.com\/si\/aktualno\/slovenija\/vlada-bo-pretresala-ukrepe-bodo-maske-v-zaprtih-prostorih-spet-obvezne\/","title":{"rendered":"Vlada bo pretresala ukrepe: Bodo maske v zaprtih prostorih spet obvezne?"},"content":{"rendered":"<p>Vlada bo na dana\u0161nji seji znova pretresala protikoronske ukrepe in morebitne spremembe nekaterih odlokov, povezanih z epidemijo. Svetovalna skupina vladi med drugim predlaga no\u0161enje mask v zaprtih prostorih, kjer ni izpolnjen pogoj PCT, ter odpravo karantene za cepljene in prebolevnike po vrnitvi iz rde\u010dih in temno rde\u010dih dr\u017eav.<\/p>\n<p>V ponedeljek so sicer za\u010dele veljati nekatere sprostitve protikoronskih omejitev, \u017ee takoj ob uveljavitvi spro\u0161\u010danja pa so se oglasili tudi v strokovni skupini. Vladi predlagajo, da osebam, ki so cepljene ali so prebolele covid-19, po vrnitvi iz dr\u017eav, ki so na rde\u010dem ali temnorde\u010dem seznamu, ne bi bilo treba v karanteno. \u0160e naprej pa bi ta ukrep veljal za tiste, ki novega koronavirusa niso preboleli ali niso cepljeni, je za STA povedala vodja svetovalne skupine za covid-19 Mateja Logar.<\/p>\n<p>V svetovalni skupini predlagajo tudi no\u0161enje mask v zaprtih prostorih, kjer ni izpolnjen pogoj PCT, kot tudi, naj zaposleni v gostinstvu nosijo maske, \u010de nimajo digitalnega covidnega potrdila. Poleg tega predlagajo, da se ohrani razdalja med mizami, in sicer tri metre med mizami oz. 1,5 metra med stoli sosednjih miz.<\/p>\n<p>Predsednik vlade Janez Jan\u0161a je na sredinem sre\u010danju z \u017eupani predstavnike lokalne skupnosti pozval, da pomagajo pri \u0161e bolj\u0161i organizaciji cepljenja ter s tem k pove\u010danemu odzivu ob\u010danov na pozive k cepljenju. Zdravstveni minister Janez Poklukar pa je opozoril, da so razmere resne, saj \u0161tevilo oku\u017eenih znova nara\u0161\u010da.<\/p>\n<p>Sicer pa bo vlada obravnavala tudi teko\u010de zadeve, med drugim je ministrica za izobra\u017eevanje, znanost in \u0161port Simona Kustec v sredo napovedala, da bo vlada na seji obravnavala predlog, da bi \u0161e letos zagotovili podporo vsem ob\u010dinskim projektom investicij v \u0161ole, ki so izpolnjevali pogoje zadnjega razpisa, a niso bili izbrani. Podobno velja za investicije v \u0161portno infrastrukturo.<\/p>\n","protected":false},"excerpt":{"rendered":"<p>Vlada bo danes znova pretresala protikoronske ukrepe &#8230;<\/p>\n","protected":false},"author":5,"featured_media":432063,"comment_status":"closed","ping_status":"closed","sticky":false,"template":"","format":"standard","meta":{"footnotes":""},"categories":[18201],"tags":[15632,1595,4780,4532],"source":[4511],"supertag":[5675],"acf":[],"yoast_head":"<!-- This site is optimized with the Yoast SEO plugin v21.3 - https:\/\/yoast.com\/wordpress\/plugins\/seo\/ -->\n<title>Vlada bo pretresala ukrepe: Bodo maske v zaprtih prostorih spet obvezne? - Hudo Slovenija<\/title>\n<meta name=\"robots\" content=\"index, follow, max-snippet:-1, max-image-preview:large, max-video-preview:-1\" \/>\n<link rel=\"canonical\" href=\"https:\/\/hudo.com\/si\/aktualno\/slovenija\/vlada-bo-pretresala-ukrepe-bodo-maske-v-zaprtih-prostorih-spet-obvezne\/\" \/>\n<meta property=\"og:locale\" content=\"sl_SI\" \/>\n<meta property=\"og:type\" content=\"article\" \/>\n<meta property=\"og:title\" content=\"Vlada bo pretresala ukrepe: Bodo maske v zaprtih prostorih spet obvezne? - Hudo Slovenija\" \/>\n<meta property=\"og:description\" content=\"Vlada bo danes znova pretresala protikoronske ukrepe ...\" \/>\n<meta property=\"og:url\" content=\"https:\/\/hudo.com\/si\/aktualno\/slovenija\/vlada-bo-pretresala-ukrepe-bodo-maske-v-zaprtih-prostorih-spet-obvezne\/\" \/>\n<meta property=\"og:site_name\" content=\"Hudo Slovenija\" \/>\n<meta property=\"article:publisher\" content=\"https:\/\/www.facebook.com\/hudo.si\" \/>\n<meta property=\"article:published_time\" content=\"2021-07-08T06:22:42+00:00\" \/>\n<meta property=\"og:image\" content=\"https:\/\/hudo.com\/si\/wp-content\/uploads\/sites\/2\/2020\/09\/profimedia-0544690954.jpg\" \/>\n\t<meta property=\"og:image:width\" content=\"1250\" \/>\n\t<meta property=\"og:image:height\" content=\"833\" \/>\n\t<meta property=\"og:image:type\" content=\"image\/jpeg\" \/>\n<meta name=\"author\" content=\"A. G., STA\" \/>\n<meta name=\"twitter:card\" content=\"summary_large_image\" \/>\n<meta name=\"twitter:creator\" content=\"@hudo_si\" \/>\n<meta name=\"twitter:site\" content=\"@hudo_si\" \/>\n<meta name=\"twitter:label1\" content=\"Written by\" \/>\n\t<meta name=\"twitter:data1\" content=\"A. G., STA\" \/>\n\t<meta name=\"twitter:label2\" content=\"Est. reading time\" \/>\n\t<meta name=\"twitter:data2\" content=\"2 minuti\" \/>\n<script type=\"application\/ld+json\" class=\"yoast-schema-graph\">{\"@context\":\"https:\/\/schema.org\",\"@graph\":[{\"@type\":\"Article\",\"@id\":\"https:\/\/hudo.com\/si\/aktualno\/slovenija\/vlada-bo-pretresala-ukrepe-bodo-maske-v-zaprtih-prostorih-spet-obvezne\/#article\",\"isPartOf\":{\"@id\":\"https:\/\/hudo.com\/si\/aktualno\/slovenija\/vlada-bo-pretresala-ukrepe-bodo-maske-v-zaprtih-prostorih-spet-obvezne\/\"},\"author\":{\"name\":\"A. G., STA\",\"@id\":\"https:\/\/hudo.com\/si\/#\/schema\/person\/2391667a63ea075ba94f2f2dc6b77537\"},\"headline\":\"Vlada bo pretresala ukrepe: Bodo maske v zaprtih prostorih spet obvezne?\",\"datePublished\":\"2021-07-08T06:22:42+00:00\",\"dateModified\":\"2021-07-08T06:22:42+00:00\",\"mainEntityOfPage\":{\"@id\":\"https:\/\/hudo.com\/si\/aktualno\/slovenija\/vlada-bo-pretresala-ukrepe-bodo-maske-v-zaprtih-prostorih-spet-obvezne\/\"},\"wordCount\":314,\"publisher\":{\"@id\":\"https:\/\/hudo.com\/si\/#organization\"},\"keywords\":[\"koronavirus\",\"Slovenija\",\"ukrepi\",\"vlada\"],\"articleSection\":[\"Slovenija\"],\"inLanguage\":\"sl-SI\"},{\"@type\":\"WebPage\",\"@id\":\"https:\/\/hudo.com\/si\/aktualno\/slovenija\/vlada-bo-pretresala-ukrepe-bodo-maske-v-zaprtih-prostorih-spet-obvezne\/\",\"url\":\"https:\/\/hudo.com\/si\/aktualno\/slovenija\/vlada-bo-pretresala-ukrepe-bodo-maske-v-zaprtih-prostorih-spet-obvezne\/\",\"name\":\"Vlada bo pretresala ukrepe: Bodo maske v zaprtih prostorih spet obvezne? - Hudo Slovenija\",\"isPartOf\":{\"@id\":\"https:\/\/hudo.com\/si\/#website\"},\"datePublished\":\"2021-07-08T06:22:42+00:00\",\"dateModified\":\"2021-07-08T06:22:42+00:00\",\"breadcrumb\":{\"@id\":\"https:\/\/hudo.com\/si\/aktualno\/slovenija\/vlada-bo-pretresala-ukrepe-bodo-maske-v-zaprtih-prostorih-spet-obvezne\/#breadcrumb\"},\"inLanguage\":\"sl-SI\",\"potentialAction\":[{\"@type\":\"ReadAction\",\"target\":[\"https:\/\/hudo.com\/si\/aktualno\/slovenija\/vlada-bo-pretresala-ukrepe-bodo-maske-v-zaprtih-prostorih-spet-obvezne\/\"]}]},{\"@type\":\"BreadcrumbList\",\"@id\":\"https:\/\/hudo.com\/si\/aktualno\/slovenija\/vlada-bo-pretresala-ukrepe-bodo-maske-v-zaprtih-prostorih-spet-obvezne\/#breadcrumb\",\"itemListElement\":[{\"@type\":\"ListItem\",\"position\":1,\"name\":\"Home\",\"item\":\"https:\/\/hudo.com\/si\/\"},{\"@type\":\"ListItem\",\"position\":2,\"name\":\"Vlada bo pretresala ukrepe: Bodo maske v zaprtih prostorih spet obvezne?\"}]},{\"@type\":\"WebSite\",\"@id\":\"https:\/\/hudo.com\/si\/#website\",\"url\":\"https:\/\/hudo.com\/si\/\",\"name\":\"Hudo Slovenija\",\"description\":\"Vse novice iz Slovenije in sveta\",\"publisher\":{\"@id\":\"https:\/\/hudo.com\/si\/#organization\"},\"potentialAction\":[{\"@type\":\"SearchAction\",\"target\":{\"@type\":\"EntryPoint\",\"urlTemplate\":\"https:\/\/hudo.com\/si\/?s={search_term_string}\"},\"query-input\":\"required name=search_term_string\"}],\"inLanguage\":\"sl-SI\"},{\"@type\":\"Organization\",\"@id\":\"https:\/\/hudo.com\/si\/#organization\",\"name\":\"VSN Media\",\"url\":\"https:\/\/hudo.com\/si\/\",\"logo\":{\"@type\":\"ImageObject\",\"inLanguage\":\"sl-SI\",\"@id\":\"https:\/\/hudo.com\/si\/#\/schema\/logo\/image\/\",\"url\":\"https:\/\/hudo.com\/si\/wp-content\/uploads\/sites\/2\/2021\/03\/hudo-app-2.png\",\"contentUrl\":\"https:\/\/hudo.com\/si\/wp-content\/uploads\/sites\/2\/2021\/03\/hudo-app-2.png\",\"width\":2185,\"height\":2167,\"caption\":\"VSN Media\"},\"image\":{\"@id\":\"https:\/\/hudo.com\/si\/#\/schema\/logo\/image\/\"},\"sameAs\":[\"https:\/\/www.facebook.com\/hudo.si\",\"https:\/\/twitter.com\/hudo_si\"]},{\"@type\":\"Person\",\"@id\":\"https:\/\/hudo.com\/si\/#\/schema\/person\/2391667a63ea075ba94f2f2dc6b77537\",\"name\":\"A. G., STA\",\"image\":{\"@type\":\"ImageObject\",\"inLanguage\":\"sl-SI\",\"@id\":\"https:\/\/hudo.com\/si\/#\/schema\/person\/image\/\",\"url\":\"https:\/\/secure.gravatar.com\/avatar\/e13d22ac3e442658d5025fbbe6238a79?s=96&d=mm&r=g\",\"contentUrl\":\"https:\/\/secure.gravatar.com\/avatar\/e13d22ac3e442658d5025fbbe6238a79?s=96&d=mm&r=g\",\"caption\":\"A. G., STA\"},\"url\":\"https:\/\/hudo.com\/si\/author\/alenka\/\"}]}<\/script>\n<!-- \/ Yoast SEO plugin. -->","yoast_head_json":{"title":"Vlada bo pretresala ukrepe: Bodo maske v zaprtih prostorih spet obvezne? - Hudo Slovenija","robots":{"index":"index","follow":"follow","max-snippet":"max-snippet:-1","max-image-preview":"max-image-preview:large","max-video-preview":"max-video-preview:-1"},"canonical":"https:\/\/hudo.com\/si\/aktualno\/slovenija\/vlada-bo-pretresala-ukrepe-bodo-maske-v-zaprtih-prostorih-spet-obvezne\/","og_locale":"sl_SI","og_type":"article","og_title":"Vlada bo pretresala ukrepe: Bodo maske v zaprtih prostorih spet obvezne? - Hudo Slovenija","og_description":"Vlada bo danes znova pretresala protikoronske ukrepe ...","og_url":"https:\/\/hudo.com\/si\/aktualno\/slovenija\/vlada-bo-pretresala-ukrepe-bodo-maske-v-zaprtih-prostorih-spet-obvezne\/","og_site_name":"Hudo Slovenija","article_publisher":"https:\/\/www.facebook.com\/hudo.si","article_published_time":"2021-07-08T06:22:42+00:00","og_image":[{"width":1250,"height":833,"url":"https:\/\/hudo.com\/si\/wp-content\/uploads\/sites\/2\/2020\/09\/profimedia-0544690954.jpg","type":"image\/jpeg"}],"author":"A. G., STA","twitter_card":"summary_large_image","twitter_creator":"@hudo_si","twitter_site":"@hudo_si","twitter_misc":{"Written by":"A. G., STA","Est. reading time":"2 minuti"},"schema":{"@context":"https:\/\/schema.org","@graph":[{"@type":"Article","@id":"https:\/\/hudo.com\/si\/aktualno\/slovenija\/vlada-bo-pretresala-ukrepe-bodo-maske-v-zaprtih-prostorih-spet-obvezne\/#article","isPartOf":{"@id":"https:\/\/hudo.com\/si\/aktualno\/slovenija\/vlada-bo-pretresala-ukrepe-bodo-maske-v-zaprtih-prostorih-spet-obvezne\/"},"author":{"name":"A. G., STA","@id":"https:\/\/hudo.com\/si\/#\/schema\/person\/2391667a63ea075ba94f2f2dc6b77537"},"headline":"Vlada bo pretresala ukrepe: Bodo maske v zaprtih prostorih spet obvezne?","datePublished":"2021-07-08T06:22:42+00:00","dateModified":"2021-07-08T06:22:42+00:00","mainEntityOfPage":{"@id":"https:\/\/hudo.com\/si\/aktualno\/slovenija\/vlada-bo-pretresala-ukrepe-bodo-maske-v-zaprtih-prostorih-spet-obvezne\/"},"wordCount":314,"publisher":{"@id":"https:\/\/hudo.com\/si\/#organization"},"keywords":["koronavirus","Slovenija","ukrepi","vlada"],"articleSection":["Slovenija"],"inLanguage":"sl-SI"},{"@type":"WebPage","@id":"https:\/\/hudo.com\/si\/aktualno\/slovenija\/vlada-bo-pretresala-ukrepe-bodo-maske-v-zaprtih-prostorih-spet-obvezne\/","url":"https:\/\/hudo.com\/si\/aktualno\/slovenija\/vlada-bo-pretresala-ukrepe-bodo-maske-v-zaprtih-prostorih-spet-obvezne\/","name":"Vlada bo pretresala ukrepe: Bodo maske v zaprtih prostorih spet obvezne? - Hudo Slovenija","isPartOf":{"@id":"https:\/\/hudo.com\/si\/#website"},"datePublished":"2021-07-08T06:22:42+00:00","dateModified":"2021-07-08T06:22:42+00:00","breadcrumb":{"@id":"https:\/\/hudo.com\/si\/aktualno\/slovenija\/vlada-bo-pretresala-ukrepe-bodo-maske-v-zaprtih-prostorih-spet-obvezne\/#breadcrumb"},"inLanguage":"sl-SI","potentialAction":[{"@type":"ReadAction","target":["https:\/\/hudo.com\/si\/aktualno\/slovenija\/vlada-bo-pretresala-ukrepe-bodo-maske-v-zaprtih-prostorih-spet-obvezne\/"]}]},{"@type":"BreadcrumbList","@id":"https:\/\/hudo.com\/si\/aktualno\/slovenija\/vlada-bo-pretresala-ukrepe-bodo-maske-v-zaprtih-prostorih-spet-obvezne\/#breadcrumb","itemListElement":[{"@type":"ListItem","position":1,"name":"Home","item":"https:\/\/hudo.com\/si\/"},{"@type":"ListItem","position":2,"name":"Vlada bo pretresala ukrepe: Bodo maske v zaprtih prostorih spet obvezne?"}]},{"@type":"WebSite","@id":"https:\/\/hudo.com\/si\/#website","url":"https:\/\/hudo.com\/si\/","name":"Hudo Slovenija","description":"Vse novice iz Slovenije in sveta","publisher":{"@id":"https:\/\/hudo.com\/si\/#organization"},"potentialAction":[{"@type":"SearchAction","target":{"@type":"EntryPoint","urlTemplate":"https:\/\/hudo.com\/si\/?s={search_term_string}"},"query-input":"required name=search_term_string"}],"inLanguage":"sl-SI"},{"@type":"Organization","@id":"https:\/\/hudo.com\/si\/#organization","name":"VSN Media","url":"https:\/\/hudo.com\/si\/","logo":{"@type":"ImageObject","inLanguage":"sl-SI","@id":"https:\/\/hudo.com\/si\/#\/schema\/logo\/image\/","url":"https:\/\/hudo.com\/si\/wp-content\/uploads\/sites\/2\/2021\/03\/hudo-app-2.png","contentUrl":"https:\/\/hudo.com\/si\/wp-content\/uploads\/sites\/2\/2021\/03\/hudo-app-2.png","width":2185,"height":2167,"caption":"VSN Media"},"image":{"@id":"https:\/\/hudo.com\/si\/#\/schema\/logo\/image\/"},"sameAs":["https:\/\/www.facebook.com\/hudo.si","https:\/\/twitter.com\/hudo_si"]},{"@type":"Person","@id":"https:\/\/hudo.com\/si\/#\/schema\/person\/2391667a63ea075ba94f2f2dc6b77537","name":"A. G., STA","image":{"@type":"ImageObject","inLanguage":"sl-SI","@id":"https:\/\/hudo.com\/si\/#\/schema\/person\/image\/","url":"https:\/\/secure.gravatar.com\/avatar\/e13d22ac3e442658d5025fbbe6238a79?s=96&d=mm&r=g","contentUrl":"https:\/\/secure.gravatar.com\/avatar\/e13d22ac3e442658d5025fbbe6238a79?s=96&d=mm&r=g","caption":"A. G., STA"},"url":"https:\/\/hudo.com\/si\/author\/alenka\/"}]}},"amp_enabled":true,"_links":{"self":[{"href":"https:\/\/hudo.com\/si\/wp-json\/wp\/v2\/posts\/454310"}],"collection":[{"href":"https:\/\/hudo.com\/si\/wp-json\/wp\/v2\/posts"}],"about":[{"href":"https:\/\/hudo.com\/si\/wp-json\/wp\/v2\/types\/post"}],"author":[{"embeddable":true,"href":"https:\/\/hudo.com\/si\/wp-json\/wp\/v2\/users\/5"}],"replies":[{"embeddable":true,"href":"https:\/\/hudo.com\/si\/wp-json\/wp\/v2\/comments?post=454310"}],"version-history":[{"count":1,"href":"https:\/\/hudo.com\/si\/wp-json\/wp\/v2\/posts\/454310\/revisions"}],"predecessor-version":[{"id":454311,"href":"https:\/\/hudo.com\/si\/wp-json\/wp\/v2\/posts\/454310\/revisions\/454311"}],"wp:featuredmedia":[{"embeddable":true,"href":"https:\/\/hudo.com\/si\/wp-json\/wp\/v2\/media\/432063"}],"wp:attachment":[{"href":"https:\/\/hudo.com\/si\/wp-json\/wp\/v2\/media?parent=454310"}],"wp:term":[{"taxonomy":"category","embeddable":true,"href":"https:\/\/hudo.com\/si\/wp-json\/wp\/v2\/categories?post=454310"},{"taxonomy":"post_tag","embeddable":true,"href":"https:\/\/hudo.com\/si\/wp-json\/wp\/v2\/tags?post=454310"},{"taxonomy":"source","embeddable":true,"href":"https:\/\/hudo.com\/si\/wp-json\/wp\/v2\/source?post=454310"},{"taxonomy":"supertag","embeddable":true,"href":"https:\/\/hudo.com\/si\/wp-json\/wp\/v2\/supertag?post=454310"}],"curies":[{"name":"wp","href":"https:\/\/api.w.org\/{rel}","templated":true}]}}