{"id":45432,"date":"2016-05-04T11:45:00","date_gmt":"2016-05-04T09:45:00","guid":{"rendered":"http:\/\/hudo.com\/si\/2016\/05\/04\/bruselj-predlaga-odpravo-vizumov-za-turcijo-ce-bo-izpolnila-zahtevane-pogoje\/"},"modified":"2016-05-04T17:11:39","modified_gmt":"2016-05-04T15:11:39","slug":"bruselj-predlaga-odpravo-vizumov-za-turcijo-ce-bo-izpolnila-zahtevane-pogoje","status":"publish","type":"post","link":"https:\/\/hudo.com\/si\/aktualno\/bruselj-predlaga-odpravo-vizumov-za-turcijo-ce-bo-izpolnila-zahtevane-pogoje\/","title":{"rendered":"Bruselj predlaga odpravo vizumov za Tur\u010dijo, \u010de bo izpolnila zahtevane pogoje"},"content":{"rendered":"<p>Evropska komisija je danes priporo\u010dila odpravo vizumov za Tur\u010dijo pod pogojem, da tur\u0161ke oblasti izpolnijo preostala zahtevana merila v skladu z danimi zavezami. Tur\u010dija mora izpolniti 72 meril, po navedbah Bruslja pa jih je ostalo neizpolnjenih \u0161e pet. O predlogu komisije bodo sedaj odlo\u010dale dr\u017eave \u010dlanice in Evropski parlament. S tem je komisija odprla pot za odlo\u010ditev o odpravi vizumov za tur\u0161ke dr\u017eavljane do konca junija. Predlog komisije morajo sedaj potrditi \u0161e dr\u017eave \u010dlanice in Evropski parlament. Prvi podpredsednik komisije Frans Timmermans je ob predstavitvi predloga danes dejal, da je Tur\u010dija v zadnjih tednih storila ogromen napredek, vendar jo \u010daka \u0161e nekaj dela, da bo izpolnila vsa zahtevana merila. Tur\u010dija mora za to, da bo uvr\u0161\u010dena na seznam dr\u017eav, katerih dr\u017eavljani lahko potujejo v schengensko obmo\u010dje brez vizumov, izpolniti 72 meril. Ankara mora izpolniti \u0161e pet meril, je povedal Timmermans. Ta se med drugim nana\u0161ajo na boj proti korupciji, varovanje podatkov in sodelovanje z evropskimi pravosodnimi organi. Odprava vizumov za tur\u0161ke dr\u017eavljane je del dogovora med EU in Tur\u010dijo, ki v zameno za tur\u0161ko pomo\u010d pri zajezitvi migracijskega toka v Evropo predvideva pospe\u0161itev vizumske liberalizacije za tur\u0161ke dr\u017eavljane do konca junija.Svet<\/p>\n","protected":false},"excerpt":{"rendered":"<p>Evropska komisija je danes priporo\u010dila odpravo vizumov za Tur\u010dijo pod pogojem, da tur\u0161ke oblasti izpolnijo preostala zahtevana merila v skladu z danimi zavezami. Tur\u010dija mora izpolniti 72 meril, po navedbah Bruslja pa jih je ostalo neizpolnjenih \u0161e pet. O predlogu komisije bodo sedaj odlo\u010dale dr\u017eave \u010dlanice in Evropski parlament. S tem je komisija odprla pot za odlo\u010ditev o odpravi vizumov za tur\u0161ke dr\u017eavljane do konca junija. Predlog komisije morajo sedaj potrditi \u0161e dr\u017eave \u010dlanice in Evropski parlament. Prvi podpredsednik komisije Frans Timmermans je ob predstavitvi predloga danes dejal, da je Tur\u010dija v zadnjih tednih storila ogromen napredek, vendar jo \u010daka \u0161e nekaj dela, da bo izpolnila vsa zahtevana merila. Tur\u010dija mora za to, da bo uvr\u0161\u010dena na seznam dr\u017eav, katerih dr\u017eavljani lahko potujejo v schengensko obmo\u010dje brez vizumov, izpolniti 72 meril. Ankara mora izpolniti \u0161e pet meril, je povedal Timmermans. Ta se med drugim nana\u0161ajo na boj proti korupciji, varovanje podatkov in sodelovanje z evropskimi pravosodnimi organi. Odprava vizumov za tur\u0161ke dr\u017eavljane je del dogovora med EU in Tur\u010dijo, ki v zameno za tur\u0161ko pomo\u010d pri zajezitvi migracijskega toka v Evropo predvideva pospe\u0161itev vizumske liberalizacije za tur\u0161ke dr\u017eavljane do konca junija.Svet<\/p>\n","protected":false},"author":1,"featured_media":0,"comment_status":"closed","ping_status":"closed","sticky":false,"template":"","format":"standard","meta":{"footnotes":""},"categories":[1179],"tags":[],"source":[1711],"supertag":[],"acf":[],"yoast_head":"<!-- This site is optimized with the Yoast SEO plugin v21.3 - https:\/\/yoast.com\/wordpress\/plugins\/seo\/ -->\n<title>Bruselj predlaga odpravo vizumov za Tur\u010dijo, \u010de bo izpolnila zahtevane pogoje - Hudo Slovenija<\/title>\n<meta name=\"robots\" content=\"index, follow, max-snippet:-1, max-image-preview:large, max-video-preview:-1\" \/>\n<link rel=\"canonical\" href=\"https:\/\/hudo.com\/si\/aktualno\/bruselj-predlaga-odpravo-vizumov-za-turcijo-ce-bo-izpolnila-zahtevane-pogoje\/\" \/>\n<meta property=\"og:locale\" content=\"sl_SI\" \/>\n<meta property=\"og:type\" content=\"article\" \/>\n<meta property=\"og:title\" content=\"Bruselj predlaga odpravo vizumov za Tur\u010dijo, \u010de bo izpolnila zahtevane pogoje - Hudo Slovenija\" \/>\n<meta property=\"og:description\" content=\"Evropska komisija je danes priporo\u010dila odpravo vizumov za Tur\u010dijo pod pogojem, da tur\u0161ke oblasti izpolnijo preostala zahtevana merila v skladu z danimi zavezami. Tur\u010dija mora izpolniti 72 meril, po navedbah Bruslja pa jih je ostalo neizpolnjenih \u0161e pet. O predlogu komisije bodo sedaj odlo\u010dale dr\u017eave \u010dlanice in Evropski parlament. S tem je komisija odprla pot za odlo\u010ditev o odpravi vizumov za tur\u0161ke dr\u017eavljane do konca junija. Predlog komisije morajo sedaj potrditi \u0161e dr\u017eave \u010dlanice in Evropski parlament. Prvi podpredsednik komisije Frans Timmermans je ob predstavitvi predloga danes dejal, da je Tur\u010dija v zadnjih tednih storila ogromen napredek, vendar jo \u010daka \u0161e nekaj dela, da bo izpolnila vsa zahtevana merila. Tur\u010dija mora za to, da bo uvr\u0161\u010dena na seznam dr\u017eav, katerih dr\u017eavljani lahko potujejo v schengensko obmo\u010dje brez vizumov, izpolniti 72 meril. Ankara mora izpolniti \u0161e pet meril, je povedal Timmermans. Ta se med drugim nana\u0161ajo na boj proti korupciji, varovanje podatkov in sodelovanje z evropskimi pravosodnimi organi. Odprava vizumov za tur\u0161ke dr\u017eavljane je del dogovora med EU in Tur\u010dijo, ki v zameno za tur\u0161ko pomo\u010d pri zajezitvi migracijskega toka v Evropo predvideva pospe\u0161itev vizumske liberalizacije za tur\u0161ke dr\u017eavljane do konca junija.Svet\" \/>\n<meta property=\"og:url\" content=\"https:\/\/hudo.com\/si\/aktualno\/bruselj-predlaga-odpravo-vizumov-za-turcijo-ce-bo-izpolnila-zahtevane-pogoje\/\" \/>\n<meta property=\"og:site_name\" content=\"Hudo Slovenija\" \/>\n<meta property=\"article:publisher\" content=\"https:\/\/www.facebook.com\/hudo.si\" \/>\n<meta property=\"article:published_time\" content=\"2016-05-04T09:45:00+00:00\" \/>\n<meta property=\"article:modified_time\" content=\"2016-05-04T15:11:39+00:00\" \/>\n<meta property=\"og:image\" content=\"https:\/\/hudo.com\/si\/wp-content\/uploads\/sites\/2\/2016\/05\/01484613F-300.jpg\" \/>\n\t<meta property=\"og:image:width\" content=\"450\" \/>\n\t<meta property=\"og:image:height\" content=\"378\" \/>\n\t<meta property=\"og:image:type\" content=\"image\/jpeg\" \/>\n<meta name=\"author\" content=\"hudo\" \/>\n<meta name=\"twitter:card\" content=\"summary_large_image\" \/>\n<meta name=\"twitter:creator\" content=\"@hudo_si\" \/>\n<meta name=\"twitter:site\" content=\"@hudo_si\" \/>\n<meta name=\"twitter:label1\" content=\"Written by\" \/>\n\t<meta name=\"twitter:data1\" content=\"hudo\" \/>\n\t<meta name=\"twitter:label2\" content=\"Est. reading time\" \/>\n\t<meta name=\"twitter:data2\" content=\"1 minuta\" \/>\n<script type=\"application\/ld+json\" class=\"yoast-schema-graph\">{\"@context\":\"https:\/\/schema.org\",\"@graph\":[{\"@type\":\"Article\",\"@id\":\"https:\/\/hudo.com\/si\/aktualno\/bruselj-predlaga-odpravo-vizumov-za-turcijo-ce-bo-izpolnila-zahtevane-pogoje\/#article\",\"isPartOf\":{\"@id\":\"https:\/\/hudo.com\/si\/aktualno\/bruselj-predlaga-odpravo-vizumov-za-turcijo-ce-bo-izpolnila-zahtevane-pogoje\/\"},\"author\":{\"name\":\"hudo\",\"@id\":\"https:\/\/hudo.com\/si\/#\/schema\/person\/601cf3379633985b20f7e50f2bb47707\"},\"headline\":\"Bruselj predlaga odpravo vizumov za Tur\u010dijo, \u010de bo izpolnila zahtevane pogoje\",\"datePublished\":\"2016-05-04T09:45:00+00:00\",\"dateModified\":\"2016-05-04T15:11:39+00:00\",\"mainEntityOfPage\":{\"@id\":\"https:\/\/hudo.com\/si\/aktualno\/bruselj-predlaga-odpravo-vizumov-za-turcijo-ce-bo-izpolnila-zahtevane-pogoje\/\"},\"wordCount\":226,\"publisher\":{\"@id\":\"https:\/\/hudo.com\/si\/#organization\"},\"articleSection\":[\"Aktualno\"],\"inLanguage\":\"sl-SI\"},{\"@type\":\"WebPage\",\"@id\":\"https:\/\/hudo.com\/si\/aktualno\/bruselj-predlaga-odpravo-vizumov-za-turcijo-ce-bo-izpolnila-zahtevane-pogoje\/\",\"url\":\"https:\/\/hudo.com\/si\/aktualno\/bruselj-predlaga-odpravo-vizumov-za-turcijo-ce-bo-izpolnila-zahtevane-pogoje\/\",\"name\":\"Bruselj predlaga odpravo vizumov za Tur\u010dijo, \u010de bo izpolnila zahtevane pogoje - Hudo Slovenija\",\"isPartOf\":{\"@id\":\"https:\/\/hudo.com\/si\/#website\"},\"datePublished\":\"2016-05-04T09:45:00+00:00\",\"dateModified\":\"2016-05-04T15:11:39+00:00\",\"breadcrumb\":{\"@id\":\"https:\/\/hudo.com\/si\/aktualno\/bruselj-predlaga-odpravo-vizumov-za-turcijo-ce-bo-izpolnila-zahtevane-pogoje\/#breadcrumb\"},\"inLanguage\":\"sl-SI\",\"potentialAction\":[{\"@type\":\"ReadAction\",\"target\":[\"https:\/\/hudo.com\/si\/aktualno\/bruselj-predlaga-odpravo-vizumov-za-turcijo-ce-bo-izpolnila-zahtevane-pogoje\/\"]}]},{\"@type\":\"BreadcrumbList\",\"@id\":\"https:\/\/hudo.com\/si\/aktualno\/bruselj-predlaga-odpravo-vizumov-za-turcijo-ce-bo-izpolnila-zahtevane-pogoje\/#breadcrumb\",\"itemListElement\":[{\"@type\":\"ListItem\",\"position\":1,\"name\":\"Home\",\"item\":\"https:\/\/hudo.com\/si\/\"},{\"@type\":\"ListItem\",\"position\":2,\"name\":\"Bruselj predlaga odpravo vizumov za Tur\u010dijo, \u010de bo izpolnila zahtevane pogoje\"}]},{\"@type\":\"WebSite\",\"@id\":\"https:\/\/hudo.com\/si\/#website\",\"url\":\"https:\/\/hudo.com\/si\/\",\"name\":\"Hudo Slovenija\",\"description\":\"Vse novice iz Slovenije in sveta\",\"publisher\":{\"@id\":\"https:\/\/hudo.com\/si\/#organization\"},\"potentialAction\":[{\"@type\":\"SearchAction\",\"target\":{\"@type\":\"EntryPoint\",\"urlTemplate\":\"https:\/\/hudo.com\/si\/?s={search_term_string}\"},\"query-input\":\"required name=search_term_string\"}],\"inLanguage\":\"sl-SI\"},{\"@type\":\"Organization\",\"@id\":\"https:\/\/hudo.com\/si\/#organization\",\"name\":\"VSN Media\",\"url\":\"https:\/\/hudo.com\/si\/\",\"logo\":{\"@type\":\"ImageObject\",\"inLanguage\":\"sl-SI\",\"@id\":\"https:\/\/hudo.com\/si\/#\/schema\/logo\/image\/\",\"url\":\"https:\/\/hudo.com\/si\/wp-content\/uploads\/sites\/2\/2021\/03\/hudo-app-2.png\",\"contentUrl\":\"https:\/\/hudo.com\/si\/wp-content\/uploads\/sites\/2\/2021\/03\/hudo-app-2.png\",\"width\":2185,\"height\":2167,\"caption\":\"VSN Media\"},\"image\":{\"@id\":\"https:\/\/hudo.com\/si\/#\/schema\/logo\/image\/\"},\"sameAs\":[\"https:\/\/www.facebook.com\/hudo.si\",\"https:\/\/twitter.com\/hudo_si\"]},{\"@type\":\"Person\",\"@id\":\"https:\/\/hudo.com\/si\/#\/schema\/person\/601cf3379633985b20f7e50f2bb47707\",\"name\":\"hudo\",\"image\":{\"@type\":\"ImageObject\",\"inLanguage\":\"sl-SI\",\"@id\":\"https:\/\/hudo.com\/si\/#\/schema\/person\/image\/\",\"url\":\"https:\/\/secure.gravatar.com\/avatar\/c4ca25fa72cace7a696b52ff5db9e095?s=96&d=mm&r=g\",\"contentUrl\":\"https:\/\/secure.gravatar.com\/avatar\/c4ca25fa72cace7a696b52ff5db9e095?s=96&d=mm&r=g\",\"caption\":\"hudo\"},\"url\":\"https:\/\/hudo.com\/si\/author\/hudo\/\"}]}<\/script>\n<!-- \/ Yoast SEO plugin. -->","yoast_head_json":{"title":"Bruselj predlaga odpravo vizumov za Tur\u010dijo, \u010de bo izpolnila zahtevane pogoje - Hudo Slovenija","robots":{"index":"index","follow":"follow","max-snippet":"max-snippet:-1","max-image-preview":"max-image-preview:large","max-video-preview":"max-video-preview:-1"},"canonical":"https:\/\/hudo.com\/si\/aktualno\/bruselj-predlaga-odpravo-vizumov-za-turcijo-ce-bo-izpolnila-zahtevane-pogoje\/","og_locale":"sl_SI","og_type":"article","og_title":"Bruselj predlaga odpravo vizumov za Tur\u010dijo, \u010de bo izpolnila zahtevane pogoje - Hudo Slovenija","og_description":"Evropska komisija je danes priporo\u010dila odpravo vizumov za Tur\u010dijo pod pogojem, da tur\u0161ke oblasti izpolnijo preostala zahtevana merila v skladu z danimi zavezami. Tur\u010dija mora izpolniti 72 meril, po navedbah Bruslja pa jih je ostalo neizpolnjenih \u0161e pet. O predlogu komisije bodo sedaj odlo\u010dale dr\u017eave \u010dlanice in Evropski parlament. S tem je komisija odprla pot za odlo\u010ditev o odpravi vizumov za tur\u0161ke dr\u017eavljane do konca junija. Predlog komisije morajo sedaj potrditi \u0161e dr\u017eave \u010dlanice in Evropski parlament. Prvi podpredsednik komisije Frans Timmermans je ob predstavitvi predloga danes dejal, da je Tur\u010dija v zadnjih tednih storila ogromen napredek, vendar jo \u010daka \u0161e nekaj dela, da bo izpolnila vsa zahtevana merila. Tur\u010dija mora za to, da bo uvr\u0161\u010dena na seznam dr\u017eav, katerih dr\u017eavljani lahko potujejo v schengensko obmo\u010dje brez vizumov, izpolniti 72 meril. Ankara mora izpolniti \u0161e pet meril, je povedal Timmermans. Ta se med drugim nana\u0161ajo na boj proti korupciji, varovanje podatkov in sodelovanje z evropskimi pravosodnimi organi. Odprava vizumov za tur\u0161ke dr\u017eavljane je del dogovora med EU in Tur\u010dijo, ki v zameno za tur\u0161ko pomo\u010d pri zajezitvi migracijskega toka v Evropo predvideva pospe\u0161itev vizumske liberalizacije za tur\u0161ke dr\u017eavljane do konca junija.Svet","og_url":"https:\/\/hudo.com\/si\/aktualno\/bruselj-predlaga-odpravo-vizumov-za-turcijo-ce-bo-izpolnila-zahtevane-pogoje\/","og_site_name":"Hudo Slovenija","article_publisher":"https:\/\/www.facebook.com\/hudo.si","article_published_time":"2016-05-04T09:45:00+00:00","article_modified_time":"2016-05-04T15:11:39+00:00","og_image":[{"width":450,"height":378,"url":"https:\/\/hudo.com\/si\/wp-content\/uploads\/sites\/2\/2016\/05\/01484613F-300.jpg","type":"image\/jpeg"}],"author":"hudo","twitter_card":"summary_large_image","twitter_creator":"@hudo_si","twitter_site":"@hudo_si","twitter_misc":{"Written by":"hudo","Est. reading time":"1 minuta"},"schema":{"@context":"https:\/\/schema.org","@graph":[{"@type":"Article","@id":"https:\/\/hudo.com\/si\/aktualno\/bruselj-predlaga-odpravo-vizumov-za-turcijo-ce-bo-izpolnila-zahtevane-pogoje\/#article","isPartOf":{"@id":"https:\/\/hudo.com\/si\/aktualno\/bruselj-predlaga-odpravo-vizumov-za-turcijo-ce-bo-izpolnila-zahtevane-pogoje\/"},"author":{"name":"hudo","@id":"https:\/\/hudo.com\/si\/#\/schema\/person\/601cf3379633985b20f7e50f2bb47707"},"headline":"Bruselj predlaga odpravo vizumov za Tur\u010dijo, \u010de bo izpolnila zahtevane pogoje","datePublished":"2016-05-04T09:45:00+00:00","dateModified":"2016-05-04T15:11:39+00:00","mainEntityOfPage":{"@id":"https:\/\/hudo.com\/si\/aktualno\/bruselj-predlaga-odpravo-vizumov-za-turcijo-ce-bo-izpolnila-zahtevane-pogoje\/"},"wordCount":226,"publisher":{"@id":"https:\/\/hudo.com\/si\/#organization"},"articleSection":["Aktualno"],"inLanguage":"sl-SI"},{"@type":"WebPage","@id":"https:\/\/hudo.com\/si\/aktualno\/bruselj-predlaga-odpravo-vizumov-za-turcijo-ce-bo-izpolnila-zahtevane-pogoje\/","url":"https:\/\/hudo.com\/si\/aktualno\/bruselj-predlaga-odpravo-vizumov-za-turcijo-ce-bo-izpolnila-zahtevane-pogoje\/","name":"Bruselj predlaga odpravo vizumov za Tur\u010dijo, \u010de bo izpolnila zahtevane pogoje - Hudo Slovenija","isPartOf":{"@id":"https:\/\/hudo.com\/si\/#website"},"datePublished":"2016-05-04T09:45:00+00:00","dateModified":"2016-05-04T15:11:39+00:00","breadcrumb":{"@id":"https:\/\/hudo.com\/si\/aktualno\/bruselj-predlaga-odpravo-vizumov-za-turcijo-ce-bo-izpolnila-zahtevane-pogoje\/#breadcrumb"},"inLanguage":"sl-SI","potentialAction":[{"@type":"ReadAction","target":["https:\/\/hudo.com\/si\/aktualno\/bruselj-predlaga-odpravo-vizumov-za-turcijo-ce-bo-izpolnila-zahtevane-pogoje\/"]}]},{"@type":"BreadcrumbList","@id":"https:\/\/hudo.com\/si\/aktualno\/bruselj-predlaga-odpravo-vizumov-za-turcijo-ce-bo-izpolnila-zahtevane-pogoje\/#breadcrumb","itemListElement":[{"@type":"ListItem","position":1,"name":"Home","item":"https:\/\/hudo.com\/si\/"},{"@type":"ListItem","position":2,"name":"Bruselj predlaga odpravo vizumov za Tur\u010dijo, \u010de bo izpolnila zahtevane pogoje"}]},{"@type":"WebSite","@id":"https:\/\/hudo.com\/si\/#website","url":"https:\/\/hudo.com\/si\/","name":"Hudo Slovenija","description":"Vse novice iz Slovenije in sveta","publisher":{"@id":"https:\/\/hudo.com\/si\/#organization"},"potentialAction":[{"@type":"SearchAction","target":{"@type":"EntryPoint","urlTemplate":"https:\/\/hudo.com\/si\/?s={search_term_string}"},"query-input":"required name=search_term_string"}],"inLanguage":"sl-SI"},{"@type":"Organization","@id":"https:\/\/hudo.com\/si\/#organization","name":"VSN Media","url":"https:\/\/hudo.com\/si\/","logo":{"@type":"ImageObject","inLanguage":"sl-SI","@id":"https:\/\/hudo.com\/si\/#\/schema\/logo\/image\/","url":"https:\/\/hudo.com\/si\/wp-content\/uploads\/sites\/2\/2021\/03\/hudo-app-2.png","contentUrl":"https:\/\/hudo.com\/si\/wp-content\/uploads\/sites\/2\/2021\/03\/hudo-app-2.png","width":2185,"height":2167,"caption":"VSN Media"},"image":{"@id":"https:\/\/hudo.com\/si\/#\/schema\/logo\/image\/"},"sameAs":["https:\/\/www.facebook.com\/hudo.si","https:\/\/twitter.com\/hudo_si"]},{"@type":"Person","@id":"https:\/\/hudo.com\/si\/#\/schema\/person\/601cf3379633985b20f7e50f2bb47707","name":"hudo","image":{"@type":"ImageObject","inLanguage":"sl-SI","@id":"https:\/\/hudo.com\/si\/#\/schema\/person\/image\/","url":"https:\/\/secure.gravatar.com\/avatar\/c4ca25fa72cace7a696b52ff5db9e095?s=96&d=mm&r=g","contentUrl":"https:\/\/secure.gravatar.com\/avatar\/c4ca25fa72cace7a696b52ff5db9e095?s=96&d=mm&r=g","caption":"hudo"},"url":"https:\/\/hudo.com\/si\/author\/hudo\/"}]}},"amp_enabled":true,"_links":{"self":[{"href":"https:\/\/hudo.com\/si\/wp-json\/wp\/v2\/posts\/45432"}],"collection":[{"href":"https:\/\/hudo.com\/si\/wp-json\/wp\/v2\/posts"}],"about":[{"href":"https:\/\/hudo.com\/si\/wp-json\/wp\/v2\/types\/post"}],"author":[{"embeddable":true,"href":"https:\/\/hudo.com\/si\/wp-json\/wp\/v2\/users\/1"}],"replies":[{"embeddable":true,"href":"https:\/\/hudo.com\/si\/wp-json\/wp\/v2\/comments?post=45432"}],"version-history":[{"count":1,"href":"https:\/\/hudo.com\/si\/wp-json\/wp\/v2\/posts\/45432\/revisions"}],"predecessor-version":[{"id":45492,"href":"https:\/\/hudo.com\/si\/wp-json\/wp\/v2\/posts\/45432\/revisions\/45492"}],"wp:attachment":[{"href":"https:\/\/hudo.com\/si\/wp-json\/wp\/v2\/media?parent=45432"}],"wp:term":[{"taxonomy":"category","embeddable":true,"href":"https:\/\/hudo.com\/si\/wp-json\/wp\/v2\/categories?post=45432"},{"taxonomy":"post_tag","embeddable":true,"href":"https:\/\/hudo.com\/si\/wp-json\/wp\/v2\/tags?post=45432"},{"taxonomy":"source","embeddable":true,"href":"https:\/\/hudo.com\/si\/wp-json\/wp\/v2\/source?post=45432"},{"taxonomy":"supertag","embeddable":true,"href":"https:\/\/hudo.com\/si\/wp-json\/wp\/v2\/supertag?post=45432"}],"curies":[{"name":"wp","href":"https:\/\/api.w.org\/{rel}","templated":true}]}}