{"id":454409,"date":"2021-07-09T08:37:10","date_gmt":"2021-07-09T06:37:10","guid":{"rendered":"https:\/\/hudo.com\/si\/2021\/07\/09\/v-spomin-na-edvarda-rusjana-bodo-danes-z-rojc-proti-beogradu-poletela-letala\/"},"modified":"2021-07-09T08:37:10","modified_gmt":"2021-07-09T06:37:10","slug":"v-spomin-na-edvarda-rusjana-bodo-danes-z-rojc-proti-beogradu-poletela-letala","status":"publish","type":"post","link":"https:\/\/hudo.com\/si\/lifestyle\/v-spomin-na-edvarda-rusjana-bodo-danes-z-rojc-proti-beogradu-poletela-letala\/","title":{"rendered":"V spomin na Edvarda Rusjana bodo danes z Rojc proti Beogradu poletela letala"},"content":{"rendered":"<figure>\n\t\t\t\t\t<img loading=\"lazy\" decoding=\"async\" width=\"660\" height=\"320\" src=\"image\/gif;base64,R0lGODlhAQABAAAAACH5BAEKAAEALAAAAAABAAEAAAICTAEAOw==\" class=\"lazyload\" data-src=\"https:\/\/moski.hudo.com\/wp-content\/uploads\/2021\/07\/profimedia-0555701816-320x155.jpg\" data-srcset=\"https:\/\/moski.hudo.com\/wp-content\/uploads\/2021\/07\/profimedia-0555701816-660x320.jpg 660w,https:\/\/moski.hudo.com\/wp-content\/uploads\/2021\/07\/profimedia-0555701816-320x155.jpg 330w\" \/><figcaption>Profimedia<\/figcaption><\/figure>\n<p>Letalom bo ob odhodu v Beograd sre\u010dno pot za\u017eelela ne\u010dakinja Edvarda Rusjana Grazia Rusjan.<\/p>\n<p>Deset letal bo po vzletu na Rojcah v formaciji poletelo nad obema Goricama in nad Vipavsko dolino ter nadaljevalo pot do Beograda. Osrednja slovesnost bo v soboto v Beogradu, na platoju trdnjave Kalemegdan. Pred slovesnostjo bo delegacijo Mestne ob\u010dine Nova Gorica, predstavnika Ob\u010dine Gorica in pilotov sprejel veleposlanik Slovenije v Srbiji Damjan Bergant.<\/p>\n<p>Sobotna slovesnost bo potekala v spomin na 135. obletnico rojstva Edvarda Rusjana, ki je bil rojen 6. julija 1886 v Trstu, materi Furlanki in o\u010detu Slovencu. Skupaj jo organizirajo slovensko veleposlani\u0161tvo v Beogradu, Zdru\u017eenje ljubiteljev letalstva Edvard Rusjan Bre\u017eice in Mestna ob\u010dina Nova Gorica. Med slovesnostjo bodo kraj dogodka simbolno preletela civilna letala.<\/p>\n<p>&#8220;Ko smo v Aeroklubu Gorica razmi\u0161ljali, kako bi \u0161e druga\u010de obele\u017eili obletnico rojstva na\u0161ega junaka in pionirja letalstva Edvarda Rusjana, smo si zamislili aerorally. To je dogodek, ki je zelo priljubljen med letalci. Povezuje obi\u010dajno dve lokaciji. Mi smo si zbrali mesto, kjer je prvi\u010d poletel, to je Gorica, in mesto, kjer je tragi\u010dno preminil, to je Beograd. Poleg dveh letal Aerokluba Gorica se nam bodo pridru\u017eila \u0161e druga letala, zasebna, klubska iz vseh delov Slovenije,&#8221; je za STA povedal eden od pobudnikov dogodka in strasten letalec Tomi Ilija\u0161.<\/p>\n<p>V novogori\u0161kem aeroklubu klubu si \u017eelijo, da bi Aerorally Edvarda Rusjana v prihodnosti postal tradicionalen letalski dogodek mednarodnega pomena. Vrhunec pa naj bi Aerorally Edvarda Rusjana do\u017eivel leta 2025, ko bo Nova Gorica v sodelovanju z Gorico nosila naslov Evropske prestolnice kulture.<\/p>\n<p>&#8220;S to manifestacijo se spominjamo bratov Rusjan, ki sta simbol ustvarjalnosti ljudi iz na\u0161ih krajev. Dru\u017eina Rusjan je tudi odraz ve\u010djezi\u010dne narave tega obmo\u010dja. Simbolno je dru\u017eina Rusjan junak obeh Goric. To nas povezuje. To so ljudje, ki so pokazali, kako smo lahko avantgardni,&#8221; je pred dana\u0161njo slovesnostjo povedal novogori\u0161ki \u017eupan Klemen Miklavi\u010d.<\/p>\n<p>Edvard Rusjan se je nad letalstvom navdu\u0161il leta 1905, nekaj let potem, ko se je z dru\u017eino preselil v Gorico. Prvo letalo iz bambusovih palic in lepenke je izdelal leta 1908 skupaj s starej\u0161im bratom Jo\u017eetom. 25. novembra 1909 je pri 23 letih na Rojcah prvi\u010d poletel, kar se mu je posre\u010dilo \u0161est let po podobnem poskusu bratov Wright iz ZDA. Med pionirji svetovnih letalskih konstruktorjev in letalcev iz obdobja 1903 do 1914 je le 31 imen, Rusjan pa je po kronolo\u0161kem vrstnem redu uspe\u0161nih poskusov uvr\u0161\u010den na 12. mesto, pred znamenitim Nizozemcem Anthonyjem Fokkerjem.<\/p>\n<p>Na letalskem mitingu v Beogradu 9. januarja 1911 je Edvard Rusjan poletel kljub zelo slabim vremenskim razmeram, saj ni \u017eelel razo\u010darati publike. Mo\u010dan veter je zlomil krilo letala, ki je strmoglavilo pod znamenito Kalamegdansko trdnjavo. Rusjan je umrl na poti v bolni\u0161nico. Za pogreb v Beogradu so poskrbele lokalne oblasti, beograjski trgovci so zbrali denar za nagrobni spomenik. V pogrebni povorki, ki je bila dolga sedem kilometrov, je njegovo krsto na pokopali\u0161\u010de pospremilo 14.000 ljudi.<\/p>\n","protected":false},"excerpt":{"rendered":"<p>Aeroklub Gorica iz Nove Gorice v sodelovanju z novogori\u0161ko ob\u010dino prvi\u010d organizira Aerorally Edvarda Rusjana, polet letal z novogori\u0161ko delegacijo v Beograd, kjer bo v soboto potekala slovesnost v po\u010dastitev 135. obletnice rojstva Edvarda Rusjana. Letala bodo danes ob 14. uri poletela z letali\u0161\u010da Rojce v sosednji Italiji.<\/p>\n","protected":false},"author":1,"featured_media":454410,"comment_status":"closed","ping_status":"closed","sticky":false,"template":"","format":"standard","meta":{"footnotes":""},"categories":[1091],"tags":[1769,1624],"source":[1522,7312,1518],"supertag":[],"acf":[],"yoast_head":"<!-- This site is optimized with the Yoast SEO plugin v21.3 - https:\/\/yoast.com\/wordpress\/plugins\/seo\/ -->\n<title>V spomin na Edvarda Rusjana bodo danes z Rojc proti Beogradu poletela letala - Hudo Slovenija<\/title>\n<meta name=\"robots\" content=\"index, follow, max-snippet:-1, max-image-preview:large, max-video-preview:-1\" \/>\n<link rel=\"canonical\" href=\"https:\/\/hudo.com\/si\/lifestyle\/v-spomin-na-edvarda-rusjana-bodo-danes-z-rojc-proti-beogradu-poletela-letala\/\" \/>\n<meta property=\"og:locale\" content=\"sl_SI\" \/>\n<meta property=\"og:type\" content=\"article\" \/>\n<meta property=\"og:title\" content=\"V spomin na Edvarda Rusjana bodo danes z Rojc proti Beogradu poletela letala - Hudo Slovenija\" \/>\n<meta property=\"og:description\" content=\"Aeroklub Gorica iz Nove Gorice v sodelovanju z novogori\u0161ko ob\u010dino prvi\u010d organizira Aerorally Edvarda Rusjana, polet letal z novogori\u0161ko delegacijo v Beograd, kjer bo v soboto potekala slovesnost v po\u010dastitev 135. obletnice rojstva Edvarda Rusjana. Letala bodo danes ob 14. uri poletela z letali\u0161\u010da Rojce v sosednji Italiji.\" \/>\n<meta property=\"og:url\" content=\"https:\/\/hudo.com\/si\/lifestyle\/v-spomin-na-edvarda-rusjana-bodo-danes-z-rojc-proti-beogradu-poletela-letala\/\" \/>\n<meta property=\"og:site_name\" content=\"Hudo Slovenija\" \/>\n<meta property=\"article:publisher\" content=\"https:\/\/www.facebook.com\/hudo.si\" \/>\n<meta property=\"article:published_time\" content=\"2021-07-09T06:37:10+00:00\" \/>\n<meta property=\"og:image\" content=\"https:\/\/hudo.com\/si\/wp-content\/uploads\/sites\/2\/2021\/07\/profimedia-0555701816.jpg\" \/>\n\t<meta property=\"og:image:width\" content=\"1250\" \/>\n\t<meta property=\"og:image:height\" content=\"833\" \/>\n\t<meta property=\"og:image:type\" content=\"image\/jpeg\" \/>\n<meta name=\"author\" content=\"hudo\" \/>\n<meta name=\"twitter:card\" content=\"summary_large_image\" \/>\n<meta name=\"twitter:creator\" content=\"@hudo_si\" \/>\n<meta name=\"twitter:site\" content=\"@hudo_si\" \/>\n<meta name=\"twitter:label1\" content=\"Written by\" \/>\n\t<meta name=\"twitter:data1\" content=\"hudo\" \/>\n\t<meta name=\"twitter:label2\" content=\"Est. reading time\" \/>\n\t<meta name=\"twitter:data2\" content=\"2 minuti\" \/>\n<script type=\"application\/ld+json\" class=\"yoast-schema-graph\">{\"@context\":\"https:\/\/schema.org\",\"@graph\":[{\"@type\":\"Article\",\"@id\":\"https:\/\/hudo.com\/si\/lifestyle\/v-spomin-na-edvarda-rusjana-bodo-danes-z-rojc-proti-beogradu-poletela-letala\/#article\",\"isPartOf\":{\"@id\":\"https:\/\/hudo.com\/si\/lifestyle\/v-spomin-na-edvarda-rusjana-bodo-danes-z-rojc-proti-beogradu-poletela-letala\/\"},\"author\":{\"name\":\"hudo\",\"@id\":\"https:\/\/hudo.com\/si\/#\/schema\/person\/601cf3379633985b20f7e50f2bb47707\"},\"headline\":\"V spomin na Edvarda Rusjana bodo danes z Rojc proti Beogradu poletela letala\",\"datePublished\":\"2021-07-09T06:37:10+00:00\",\"dateModified\":\"2021-07-09T06:37:10+00:00\",\"mainEntityOfPage\":{\"@id\":\"https:\/\/hudo.com\/si\/lifestyle\/v-spomin-na-edvarda-rusjana-bodo-danes-z-rojc-proti-beogradu-poletela-letala\/\"},\"wordCount\":511,\"publisher\":{\"@id\":\"https:\/\/hudo.com\/si\/#organization\"},\"keywords\":[\"letala\",\"zgodovinske zanimivosti\"],\"articleSection\":[\"Lifestyle\"],\"inLanguage\":\"sl-SI\"},{\"@type\":\"WebPage\",\"@id\":\"https:\/\/hudo.com\/si\/lifestyle\/v-spomin-na-edvarda-rusjana-bodo-danes-z-rojc-proti-beogradu-poletela-letala\/\",\"url\":\"https:\/\/hudo.com\/si\/lifestyle\/v-spomin-na-edvarda-rusjana-bodo-danes-z-rojc-proti-beogradu-poletela-letala\/\",\"name\":\"V spomin na Edvarda Rusjana bodo danes z Rojc proti Beogradu poletela letala - Hudo Slovenija\",\"isPartOf\":{\"@id\":\"https:\/\/hudo.com\/si\/#website\"},\"datePublished\":\"2021-07-09T06:37:10+00:00\",\"dateModified\":\"2021-07-09T06:37:10+00:00\",\"breadcrumb\":{\"@id\":\"https:\/\/hudo.com\/si\/lifestyle\/v-spomin-na-edvarda-rusjana-bodo-danes-z-rojc-proti-beogradu-poletela-letala\/#breadcrumb\"},\"inLanguage\":\"sl-SI\",\"potentialAction\":[{\"@type\":\"ReadAction\",\"target\":[\"https:\/\/hudo.com\/si\/lifestyle\/v-spomin-na-edvarda-rusjana-bodo-danes-z-rojc-proti-beogradu-poletela-letala\/\"]}]},{\"@type\":\"BreadcrumbList\",\"@id\":\"https:\/\/hudo.com\/si\/lifestyle\/v-spomin-na-edvarda-rusjana-bodo-danes-z-rojc-proti-beogradu-poletela-letala\/#breadcrumb\",\"itemListElement\":[{\"@type\":\"ListItem\",\"position\":1,\"name\":\"Home\",\"item\":\"https:\/\/hudo.com\/si\/\"},{\"@type\":\"ListItem\",\"position\":2,\"name\":\"V spomin na Edvarda Rusjana bodo danes z Rojc proti Beogradu poletela letala\"}]},{\"@type\":\"WebSite\",\"@id\":\"https:\/\/hudo.com\/si\/#website\",\"url\":\"https:\/\/hudo.com\/si\/\",\"name\":\"Hudo Slovenija\",\"description\":\"Vse novice iz Slovenije in sveta\",\"publisher\":{\"@id\":\"https:\/\/hudo.com\/si\/#organization\"},\"potentialAction\":[{\"@type\":\"SearchAction\",\"target\":{\"@type\":\"EntryPoint\",\"urlTemplate\":\"https:\/\/hudo.com\/si\/?s={search_term_string}\"},\"query-input\":\"required name=search_term_string\"}],\"inLanguage\":\"sl-SI\"},{\"@type\":\"Organization\",\"@id\":\"https:\/\/hudo.com\/si\/#organization\",\"name\":\"VSN Media\",\"url\":\"https:\/\/hudo.com\/si\/\",\"logo\":{\"@type\":\"ImageObject\",\"inLanguage\":\"sl-SI\",\"@id\":\"https:\/\/hudo.com\/si\/#\/schema\/logo\/image\/\",\"url\":\"https:\/\/hudo.com\/si\/wp-content\/uploads\/sites\/2\/2021\/03\/hudo-app-2.png\",\"contentUrl\":\"https:\/\/hudo.com\/si\/wp-content\/uploads\/sites\/2\/2021\/03\/hudo-app-2.png\",\"width\":2185,\"height\":2167,\"caption\":\"VSN Media\"},\"image\":{\"@id\":\"https:\/\/hudo.com\/si\/#\/schema\/logo\/image\/\"},\"sameAs\":[\"https:\/\/www.facebook.com\/hudo.si\",\"https:\/\/twitter.com\/hudo_si\"]},{\"@type\":\"Person\",\"@id\":\"https:\/\/hudo.com\/si\/#\/schema\/person\/601cf3379633985b20f7e50f2bb47707\",\"name\":\"hudo\",\"image\":{\"@type\":\"ImageObject\",\"inLanguage\":\"sl-SI\",\"@id\":\"https:\/\/hudo.com\/si\/#\/schema\/person\/image\/\",\"url\":\"https:\/\/secure.gravatar.com\/avatar\/c4ca25fa72cace7a696b52ff5db9e095?s=96&d=mm&r=g\",\"contentUrl\":\"https:\/\/secure.gravatar.com\/avatar\/c4ca25fa72cace7a696b52ff5db9e095?s=96&d=mm&r=g\",\"caption\":\"hudo\"},\"url\":\"https:\/\/hudo.com\/si\/author\/hudo\/\"}]}<\/script>\n<!-- \/ Yoast SEO plugin. -->","yoast_head_json":{"title":"V spomin na Edvarda Rusjana bodo danes z Rojc proti Beogradu poletela letala - Hudo Slovenija","robots":{"index":"index","follow":"follow","max-snippet":"max-snippet:-1","max-image-preview":"max-image-preview:large","max-video-preview":"max-video-preview:-1"},"canonical":"https:\/\/hudo.com\/si\/lifestyle\/v-spomin-na-edvarda-rusjana-bodo-danes-z-rojc-proti-beogradu-poletela-letala\/","og_locale":"sl_SI","og_type":"article","og_title":"V spomin na Edvarda Rusjana bodo danes z Rojc proti Beogradu poletela letala - Hudo Slovenija","og_description":"Aeroklub Gorica iz Nove Gorice v sodelovanju z novogori\u0161ko ob\u010dino prvi\u010d organizira Aerorally Edvarda Rusjana, polet letal z novogori\u0161ko delegacijo v Beograd, kjer bo v soboto potekala slovesnost v po\u010dastitev 135. obletnice rojstva Edvarda Rusjana. Letala bodo danes ob 14. uri poletela z letali\u0161\u010da Rojce v sosednji Italiji.","og_url":"https:\/\/hudo.com\/si\/lifestyle\/v-spomin-na-edvarda-rusjana-bodo-danes-z-rojc-proti-beogradu-poletela-letala\/","og_site_name":"Hudo Slovenija","article_publisher":"https:\/\/www.facebook.com\/hudo.si","article_published_time":"2021-07-09T06:37:10+00:00","og_image":[{"width":1250,"height":833,"url":"https:\/\/hudo.com\/si\/wp-content\/uploads\/sites\/2\/2021\/07\/profimedia-0555701816.jpg","type":"image\/jpeg"}],"author":"hudo","twitter_card":"summary_large_image","twitter_creator":"@hudo_si","twitter_site":"@hudo_si","twitter_misc":{"Written by":"hudo","Est. reading time":"2 minuti"},"schema":{"@context":"https:\/\/schema.org","@graph":[{"@type":"Article","@id":"https:\/\/hudo.com\/si\/lifestyle\/v-spomin-na-edvarda-rusjana-bodo-danes-z-rojc-proti-beogradu-poletela-letala\/#article","isPartOf":{"@id":"https:\/\/hudo.com\/si\/lifestyle\/v-spomin-na-edvarda-rusjana-bodo-danes-z-rojc-proti-beogradu-poletela-letala\/"},"author":{"name":"hudo","@id":"https:\/\/hudo.com\/si\/#\/schema\/person\/601cf3379633985b20f7e50f2bb47707"},"headline":"V spomin na Edvarda Rusjana bodo danes z Rojc proti Beogradu poletela letala","datePublished":"2021-07-09T06:37:10+00:00","dateModified":"2021-07-09T06:37:10+00:00","mainEntityOfPage":{"@id":"https:\/\/hudo.com\/si\/lifestyle\/v-spomin-na-edvarda-rusjana-bodo-danes-z-rojc-proti-beogradu-poletela-letala\/"},"wordCount":511,"publisher":{"@id":"https:\/\/hudo.com\/si\/#organization"},"keywords":["letala","zgodovinske zanimivosti"],"articleSection":["Lifestyle"],"inLanguage":"sl-SI"},{"@type":"WebPage","@id":"https:\/\/hudo.com\/si\/lifestyle\/v-spomin-na-edvarda-rusjana-bodo-danes-z-rojc-proti-beogradu-poletela-letala\/","url":"https:\/\/hudo.com\/si\/lifestyle\/v-spomin-na-edvarda-rusjana-bodo-danes-z-rojc-proti-beogradu-poletela-letala\/","name":"V spomin na Edvarda Rusjana bodo danes z Rojc proti Beogradu poletela letala - Hudo Slovenija","isPartOf":{"@id":"https:\/\/hudo.com\/si\/#website"},"datePublished":"2021-07-09T06:37:10+00:00","dateModified":"2021-07-09T06:37:10+00:00","breadcrumb":{"@id":"https:\/\/hudo.com\/si\/lifestyle\/v-spomin-na-edvarda-rusjana-bodo-danes-z-rojc-proti-beogradu-poletela-letala\/#breadcrumb"},"inLanguage":"sl-SI","potentialAction":[{"@type":"ReadAction","target":["https:\/\/hudo.com\/si\/lifestyle\/v-spomin-na-edvarda-rusjana-bodo-danes-z-rojc-proti-beogradu-poletela-letala\/"]}]},{"@type":"BreadcrumbList","@id":"https:\/\/hudo.com\/si\/lifestyle\/v-spomin-na-edvarda-rusjana-bodo-danes-z-rojc-proti-beogradu-poletela-letala\/#breadcrumb","itemListElement":[{"@type":"ListItem","position":1,"name":"Home","item":"https:\/\/hudo.com\/si\/"},{"@type":"ListItem","position":2,"name":"V spomin na Edvarda Rusjana bodo danes z Rojc proti Beogradu poletela letala"}]},{"@type":"WebSite","@id":"https:\/\/hudo.com\/si\/#website","url":"https:\/\/hudo.com\/si\/","name":"Hudo Slovenija","description":"Vse novice iz Slovenije in sveta","publisher":{"@id":"https:\/\/hudo.com\/si\/#organization"},"potentialAction":[{"@type":"SearchAction","target":{"@type":"EntryPoint","urlTemplate":"https:\/\/hudo.com\/si\/?s={search_term_string}"},"query-input":"required name=search_term_string"}],"inLanguage":"sl-SI"},{"@type":"Organization","@id":"https:\/\/hudo.com\/si\/#organization","name":"VSN Media","url":"https:\/\/hudo.com\/si\/","logo":{"@type":"ImageObject","inLanguage":"sl-SI","@id":"https:\/\/hudo.com\/si\/#\/schema\/logo\/image\/","url":"https:\/\/hudo.com\/si\/wp-content\/uploads\/sites\/2\/2021\/03\/hudo-app-2.png","contentUrl":"https:\/\/hudo.com\/si\/wp-content\/uploads\/sites\/2\/2021\/03\/hudo-app-2.png","width":2185,"height":2167,"caption":"VSN Media"},"image":{"@id":"https:\/\/hudo.com\/si\/#\/schema\/logo\/image\/"},"sameAs":["https:\/\/www.facebook.com\/hudo.si","https:\/\/twitter.com\/hudo_si"]},{"@type":"Person","@id":"https:\/\/hudo.com\/si\/#\/schema\/person\/601cf3379633985b20f7e50f2bb47707","name":"hudo","image":{"@type":"ImageObject","inLanguage":"sl-SI","@id":"https:\/\/hudo.com\/si\/#\/schema\/person\/image\/","url":"https:\/\/secure.gravatar.com\/avatar\/c4ca25fa72cace7a696b52ff5db9e095?s=96&d=mm&r=g","contentUrl":"https:\/\/secure.gravatar.com\/avatar\/c4ca25fa72cace7a696b52ff5db9e095?s=96&d=mm&r=g","caption":"hudo"},"url":"https:\/\/hudo.com\/si\/author\/hudo\/"}]}},"amp_enabled":true,"_links":{"self":[{"href":"https:\/\/hudo.com\/si\/wp-json\/wp\/v2\/posts\/454409"}],"collection":[{"href":"https:\/\/hudo.com\/si\/wp-json\/wp\/v2\/posts"}],"about":[{"href":"https:\/\/hudo.com\/si\/wp-json\/wp\/v2\/types\/post"}],"author":[{"embeddable":true,"href":"https:\/\/hudo.com\/si\/wp-json\/wp\/v2\/users\/1"}],"replies":[{"embeddable":true,"href":"https:\/\/hudo.com\/si\/wp-json\/wp\/v2\/comments?post=454409"}],"version-history":[{"count":0,"href":"https:\/\/hudo.com\/si\/wp-json\/wp\/v2\/posts\/454409\/revisions"}],"wp:featuredmedia":[{"embeddable":true,"href":"https:\/\/hudo.com\/si\/wp-json\/wp\/v2\/media\/454410"}],"wp:attachment":[{"href":"https:\/\/hudo.com\/si\/wp-json\/wp\/v2\/media?parent=454409"}],"wp:term":[{"taxonomy":"category","embeddable":true,"href":"https:\/\/hudo.com\/si\/wp-json\/wp\/v2\/categories?post=454409"},{"taxonomy":"post_tag","embeddable":true,"href":"https:\/\/hudo.com\/si\/wp-json\/wp\/v2\/tags?post=454409"},{"taxonomy":"source","embeddable":true,"href":"https:\/\/hudo.com\/si\/wp-json\/wp\/v2\/source?post=454409"},{"taxonomy":"supertag","embeddable":true,"href":"https:\/\/hudo.com\/si\/wp-json\/wp\/v2\/supertag?post=454409"}],"curies":[{"name":"wp","href":"https:\/\/api.w.org\/{rel}","templated":true}]}}