{"id":454531,"date":"2021-07-12T09:37:10","date_gmt":"2021-07-12T07:37:10","guid":{"rendered":"https:\/\/hudo.com\/si\/?p=454531"},"modified":"2021-07-12T09:37:10","modified_gmt":"2021-07-12T07:37:10","slug":"borrell-zagotovil-iranu-janseve-izjave-ne-predstavljajo-stalisca-eu","status":"publish","type":"post","link":"https:\/\/hudo.com\/si\/aktualno\/borrell-zagotovil-iranu-janseve-izjave-ne-predstavljajo-stalisca-eu\/","title":{"rendered":"Borrell zagotovil Iranu: Jan\u0161eve izjave ne predstavljajo stali\u0161\u010da EU"},"content":{"rendered":"<p>Zarif je v pogovoru poudaril, da je bila udele\u017eba Jan\u0161e na dogodku iranske diaspore nesprejemljiva, njegove izjave pa nepremi\u0161ljene. EU je pozval k razjasnitvi zadeve. Borrell je poudaril, da izjave premierja trenutno predsedujo\u010de dr\u017eave Svetu EU ne izra\u017eajo stali\u0161\u010da povezave.<\/p>\n<p>Jan\u0161a je na sobotnem dogodku v organizaciji iranske diaspore pozval k neodvisni preiskavi pokola 30.000 politi\u010dnih zapornikov v Iranu leta 1988. Opozoril je tudi na vlogo novoizvoljenega iranskega predsednika Ebrahima Raisija v tem pokolu. Zaradi njegovih izjav je iransko zunanje ministrstvo na pogovor poklicalo slovensko veleposlanico v Teheranu Kristino Radej, so sporo\u010dili z iranskega ministrstva. Obsodili so Jan\u0161evo udele\u017ebo na dogodku in njegove izjave ter zahtevali pojasnila.<\/p>\n<p>Raisi bo avgusta nastopil polo\u017eaj iranskega predsednika. Vpletenost v usmrtitve je zanikal leta 2018 in lani, \u010deprav je bil v v \u010dasu pokolov namestnik generalnega to\u017eilca. Medtem ko iranska diaspora trdi, da je bilo ubitih 30.000 politi\u010dnih zapornikov, britanski akademik Michael Axworthy v svoji knjigi Revolucionarni Iran ugotavlja, da je bilo v resnici ubitih od 4000 do 5000 ljudi, poro\u010da francoska tiskovna agencija AFP.<\/p>\n","protected":false},"excerpt":{"rendered":"<p>Iranski zunanji minister Mohamed D\u017eavad Zarif je v nedeljo v telefonskem pogovoru z visokim zunanjepoliti\u010dnim predstavnikom EU Josepom Borrellom obsodil izjave premierja Janeza Jan\u0161e glede pokola v Iranu leta 1988. Borrell mu je zagotovil, da izjave Jan\u0161e ne izra\u017eajo stali\u0161\u010da Evropske unije, pi\u0161e na spletni strani iranskega zunanjega ministrstva.<\/p>\n","protected":false},"author":5,"featured_media":454532,"comment_status":"closed","ping_status":"closed","sticky":false,"template":"","format":"standard","meta":{"footnotes":""},"categories":[1179],"tags":[5704,5845,19089],"source":[4511],"supertag":[],"acf":[],"yoast_head":"<!-- This site is optimized with the Yoast SEO plugin v21.3 - https:\/\/yoast.com\/wordpress\/plugins\/seo\/ -->\n<title>Borrell zagotovil Iranu: Jan\u0161eve izjave ne predstavljajo stali\u0161\u010da EU - Hudo Slovenija<\/title>\n<meta name=\"robots\" content=\"index, follow, max-snippet:-1, max-image-preview:large, max-video-preview:-1\" \/>\n<link rel=\"canonical\" href=\"https:\/\/hudo.com\/si\/aktualno\/borrell-zagotovil-iranu-janseve-izjave-ne-predstavljajo-stalisca-eu\/\" \/>\n<meta property=\"og:locale\" content=\"sl_SI\" \/>\n<meta property=\"og:type\" content=\"article\" \/>\n<meta property=\"og:title\" content=\"Borrell zagotovil Iranu: Jan\u0161eve izjave ne predstavljajo stali\u0161\u010da EU - Hudo Slovenija\" \/>\n<meta property=\"og:description\" content=\"Iranski zunanji minister Mohamed D\u017eavad Zarif je v nedeljo v telefonskem pogovoru z visokim zunanjepoliti\u010dnim predstavnikom EU Josepom Borrellom obsodil izjave premierja Janeza Jan\u0161e glede pokola v Iranu leta 1988. Borrell mu je zagotovil, da izjave Jan\u0161e ne izra\u017eajo stali\u0161\u010da Evropske unije, pi\u0161e na spletni strani iranskega zunanjega ministrstva.\" \/>\n<meta property=\"og:url\" content=\"https:\/\/hudo.com\/si\/aktualno\/borrell-zagotovil-iranu-janseve-izjave-ne-predstavljajo-stalisca-eu\/\" \/>\n<meta property=\"og:site_name\" content=\"Hudo Slovenija\" \/>\n<meta property=\"article:publisher\" content=\"https:\/\/www.facebook.com\/hudo.si\" \/>\n<meta property=\"article:published_time\" content=\"2021-07-12T07:37:10+00:00\" \/>\n<meta property=\"og:image\" content=\"https:\/\/hudo.com\/si\/wp-content\/uploads\/sites\/2\/2021\/07\/profimedia-0616474858.jpg\" \/>\n\t<meta property=\"og:image:width\" content=\"1250\" \/>\n\t<meta property=\"og:image:height\" content=\"796\" \/>\n\t<meta property=\"og:image:type\" content=\"image\/jpeg\" \/>\n<meta name=\"author\" content=\"A. G., STA\" \/>\n<meta name=\"twitter:card\" content=\"summary_large_image\" \/>\n<meta name=\"twitter:creator\" content=\"@hudo_si\" \/>\n<meta name=\"twitter:site\" content=\"@hudo_si\" \/>\n<meta name=\"twitter:label1\" content=\"Written by\" \/>\n\t<meta name=\"twitter:data1\" content=\"A. G., STA\" \/>\n\t<meta name=\"twitter:label2\" content=\"Est. reading time\" \/>\n\t<meta name=\"twitter:data2\" content=\"1 minuta\" \/>\n<script type=\"application\/ld+json\" class=\"yoast-schema-graph\">{\"@context\":\"https:\/\/schema.org\",\"@graph\":[{\"@type\":\"Article\",\"@id\":\"https:\/\/hudo.com\/si\/aktualno\/borrell-zagotovil-iranu-janseve-izjave-ne-predstavljajo-stalisca-eu\/#article\",\"isPartOf\":{\"@id\":\"https:\/\/hudo.com\/si\/aktualno\/borrell-zagotovil-iranu-janseve-izjave-ne-predstavljajo-stalisca-eu\/\"},\"author\":{\"name\":\"A. G., STA\",\"@id\":\"https:\/\/hudo.com\/si\/#\/schema\/person\/2391667a63ea075ba94f2f2dc6b77537\"},\"headline\":\"Borrell zagotovil Iranu: Jan\u0161eve izjave ne predstavljajo stali\u0161\u010da EU\",\"datePublished\":\"2021-07-12T07:37:10+00:00\",\"dateModified\":\"2021-07-12T07:37:10+00:00\",\"mainEntityOfPage\":{\"@id\":\"https:\/\/hudo.com\/si\/aktualno\/borrell-zagotovil-iranu-janseve-izjave-ne-predstavljajo-stalisca-eu\/\"},\"wordCount\":192,\"publisher\":{\"@id\":\"https:\/\/hudo.com\/si\/#organization\"},\"keywords\":[\"Iran\",\"janez jan\u0161a\",\"Josep Borrell\"],\"articleSection\":[\"Aktualno\"],\"inLanguage\":\"sl-SI\"},{\"@type\":\"WebPage\",\"@id\":\"https:\/\/hudo.com\/si\/aktualno\/borrell-zagotovil-iranu-janseve-izjave-ne-predstavljajo-stalisca-eu\/\",\"url\":\"https:\/\/hudo.com\/si\/aktualno\/borrell-zagotovil-iranu-janseve-izjave-ne-predstavljajo-stalisca-eu\/\",\"name\":\"Borrell zagotovil Iranu: Jan\u0161eve izjave ne predstavljajo stali\u0161\u010da EU - Hudo Slovenija\",\"isPartOf\":{\"@id\":\"https:\/\/hudo.com\/si\/#website\"},\"datePublished\":\"2021-07-12T07:37:10+00:00\",\"dateModified\":\"2021-07-12T07:37:10+00:00\",\"breadcrumb\":{\"@id\":\"https:\/\/hudo.com\/si\/aktualno\/borrell-zagotovil-iranu-janseve-izjave-ne-predstavljajo-stalisca-eu\/#breadcrumb\"},\"inLanguage\":\"sl-SI\",\"potentialAction\":[{\"@type\":\"ReadAction\",\"target\":[\"https:\/\/hudo.com\/si\/aktualno\/borrell-zagotovil-iranu-janseve-izjave-ne-predstavljajo-stalisca-eu\/\"]}]},{\"@type\":\"BreadcrumbList\",\"@id\":\"https:\/\/hudo.com\/si\/aktualno\/borrell-zagotovil-iranu-janseve-izjave-ne-predstavljajo-stalisca-eu\/#breadcrumb\",\"itemListElement\":[{\"@type\":\"ListItem\",\"position\":1,\"name\":\"Home\",\"item\":\"https:\/\/hudo.com\/si\/\"},{\"@type\":\"ListItem\",\"position\":2,\"name\":\"Borrell zagotovil Iranu: Jan\u0161eve izjave ne predstavljajo stali\u0161\u010da EU\"}]},{\"@type\":\"WebSite\",\"@id\":\"https:\/\/hudo.com\/si\/#website\",\"url\":\"https:\/\/hudo.com\/si\/\",\"name\":\"Hudo Slovenija\",\"description\":\"Vse novice iz Slovenije in sveta\",\"publisher\":{\"@id\":\"https:\/\/hudo.com\/si\/#organization\"},\"potentialAction\":[{\"@type\":\"SearchAction\",\"target\":{\"@type\":\"EntryPoint\",\"urlTemplate\":\"https:\/\/hudo.com\/si\/?s={search_term_string}\"},\"query-input\":\"required name=search_term_string\"}],\"inLanguage\":\"sl-SI\"},{\"@type\":\"Organization\",\"@id\":\"https:\/\/hudo.com\/si\/#organization\",\"name\":\"VSN Media\",\"url\":\"https:\/\/hudo.com\/si\/\",\"logo\":{\"@type\":\"ImageObject\",\"inLanguage\":\"sl-SI\",\"@id\":\"https:\/\/hudo.com\/si\/#\/schema\/logo\/image\/\",\"url\":\"https:\/\/hudo.com\/si\/wp-content\/uploads\/sites\/2\/2021\/03\/hudo-app-2.png\",\"contentUrl\":\"https:\/\/hudo.com\/si\/wp-content\/uploads\/sites\/2\/2021\/03\/hudo-app-2.png\",\"width\":2185,\"height\":2167,\"caption\":\"VSN Media\"},\"image\":{\"@id\":\"https:\/\/hudo.com\/si\/#\/schema\/logo\/image\/\"},\"sameAs\":[\"https:\/\/www.facebook.com\/hudo.si\",\"https:\/\/twitter.com\/hudo_si\"]},{\"@type\":\"Person\",\"@id\":\"https:\/\/hudo.com\/si\/#\/schema\/person\/2391667a63ea075ba94f2f2dc6b77537\",\"name\":\"A. G., STA\",\"image\":{\"@type\":\"ImageObject\",\"inLanguage\":\"sl-SI\",\"@id\":\"https:\/\/hudo.com\/si\/#\/schema\/person\/image\/\",\"url\":\"https:\/\/secure.gravatar.com\/avatar\/e13d22ac3e442658d5025fbbe6238a79?s=96&d=mm&r=g\",\"contentUrl\":\"https:\/\/secure.gravatar.com\/avatar\/e13d22ac3e442658d5025fbbe6238a79?s=96&d=mm&r=g\",\"caption\":\"A. G., STA\"},\"url\":\"https:\/\/hudo.com\/si\/author\/alenka\/\"}]}<\/script>\n<!-- \/ Yoast SEO plugin. -->","yoast_head_json":{"title":"Borrell zagotovil Iranu: Jan\u0161eve izjave ne predstavljajo stali\u0161\u010da EU - Hudo Slovenija","robots":{"index":"index","follow":"follow","max-snippet":"max-snippet:-1","max-image-preview":"max-image-preview:large","max-video-preview":"max-video-preview:-1"},"canonical":"https:\/\/hudo.com\/si\/aktualno\/borrell-zagotovil-iranu-janseve-izjave-ne-predstavljajo-stalisca-eu\/","og_locale":"sl_SI","og_type":"article","og_title":"Borrell zagotovil Iranu: Jan\u0161eve izjave ne predstavljajo stali\u0161\u010da EU - Hudo Slovenija","og_description":"Iranski zunanji minister Mohamed D\u017eavad Zarif je v nedeljo v telefonskem pogovoru z visokim zunanjepoliti\u010dnim predstavnikom EU Josepom Borrellom obsodil izjave premierja Janeza Jan\u0161e glede pokola v Iranu leta 1988. Borrell mu je zagotovil, da izjave Jan\u0161e ne izra\u017eajo stali\u0161\u010da Evropske unije, pi\u0161e na spletni strani iranskega zunanjega ministrstva.","og_url":"https:\/\/hudo.com\/si\/aktualno\/borrell-zagotovil-iranu-janseve-izjave-ne-predstavljajo-stalisca-eu\/","og_site_name":"Hudo Slovenija","article_publisher":"https:\/\/www.facebook.com\/hudo.si","article_published_time":"2021-07-12T07:37:10+00:00","og_image":[{"width":1250,"height":796,"url":"https:\/\/hudo.com\/si\/wp-content\/uploads\/sites\/2\/2021\/07\/profimedia-0616474858.jpg","type":"image\/jpeg"}],"author":"A. G., STA","twitter_card":"summary_large_image","twitter_creator":"@hudo_si","twitter_site":"@hudo_si","twitter_misc":{"Written by":"A. G., STA","Est. reading time":"1 minuta"},"schema":{"@context":"https:\/\/schema.org","@graph":[{"@type":"Article","@id":"https:\/\/hudo.com\/si\/aktualno\/borrell-zagotovil-iranu-janseve-izjave-ne-predstavljajo-stalisca-eu\/#article","isPartOf":{"@id":"https:\/\/hudo.com\/si\/aktualno\/borrell-zagotovil-iranu-janseve-izjave-ne-predstavljajo-stalisca-eu\/"},"author":{"name":"A. G., STA","@id":"https:\/\/hudo.com\/si\/#\/schema\/person\/2391667a63ea075ba94f2f2dc6b77537"},"headline":"Borrell zagotovil Iranu: Jan\u0161eve izjave ne predstavljajo stali\u0161\u010da EU","datePublished":"2021-07-12T07:37:10+00:00","dateModified":"2021-07-12T07:37:10+00:00","mainEntityOfPage":{"@id":"https:\/\/hudo.com\/si\/aktualno\/borrell-zagotovil-iranu-janseve-izjave-ne-predstavljajo-stalisca-eu\/"},"wordCount":192,"publisher":{"@id":"https:\/\/hudo.com\/si\/#organization"},"keywords":["Iran","janez jan\u0161a","Josep Borrell"],"articleSection":["Aktualno"],"inLanguage":"sl-SI"},{"@type":"WebPage","@id":"https:\/\/hudo.com\/si\/aktualno\/borrell-zagotovil-iranu-janseve-izjave-ne-predstavljajo-stalisca-eu\/","url":"https:\/\/hudo.com\/si\/aktualno\/borrell-zagotovil-iranu-janseve-izjave-ne-predstavljajo-stalisca-eu\/","name":"Borrell zagotovil Iranu: Jan\u0161eve izjave ne predstavljajo stali\u0161\u010da EU - Hudo Slovenija","isPartOf":{"@id":"https:\/\/hudo.com\/si\/#website"},"datePublished":"2021-07-12T07:37:10+00:00","dateModified":"2021-07-12T07:37:10+00:00","breadcrumb":{"@id":"https:\/\/hudo.com\/si\/aktualno\/borrell-zagotovil-iranu-janseve-izjave-ne-predstavljajo-stalisca-eu\/#breadcrumb"},"inLanguage":"sl-SI","potentialAction":[{"@type":"ReadAction","target":["https:\/\/hudo.com\/si\/aktualno\/borrell-zagotovil-iranu-janseve-izjave-ne-predstavljajo-stalisca-eu\/"]}]},{"@type":"BreadcrumbList","@id":"https:\/\/hudo.com\/si\/aktualno\/borrell-zagotovil-iranu-janseve-izjave-ne-predstavljajo-stalisca-eu\/#breadcrumb","itemListElement":[{"@type":"ListItem","position":1,"name":"Home","item":"https:\/\/hudo.com\/si\/"},{"@type":"ListItem","position":2,"name":"Borrell zagotovil Iranu: Jan\u0161eve izjave ne predstavljajo stali\u0161\u010da EU"}]},{"@type":"WebSite","@id":"https:\/\/hudo.com\/si\/#website","url":"https:\/\/hudo.com\/si\/","name":"Hudo Slovenija","description":"Vse novice iz Slovenije in sveta","publisher":{"@id":"https:\/\/hudo.com\/si\/#organization"},"potentialAction":[{"@type":"SearchAction","target":{"@type":"EntryPoint","urlTemplate":"https:\/\/hudo.com\/si\/?s={search_term_string}"},"query-input":"required name=search_term_string"}],"inLanguage":"sl-SI"},{"@type":"Organization","@id":"https:\/\/hudo.com\/si\/#organization","name":"VSN Media","url":"https:\/\/hudo.com\/si\/","logo":{"@type":"ImageObject","inLanguage":"sl-SI","@id":"https:\/\/hudo.com\/si\/#\/schema\/logo\/image\/","url":"https:\/\/hudo.com\/si\/wp-content\/uploads\/sites\/2\/2021\/03\/hudo-app-2.png","contentUrl":"https:\/\/hudo.com\/si\/wp-content\/uploads\/sites\/2\/2021\/03\/hudo-app-2.png","width":2185,"height":2167,"caption":"VSN Media"},"image":{"@id":"https:\/\/hudo.com\/si\/#\/schema\/logo\/image\/"},"sameAs":["https:\/\/www.facebook.com\/hudo.si","https:\/\/twitter.com\/hudo_si"]},{"@type":"Person","@id":"https:\/\/hudo.com\/si\/#\/schema\/person\/2391667a63ea075ba94f2f2dc6b77537","name":"A. G., STA","image":{"@type":"ImageObject","inLanguage":"sl-SI","@id":"https:\/\/hudo.com\/si\/#\/schema\/person\/image\/","url":"https:\/\/secure.gravatar.com\/avatar\/e13d22ac3e442658d5025fbbe6238a79?s=96&d=mm&r=g","contentUrl":"https:\/\/secure.gravatar.com\/avatar\/e13d22ac3e442658d5025fbbe6238a79?s=96&d=mm&r=g","caption":"A. G., STA"},"url":"https:\/\/hudo.com\/si\/author\/alenka\/"}]}},"amp_enabled":true,"_links":{"self":[{"href":"https:\/\/hudo.com\/si\/wp-json\/wp\/v2\/posts\/454531"}],"collection":[{"href":"https:\/\/hudo.com\/si\/wp-json\/wp\/v2\/posts"}],"about":[{"href":"https:\/\/hudo.com\/si\/wp-json\/wp\/v2\/types\/post"}],"author":[{"embeddable":true,"href":"https:\/\/hudo.com\/si\/wp-json\/wp\/v2\/users\/5"}],"replies":[{"embeddable":true,"href":"https:\/\/hudo.com\/si\/wp-json\/wp\/v2\/comments?post=454531"}],"version-history":[{"count":1,"href":"https:\/\/hudo.com\/si\/wp-json\/wp\/v2\/posts\/454531\/revisions"}],"predecessor-version":[{"id":454533,"href":"https:\/\/hudo.com\/si\/wp-json\/wp\/v2\/posts\/454531\/revisions\/454533"}],"wp:featuredmedia":[{"embeddable":true,"href":"https:\/\/hudo.com\/si\/wp-json\/wp\/v2\/media\/454532"}],"wp:attachment":[{"href":"https:\/\/hudo.com\/si\/wp-json\/wp\/v2\/media?parent=454531"}],"wp:term":[{"taxonomy":"category","embeddable":true,"href":"https:\/\/hudo.com\/si\/wp-json\/wp\/v2\/categories?post=454531"},{"taxonomy":"post_tag","embeddable":true,"href":"https:\/\/hudo.com\/si\/wp-json\/wp\/v2\/tags?post=454531"},{"taxonomy":"source","embeddable":true,"href":"https:\/\/hudo.com\/si\/wp-json\/wp\/v2\/source?post=454531"},{"taxonomy":"supertag","embeddable":true,"href":"https:\/\/hudo.com\/si\/wp-json\/wp\/v2\/supertag?post=454531"}],"curies":[{"name":"wp","href":"https:\/\/api.w.org\/{rel}","templated":true}]}}