{"id":454551,"date":"2021-07-12T11:53:44","date_gmt":"2021-07-12T09:53:44","guid":{"rendered":"https:\/\/hudo.com\/si\/?p=454551"},"modified":"2021-07-14T07:44:36","modified_gmt":"2021-07-14T05:44:36","slug":"princ-charles-navdusen-nad-princem-georgeom-a-ne-svojim-vnukom","status":"publish","type":"post","link":"https:\/\/hudo.com\/si\/vip\/princ-charles-navdusen-nad-princem-georgeom-a-ne-svojim-vnukom\/","title":{"rendered":"Princ Charles navdu\u0161en nad princem Georgeom, a ne nad vnukom"},"content":{"rendered":"<p>Princ Charles, 72-letni bodo\u010di kralj, se je na enodnevnem potovanju v Zahodnem Walesu zna\u0161el iz o\u010di v o\u010di s princem Georgeom. Vendar ne s svojim vnukom, sedemletnim princem Georgeom, sinom princa Williama in Kate Middleton, ampak s konjem, ki si ime deli z njim.<\/p>\n<p>Charles ni skrival presene\u010denja in navdu\u0161enja, ko je spoznal soimenjaka svojega vnuka. &#8220;Tako \u010dudovito od vas. Najlep\u0161a hvala, da ste ga pripeljali,&#8221; je rekel lastniku Johnu Fletcherju. Pet let star konj vle\u010de ko\u010dije za poroke in sprevode ter orje polja.<\/p>\n<p>Nato si je princ ogledal zaselek Nevern, da bi na lastne o\u010di videl, kako poteka obnova tamkaj\u0161njih cerkvenih zvonov cerkve sv. Brynacha. Spomnimo, princa Charlesa ni bilo na odkritju kipa princese Diane, menda ne samo zato, da ne bi odpiral starih ran, ampak tudi zato, da bi se izognil sre\u010danju s svojim mlaj\u0161im sinom, princem Harryjem, ki je na slovestnost pri\u0161el iz Amerike. &#8220;Res mu je te\u017eko. Ti trenutki lahko odprejo stare rane in obudijo spomine; vesele, bole\u010de in \u017ealostne,&#8221; je pred odkritjem kipa za The Times povedal prijatelj princa Charlesa.<\/p>\n","protected":false},"excerpt":{"rendered":"<p>Tega ni pri\u010dakoval &#8230;<\/p>\n","protected":false},"author":6,"featured_media":454557,"comment_status":"closed","ping_status":"closed","sticky":false,"template":"","format":"standard","meta":{"footnotes":""},"categories":[1093],"tags":[4405],"source":[4511],"supertag":[],"acf":[],"yoast_head":"<!-- This site is optimized with the Yoast SEO plugin v21.3 - https:\/\/yoast.com\/wordpress\/plugins\/seo\/ -->\n<title>Princ Charles navdu\u0161en nad princem Georgeom, a ne nad vnukom - Hudo Slovenija<\/title>\n<meta name=\"robots\" content=\"index, follow, max-snippet:-1, max-image-preview:large, max-video-preview:-1\" \/>\n<link rel=\"canonical\" href=\"https:\/\/hudo.com\/si\/vip\/princ-charles-navdusen-nad-princem-georgeom-a-ne-svojim-vnukom\/\" \/>\n<meta property=\"og:locale\" content=\"sl_SI\" \/>\n<meta property=\"og:type\" content=\"article\" \/>\n<meta property=\"og:title\" content=\"Princ Charles navdu\u0161en nad princem Georgeom, a ne nad vnukom - Hudo Slovenija\" \/>\n<meta property=\"og:description\" content=\"Tega ni pri\u010dakoval ...\" \/>\n<meta property=\"og:url\" content=\"https:\/\/hudo.com\/si\/vip\/princ-charles-navdusen-nad-princem-georgeom-a-ne-svojim-vnukom\/\" \/>\n<meta property=\"og:site_name\" content=\"Hudo Slovenija\" \/>\n<meta property=\"article:publisher\" content=\"https:\/\/www.facebook.com\/hudo.si\" \/>\n<meta property=\"article:published_time\" content=\"2021-07-12T09:53:44+00:00\" \/>\n<meta property=\"article:modified_time\" content=\"2021-07-14T05:44:36+00:00\" \/>\n<meta property=\"og:image\" content=\"https:\/\/hudo.com\/si\/wp-content\/uploads\/sites\/2\/2021\/07\/profimedia-0605672506.jpg\" \/>\n\t<meta property=\"og:image:width\" content=\"1250\" \/>\n\t<meta property=\"og:image:height\" content=\"833\" \/>\n\t<meta property=\"og:image:type\" content=\"image\/jpeg\" \/>\n<meta name=\"author\" content=\"A. G.\" \/>\n<meta name=\"twitter:card\" content=\"summary_large_image\" \/>\n<meta name=\"twitter:creator\" content=\"@hudo_si\" \/>\n<meta name=\"twitter:site\" content=\"@hudo_si\" \/>\n<meta name=\"twitter:label1\" content=\"Written by\" \/>\n\t<meta name=\"twitter:data1\" content=\"A. G.\" \/>\n\t<meta name=\"twitter:label2\" content=\"Est. reading time\" \/>\n\t<meta name=\"twitter:data2\" content=\"1 minuta\" \/>\n<script type=\"application\/ld+json\" class=\"yoast-schema-graph\">{\"@context\":\"https:\/\/schema.org\",\"@graph\":[{\"@type\":\"Article\",\"@id\":\"https:\/\/hudo.com\/si\/vip\/princ-charles-navdusen-nad-princem-georgeom-a-ne-svojim-vnukom\/#article\",\"isPartOf\":{\"@id\":\"https:\/\/hudo.com\/si\/vip\/princ-charles-navdusen-nad-princem-georgeom-a-ne-svojim-vnukom\/\"},\"author\":{\"name\":\"A. G.\",\"@id\":\"https:\/\/hudo.com\/si\/#\/schema\/person\/f95639a66e0dd2c682b0568634e85b8b\"},\"headline\":\"Princ Charles navdu\u0161en nad princem Georgeom, a ne nad vnukom\",\"datePublished\":\"2021-07-12T09:53:44+00:00\",\"dateModified\":\"2021-07-14T05:44:36+00:00\",\"mainEntityOfPage\":{\"@id\":\"https:\/\/hudo.com\/si\/vip\/princ-charles-navdusen-nad-princem-georgeom-a-ne-svojim-vnukom\/\"},\"wordCount\":202,\"publisher\":{\"@id\":\"https:\/\/hudo.com\/si\/#organization\"},\"keywords\":[\"princ Charles\"],\"articleSection\":[\"VIP\"],\"inLanguage\":\"sl-SI\"},{\"@type\":\"WebPage\",\"@id\":\"https:\/\/hudo.com\/si\/vip\/princ-charles-navdusen-nad-princem-georgeom-a-ne-svojim-vnukom\/\",\"url\":\"https:\/\/hudo.com\/si\/vip\/princ-charles-navdusen-nad-princem-georgeom-a-ne-svojim-vnukom\/\",\"name\":\"Princ Charles navdu\u0161en nad princem Georgeom, a ne nad vnukom - Hudo Slovenija\",\"isPartOf\":{\"@id\":\"https:\/\/hudo.com\/si\/#website\"},\"datePublished\":\"2021-07-12T09:53:44+00:00\",\"dateModified\":\"2021-07-14T05:44:36+00:00\",\"breadcrumb\":{\"@id\":\"https:\/\/hudo.com\/si\/vip\/princ-charles-navdusen-nad-princem-georgeom-a-ne-svojim-vnukom\/#breadcrumb\"},\"inLanguage\":\"sl-SI\",\"potentialAction\":[{\"@type\":\"ReadAction\",\"target\":[\"https:\/\/hudo.com\/si\/vip\/princ-charles-navdusen-nad-princem-georgeom-a-ne-svojim-vnukom\/\"]}]},{\"@type\":\"BreadcrumbList\",\"@id\":\"https:\/\/hudo.com\/si\/vip\/princ-charles-navdusen-nad-princem-georgeom-a-ne-svojim-vnukom\/#breadcrumb\",\"itemListElement\":[{\"@type\":\"ListItem\",\"position\":1,\"name\":\"Home\",\"item\":\"https:\/\/hudo.com\/si\/\"},{\"@type\":\"ListItem\",\"position\":2,\"name\":\"Princ Charles navdu\u0161en nad princem Georgeom, a ne nad vnukom\"}]},{\"@type\":\"WebSite\",\"@id\":\"https:\/\/hudo.com\/si\/#website\",\"url\":\"https:\/\/hudo.com\/si\/\",\"name\":\"Hudo Slovenija\",\"description\":\"Vse novice iz Slovenije in sveta\",\"publisher\":{\"@id\":\"https:\/\/hudo.com\/si\/#organization\"},\"potentialAction\":[{\"@type\":\"SearchAction\",\"target\":{\"@type\":\"EntryPoint\",\"urlTemplate\":\"https:\/\/hudo.com\/si\/?s={search_term_string}\"},\"query-input\":\"required name=search_term_string\"}],\"inLanguage\":\"sl-SI\"},{\"@type\":\"Organization\",\"@id\":\"https:\/\/hudo.com\/si\/#organization\",\"name\":\"VSN Media\",\"url\":\"https:\/\/hudo.com\/si\/\",\"logo\":{\"@type\":\"ImageObject\",\"inLanguage\":\"sl-SI\",\"@id\":\"https:\/\/hudo.com\/si\/#\/schema\/logo\/image\/\",\"url\":\"https:\/\/hudo.com\/si\/wp-content\/uploads\/sites\/2\/2021\/03\/hudo-app-2.png\",\"contentUrl\":\"https:\/\/hudo.com\/si\/wp-content\/uploads\/sites\/2\/2021\/03\/hudo-app-2.png\",\"width\":2185,\"height\":2167,\"caption\":\"VSN Media\"},\"image\":{\"@id\":\"https:\/\/hudo.com\/si\/#\/schema\/logo\/image\/\"},\"sameAs\":[\"https:\/\/www.facebook.com\/hudo.si\",\"https:\/\/twitter.com\/hudo_si\"]},{\"@type\":\"Person\",\"@id\":\"https:\/\/hudo.com\/si\/#\/schema\/person\/f95639a66e0dd2c682b0568634e85b8b\",\"name\":\"A. G.\",\"image\":{\"@type\":\"ImageObject\",\"inLanguage\":\"sl-SI\",\"@id\":\"https:\/\/hudo.com\/si\/#\/schema\/person\/image\/\",\"url\":\"https:\/\/secure.gravatar.com\/avatar\/9f44de561c70d5d80348d3ed0f4b142d?s=96&d=mm&r=g\",\"contentUrl\":\"https:\/\/secure.gravatar.com\/avatar\/9f44de561c70d5d80348d3ed0f4b142d?s=96&d=mm&r=g\",\"caption\":\"A. G.\"},\"url\":\"https:\/\/hudo.com\/si\/author\/alenkagrmek\/\"}]}<\/script>\n<!-- \/ Yoast SEO plugin. -->","yoast_head_json":{"title":"Princ Charles navdu\u0161en nad princem Georgeom, a ne nad vnukom - Hudo Slovenija","robots":{"index":"index","follow":"follow","max-snippet":"max-snippet:-1","max-image-preview":"max-image-preview:large","max-video-preview":"max-video-preview:-1"},"canonical":"https:\/\/hudo.com\/si\/vip\/princ-charles-navdusen-nad-princem-georgeom-a-ne-svojim-vnukom\/","og_locale":"sl_SI","og_type":"article","og_title":"Princ Charles navdu\u0161en nad princem Georgeom, a ne nad vnukom - Hudo Slovenija","og_description":"Tega ni pri\u010dakoval ...","og_url":"https:\/\/hudo.com\/si\/vip\/princ-charles-navdusen-nad-princem-georgeom-a-ne-svojim-vnukom\/","og_site_name":"Hudo Slovenija","article_publisher":"https:\/\/www.facebook.com\/hudo.si","article_published_time":"2021-07-12T09:53:44+00:00","article_modified_time":"2021-07-14T05:44:36+00:00","og_image":[{"width":1250,"height":833,"url":"https:\/\/hudo.com\/si\/wp-content\/uploads\/sites\/2\/2021\/07\/profimedia-0605672506.jpg","type":"image\/jpeg"}],"author":"A. G.","twitter_card":"summary_large_image","twitter_creator":"@hudo_si","twitter_site":"@hudo_si","twitter_misc":{"Written by":"A. G.","Est. reading time":"1 minuta"},"schema":{"@context":"https:\/\/schema.org","@graph":[{"@type":"Article","@id":"https:\/\/hudo.com\/si\/vip\/princ-charles-navdusen-nad-princem-georgeom-a-ne-svojim-vnukom\/#article","isPartOf":{"@id":"https:\/\/hudo.com\/si\/vip\/princ-charles-navdusen-nad-princem-georgeom-a-ne-svojim-vnukom\/"},"author":{"name":"A. G.","@id":"https:\/\/hudo.com\/si\/#\/schema\/person\/f95639a66e0dd2c682b0568634e85b8b"},"headline":"Princ Charles navdu\u0161en nad princem Georgeom, a ne nad vnukom","datePublished":"2021-07-12T09:53:44+00:00","dateModified":"2021-07-14T05:44:36+00:00","mainEntityOfPage":{"@id":"https:\/\/hudo.com\/si\/vip\/princ-charles-navdusen-nad-princem-georgeom-a-ne-svojim-vnukom\/"},"wordCount":202,"publisher":{"@id":"https:\/\/hudo.com\/si\/#organization"},"keywords":["princ Charles"],"articleSection":["VIP"],"inLanguage":"sl-SI"},{"@type":"WebPage","@id":"https:\/\/hudo.com\/si\/vip\/princ-charles-navdusen-nad-princem-georgeom-a-ne-svojim-vnukom\/","url":"https:\/\/hudo.com\/si\/vip\/princ-charles-navdusen-nad-princem-georgeom-a-ne-svojim-vnukom\/","name":"Princ Charles navdu\u0161en nad princem Georgeom, a ne nad vnukom - Hudo Slovenija","isPartOf":{"@id":"https:\/\/hudo.com\/si\/#website"},"datePublished":"2021-07-12T09:53:44+00:00","dateModified":"2021-07-14T05:44:36+00:00","breadcrumb":{"@id":"https:\/\/hudo.com\/si\/vip\/princ-charles-navdusen-nad-princem-georgeom-a-ne-svojim-vnukom\/#breadcrumb"},"inLanguage":"sl-SI","potentialAction":[{"@type":"ReadAction","target":["https:\/\/hudo.com\/si\/vip\/princ-charles-navdusen-nad-princem-georgeom-a-ne-svojim-vnukom\/"]}]},{"@type":"BreadcrumbList","@id":"https:\/\/hudo.com\/si\/vip\/princ-charles-navdusen-nad-princem-georgeom-a-ne-svojim-vnukom\/#breadcrumb","itemListElement":[{"@type":"ListItem","position":1,"name":"Home","item":"https:\/\/hudo.com\/si\/"},{"@type":"ListItem","position":2,"name":"Princ Charles navdu\u0161en nad princem Georgeom, a ne nad vnukom"}]},{"@type":"WebSite","@id":"https:\/\/hudo.com\/si\/#website","url":"https:\/\/hudo.com\/si\/","name":"Hudo Slovenija","description":"Vse novice iz Slovenije in sveta","publisher":{"@id":"https:\/\/hudo.com\/si\/#organization"},"potentialAction":[{"@type":"SearchAction","target":{"@type":"EntryPoint","urlTemplate":"https:\/\/hudo.com\/si\/?s={search_term_string}"},"query-input":"required name=search_term_string"}],"inLanguage":"sl-SI"},{"@type":"Organization","@id":"https:\/\/hudo.com\/si\/#organization","name":"VSN Media","url":"https:\/\/hudo.com\/si\/","logo":{"@type":"ImageObject","inLanguage":"sl-SI","@id":"https:\/\/hudo.com\/si\/#\/schema\/logo\/image\/","url":"https:\/\/hudo.com\/si\/wp-content\/uploads\/sites\/2\/2021\/03\/hudo-app-2.png","contentUrl":"https:\/\/hudo.com\/si\/wp-content\/uploads\/sites\/2\/2021\/03\/hudo-app-2.png","width":2185,"height":2167,"caption":"VSN Media"},"image":{"@id":"https:\/\/hudo.com\/si\/#\/schema\/logo\/image\/"},"sameAs":["https:\/\/www.facebook.com\/hudo.si","https:\/\/twitter.com\/hudo_si"]},{"@type":"Person","@id":"https:\/\/hudo.com\/si\/#\/schema\/person\/f95639a66e0dd2c682b0568634e85b8b","name":"A. G.","image":{"@type":"ImageObject","inLanguage":"sl-SI","@id":"https:\/\/hudo.com\/si\/#\/schema\/person\/image\/","url":"https:\/\/secure.gravatar.com\/avatar\/9f44de561c70d5d80348d3ed0f4b142d?s=96&d=mm&r=g","contentUrl":"https:\/\/secure.gravatar.com\/avatar\/9f44de561c70d5d80348d3ed0f4b142d?s=96&d=mm&r=g","caption":"A. G."},"url":"https:\/\/hudo.com\/si\/author\/alenkagrmek\/"}]}},"amp_enabled":true,"_links":{"self":[{"href":"https:\/\/hudo.com\/si\/wp-json\/wp\/v2\/posts\/454551"}],"collection":[{"href":"https:\/\/hudo.com\/si\/wp-json\/wp\/v2\/posts"}],"about":[{"href":"https:\/\/hudo.com\/si\/wp-json\/wp\/v2\/types\/post"}],"author":[{"embeddable":true,"href":"https:\/\/hudo.com\/si\/wp-json\/wp\/v2\/users\/6"}],"replies":[{"embeddable":true,"href":"https:\/\/hudo.com\/si\/wp-json\/wp\/v2\/comments?post=454551"}],"version-history":[{"count":3,"href":"https:\/\/hudo.com\/si\/wp-json\/wp\/v2\/posts\/454551\/revisions"}],"predecessor-version":[{"id":454678,"href":"https:\/\/hudo.com\/si\/wp-json\/wp\/v2\/posts\/454551\/revisions\/454678"}],"wp:featuredmedia":[{"embeddable":true,"href":"https:\/\/hudo.com\/si\/wp-json\/wp\/v2\/media\/454557"}],"wp:attachment":[{"href":"https:\/\/hudo.com\/si\/wp-json\/wp\/v2\/media?parent=454551"}],"wp:term":[{"taxonomy":"category","embeddable":true,"href":"https:\/\/hudo.com\/si\/wp-json\/wp\/v2\/categories?post=454551"},{"taxonomy":"post_tag","embeddable":true,"href":"https:\/\/hudo.com\/si\/wp-json\/wp\/v2\/tags?post=454551"},{"taxonomy":"source","embeddable":true,"href":"https:\/\/hudo.com\/si\/wp-json\/wp\/v2\/source?post=454551"},{"taxonomy":"supertag","embeddable":true,"href":"https:\/\/hudo.com\/si\/wp-json\/wp\/v2\/supertag?post=454551"}],"curies":[{"name":"wp","href":"https:\/\/api.w.org\/{rel}","templated":true}]}}