{"id":454650,"date":"2021-07-13T15:58:06","date_gmt":"2021-07-13T13:58:06","guid":{"rendered":"https:\/\/hudo.com\/si\/?p=454650"},"modified":"2021-07-13T15:58:06","modified_gmt":"2021-07-13T13:58:06","slug":"poslanci-so-odlocili-da-drzavljanom-ne-bodo-povrnjene-globe-za-prekrske-izdane-po-neustavnih-vladnih-odlokih","status":"publish","type":"post","link":"https:\/\/hudo.com\/si\/aktualno\/slovenija\/poslanci-so-odlocili-da-drzavljanom-ne-bodo-povrnjene-globe-za-prekrske-izdane-po-neustavnih-vladnih-odlokih\/","title":{"rendered":"Poslanci so odlo\u010dili, da dr\u017eavljanom ne bodo povrnjene globe za prekr\u0161ke, izdane po neustavnih vladnih odlokih"},"content":{"rendered":"<p>Predlog zakona so vlo\u017eili poslanci LM\u0160, NeP, SD in Levice, ki so predlagali da bi vsi, ki so pla\u010dali kazni na podlagi protikoronskih vladnih odlokov, za katere je ustavno sodi\u0161\u010de pozneje presodilo, da so neustavni, dobili povrnjeno kazen, pravnomo\u010dno zaklju\u010dene postopke pa bi razveljavili. Postopke, ki \u0161e niso zaklju\u010deni, pa bi ustavili.<\/p>\n<p>A predlog zakona ni naletel na ve\u010dinsko podporo mati\u010dnega odbora za pravosodje, zato se njegova parlamentarna pot z obravnavo na seji DZ kon\u010duje.<\/p>\n<p>V SDS ocenjujejo, da se je s predlogom zakona \u017eelelo uzakoniti neenako obravnavo kr\u0161iteljev vladnih odlokov, kar je v nasprotju z ustavnim na\u010delom enakosti pred zakonom, hkrati pa je dajal napa\u010den signal glede spo\u0161tovanja ukrepov za zajezitev epidemije. Kot dodajajo, v SDS postavljajo zdravje in \u017eivljenja na\u0161ih sodr\u017eavljanov na prvo mesto, zato ga niso podprli, je povedal Jo\u017eef Lenart.<\/p>\n<p>Po mnenju NSi je sprejem posebnega zakona, s katerim bi posegali v odprte prekr\u0161kovne ali sodne postopke, povsem neustrezen in lahko odpre plaz novih tovrstnih posegov zakonodajne oblasti v konkretne postopke, je v ponedeljkovi razpravi opozoril poslanec Bla\u017e Pavlin. Poleg tega bi podpora takemu predlogu zakona pomenila negativen signal pri zavzemanju dru\u017ebe za \u010dim ve\u010dje spo\u0161tovanje ukrepov za zajezitev epidemije covida-19, menijo v NSi.<\/p>\n<p>V SAB sicer razumejo simbolno sporo\u010dilo predlagatelja, a opozarjajo, da je pri tak\u0161nih zakonih potrebna \u0161e dodatna mera previdnosti, saj gre za velike posege v odlo\u010ditve izvr\u0161ilne in sodne veje oblasti in to v odlo\u010ditve, ki so lahko tudi \u017ee pravnomo\u010dne.<\/p>\n<p>Tudi v poslanski skupini DeSUS razumejo razloge in namen zakona. A ob tem opozarjajo, da so bili vsi postopki zoper mariborskega dijaka, ki mu je bil ob protestiranju zaradi zaprtja \u0161ol izre\u010den prekr\u0161ek, ustavljeni. Hkrati pa predlog zakona zaradi svoje nedore\u010denosti ter vpra\u0161anja na\u010dela enakosti ne izklju\u010duje druge prekr\u0161ke, je v ponedeljek dejal Franc Jur\u0161a.<\/p>\n<p>V SNS pa po besedah Du\u0161ana \u0160i\u0161ka menijo, da je sankcija kot vzgojni ukrep namenjena predvsem prevzgoji posameznika in to osnovno na\u010delo \u017eeli dana\u0161nji zakon postaviti na glavo.<\/p>\n","protected":false},"excerpt":{"rendered":"<p>Kon\u010dana je zakonodajna pot zakonskega predloga za abolicijo in amnestijo vseh, ki so bili kaznovani za prekr\u0161ke na podlagi neustavnega zakona o nalezljivih boleznih in vladnih odlokov za omejevanje gibanja in zbiranja v \u010dasu epidemije covida-19.<\/p>\n","protected":false},"author":7,"featured_media":439062,"comment_status":"closed","ping_status":"closed","sticky":false,"template":"","format":"standard","meta":{"footnotes":""},"categories":[18201],"tags":[1728],"source":[4511],"supertag":[],"acf":[],"yoast_head":"<!-- This site is optimized with the Yoast SEO plugin v21.3 - https:\/\/yoast.com\/wordpress\/plugins\/seo\/ -->\n<title>Poslanci so odlo\u010dili, da dr\u017eavljanom ne bodo povrnjene globe za prekr\u0161ke, izdane po neustavnih vladnih odlokih - Hudo Slovenija<\/title>\n<meta name=\"robots\" content=\"index, follow, max-snippet:-1, max-image-preview:large, max-video-preview:-1\" \/>\n<link rel=\"canonical\" href=\"https:\/\/hudo.com\/si\/aktualno\/slovenija\/poslanci-so-odlocili-da-drzavljanom-ne-bodo-povrnjene-globe-za-prekrske-izdane-po-neustavnih-vladnih-odlokih\/\" \/>\n<meta property=\"og:locale\" content=\"sl_SI\" \/>\n<meta property=\"og:type\" content=\"article\" \/>\n<meta property=\"og:title\" content=\"Poslanci so odlo\u010dili, da dr\u017eavljanom ne bodo povrnjene globe za prekr\u0161ke, izdane po neustavnih vladnih odlokih - Hudo Slovenija\" \/>\n<meta property=\"og:description\" content=\"Kon\u010dana je zakonodajna pot zakonskega predloga za abolicijo in amnestijo vseh, ki so bili kaznovani za prekr\u0161ke na podlagi neustavnega zakona o nalezljivih boleznih in vladnih odlokov za omejevanje gibanja in zbiranja v \u010dasu epidemije covida-19.\" \/>\n<meta property=\"og:url\" content=\"https:\/\/hudo.com\/si\/aktualno\/slovenija\/poslanci-so-odlocili-da-drzavljanom-ne-bodo-povrnjene-globe-za-prekrske-izdane-po-neustavnih-vladnih-odlokih\/\" \/>\n<meta property=\"og:site_name\" content=\"Hudo Slovenija\" \/>\n<meta property=\"article:publisher\" content=\"https:\/\/www.facebook.com\/hudo.si\" \/>\n<meta property=\"article:published_time\" content=\"2021-07-13T13:58:06+00:00\" \/>\n<meta property=\"og:image\" content=\"https:\/\/hudo.com\/si\/wp-content\/uploads\/sites\/2\/2020\/11\/20200403-00998655.jpg\" \/>\n\t<meta property=\"og:image:width\" content=\"640\" \/>\n\t<meta property=\"og:image:height\" content=\"426\" \/>\n\t<meta property=\"og:image:type\" content=\"image\/jpeg\" \/>\n<meta name=\"author\" content=\"A. P., STA\" \/>\n<meta name=\"twitter:card\" content=\"summary_large_image\" \/>\n<meta name=\"twitter:creator\" content=\"@hudo_si\" \/>\n<meta name=\"twitter:site\" content=\"@hudo_si\" \/>\n<meta name=\"twitter:label1\" content=\"Written by\" \/>\n\t<meta name=\"twitter:data1\" content=\"A. P., STA\" \/>\n\t<meta name=\"twitter:label2\" content=\"Est. reading time\" \/>\n\t<meta name=\"twitter:data2\" content=\"2 minuti\" \/>\n<script type=\"application\/ld+json\" class=\"yoast-schema-graph\">{\"@context\":\"https:\/\/schema.org\",\"@graph\":[{\"@type\":\"Article\",\"@id\":\"https:\/\/hudo.com\/si\/aktualno\/slovenija\/poslanci-so-odlocili-da-drzavljanom-ne-bodo-povrnjene-globe-za-prekrske-izdane-po-neustavnih-vladnih-odlokih\/#article\",\"isPartOf\":{\"@id\":\"https:\/\/hudo.com\/si\/aktualno\/slovenija\/poslanci-so-odlocili-da-drzavljanom-ne-bodo-povrnjene-globe-za-prekrske-izdane-po-neustavnih-vladnih-odlokih\/\"},\"author\":{\"name\":\"A. P., STA\",\"@id\":\"https:\/\/hudo.com\/si\/#\/schema\/person\/18f09c02475ba9e606e941a565b80cff\"},\"headline\":\"Poslanci so odlo\u010dili, da dr\u017eavljanom ne bodo povrnjene globe za prekr\u0161ke, izdane po neustavnih vladnih odlokih\",\"datePublished\":\"2021-07-13T13:58:06+00:00\",\"dateModified\":\"2021-07-13T13:58:06+00:00\",\"mainEntityOfPage\":{\"@id\":\"https:\/\/hudo.com\/si\/aktualno\/slovenija\/poslanci-so-odlocili-da-drzavljanom-ne-bodo-povrnjene-globe-za-prekrske-izdane-po-neustavnih-vladnih-odlokih\/\"},\"wordCount\":379,\"publisher\":{\"@id\":\"https:\/\/hudo.com\/si\/#organization\"},\"keywords\":[\"policija\"],\"articleSection\":[\"Slovenija\"],\"inLanguage\":\"sl-SI\"},{\"@type\":\"WebPage\",\"@id\":\"https:\/\/hudo.com\/si\/aktualno\/slovenija\/poslanci-so-odlocili-da-drzavljanom-ne-bodo-povrnjene-globe-za-prekrske-izdane-po-neustavnih-vladnih-odlokih\/\",\"url\":\"https:\/\/hudo.com\/si\/aktualno\/slovenija\/poslanci-so-odlocili-da-drzavljanom-ne-bodo-povrnjene-globe-za-prekrske-izdane-po-neustavnih-vladnih-odlokih\/\",\"name\":\"Poslanci so odlo\u010dili, da dr\u017eavljanom ne bodo povrnjene globe za prekr\u0161ke, izdane po neustavnih vladnih odlokih - Hudo Slovenija\",\"isPartOf\":{\"@id\":\"https:\/\/hudo.com\/si\/#website\"},\"datePublished\":\"2021-07-13T13:58:06+00:00\",\"dateModified\":\"2021-07-13T13:58:06+00:00\",\"breadcrumb\":{\"@id\":\"https:\/\/hudo.com\/si\/aktualno\/slovenija\/poslanci-so-odlocili-da-drzavljanom-ne-bodo-povrnjene-globe-za-prekrske-izdane-po-neustavnih-vladnih-odlokih\/#breadcrumb\"},\"inLanguage\":\"sl-SI\",\"potentialAction\":[{\"@type\":\"ReadAction\",\"target\":[\"https:\/\/hudo.com\/si\/aktualno\/slovenija\/poslanci-so-odlocili-da-drzavljanom-ne-bodo-povrnjene-globe-za-prekrske-izdane-po-neustavnih-vladnih-odlokih\/\"]}]},{\"@type\":\"BreadcrumbList\",\"@id\":\"https:\/\/hudo.com\/si\/aktualno\/slovenija\/poslanci-so-odlocili-da-drzavljanom-ne-bodo-povrnjene-globe-za-prekrske-izdane-po-neustavnih-vladnih-odlokih\/#breadcrumb\",\"itemListElement\":[{\"@type\":\"ListItem\",\"position\":1,\"name\":\"Home\",\"item\":\"https:\/\/hudo.com\/si\/\"},{\"@type\":\"ListItem\",\"position\":2,\"name\":\"Poslanci so odlo\u010dili, da dr\u017eavljanom ne bodo povrnjene globe za prekr\u0161ke, izdane po neustavnih vladnih odlokih\"}]},{\"@type\":\"WebSite\",\"@id\":\"https:\/\/hudo.com\/si\/#website\",\"url\":\"https:\/\/hudo.com\/si\/\",\"name\":\"Hudo Slovenija\",\"description\":\"Vse novice iz Slovenije in sveta\",\"publisher\":{\"@id\":\"https:\/\/hudo.com\/si\/#organization\"},\"potentialAction\":[{\"@type\":\"SearchAction\",\"target\":{\"@type\":\"EntryPoint\",\"urlTemplate\":\"https:\/\/hudo.com\/si\/?s={search_term_string}\"},\"query-input\":\"required name=search_term_string\"}],\"inLanguage\":\"sl-SI\"},{\"@type\":\"Organization\",\"@id\":\"https:\/\/hudo.com\/si\/#organization\",\"name\":\"VSN Media\",\"url\":\"https:\/\/hudo.com\/si\/\",\"logo\":{\"@type\":\"ImageObject\",\"inLanguage\":\"sl-SI\",\"@id\":\"https:\/\/hudo.com\/si\/#\/schema\/logo\/image\/\",\"url\":\"https:\/\/hudo.com\/si\/wp-content\/uploads\/sites\/2\/2021\/03\/hudo-app-2.png\",\"contentUrl\":\"https:\/\/hudo.com\/si\/wp-content\/uploads\/sites\/2\/2021\/03\/hudo-app-2.png\",\"width\":2185,\"height\":2167,\"caption\":\"VSN Media\"},\"image\":{\"@id\":\"https:\/\/hudo.com\/si\/#\/schema\/logo\/image\/\"},\"sameAs\":[\"https:\/\/www.facebook.com\/hudo.si\",\"https:\/\/twitter.com\/hudo_si\"]},{\"@type\":\"Person\",\"@id\":\"https:\/\/hudo.com\/si\/#\/schema\/person\/18f09c02475ba9e606e941a565b80cff\",\"name\":\"A. P., STA\",\"image\":{\"@type\":\"ImageObject\",\"inLanguage\":\"sl-SI\",\"@id\":\"https:\/\/hudo.com\/si\/#\/schema\/person\/image\/\",\"url\":\"https:\/\/secure.gravatar.com\/avatar\/03eac8e609f5f04383125d80eaeaaf3e?s=96&d=mm&r=g\",\"contentUrl\":\"https:\/\/secure.gravatar.com\/avatar\/03eac8e609f5f04383125d80eaeaaf3e?s=96&d=mm&r=g\",\"caption\":\"A. P., STA\"},\"url\":\"https:\/\/hudo.com\/si\/author\/lubu\/\"}]}<\/script>\n<!-- \/ Yoast SEO plugin. -->","yoast_head_json":{"title":"Poslanci so odlo\u010dili, da dr\u017eavljanom ne bodo povrnjene globe za prekr\u0161ke, izdane po neustavnih vladnih odlokih - Hudo Slovenija","robots":{"index":"index","follow":"follow","max-snippet":"max-snippet:-1","max-image-preview":"max-image-preview:large","max-video-preview":"max-video-preview:-1"},"canonical":"https:\/\/hudo.com\/si\/aktualno\/slovenija\/poslanci-so-odlocili-da-drzavljanom-ne-bodo-povrnjene-globe-za-prekrske-izdane-po-neustavnih-vladnih-odlokih\/","og_locale":"sl_SI","og_type":"article","og_title":"Poslanci so odlo\u010dili, da dr\u017eavljanom ne bodo povrnjene globe za prekr\u0161ke, izdane po neustavnih vladnih odlokih - Hudo Slovenija","og_description":"Kon\u010dana je zakonodajna pot zakonskega predloga za abolicijo in amnestijo vseh, ki so bili kaznovani za prekr\u0161ke na podlagi neustavnega zakona o nalezljivih boleznih in vladnih odlokov za omejevanje gibanja in zbiranja v \u010dasu epidemije covida-19.","og_url":"https:\/\/hudo.com\/si\/aktualno\/slovenija\/poslanci-so-odlocili-da-drzavljanom-ne-bodo-povrnjene-globe-za-prekrske-izdane-po-neustavnih-vladnih-odlokih\/","og_site_name":"Hudo Slovenija","article_publisher":"https:\/\/www.facebook.com\/hudo.si","article_published_time":"2021-07-13T13:58:06+00:00","og_image":[{"width":640,"height":426,"url":"https:\/\/hudo.com\/si\/wp-content\/uploads\/sites\/2\/2020\/11\/20200403-00998655.jpg","type":"image\/jpeg"}],"author":"A. P., STA","twitter_card":"summary_large_image","twitter_creator":"@hudo_si","twitter_site":"@hudo_si","twitter_misc":{"Written by":"A. P., STA","Est. reading time":"2 minuti"},"schema":{"@context":"https:\/\/schema.org","@graph":[{"@type":"Article","@id":"https:\/\/hudo.com\/si\/aktualno\/slovenija\/poslanci-so-odlocili-da-drzavljanom-ne-bodo-povrnjene-globe-za-prekrske-izdane-po-neustavnih-vladnih-odlokih\/#article","isPartOf":{"@id":"https:\/\/hudo.com\/si\/aktualno\/slovenija\/poslanci-so-odlocili-da-drzavljanom-ne-bodo-povrnjene-globe-za-prekrske-izdane-po-neustavnih-vladnih-odlokih\/"},"author":{"name":"A. P., STA","@id":"https:\/\/hudo.com\/si\/#\/schema\/person\/18f09c02475ba9e606e941a565b80cff"},"headline":"Poslanci so odlo\u010dili, da dr\u017eavljanom ne bodo povrnjene globe za prekr\u0161ke, izdane po neustavnih vladnih odlokih","datePublished":"2021-07-13T13:58:06+00:00","dateModified":"2021-07-13T13:58:06+00:00","mainEntityOfPage":{"@id":"https:\/\/hudo.com\/si\/aktualno\/slovenija\/poslanci-so-odlocili-da-drzavljanom-ne-bodo-povrnjene-globe-za-prekrske-izdane-po-neustavnih-vladnih-odlokih\/"},"wordCount":379,"publisher":{"@id":"https:\/\/hudo.com\/si\/#organization"},"keywords":["policija"],"articleSection":["Slovenija"],"inLanguage":"sl-SI"},{"@type":"WebPage","@id":"https:\/\/hudo.com\/si\/aktualno\/slovenija\/poslanci-so-odlocili-da-drzavljanom-ne-bodo-povrnjene-globe-za-prekrske-izdane-po-neustavnih-vladnih-odlokih\/","url":"https:\/\/hudo.com\/si\/aktualno\/slovenija\/poslanci-so-odlocili-da-drzavljanom-ne-bodo-povrnjene-globe-za-prekrske-izdane-po-neustavnih-vladnih-odlokih\/","name":"Poslanci so odlo\u010dili, da dr\u017eavljanom ne bodo povrnjene globe za prekr\u0161ke, izdane po neustavnih vladnih odlokih - Hudo Slovenija","isPartOf":{"@id":"https:\/\/hudo.com\/si\/#website"},"datePublished":"2021-07-13T13:58:06+00:00","dateModified":"2021-07-13T13:58:06+00:00","breadcrumb":{"@id":"https:\/\/hudo.com\/si\/aktualno\/slovenija\/poslanci-so-odlocili-da-drzavljanom-ne-bodo-povrnjene-globe-za-prekrske-izdane-po-neustavnih-vladnih-odlokih\/#breadcrumb"},"inLanguage":"sl-SI","potentialAction":[{"@type":"ReadAction","target":["https:\/\/hudo.com\/si\/aktualno\/slovenija\/poslanci-so-odlocili-da-drzavljanom-ne-bodo-povrnjene-globe-za-prekrske-izdane-po-neustavnih-vladnih-odlokih\/"]}]},{"@type":"BreadcrumbList","@id":"https:\/\/hudo.com\/si\/aktualno\/slovenija\/poslanci-so-odlocili-da-drzavljanom-ne-bodo-povrnjene-globe-za-prekrske-izdane-po-neustavnih-vladnih-odlokih\/#breadcrumb","itemListElement":[{"@type":"ListItem","position":1,"name":"Home","item":"https:\/\/hudo.com\/si\/"},{"@type":"ListItem","position":2,"name":"Poslanci so odlo\u010dili, da dr\u017eavljanom ne bodo povrnjene globe za prekr\u0161ke, izdane po neustavnih vladnih odlokih"}]},{"@type":"WebSite","@id":"https:\/\/hudo.com\/si\/#website","url":"https:\/\/hudo.com\/si\/","name":"Hudo Slovenija","description":"Vse novice iz Slovenije in sveta","publisher":{"@id":"https:\/\/hudo.com\/si\/#organization"},"potentialAction":[{"@type":"SearchAction","target":{"@type":"EntryPoint","urlTemplate":"https:\/\/hudo.com\/si\/?s={search_term_string}"},"query-input":"required name=search_term_string"}],"inLanguage":"sl-SI"},{"@type":"Organization","@id":"https:\/\/hudo.com\/si\/#organization","name":"VSN Media","url":"https:\/\/hudo.com\/si\/","logo":{"@type":"ImageObject","inLanguage":"sl-SI","@id":"https:\/\/hudo.com\/si\/#\/schema\/logo\/image\/","url":"https:\/\/hudo.com\/si\/wp-content\/uploads\/sites\/2\/2021\/03\/hudo-app-2.png","contentUrl":"https:\/\/hudo.com\/si\/wp-content\/uploads\/sites\/2\/2021\/03\/hudo-app-2.png","width":2185,"height":2167,"caption":"VSN Media"},"image":{"@id":"https:\/\/hudo.com\/si\/#\/schema\/logo\/image\/"},"sameAs":["https:\/\/www.facebook.com\/hudo.si","https:\/\/twitter.com\/hudo_si"]},{"@type":"Person","@id":"https:\/\/hudo.com\/si\/#\/schema\/person\/18f09c02475ba9e606e941a565b80cff","name":"A. P., STA","image":{"@type":"ImageObject","inLanguage":"sl-SI","@id":"https:\/\/hudo.com\/si\/#\/schema\/person\/image\/","url":"https:\/\/secure.gravatar.com\/avatar\/03eac8e609f5f04383125d80eaeaaf3e?s=96&d=mm&r=g","contentUrl":"https:\/\/secure.gravatar.com\/avatar\/03eac8e609f5f04383125d80eaeaaf3e?s=96&d=mm&r=g","caption":"A. P., STA"},"url":"https:\/\/hudo.com\/si\/author\/lubu\/"}]}},"amp_enabled":true,"_links":{"self":[{"href":"https:\/\/hudo.com\/si\/wp-json\/wp\/v2\/posts\/454650"}],"collection":[{"href":"https:\/\/hudo.com\/si\/wp-json\/wp\/v2\/posts"}],"about":[{"href":"https:\/\/hudo.com\/si\/wp-json\/wp\/v2\/types\/post"}],"author":[{"embeddable":true,"href":"https:\/\/hudo.com\/si\/wp-json\/wp\/v2\/users\/7"}],"replies":[{"embeddable":true,"href":"https:\/\/hudo.com\/si\/wp-json\/wp\/v2\/comments?post=454650"}],"version-history":[{"count":1,"href":"https:\/\/hudo.com\/si\/wp-json\/wp\/v2\/posts\/454650\/revisions"}],"predecessor-version":[{"id":454653,"href":"https:\/\/hudo.com\/si\/wp-json\/wp\/v2\/posts\/454650\/revisions\/454653"}],"wp:featuredmedia":[{"embeddable":true,"href":"https:\/\/hudo.com\/si\/wp-json\/wp\/v2\/media\/439062"}],"wp:attachment":[{"href":"https:\/\/hudo.com\/si\/wp-json\/wp\/v2\/media?parent=454650"}],"wp:term":[{"taxonomy":"category","embeddable":true,"href":"https:\/\/hudo.com\/si\/wp-json\/wp\/v2\/categories?post=454650"},{"taxonomy":"post_tag","embeddable":true,"href":"https:\/\/hudo.com\/si\/wp-json\/wp\/v2\/tags?post=454650"},{"taxonomy":"source","embeddable":true,"href":"https:\/\/hudo.com\/si\/wp-json\/wp\/v2\/source?post=454650"},{"taxonomy":"supertag","embeddable":true,"href":"https:\/\/hudo.com\/si\/wp-json\/wp\/v2\/supertag?post=454650"}],"curies":[{"name":"wp","href":"https:\/\/api.w.org\/{rel}","templated":true}]}}