{"id":454655,"date":"2021-07-13T17:56:02","date_gmt":"2021-07-13T15:56:02","guid":{"rendered":"https:\/\/hudo.com\/si\/?p=454655"},"modified":"2021-07-13T17:56:02","modified_gmt":"2021-07-13T15:56:02","slug":"janez-kranjc-ne-bo-ustavni-sodnik-podprlo-ga-je-45-poslancev","status":"publish","type":"post","link":"https:\/\/hudo.com\/si\/aktualno\/slovenija\/janez-kranjc-ne-bo-ustavni-sodnik-podprlo-ga-je-45-poslancev\/","title":{"rendered":"Janez Kranjc ne bo ustavni sodnik, podprlo ga je 45 poslancev"},"content":{"rendered":"<p>V predstavitvi stali\u0161\u010d poslanskih skupin so se o kandidatu danes izrekli v LM\u0160 in Levici in napovedali nasprotovanje predlogu za Kranj\u010devo izvolitev. Ustavni sodnik mora imeti \u010dut za pravi\u010dnost, so menili v LM\u0160. Kranjc je res avtoriteta na podro\u010dju rimskega prava, toda ali je to, kar potrebujemo danes, je povpra\u0161al.<\/p>\n<p>Z LM\u0160 so se strinjali v Levici. Kranj\u010deva stali\u0161\u010da denimo do enakosti \u017eensk v dru\u017ebi sodijo v \u010dase pred 2000 leti, je dejal Matej T. Vatovec. &#8220;Zaradi re\u017eima, v katerem smo, bi morali imeti ustavne sodnike, ki razumejo pomen \u010dlovekovih pravic in tudi, kaj pomenijo aktualna dru\u017ebena dogajanja,&#8221; je poudaril. Po njegovih navedbah je kandidat v primeru Patria aktivno stopil v bran dana\u0161njemu predsedniku vlade Janezu Jan\u0161i.<\/p>\n<p>Predsednik republike Borut Pahor, ki je Kranjca predlagal v tretjem poskusu, je ob predlogu za njegovo imenovanje ocenil, da bi v primeru izvolitve pomembno prispeval k delu in vlogi ustavnega sodi\u0161\u010da kot najvi\u0161jega organa sodne oblasti za varstvo \u010dlovekovih pravic in temeljnih svobo\u0161\u010din v dr\u017eavi.<\/p>\n<p>V prej\u0161njem krogu je predlagal An\u017eeta Erbe\u017enika, ki je v DZ prejel 44 glasov, v prvem krogu pa Andra\u017ea Ter\u0161ka, ki je prejel \u0161e dva glasova manj.<\/p>\n<p>Kranjc bi na mestu ustavnega sodnika nasledil Dunjo Jadek Pensa, ki se ji je mandat iztekel julija lani.<\/p>\n","protected":false},"excerpt":{"rendered":"<p>Kandidat za novega ustavnega sodnika Janez Kranjc danes v DZ ni dobil dovolj poslanskih glasov za izvolitev. Na tajnem glasovanju je bilo zanj 45 poslancev, 43 pa proti. Ena glasovnica je bila neveljavna. Za izvolitev pa bi potreboval najmanj 46 poslanskih glasov.<\/p>\n","protected":false},"author":7,"featured_media":454656,"comment_status":"closed","ping_status":"closed","sticky":false,"template":"","format":"standard","meta":{"footnotes":""},"categories":[18201],"tags":[5336],"source":[4511],"supertag":[],"acf":[],"yoast_head":"<!-- This site is optimized with the Yoast SEO plugin v21.3 - https:\/\/yoast.com\/wordpress\/plugins\/seo\/ -->\n<title>Janez Kranjc ne bo ustavni sodnik, podprlo ga je 45 poslancev - Hudo Slovenija<\/title>\n<meta name=\"robots\" content=\"index, follow, max-snippet:-1, max-image-preview:large, max-video-preview:-1\" \/>\n<link rel=\"canonical\" href=\"https:\/\/hudo.com\/si\/aktualno\/slovenija\/janez-kranjc-ne-bo-ustavni-sodnik-podprlo-ga-je-45-poslancev\/\" \/>\n<meta property=\"og:locale\" content=\"sl_SI\" \/>\n<meta property=\"og:type\" content=\"article\" \/>\n<meta property=\"og:title\" content=\"Janez Kranjc ne bo ustavni sodnik, podprlo ga je 45 poslancev - Hudo Slovenija\" \/>\n<meta property=\"og:description\" content=\"Kandidat za novega ustavnega sodnika Janez Kranjc danes v DZ ni dobil dovolj poslanskih glasov za izvolitev. Na tajnem glasovanju je bilo zanj 45 poslancev, 43 pa proti. Ena glasovnica je bila neveljavna. Za izvolitev pa bi potreboval najmanj 46 poslanskih glasov.\" \/>\n<meta property=\"og:url\" content=\"https:\/\/hudo.com\/si\/aktualno\/slovenija\/janez-kranjc-ne-bo-ustavni-sodnik-podprlo-ga-je-45-poslancev\/\" \/>\n<meta property=\"og:site_name\" content=\"Hudo Slovenija\" \/>\n<meta property=\"article:publisher\" content=\"https:\/\/www.facebook.com\/hudo.si\" \/>\n<meta property=\"article:published_time\" content=\"2021-07-13T15:56:02+00:00\" \/>\n<meta property=\"og:image\" content=\"https:\/\/hudo.com\/si\/wp-content\/uploads\/sites\/2\/2021\/07\/20210702-01069314.jpg\" \/>\n\t<meta property=\"og:image:width\" content=\"640\" \/>\n\t<meta property=\"og:image:height\" content=\"426\" \/>\n\t<meta property=\"og:image:type\" content=\"image\/jpeg\" \/>\n<meta name=\"author\" content=\"A. P., STA\" \/>\n<meta name=\"twitter:card\" content=\"summary_large_image\" \/>\n<meta name=\"twitter:creator\" content=\"@hudo_si\" \/>\n<meta name=\"twitter:site\" content=\"@hudo_si\" \/>\n<meta name=\"twitter:label1\" content=\"Written by\" \/>\n\t<meta name=\"twitter:data1\" content=\"A. P., STA\" \/>\n\t<meta name=\"twitter:label2\" content=\"Est. reading time\" \/>\n\t<meta name=\"twitter:data2\" content=\"1 minuta\" \/>\n<script type=\"application\/ld+json\" class=\"yoast-schema-graph\">{\"@context\":\"https:\/\/schema.org\",\"@graph\":[{\"@type\":\"Article\",\"@id\":\"https:\/\/hudo.com\/si\/aktualno\/slovenija\/janez-kranjc-ne-bo-ustavni-sodnik-podprlo-ga-je-45-poslancev\/#article\",\"isPartOf\":{\"@id\":\"https:\/\/hudo.com\/si\/aktualno\/slovenija\/janez-kranjc-ne-bo-ustavni-sodnik-podprlo-ga-je-45-poslancev\/\"},\"author\":{\"name\":\"A. P., STA\",\"@id\":\"https:\/\/hudo.com\/si\/#\/schema\/person\/18f09c02475ba9e606e941a565b80cff\"},\"headline\":\"Janez Kranjc ne bo ustavni sodnik, podprlo ga je 45 poslancev\",\"datePublished\":\"2021-07-13T15:56:02+00:00\",\"dateModified\":\"2021-07-13T15:56:02+00:00\",\"mainEntityOfPage\":{\"@id\":\"https:\/\/hudo.com\/si\/aktualno\/slovenija\/janez-kranjc-ne-bo-ustavni-sodnik-podprlo-ga-je-45-poslancev\/\"},\"wordCount\":235,\"publisher\":{\"@id\":\"https:\/\/hudo.com\/si\/#organization\"},\"keywords\":[\"ustavno sodi\u0161\u010de\"],\"articleSection\":[\"Slovenija\"],\"inLanguage\":\"sl-SI\"},{\"@type\":\"WebPage\",\"@id\":\"https:\/\/hudo.com\/si\/aktualno\/slovenija\/janez-kranjc-ne-bo-ustavni-sodnik-podprlo-ga-je-45-poslancev\/\",\"url\":\"https:\/\/hudo.com\/si\/aktualno\/slovenija\/janez-kranjc-ne-bo-ustavni-sodnik-podprlo-ga-je-45-poslancev\/\",\"name\":\"Janez Kranjc ne bo ustavni sodnik, podprlo ga je 45 poslancev - Hudo Slovenija\",\"isPartOf\":{\"@id\":\"https:\/\/hudo.com\/si\/#website\"},\"datePublished\":\"2021-07-13T15:56:02+00:00\",\"dateModified\":\"2021-07-13T15:56:02+00:00\",\"breadcrumb\":{\"@id\":\"https:\/\/hudo.com\/si\/aktualno\/slovenija\/janez-kranjc-ne-bo-ustavni-sodnik-podprlo-ga-je-45-poslancev\/#breadcrumb\"},\"inLanguage\":\"sl-SI\",\"potentialAction\":[{\"@type\":\"ReadAction\",\"target\":[\"https:\/\/hudo.com\/si\/aktualno\/slovenija\/janez-kranjc-ne-bo-ustavni-sodnik-podprlo-ga-je-45-poslancev\/\"]}]},{\"@type\":\"BreadcrumbList\",\"@id\":\"https:\/\/hudo.com\/si\/aktualno\/slovenija\/janez-kranjc-ne-bo-ustavni-sodnik-podprlo-ga-je-45-poslancev\/#breadcrumb\",\"itemListElement\":[{\"@type\":\"ListItem\",\"position\":1,\"name\":\"Home\",\"item\":\"https:\/\/hudo.com\/si\/\"},{\"@type\":\"ListItem\",\"position\":2,\"name\":\"Janez Kranjc ne bo ustavni sodnik, podprlo ga je 45 poslancev\"}]},{\"@type\":\"WebSite\",\"@id\":\"https:\/\/hudo.com\/si\/#website\",\"url\":\"https:\/\/hudo.com\/si\/\",\"name\":\"Hudo Slovenija\",\"description\":\"Vse novice iz Slovenije in sveta\",\"publisher\":{\"@id\":\"https:\/\/hudo.com\/si\/#organization\"},\"potentialAction\":[{\"@type\":\"SearchAction\",\"target\":{\"@type\":\"EntryPoint\",\"urlTemplate\":\"https:\/\/hudo.com\/si\/?s={search_term_string}\"},\"query-input\":\"required name=search_term_string\"}],\"inLanguage\":\"sl-SI\"},{\"@type\":\"Organization\",\"@id\":\"https:\/\/hudo.com\/si\/#organization\",\"name\":\"VSN Media\",\"url\":\"https:\/\/hudo.com\/si\/\",\"logo\":{\"@type\":\"ImageObject\",\"inLanguage\":\"sl-SI\",\"@id\":\"https:\/\/hudo.com\/si\/#\/schema\/logo\/image\/\",\"url\":\"https:\/\/hudo.com\/si\/wp-content\/uploads\/sites\/2\/2021\/03\/hudo-app-2.png\",\"contentUrl\":\"https:\/\/hudo.com\/si\/wp-content\/uploads\/sites\/2\/2021\/03\/hudo-app-2.png\",\"width\":2185,\"height\":2167,\"caption\":\"VSN Media\"},\"image\":{\"@id\":\"https:\/\/hudo.com\/si\/#\/schema\/logo\/image\/\"},\"sameAs\":[\"https:\/\/www.facebook.com\/hudo.si\",\"https:\/\/twitter.com\/hudo_si\"]},{\"@type\":\"Person\",\"@id\":\"https:\/\/hudo.com\/si\/#\/schema\/person\/18f09c02475ba9e606e941a565b80cff\",\"name\":\"A. P., STA\",\"image\":{\"@type\":\"ImageObject\",\"inLanguage\":\"sl-SI\",\"@id\":\"https:\/\/hudo.com\/si\/#\/schema\/person\/image\/\",\"url\":\"https:\/\/secure.gravatar.com\/avatar\/03eac8e609f5f04383125d80eaeaaf3e?s=96&d=mm&r=g\",\"contentUrl\":\"https:\/\/secure.gravatar.com\/avatar\/03eac8e609f5f04383125d80eaeaaf3e?s=96&d=mm&r=g\",\"caption\":\"A. P., STA\"},\"url\":\"https:\/\/hudo.com\/si\/author\/lubu\/\"}]}<\/script>\n<!-- \/ Yoast SEO plugin. -->","yoast_head_json":{"title":"Janez Kranjc ne bo ustavni sodnik, podprlo ga je 45 poslancev - Hudo Slovenija","robots":{"index":"index","follow":"follow","max-snippet":"max-snippet:-1","max-image-preview":"max-image-preview:large","max-video-preview":"max-video-preview:-1"},"canonical":"https:\/\/hudo.com\/si\/aktualno\/slovenija\/janez-kranjc-ne-bo-ustavni-sodnik-podprlo-ga-je-45-poslancev\/","og_locale":"sl_SI","og_type":"article","og_title":"Janez Kranjc ne bo ustavni sodnik, podprlo ga je 45 poslancev - Hudo Slovenija","og_description":"Kandidat za novega ustavnega sodnika Janez Kranjc danes v DZ ni dobil dovolj poslanskih glasov za izvolitev. Na tajnem glasovanju je bilo zanj 45 poslancev, 43 pa proti. Ena glasovnica je bila neveljavna. Za izvolitev pa bi potreboval najmanj 46 poslanskih glasov.","og_url":"https:\/\/hudo.com\/si\/aktualno\/slovenija\/janez-kranjc-ne-bo-ustavni-sodnik-podprlo-ga-je-45-poslancev\/","og_site_name":"Hudo Slovenija","article_publisher":"https:\/\/www.facebook.com\/hudo.si","article_published_time":"2021-07-13T15:56:02+00:00","og_image":[{"width":640,"height":426,"url":"https:\/\/hudo.com\/si\/wp-content\/uploads\/sites\/2\/2021\/07\/20210702-01069314.jpg","type":"image\/jpeg"}],"author":"A. P., STA","twitter_card":"summary_large_image","twitter_creator":"@hudo_si","twitter_site":"@hudo_si","twitter_misc":{"Written by":"A. P., STA","Est. reading time":"1 minuta"},"schema":{"@context":"https:\/\/schema.org","@graph":[{"@type":"Article","@id":"https:\/\/hudo.com\/si\/aktualno\/slovenija\/janez-kranjc-ne-bo-ustavni-sodnik-podprlo-ga-je-45-poslancev\/#article","isPartOf":{"@id":"https:\/\/hudo.com\/si\/aktualno\/slovenija\/janez-kranjc-ne-bo-ustavni-sodnik-podprlo-ga-je-45-poslancev\/"},"author":{"name":"A. P., STA","@id":"https:\/\/hudo.com\/si\/#\/schema\/person\/18f09c02475ba9e606e941a565b80cff"},"headline":"Janez Kranjc ne bo ustavni sodnik, podprlo ga je 45 poslancev","datePublished":"2021-07-13T15:56:02+00:00","dateModified":"2021-07-13T15:56:02+00:00","mainEntityOfPage":{"@id":"https:\/\/hudo.com\/si\/aktualno\/slovenija\/janez-kranjc-ne-bo-ustavni-sodnik-podprlo-ga-je-45-poslancev\/"},"wordCount":235,"publisher":{"@id":"https:\/\/hudo.com\/si\/#organization"},"keywords":["ustavno sodi\u0161\u010de"],"articleSection":["Slovenija"],"inLanguage":"sl-SI"},{"@type":"WebPage","@id":"https:\/\/hudo.com\/si\/aktualno\/slovenija\/janez-kranjc-ne-bo-ustavni-sodnik-podprlo-ga-je-45-poslancev\/","url":"https:\/\/hudo.com\/si\/aktualno\/slovenija\/janez-kranjc-ne-bo-ustavni-sodnik-podprlo-ga-je-45-poslancev\/","name":"Janez Kranjc ne bo ustavni sodnik, podprlo ga je 45 poslancev - Hudo Slovenija","isPartOf":{"@id":"https:\/\/hudo.com\/si\/#website"},"datePublished":"2021-07-13T15:56:02+00:00","dateModified":"2021-07-13T15:56:02+00:00","breadcrumb":{"@id":"https:\/\/hudo.com\/si\/aktualno\/slovenija\/janez-kranjc-ne-bo-ustavni-sodnik-podprlo-ga-je-45-poslancev\/#breadcrumb"},"inLanguage":"sl-SI","potentialAction":[{"@type":"ReadAction","target":["https:\/\/hudo.com\/si\/aktualno\/slovenija\/janez-kranjc-ne-bo-ustavni-sodnik-podprlo-ga-je-45-poslancev\/"]}]},{"@type":"BreadcrumbList","@id":"https:\/\/hudo.com\/si\/aktualno\/slovenija\/janez-kranjc-ne-bo-ustavni-sodnik-podprlo-ga-je-45-poslancev\/#breadcrumb","itemListElement":[{"@type":"ListItem","position":1,"name":"Home","item":"https:\/\/hudo.com\/si\/"},{"@type":"ListItem","position":2,"name":"Janez Kranjc ne bo ustavni sodnik, podprlo ga je 45 poslancev"}]},{"@type":"WebSite","@id":"https:\/\/hudo.com\/si\/#website","url":"https:\/\/hudo.com\/si\/","name":"Hudo Slovenija","description":"Vse novice iz Slovenije in sveta","publisher":{"@id":"https:\/\/hudo.com\/si\/#organization"},"potentialAction":[{"@type":"SearchAction","target":{"@type":"EntryPoint","urlTemplate":"https:\/\/hudo.com\/si\/?s={search_term_string}"},"query-input":"required name=search_term_string"}],"inLanguage":"sl-SI"},{"@type":"Organization","@id":"https:\/\/hudo.com\/si\/#organization","name":"VSN Media","url":"https:\/\/hudo.com\/si\/","logo":{"@type":"ImageObject","inLanguage":"sl-SI","@id":"https:\/\/hudo.com\/si\/#\/schema\/logo\/image\/","url":"https:\/\/hudo.com\/si\/wp-content\/uploads\/sites\/2\/2021\/03\/hudo-app-2.png","contentUrl":"https:\/\/hudo.com\/si\/wp-content\/uploads\/sites\/2\/2021\/03\/hudo-app-2.png","width":2185,"height":2167,"caption":"VSN Media"},"image":{"@id":"https:\/\/hudo.com\/si\/#\/schema\/logo\/image\/"},"sameAs":["https:\/\/www.facebook.com\/hudo.si","https:\/\/twitter.com\/hudo_si"]},{"@type":"Person","@id":"https:\/\/hudo.com\/si\/#\/schema\/person\/18f09c02475ba9e606e941a565b80cff","name":"A. P., STA","image":{"@type":"ImageObject","inLanguage":"sl-SI","@id":"https:\/\/hudo.com\/si\/#\/schema\/person\/image\/","url":"https:\/\/secure.gravatar.com\/avatar\/03eac8e609f5f04383125d80eaeaaf3e?s=96&d=mm&r=g","contentUrl":"https:\/\/secure.gravatar.com\/avatar\/03eac8e609f5f04383125d80eaeaaf3e?s=96&d=mm&r=g","caption":"A. P., STA"},"url":"https:\/\/hudo.com\/si\/author\/lubu\/"}]}},"amp_enabled":true,"_links":{"self":[{"href":"https:\/\/hudo.com\/si\/wp-json\/wp\/v2\/posts\/454655"}],"collection":[{"href":"https:\/\/hudo.com\/si\/wp-json\/wp\/v2\/posts"}],"about":[{"href":"https:\/\/hudo.com\/si\/wp-json\/wp\/v2\/types\/post"}],"author":[{"embeddable":true,"href":"https:\/\/hudo.com\/si\/wp-json\/wp\/v2\/users\/7"}],"replies":[{"embeddable":true,"href":"https:\/\/hudo.com\/si\/wp-json\/wp\/v2\/comments?post=454655"}],"version-history":[{"count":1,"href":"https:\/\/hudo.com\/si\/wp-json\/wp\/v2\/posts\/454655\/revisions"}],"predecessor-version":[{"id":454657,"href":"https:\/\/hudo.com\/si\/wp-json\/wp\/v2\/posts\/454655\/revisions\/454657"}],"wp:featuredmedia":[{"embeddable":true,"href":"https:\/\/hudo.com\/si\/wp-json\/wp\/v2\/media\/454656"}],"wp:attachment":[{"href":"https:\/\/hudo.com\/si\/wp-json\/wp\/v2\/media?parent=454655"}],"wp:term":[{"taxonomy":"category","embeddable":true,"href":"https:\/\/hudo.com\/si\/wp-json\/wp\/v2\/categories?post=454655"},{"taxonomy":"post_tag","embeddable":true,"href":"https:\/\/hudo.com\/si\/wp-json\/wp\/v2\/tags?post=454655"},{"taxonomy":"source","embeddable":true,"href":"https:\/\/hudo.com\/si\/wp-json\/wp\/v2\/source?post=454655"},{"taxonomy":"supertag","embeddable":true,"href":"https:\/\/hudo.com\/si\/wp-json\/wp\/v2\/supertag?post=454655"}],"curies":[{"name":"wp","href":"https:\/\/api.w.org\/{rel}","templated":true}]}}