{"id":454666,"date":"2021-07-13T18:15:48","date_gmt":"2021-07-13T16:15:48","guid":{"rendered":"https:\/\/hudo.com\/si\/?p=454666"},"modified":"2021-07-13T18:15:48","modified_gmt":"2021-07-13T16:15:48","slug":"urbanija-se-naprej-zavlacuje-z-izplacilom-sredstev-sta-ju","status":"publish","type":"post","link":"https:\/\/hudo.com\/si\/aktualno\/slovenija\/urbanija-se-naprej-zavlacuje-z-izplacilom-sredstev-sta-ju\/","title":{"rendered":"Urbanija \u0161e naprej zavla\u010duje z izpla\u010dilom sredstev STA-ju"},"content":{"rendered":"<p>Vodstvo Slovenske tiskovne agencije (STA) je opozorilo, da bo vztrajalo na spo\u0161tovanju celotnega normativnega okvira, ki ureja delovanje STA. &#8220;Ob tem bo o\u010ditno primorana vnovi\u010d ubrati pravno pot, prek katere bo pristojno sodi\u0161\u010de ugotovilo, ali je nedavno sprejeta vladna uredba o STA v neskladju s pravnim redom Slovenije,&#8221; so zapisali v STA.<\/p>\n<p>Kot dodajajo, STA ne more pristati na dodatno pogojevanje in izsiljevanje v zvezi z opredelitvijo javne slu\u017ebe in odmero nadomestila, ki pripada STA, saj oboje \u017ee dolo\u010da veljavni zakon o STA.<\/p>\n<p>Navajajo, da direktor vladnega urada z komuniciranje (Ukom) Uro\u0161 Urbanija &#8220;samovoljno in z nizanjem dodatnih pogojev o\u010ditno ne \u017eeli, da bi bila pogodba podpisana \u010dim prej&#8221;. Po besedah Urbanije za zdaj ni mogo\u010de napovedati, kdaj naj bi bila pogodba sklenjena, trdijo v vodstvu STA.<\/p>\n<p>STA podpisu ne nasprotuje, kot je poudaril direktor STA Bojan Veselinovi\u010d, bi STA nemudoma ustavila \u017ee za\u010dete izvr\u0161ilne postopke, \u010de bi &#8220;nam bil za minulo obdobje tega leta nakazan obljubljeni predujem v vi\u0161ini 845.000 evrov&#8221;.<\/p>\n<p>Ob tem na STA zagotavljajo, da bodo tvorno sodelovali v morebitnih nadaljnjih pogovorih z Ukomom. Danes je bila Ukomu posredovana tudi dodatna dokumentacija za obdobje do konca maja letos, STA pa je izpolnila tudi tretji pogoj za nakazilo predujma, saj na svojih spletnih straneh lo\u010deno prikazuje prvine javne slu\u017ebe.<\/p>\n<p>&#8220;V kolikor bo ustanovitelj \u0161e naprej odla\u0161al z nakazilom obljubljenih sredstev, bo delovanje STA ustavljeno,&#8221; so opozorili.<\/p>\n<p>STA sicer \u017ee 194 dni opravlja javno slu\u017ebo brez pla\u010dila zanjo s strani vlade.<\/p>\n","protected":false},"excerpt":{"rendered":"<p>Vodstvi STA in Ukoma sta se danes drugi\u010d sestali, tokrat je pogovor potekal o osnutku pogodbe, ki ga je pripravil Ukom. Pogovori niso prinesli pri\u010dakovanega napredka pri re\u0161itvi finan\u010dnega polo\u017eaja STA, je sporo\u010dilo vodstvo STA. Ob tem svarijo, da bo delovanje STA ustavljeno, \u010de bo ustanovitelj \u0161e naprej odla\u0161al z nakazilom obljubljenih sredstev.<\/p>\n","protected":false},"author":7,"featured_media":440185,"comment_status":"closed","ping_status":"closed","sticky":false,"template":"","format":"standard","meta":{"footnotes":""},"categories":[18201],"tags":[16702,17751,17840],"source":[4511],"supertag":[],"acf":[],"yoast_head":"<!-- This site is optimized with the Yoast SEO plugin v21.3 - https:\/\/yoast.com\/wordpress\/plugins\/seo\/ -->\n<title>Urbanija \u0161e naprej zavla\u010duje z izpla\u010dilom sredstev STA-ju - Hudo Slovenija<\/title>\n<meta name=\"robots\" content=\"index, follow, max-snippet:-1, max-image-preview:large, max-video-preview:-1\" \/>\n<link rel=\"canonical\" href=\"https:\/\/hudo.com\/si\/aktualno\/slovenija\/urbanija-se-naprej-zavlacuje-z-izplacilom-sredstev-sta-ju\/\" \/>\n<meta property=\"og:locale\" content=\"sl_SI\" \/>\n<meta property=\"og:type\" content=\"article\" \/>\n<meta property=\"og:title\" content=\"Urbanija \u0161e naprej zavla\u010duje z izpla\u010dilom sredstev STA-ju - Hudo Slovenija\" \/>\n<meta property=\"og:description\" content=\"Vodstvi STA in Ukoma sta se danes drugi\u010d sestali, tokrat je pogovor potekal o osnutku pogodbe, ki ga je pripravil Ukom. Pogovori niso prinesli pri\u010dakovanega napredka pri re\u0161itvi finan\u010dnega polo\u017eaja STA, je sporo\u010dilo vodstvo STA. Ob tem svarijo, da bo delovanje STA ustavljeno, \u010de bo ustanovitelj \u0161e naprej odla\u0161al z nakazilom obljubljenih sredstev.\" \/>\n<meta property=\"og:url\" content=\"https:\/\/hudo.com\/si\/aktualno\/slovenija\/urbanija-se-naprej-zavlacuje-z-izplacilom-sredstev-sta-ju\/\" \/>\n<meta property=\"og:site_name\" content=\"Hudo Slovenija\" \/>\n<meta property=\"article:publisher\" content=\"https:\/\/www.facebook.com\/hudo.si\" \/>\n<meta property=\"article:published_time\" content=\"2021-07-13T16:15:48+00:00\" \/>\n<meta property=\"og:image\" content=\"https:\/\/hudo.com\/si\/wp-content\/uploads\/sites\/2\/2020\/12\/20200605-01008198.jpg\" \/>\n\t<meta property=\"og:image:width\" content=\"640\" \/>\n\t<meta property=\"og:image:height\" content=\"427\" \/>\n\t<meta property=\"og:image:type\" content=\"image\/jpeg\" \/>\n<meta name=\"author\" content=\"A. P., STA\" \/>\n<meta name=\"twitter:card\" content=\"summary_large_image\" \/>\n<meta name=\"twitter:creator\" content=\"@hudo_si\" \/>\n<meta name=\"twitter:site\" content=\"@hudo_si\" \/>\n<meta name=\"twitter:label1\" content=\"Written by\" \/>\n\t<meta name=\"twitter:data1\" content=\"A. P., STA\" \/>\n\t<meta name=\"twitter:label2\" content=\"Est. reading time\" \/>\n\t<meta name=\"twitter:data2\" content=\"1 minuta\" \/>\n<script type=\"application\/ld+json\" class=\"yoast-schema-graph\">{\"@context\":\"https:\/\/schema.org\",\"@graph\":[{\"@type\":\"Article\",\"@id\":\"https:\/\/hudo.com\/si\/aktualno\/slovenija\/urbanija-se-naprej-zavlacuje-z-izplacilom-sredstev-sta-ju\/#article\",\"isPartOf\":{\"@id\":\"https:\/\/hudo.com\/si\/aktualno\/slovenija\/urbanija-se-naprej-zavlacuje-z-izplacilom-sredstev-sta-ju\/\"},\"author\":{\"name\":\"A. P., STA\",\"@id\":\"https:\/\/hudo.com\/si\/#\/schema\/person\/18f09c02475ba9e606e941a565b80cff\"},\"headline\":\"Urbanija \u0161e naprej zavla\u010duje z izpla\u010dilom sredstev STA-ju\",\"datePublished\":\"2021-07-13T16:15:48+00:00\",\"dateModified\":\"2021-07-13T16:15:48+00:00\",\"mainEntityOfPage\":{\"@id\":\"https:\/\/hudo.com\/si\/aktualno\/slovenija\/urbanija-se-naprej-zavlacuje-z-izplacilom-sredstev-sta-ju\/\"},\"wordCount\":265,\"publisher\":{\"@id\":\"https:\/\/hudo.com\/si\/#organization\"},\"keywords\":[\"sta\",\"Ukom\",\"uro\u0161 urbanija\"],\"articleSection\":[\"Slovenija\"],\"inLanguage\":\"sl-SI\"},{\"@type\":\"WebPage\",\"@id\":\"https:\/\/hudo.com\/si\/aktualno\/slovenija\/urbanija-se-naprej-zavlacuje-z-izplacilom-sredstev-sta-ju\/\",\"url\":\"https:\/\/hudo.com\/si\/aktualno\/slovenija\/urbanija-se-naprej-zavlacuje-z-izplacilom-sredstev-sta-ju\/\",\"name\":\"Urbanija \u0161e naprej zavla\u010duje z izpla\u010dilom sredstev STA-ju - Hudo Slovenija\",\"isPartOf\":{\"@id\":\"https:\/\/hudo.com\/si\/#website\"},\"datePublished\":\"2021-07-13T16:15:48+00:00\",\"dateModified\":\"2021-07-13T16:15:48+00:00\",\"breadcrumb\":{\"@id\":\"https:\/\/hudo.com\/si\/aktualno\/slovenija\/urbanija-se-naprej-zavlacuje-z-izplacilom-sredstev-sta-ju\/#breadcrumb\"},\"inLanguage\":\"sl-SI\",\"potentialAction\":[{\"@type\":\"ReadAction\",\"target\":[\"https:\/\/hudo.com\/si\/aktualno\/slovenija\/urbanija-se-naprej-zavlacuje-z-izplacilom-sredstev-sta-ju\/\"]}]},{\"@type\":\"BreadcrumbList\",\"@id\":\"https:\/\/hudo.com\/si\/aktualno\/slovenija\/urbanija-se-naprej-zavlacuje-z-izplacilom-sredstev-sta-ju\/#breadcrumb\",\"itemListElement\":[{\"@type\":\"ListItem\",\"position\":1,\"name\":\"Home\",\"item\":\"https:\/\/hudo.com\/si\/\"},{\"@type\":\"ListItem\",\"position\":2,\"name\":\"Urbanija \u0161e naprej zavla\u010duje z izpla\u010dilom sredstev STA-ju\"}]},{\"@type\":\"WebSite\",\"@id\":\"https:\/\/hudo.com\/si\/#website\",\"url\":\"https:\/\/hudo.com\/si\/\",\"name\":\"Hudo Slovenija\",\"description\":\"Vse novice iz Slovenije in sveta\",\"publisher\":{\"@id\":\"https:\/\/hudo.com\/si\/#organization\"},\"potentialAction\":[{\"@type\":\"SearchAction\",\"target\":{\"@type\":\"EntryPoint\",\"urlTemplate\":\"https:\/\/hudo.com\/si\/?s={search_term_string}\"},\"query-input\":\"required name=search_term_string\"}],\"inLanguage\":\"sl-SI\"},{\"@type\":\"Organization\",\"@id\":\"https:\/\/hudo.com\/si\/#organization\",\"name\":\"VSN Media\",\"url\":\"https:\/\/hudo.com\/si\/\",\"logo\":{\"@type\":\"ImageObject\",\"inLanguage\":\"sl-SI\",\"@id\":\"https:\/\/hudo.com\/si\/#\/schema\/logo\/image\/\",\"url\":\"https:\/\/hudo.com\/si\/wp-content\/uploads\/sites\/2\/2021\/03\/hudo-app-2.png\",\"contentUrl\":\"https:\/\/hudo.com\/si\/wp-content\/uploads\/sites\/2\/2021\/03\/hudo-app-2.png\",\"width\":2185,\"height\":2167,\"caption\":\"VSN Media\"},\"image\":{\"@id\":\"https:\/\/hudo.com\/si\/#\/schema\/logo\/image\/\"},\"sameAs\":[\"https:\/\/www.facebook.com\/hudo.si\",\"https:\/\/twitter.com\/hudo_si\"]},{\"@type\":\"Person\",\"@id\":\"https:\/\/hudo.com\/si\/#\/schema\/person\/18f09c02475ba9e606e941a565b80cff\",\"name\":\"A. P., STA\",\"image\":{\"@type\":\"ImageObject\",\"inLanguage\":\"sl-SI\",\"@id\":\"https:\/\/hudo.com\/si\/#\/schema\/person\/image\/\",\"url\":\"https:\/\/secure.gravatar.com\/avatar\/03eac8e609f5f04383125d80eaeaaf3e?s=96&d=mm&r=g\",\"contentUrl\":\"https:\/\/secure.gravatar.com\/avatar\/03eac8e609f5f04383125d80eaeaaf3e?s=96&d=mm&r=g\",\"caption\":\"A. P., STA\"},\"url\":\"https:\/\/hudo.com\/si\/author\/lubu\/\"}]}<\/script>\n<!-- \/ Yoast SEO plugin. -->","yoast_head_json":{"title":"Urbanija \u0161e naprej zavla\u010duje z izpla\u010dilom sredstev STA-ju - Hudo Slovenija","robots":{"index":"index","follow":"follow","max-snippet":"max-snippet:-1","max-image-preview":"max-image-preview:large","max-video-preview":"max-video-preview:-1"},"canonical":"https:\/\/hudo.com\/si\/aktualno\/slovenija\/urbanija-se-naprej-zavlacuje-z-izplacilom-sredstev-sta-ju\/","og_locale":"sl_SI","og_type":"article","og_title":"Urbanija \u0161e naprej zavla\u010duje z izpla\u010dilom sredstev STA-ju - Hudo Slovenija","og_description":"Vodstvi STA in Ukoma sta se danes drugi\u010d sestali, tokrat je pogovor potekal o osnutku pogodbe, ki ga je pripravil Ukom. Pogovori niso prinesli pri\u010dakovanega napredka pri re\u0161itvi finan\u010dnega polo\u017eaja STA, je sporo\u010dilo vodstvo STA. Ob tem svarijo, da bo delovanje STA ustavljeno, \u010de bo ustanovitelj \u0161e naprej odla\u0161al z nakazilom obljubljenih sredstev.","og_url":"https:\/\/hudo.com\/si\/aktualno\/slovenija\/urbanija-se-naprej-zavlacuje-z-izplacilom-sredstev-sta-ju\/","og_site_name":"Hudo Slovenija","article_publisher":"https:\/\/www.facebook.com\/hudo.si","article_published_time":"2021-07-13T16:15:48+00:00","og_image":[{"width":640,"height":427,"url":"https:\/\/hudo.com\/si\/wp-content\/uploads\/sites\/2\/2020\/12\/20200605-01008198.jpg","type":"image\/jpeg"}],"author":"A. P., STA","twitter_card":"summary_large_image","twitter_creator":"@hudo_si","twitter_site":"@hudo_si","twitter_misc":{"Written by":"A. P., STA","Est. reading time":"1 minuta"},"schema":{"@context":"https:\/\/schema.org","@graph":[{"@type":"Article","@id":"https:\/\/hudo.com\/si\/aktualno\/slovenija\/urbanija-se-naprej-zavlacuje-z-izplacilom-sredstev-sta-ju\/#article","isPartOf":{"@id":"https:\/\/hudo.com\/si\/aktualno\/slovenija\/urbanija-se-naprej-zavlacuje-z-izplacilom-sredstev-sta-ju\/"},"author":{"name":"A. P., STA","@id":"https:\/\/hudo.com\/si\/#\/schema\/person\/18f09c02475ba9e606e941a565b80cff"},"headline":"Urbanija \u0161e naprej zavla\u010duje z izpla\u010dilom sredstev STA-ju","datePublished":"2021-07-13T16:15:48+00:00","dateModified":"2021-07-13T16:15:48+00:00","mainEntityOfPage":{"@id":"https:\/\/hudo.com\/si\/aktualno\/slovenija\/urbanija-se-naprej-zavlacuje-z-izplacilom-sredstev-sta-ju\/"},"wordCount":265,"publisher":{"@id":"https:\/\/hudo.com\/si\/#organization"},"keywords":["sta","Ukom","uro\u0161 urbanija"],"articleSection":["Slovenija"],"inLanguage":"sl-SI"},{"@type":"WebPage","@id":"https:\/\/hudo.com\/si\/aktualno\/slovenija\/urbanija-se-naprej-zavlacuje-z-izplacilom-sredstev-sta-ju\/","url":"https:\/\/hudo.com\/si\/aktualno\/slovenija\/urbanija-se-naprej-zavlacuje-z-izplacilom-sredstev-sta-ju\/","name":"Urbanija \u0161e naprej zavla\u010duje z izpla\u010dilom sredstev STA-ju - Hudo Slovenija","isPartOf":{"@id":"https:\/\/hudo.com\/si\/#website"},"datePublished":"2021-07-13T16:15:48+00:00","dateModified":"2021-07-13T16:15:48+00:00","breadcrumb":{"@id":"https:\/\/hudo.com\/si\/aktualno\/slovenija\/urbanija-se-naprej-zavlacuje-z-izplacilom-sredstev-sta-ju\/#breadcrumb"},"inLanguage":"sl-SI","potentialAction":[{"@type":"ReadAction","target":["https:\/\/hudo.com\/si\/aktualno\/slovenija\/urbanija-se-naprej-zavlacuje-z-izplacilom-sredstev-sta-ju\/"]}]},{"@type":"BreadcrumbList","@id":"https:\/\/hudo.com\/si\/aktualno\/slovenija\/urbanija-se-naprej-zavlacuje-z-izplacilom-sredstev-sta-ju\/#breadcrumb","itemListElement":[{"@type":"ListItem","position":1,"name":"Home","item":"https:\/\/hudo.com\/si\/"},{"@type":"ListItem","position":2,"name":"Urbanija \u0161e naprej zavla\u010duje z izpla\u010dilom sredstev STA-ju"}]},{"@type":"WebSite","@id":"https:\/\/hudo.com\/si\/#website","url":"https:\/\/hudo.com\/si\/","name":"Hudo Slovenija","description":"Vse novice iz Slovenije in sveta","publisher":{"@id":"https:\/\/hudo.com\/si\/#organization"},"potentialAction":[{"@type":"SearchAction","target":{"@type":"EntryPoint","urlTemplate":"https:\/\/hudo.com\/si\/?s={search_term_string}"},"query-input":"required name=search_term_string"}],"inLanguage":"sl-SI"},{"@type":"Organization","@id":"https:\/\/hudo.com\/si\/#organization","name":"VSN Media","url":"https:\/\/hudo.com\/si\/","logo":{"@type":"ImageObject","inLanguage":"sl-SI","@id":"https:\/\/hudo.com\/si\/#\/schema\/logo\/image\/","url":"https:\/\/hudo.com\/si\/wp-content\/uploads\/sites\/2\/2021\/03\/hudo-app-2.png","contentUrl":"https:\/\/hudo.com\/si\/wp-content\/uploads\/sites\/2\/2021\/03\/hudo-app-2.png","width":2185,"height":2167,"caption":"VSN Media"},"image":{"@id":"https:\/\/hudo.com\/si\/#\/schema\/logo\/image\/"},"sameAs":["https:\/\/www.facebook.com\/hudo.si","https:\/\/twitter.com\/hudo_si"]},{"@type":"Person","@id":"https:\/\/hudo.com\/si\/#\/schema\/person\/18f09c02475ba9e606e941a565b80cff","name":"A. P., STA","image":{"@type":"ImageObject","inLanguage":"sl-SI","@id":"https:\/\/hudo.com\/si\/#\/schema\/person\/image\/","url":"https:\/\/secure.gravatar.com\/avatar\/03eac8e609f5f04383125d80eaeaaf3e?s=96&d=mm&r=g","contentUrl":"https:\/\/secure.gravatar.com\/avatar\/03eac8e609f5f04383125d80eaeaaf3e?s=96&d=mm&r=g","caption":"A. P., STA"},"url":"https:\/\/hudo.com\/si\/author\/lubu\/"}]}},"amp_enabled":true,"_links":{"self":[{"href":"https:\/\/hudo.com\/si\/wp-json\/wp\/v2\/posts\/454666"}],"collection":[{"href":"https:\/\/hudo.com\/si\/wp-json\/wp\/v2\/posts"}],"about":[{"href":"https:\/\/hudo.com\/si\/wp-json\/wp\/v2\/types\/post"}],"author":[{"embeddable":true,"href":"https:\/\/hudo.com\/si\/wp-json\/wp\/v2\/users\/7"}],"replies":[{"embeddable":true,"href":"https:\/\/hudo.com\/si\/wp-json\/wp\/v2\/comments?post=454666"}],"version-history":[{"count":1,"href":"https:\/\/hudo.com\/si\/wp-json\/wp\/v2\/posts\/454666\/revisions"}],"predecessor-version":[{"id":454667,"href":"https:\/\/hudo.com\/si\/wp-json\/wp\/v2\/posts\/454666\/revisions\/454667"}],"wp:featuredmedia":[{"embeddable":true,"href":"https:\/\/hudo.com\/si\/wp-json\/wp\/v2\/media\/440185"}],"wp:attachment":[{"href":"https:\/\/hudo.com\/si\/wp-json\/wp\/v2\/media?parent=454666"}],"wp:term":[{"taxonomy":"category","embeddable":true,"href":"https:\/\/hudo.com\/si\/wp-json\/wp\/v2\/categories?post=454666"},{"taxonomy":"post_tag","embeddable":true,"href":"https:\/\/hudo.com\/si\/wp-json\/wp\/v2\/tags?post=454666"},{"taxonomy":"source","embeddable":true,"href":"https:\/\/hudo.com\/si\/wp-json\/wp\/v2\/source?post=454666"},{"taxonomy":"supertag","embeddable":true,"href":"https:\/\/hudo.com\/si\/wp-json\/wp\/v2\/supertag?post=454666"}],"curies":[{"name":"wp","href":"https:\/\/api.w.org\/{rel}","templated":true}]}}