{"id":454668,"date":"2021-07-13T18:21:10","date_gmt":"2021-07-13T16:21:10","guid":{"rendered":"https:\/\/hudo.com\/si\/?p=454668"},"modified":"2021-07-13T18:21:10","modified_gmt":"2021-07-13T16:21:10","slug":"miha-lobnik-ostaja-zagovornik-nacela-enakosti","status":"publish","type":"post","link":"https:\/\/hudo.com\/si\/aktualno\/slovenija\/miha-lobnik-ostaja-zagovornik-nacela-enakosti\/","title":{"rendered":"Miha Lobnik ostaja zagovornik na\u010dela enakosti"},"content":{"rendered":"<p>Lobnik, ki ga je predsednik republike Borut Pahor predlagal DZ v imenovanje na ta polo\u017eaj tudi v novem petletnem mandatu, \u017eeli v prihodnje nadaljevati vklju\u010dujo\u010d dialog. Poleg tega meni, da morajo dr\u017eavljanke in dr\u017eavljani dobiti kakovostne storitve, do katerih so upravi\u010deni, je dejal na javni predstavitvi pri predsedniku republike konec junija.<\/p>\n<p>Med temeljnimi na\u010deli za delovanje zagovornika bi tudi v novem mandatu poudaril vklju\u010dujo\u010de sodelovanje z ranljivimi ljudmi, z mediji in vsemi dele\u017eniki. Vpra\u0161anja diskriminacije se lahko v dru\u017ebi naslavljajo, \u010de v razpravi sodelujejo vsi udele\u017eeni, je prepri\u010dan. Glede na to mora biti dialog res vklju\u010dujo\u010d, da bi lahko upo\u0161tevali mnenja tistih, ki jih problem zadeva, je izpostavil Lobnik, ki se mu mandat izte\u010de 25. oktobra.<\/p>\n<p>Kot zelo pomembno prav tako vidi nadaljevanje mednarodnega sodelovanja in aktivne vloge zagovornika v regiji. Svoje izku\u0161nje bodo posredovali tudi dr\u017eavam Zahodnega Balkana in dr\u017eavam kandidatkam za vstop v EU.<\/p>\n<p>Med mandatno-volilnimi zadevami je DZ danes s 46 glasovi za in 25 proti izglasoval sklep, da se za \u010dlana nadzornega sveta RTVS po odstopu Andreja Graha Whatmougha do konca mandata imenuje Aleksandra Kotnika. Grah Whatmough je konec aprila namre\u010d nastopil mandat generalnega direktorja RTVS.<\/p>\n","protected":false},"excerpt":{"rendered":"<p>DZ je za zagovornika na\u010dela enakosti tudi v novem mandatu imenoval Miho Lobnika. Zanj je glasovalo 53 poslancev, proti pa 23. Za \u010dlana nadzornega sveta Radiotelevizije Slovenije (RTVS) pa so imenovali Aleksandra Kotnika.<\/p>\n","protected":false},"author":7,"featured_media":161795,"comment_status":"closed","ping_status":"closed","sticky":false,"template":"","format":"standard","meta":{"footnotes":""},"categories":[18201],"tags":[6816,6817],"source":[4511],"supertag":[],"acf":[],"yoast_head":"<!-- This site is optimized with the Yoast SEO plugin v21.3 - https:\/\/yoast.com\/wordpress\/plugins\/seo\/ -->\n<title>Miha Lobnik ostaja zagovornik na\u010dela enakosti - Hudo Slovenija<\/title>\n<meta name=\"robots\" content=\"index, follow, max-snippet:-1, max-image-preview:large, max-video-preview:-1\" \/>\n<link rel=\"canonical\" href=\"https:\/\/hudo.com\/si\/aktualno\/slovenija\/miha-lobnik-ostaja-zagovornik-nacela-enakosti\/\" \/>\n<meta property=\"og:locale\" content=\"sl_SI\" \/>\n<meta property=\"og:type\" content=\"article\" \/>\n<meta property=\"og:title\" content=\"Miha Lobnik ostaja zagovornik na\u010dela enakosti - Hudo Slovenija\" \/>\n<meta property=\"og:description\" content=\"DZ je za zagovornika na\u010dela enakosti tudi v novem mandatu imenoval Miho Lobnika. Zanj je glasovalo 53 poslancev, proti pa 23. Za \u010dlana nadzornega sveta Radiotelevizije Slovenije (RTVS) pa so imenovali Aleksandra Kotnika.\" \/>\n<meta property=\"og:url\" content=\"https:\/\/hudo.com\/si\/aktualno\/slovenija\/miha-lobnik-ostaja-zagovornik-nacela-enakosti\/\" \/>\n<meta property=\"og:site_name\" content=\"Hudo Slovenija\" \/>\n<meta property=\"article:publisher\" content=\"https:\/\/www.facebook.com\/hudo.si\" \/>\n<meta property=\"article:published_time\" content=\"2021-07-13T16:21:10+00:00\" \/>\n<meta property=\"og:image\" content=\"https:\/\/hudo.com\/si\/wp-content\/uploads\/sites\/2\/2016\/10\/20161011-00731961.jpg\" \/>\n\t<meta property=\"og:image:width\" content=\"640\" \/>\n\t<meta property=\"og:image:height\" content=\"426\" \/>\n\t<meta property=\"og:image:type\" content=\"image\/jpeg\" \/>\n<meta name=\"author\" content=\"A. P., STA\" \/>\n<meta name=\"twitter:card\" content=\"summary_large_image\" \/>\n<meta name=\"twitter:creator\" content=\"@hudo_si\" \/>\n<meta name=\"twitter:site\" content=\"@hudo_si\" \/>\n<meta name=\"twitter:label1\" content=\"Written by\" \/>\n\t<meta name=\"twitter:data1\" content=\"A. P., STA\" \/>\n\t<meta name=\"twitter:label2\" content=\"Est. reading time\" \/>\n\t<meta name=\"twitter:data2\" content=\"1 minuta\" \/>\n<script type=\"application\/ld+json\" class=\"yoast-schema-graph\">{\"@context\":\"https:\/\/schema.org\",\"@graph\":[{\"@type\":\"Article\",\"@id\":\"https:\/\/hudo.com\/si\/aktualno\/slovenija\/miha-lobnik-ostaja-zagovornik-nacela-enakosti\/#article\",\"isPartOf\":{\"@id\":\"https:\/\/hudo.com\/si\/aktualno\/slovenija\/miha-lobnik-ostaja-zagovornik-nacela-enakosti\/\"},\"author\":{\"name\":\"A. P., STA\",\"@id\":\"https:\/\/hudo.com\/si\/#\/schema\/person\/18f09c02475ba9e606e941a565b80cff\"},\"headline\":\"Miha Lobnik ostaja zagovornik na\u010dela enakosti\",\"datePublished\":\"2021-07-13T16:21:10+00:00\",\"dateModified\":\"2021-07-13T16:21:10+00:00\",\"mainEntityOfPage\":{\"@id\":\"https:\/\/hudo.com\/si\/aktualno\/slovenija\/miha-lobnik-ostaja-zagovornik-nacela-enakosti\/\"},\"wordCount\":213,\"publisher\":{\"@id\":\"https:\/\/hudo.com\/si\/#organization\"},\"keywords\":[\"MIha Lobnik\",\"Zagovornik na\u010dela enakosti\"],\"articleSection\":[\"Slovenija\"],\"inLanguage\":\"sl-SI\"},{\"@type\":\"WebPage\",\"@id\":\"https:\/\/hudo.com\/si\/aktualno\/slovenija\/miha-lobnik-ostaja-zagovornik-nacela-enakosti\/\",\"url\":\"https:\/\/hudo.com\/si\/aktualno\/slovenija\/miha-lobnik-ostaja-zagovornik-nacela-enakosti\/\",\"name\":\"Miha Lobnik ostaja zagovornik na\u010dela enakosti - Hudo Slovenija\",\"isPartOf\":{\"@id\":\"https:\/\/hudo.com\/si\/#website\"},\"datePublished\":\"2021-07-13T16:21:10+00:00\",\"dateModified\":\"2021-07-13T16:21:10+00:00\",\"breadcrumb\":{\"@id\":\"https:\/\/hudo.com\/si\/aktualno\/slovenija\/miha-lobnik-ostaja-zagovornik-nacela-enakosti\/#breadcrumb\"},\"inLanguage\":\"sl-SI\",\"potentialAction\":[{\"@type\":\"ReadAction\",\"target\":[\"https:\/\/hudo.com\/si\/aktualno\/slovenija\/miha-lobnik-ostaja-zagovornik-nacela-enakosti\/\"]}]},{\"@type\":\"BreadcrumbList\",\"@id\":\"https:\/\/hudo.com\/si\/aktualno\/slovenija\/miha-lobnik-ostaja-zagovornik-nacela-enakosti\/#breadcrumb\",\"itemListElement\":[{\"@type\":\"ListItem\",\"position\":1,\"name\":\"Home\",\"item\":\"https:\/\/hudo.com\/si\/\"},{\"@type\":\"ListItem\",\"position\":2,\"name\":\"Miha Lobnik ostaja zagovornik na\u010dela enakosti\"}]},{\"@type\":\"WebSite\",\"@id\":\"https:\/\/hudo.com\/si\/#website\",\"url\":\"https:\/\/hudo.com\/si\/\",\"name\":\"Hudo Slovenija\",\"description\":\"Vse novice iz Slovenije in sveta\",\"publisher\":{\"@id\":\"https:\/\/hudo.com\/si\/#organization\"},\"potentialAction\":[{\"@type\":\"SearchAction\",\"target\":{\"@type\":\"EntryPoint\",\"urlTemplate\":\"https:\/\/hudo.com\/si\/?s={search_term_string}\"},\"query-input\":\"required name=search_term_string\"}],\"inLanguage\":\"sl-SI\"},{\"@type\":\"Organization\",\"@id\":\"https:\/\/hudo.com\/si\/#organization\",\"name\":\"VSN Media\",\"url\":\"https:\/\/hudo.com\/si\/\",\"logo\":{\"@type\":\"ImageObject\",\"inLanguage\":\"sl-SI\",\"@id\":\"https:\/\/hudo.com\/si\/#\/schema\/logo\/image\/\",\"url\":\"https:\/\/hudo.com\/si\/wp-content\/uploads\/sites\/2\/2021\/03\/hudo-app-2.png\",\"contentUrl\":\"https:\/\/hudo.com\/si\/wp-content\/uploads\/sites\/2\/2021\/03\/hudo-app-2.png\",\"width\":2185,\"height\":2167,\"caption\":\"VSN Media\"},\"image\":{\"@id\":\"https:\/\/hudo.com\/si\/#\/schema\/logo\/image\/\"},\"sameAs\":[\"https:\/\/www.facebook.com\/hudo.si\",\"https:\/\/twitter.com\/hudo_si\"]},{\"@type\":\"Person\",\"@id\":\"https:\/\/hudo.com\/si\/#\/schema\/person\/18f09c02475ba9e606e941a565b80cff\",\"name\":\"A. P., STA\",\"image\":{\"@type\":\"ImageObject\",\"inLanguage\":\"sl-SI\",\"@id\":\"https:\/\/hudo.com\/si\/#\/schema\/person\/image\/\",\"url\":\"https:\/\/secure.gravatar.com\/avatar\/03eac8e609f5f04383125d80eaeaaf3e?s=96&d=mm&r=g\",\"contentUrl\":\"https:\/\/secure.gravatar.com\/avatar\/03eac8e609f5f04383125d80eaeaaf3e?s=96&d=mm&r=g\",\"caption\":\"A. P., STA\"},\"url\":\"https:\/\/hudo.com\/si\/author\/lubu\/\"}]}<\/script>\n<!-- \/ Yoast SEO plugin. -->","yoast_head_json":{"title":"Miha Lobnik ostaja zagovornik na\u010dela enakosti - Hudo Slovenija","robots":{"index":"index","follow":"follow","max-snippet":"max-snippet:-1","max-image-preview":"max-image-preview:large","max-video-preview":"max-video-preview:-1"},"canonical":"https:\/\/hudo.com\/si\/aktualno\/slovenija\/miha-lobnik-ostaja-zagovornik-nacela-enakosti\/","og_locale":"sl_SI","og_type":"article","og_title":"Miha Lobnik ostaja zagovornik na\u010dela enakosti - Hudo Slovenija","og_description":"DZ je za zagovornika na\u010dela enakosti tudi v novem mandatu imenoval Miho Lobnika. Zanj je glasovalo 53 poslancev, proti pa 23. Za \u010dlana nadzornega sveta Radiotelevizije Slovenije (RTVS) pa so imenovali Aleksandra Kotnika.","og_url":"https:\/\/hudo.com\/si\/aktualno\/slovenija\/miha-lobnik-ostaja-zagovornik-nacela-enakosti\/","og_site_name":"Hudo Slovenija","article_publisher":"https:\/\/www.facebook.com\/hudo.si","article_published_time":"2021-07-13T16:21:10+00:00","og_image":[{"width":640,"height":426,"url":"https:\/\/hudo.com\/si\/wp-content\/uploads\/sites\/2\/2016\/10\/20161011-00731961.jpg","type":"image\/jpeg"}],"author":"A. P., STA","twitter_card":"summary_large_image","twitter_creator":"@hudo_si","twitter_site":"@hudo_si","twitter_misc":{"Written by":"A. P., STA","Est. reading time":"1 minuta"},"schema":{"@context":"https:\/\/schema.org","@graph":[{"@type":"Article","@id":"https:\/\/hudo.com\/si\/aktualno\/slovenija\/miha-lobnik-ostaja-zagovornik-nacela-enakosti\/#article","isPartOf":{"@id":"https:\/\/hudo.com\/si\/aktualno\/slovenija\/miha-lobnik-ostaja-zagovornik-nacela-enakosti\/"},"author":{"name":"A. P., STA","@id":"https:\/\/hudo.com\/si\/#\/schema\/person\/18f09c02475ba9e606e941a565b80cff"},"headline":"Miha Lobnik ostaja zagovornik na\u010dela enakosti","datePublished":"2021-07-13T16:21:10+00:00","dateModified":"2021-07-13T16:21:10+00:00","mainEntityOfPage":{"@id":"https:\/\/hudo.com\/si\/aktualno\/slovenija\/miha-lobnik-ostaja-zagovornik-nacela-enakosti\/"},"wordCount":213,"publisher":{"@id":"https:\/\/hudo.com\/si\/#organization"},"keywords":["MIha Lobnik","Zagovornik na\u010dela enakosti"],"articleSection":["Slovenija"],"inLanguage":"sl-SI"},{"@type":"WebPage","@id":"https:\/\/hudo.com\/si\/aktualno\/slovenija\/miha-lobnik-ostaja-zagovornik-nacela-enakosti\/","url":"https:\/\/hudo.com\/si\/aktualno\/slovenija\/miha-lobnik-ostaja-zagovornik-nacela-enakosti\/","name":"Miha Lobnik ostaja zagovornik na\u010dela enakosti - Hudo Slovenija","isPartOf":{"@id":"https:\/\/hudo.com\/si\/#website"},"datePublished":"2021-07-13T16:21:10+00:00","dateModified":"2021-07-13T16:21:10+00:00","breadcrumb":{"@id":"https:\/\/hudo.com\/si\/aktualno\/slovenija\/miha-lobnik-ostaja-zagovornik-nacela-enakosti\/#breadcrumb"},"inLanguage":"sl-SI","potentialAction":[{"@type":"ReadAction","target":["https:\/\/hudo.com\/si\/aktualno\/slovenija\/miha-lobnik-ostaja-zagovornik-nacela-enakosti\/"]}]},{"@type":"BreadcrumbList","@id":"https:\/\/hudo.com\/si\/aktualno\/slovenija\/miha-lobnik-ostaja-zagovornik-nacela-enakosti\/#breadcrumb","itemListElement":[{"@type":"ListItem","position":1,"name":"Home","item":"https:\/\/hudo.com\/si\/"},{"@type":"ListItem","position":2,"name":"Miha Lobnik ostaja zagovornik na\u010dela enakosti"}]},{"@type":"WebSite","@id":"https:\/\/hudo.com\/si\/#website","url":"https:\/\/hudo.com\/si\/","name":"Hudo Slovenija","description":"Vse novice iz Slovenije in sveta","publisher":{"@id":"https:\/\/hudo.com\/si\/#organization"},"potentialAction":[{"@type":"SearchAction","target":{"@type":"EntryPoint","urlTemplate":"https:\/\/hudo.com\/si\/?s={search_term_string}"},"query-input":"required name=search_term_string"}],"inLanguage":"sl-SI"},{"@type":"Organization","@id":"https:\/\/hudo.com\/si\/#organization","name":"VSN Media","url":"https:\/\/hudo.com\/si\/","logo":{"@type":"ImageObject","inLanguage":"sl-SI","@id":"https:\/\/hudo.com\/si\/#\/schema\/logo\/image\/","url":"https:\/\/hudo.com\/si\/wp-content\/uploads\/sites\/2\/2021\/03\/hudo-app-2.png","contentUrl":"https:\/\/hudo.com\/si\/wp-content\/uploads\/sites\/2\/2021\/03\/hudo-app-2.png","width":2185,"height":2167,"caption":"VSN Media"},"image":{"@id":"https:\/\/hudo.com\/si\/#\/schema\/logo\/image\/"},"sameAs":["https:\/\/www.facebook.com\/hudo.si","https:\/\/twitter.com\/hudo_si"]},{"@type":"Person","@id":"https:\/\/hudo.com\/si\/#\/schema\/person\/18f09c02475ba9e606e941a565b80cff","name":"A. P., STA","image":{"@type":"ImageObject","inLanguage":"sl-SI","@id":"https:\/\/hudo.com\/si\/#\/schema\/person\/image\/","url":"https:\/\/secure.gravatar.com\/avatar\/03eac8e609f5f04383125d80eaeaaf3e?s=96&d=mm&r=g","contentUrl":"https:\/\/secure.gravatar.com\/avatar\/03eac8e609f5f04383125d80eaeaaf3e?s=96&d=mm&r=g","caption":"A. P., STA"},"url":"https:\/\/hudo.com\/si\/author\/lubu\/"}]}},"amp_enabled":true,"_links":{"self":[{"href":"https:\/\/hudo.com\/si\/wp-json\/wp\/v2\/posts\/454668"}],"collection":[{"href":"https:\/\/hudo.com\/si\/wp-json\/wp\/v2\/posts"}],"about":[{"href":"https:\/\/hudo.com\/si\/wp-json\/wp\/v2\/types\/post"}],"author":[{"embeddable":true,"href":"https:\/\/hudo.com\/si\/wp-json\/wp\/v2\/users\/7"}],"replies":[{"embeddable":true,"href":"https:\/\/hudo.com\/si\/wp-json\/wp\/v2\/comments?post=454668"}],"version-history":[{"count":1,"href":"https:\/\/hudo.com\/si\/wp-json\/wp\/v2\/posts\/454668\/revisions"}],"predecessor-version":[{"id":454669,"href":"https:\/\/hudo.com\/si\/wp-json\/wp\/v2\/posts\/454668\/revisions\/454669"}],"wp:featuredmedia":[{"embeddable":true,"href":"https:\/\/hudo.com\/si\/wp-json\/wp\/v2\/media\/161795"}],"wp:attachment":[{"href":"https:\/\/hudo.com\/si\/wp-json\/wp\/v2\/media?parent=454668"}],"wp:term":[{"taxonomy":"category","embeddable":true,"href":"https:\/\/hudo.com\/si\/wp-json\/wp\/v2\/categories?post=454668"},{"taxonomy":"post_tag","embeddable":true,"href":"https:\/\/hudo.com\/si\/wp-json\/wp\/v2\/tags?post=454668"},{"taxonomy":"source","embeddable":true,"href":"https:\/\/hudo.com\/si\/wp-json\/wp\/v2\/source?post=454668"},{"taxonomy":"supertag","embeddable":true,"href":"https:\/\/hudo.com\/si\/wp-json\/wp\/v2\/supertag?post=454668"}],"curies":[{"name":"wp","href":"https:\/\/api.w.org\/{rel}","templated":true}]}}