{"id":454683,"date":"2021-07-14T08:43:58","date_gmt":"2021-07-14T06:43:58","guid":{"rendered":"https:\/\/hudo.com\/si\/?p=454683"},"modified":"2021-07-14T08:43:58","modified_gmt":"2021-07-14T06:43:58","slug":"od-jutri-vstop-v-slovenijo-za-vecino-potnikov-po-novem-mozen-le-s-potrdili-pct","status":"publish","type":"post","link":"https:\/\/hudo.com\/si\/aktualno\/slovenija\/od-jutri-vstop-v-slovenijo-za-vecino-potnikov-po-novem-mozen-le-s-potrdili-pct\/","title":{"rendered":"Od jutri vstop v Slovenijo za ve\u010dino potnikov po novem mo\u017een le s potrdili PCT"},"content":{"rendered":"<p>Vlada je prej\u0161nji teden sprejela odlo\u010ditev, da bo od \u010detrtka dalje mo\u017een vstop v dr\u017eavo vsem, ki bodo predlo\u017eili dokazilo o negativnem PCR ali hitrem testu na novi koronavirusom, pri \u010demer PCR ne sme biti starej\u0161i od 72 ur, hitri test pa 48 ur. Veljala bodo tudi potrdila o prebolelosti, ki niso starej\u0161a od \u0161est mesecev, potrdila o cepljenju proti covidu-19 in potrdila o cepljenju za prebolevnike. Pristojni organi bodo za ustreznost pogojev PCT upo\u0161tevali tudi evropsko digitalno covidno potrdilo ter tovrstna potrdila tretjih dr\u017eav, ki pa morajo imeti enake podatke kot evropsko potrdilo in biti izdana v angle\u0161\u010dini.<\/p>\n<p>Oseba, ki ne predlo\u017ei dokazil, bo morala v desetdnevno karanteno. V primeru tujca brez prebivali\u0161\u010da v Sloveniji se mu vstop v dr\u017eavo dovoli, a se ga napoti v karanteno, \u010de doka\u017ee, da ima zagotovljen prostor, kjer bo prestajal karanteno, sicer mu vstopa v Sloveniji ne bodo dovolili. Karantena se lahko prekine peti dan z negativnim testom PCR.<\/p>\n<p>Vlada je zelo okrnila seznam izjem, za katere je mo\u017eno prehajanje meje brez dokazil. Po novem bo to dovoljeno mlaj\u0161im od 15 let, ki potujejo v spremstvu odraslih, ter dvolastnikom ali najemnikom zemlji\u0161\u010d v obmejnem obmo\u010dju ali na obeh straneh dr\u017eavne meje. Med izjemami tako med drugim ni ve\u010d tranzitnih potnikov ali dnevnih migrantov.<\/p>\n<p>Odlok bo predvidoma veljal do vklju\u010dno 23. julija.<\/p>\n<p>Zaradi odloka, ki predvideva manj izjem, je poslanka SD Meira Hot ta teden \u017ee vlo\u017eila poslansko pobudo vladi, v kateri predlaga uvrstitev dodatnih izjem na seznam. Med drugim bi po njenem morali med izjeme uvrstiti dnevne migrante. &#8220;Nikakor ne razumem, da vlada namesto, da bi iskala re\u0161itve, da dnevnim migrantom pomaga in jim omogo\u010di normalne, bolj \u017eivljenjske pogoje za prehod meje, dela vse, da jim prehajanje meje zgolj ote\u017euje,&#8221; je zapisala v pobudi.<\/p>\n<p>Dodatno je \u0161e predlagala, da bi na mejnih prehodih slovenske Istre in na drugih obmejnih obmo\u010djih z ve\u010djim \u0161tevilom prehodov dnevnih migrantov vzpostavili poseben vozni pas za dnevne migrante ter opravili razmislek o prekvalifikaciji dolo\u010denih mejnih prehodov v maloobmejne, da bi tako dnevnim migrantom omogo\u010di la\u017eji prehod meja.<\/p>\n","protected":false},"excerpt":{"rendered":"<p>V Sloveniji se bo v \u010detrtek za\u010del uporabljati nov odlok o prehajanju meje, ki ukinja seznam dr\u017eav in izena\u010duje pogoje za vstop v dr\u017eavo. Po novem bodo morali potniki predlo\u017eiti dokazilo o prebolelosti, cepljenju ali testiranju (PCT). To bo veljalo tudi za tranzitne potnike, saj ostajata le \u0161e dve izjemi, pri katerih dokazilo ne bo nujno.<\/p>\n","protected":false},"author":8,"featured_media":446969,"comment_status":"closed","ping_status":"closed","sticky":false,"template":"","format":"standard","meta":{"footnotes":""},"categories":[18201],"tags":[19085,1595],"source":[4511],"supertag":[5675],"acf":[],"yoast_head":"<!-- This site is optimized with the Yoast SEO plugin v21.3 - https:\/\/yoast.com\/wordpress\/plugins\/seo\/ -->\n<title>Od jutri vstop v Slovenijo za ve\u010dino potnikov po novem mo\u017een le s potrdili PCT - Hudo Slovenija<\/title>\n<meta name=\"robots\" content=\"index, follow, max-snippet:-1, max-image-preview:large, max-video-preview:-1\" \/>\n<link rel=\"canonical\" href=\"https:\/\/hudo.com\/si\/aktualno\/slovenija\/od-jutri-vstop-v-slovenijo-za-vecino-potnikov-po-novem-mozen-le-s-potrdili-pct\/\" \/>\n<meta property=\"og:locale\" content=\"sl_SI\" \/>\n<meta property=\"og:type\" content=\"article\" \/>\n<meta property=\"og:title\" content=\"Od jutri vstop v Slovenijo za ve\u010dino potnikov po novem mo\u017een le s potrdili PCT - Hudo Slovenija\" \/>\n<meta property=\"og:description\" content=\"V Sloveniji se bo v \u010detrtek za\u010del uporabljati nov odlok o prehajanju meje, ki ukinja seznam dr\u017eav in izena\u010duje pogoje za vstop v dr\u017eavo. Po novem bodo morali potniki predlo\u017eiti dokazilo o prebolelosti, cepljenju ali testiranju (PCT). To bo veljalo tudi za tranzitne potnike, saj ostajata le \u0161e dve izjemi, pri katerih dokazilo ne bo nujno.\" \/>\n<meta property=\"og:url\" content=\"https:\/\/hudo.com\/si\/aktualno\/slovenija\/od-jutri-vstop-v-slovenijo-za-vecino-potnikov-po-novem-mozen-le-s-potrdili-pct\/\" \/>\n<meta property=\"og:site_name\" content=\"Hudo Slovenija\" \/>\n<meta property=\"article:publisher\" content=\"https:\/\/www.facebook.com\/hudo.si\" \/>\n<meta property=\"article:published_time\" content=\"2021-07-14T06:43:58+00:00\" \/>\n<meta property=\"og:image\" content=\"https:\/\/hudo.com\/si\/wp-content\/uploads\/sites\/2\/2021\/03\/profimedia-0555736517.jpg\" \/>\n\t<meta property=\"og:image:width\" content=\"1250\" \/>\n\t<meta property=\"og:image:height\" content=\"833\" \/>\n\t<meta property=\"og:image:type\" content=\"image\/jpeg\" \/>\n<meta name=\"author\" content=\"M. N., STA\" \/>\n<meta name=\"twitter:card\" content=\"summary_large_image\" \/>\n<meta name=\"twitter:creator\" content=\"@hudo_si\" \/>\n<meta name=\"twitter:site\" content=\"@hudo_si\" \/>\n<meta name=\"twitter:label1\" content=\"Written by\" \/>\n\t<meta name=\"twitter:data1\" content=\"M. N., STA\" \/>\n\t<meta name=\"twitter:label2\" content=\"Est. reading time\" \/>\n\t<meta name=\"twitter:data2\" content=\"2 minuti\" \/>\n<script type=\"application\/ld+json\" class=\"yoast-schema-graph\">{\"@context\":\"https:\/\/schema.org\",\"@graph\":[{\"@type\":\"Article\",\"@id\":\"https:\/\/hudo.com\/si\/aktualno\/slovenija\/od-jutri-vstop-v-slovenijo-za-vecino-potnikov-po-novem-mozen-le-s-potrdili-pct\/#article\",\"isPartOf\":{\"@id\":\"https:\/\/hudo.com\/si\/aktualno\/slovenija\/od-jutri-vstop-v-slovenijo-za-vecino-potnikov-po-novem-mozen-le-s-potrdili-pct\/\"},\"author\":{\"name\":\"M. N., STA\",\"@id\":\"https:\/\/hudo.com\/si\/#\/schema\/person\/c2f10ce65d2e6ede2aeda5be2a0611fa\"},\"headline\":\"Od jutri vstop v Slovenijo za ve\u010dino potnikov po novem mo\u017een le s potrdili PCT\",\"datePublished\":\"2021-07-14T06:43:58+00:00\",\"dateModified\":\"2021-07-14T06:43:58+00:00\",\"mainEntityOfPage\":{\"@id\":\"https:\/\/hudo.com\/si\/aktualno\/slovenija\/od-jutri-vstop-v-slovenijo-za-vecino-potnikov-po-novem-mozen-le-s-potrdili-pct\/\"},\"wordCount\":380,\"publisher\":{\"@id\":\"https:\/\/hudo.com\/si\/#organization\"},\"keywords\":[\"PCT\",\"Slovenija\"],\"articleSection\":[\"Slovenija\"],\"inLanguage\":\"sl-SI\"},{\"@type\":\"WebPage\",\"@id\":\"https:\/\/hudo.com\/si\/aktualno\/slovenija\/od-jutri-vstop-v-slovenijo-za-vecino-potnikov-po-novem-mozen-le-s-potrdili-pct\/\",\"url\":\"https:\/\/hudo.com\/si\/aktualno\/slovenija\/od-jutri-vstop-v-slovenijo-za-vecino-potnikov-po-novem-mozen-le-s-potrdili-pct\/\",\"name\":\"Od jutri vstop v Slovenijo za ve\u010dino potnikov po novem mo\u017een le s potrdili PCT - Hudo Slovenija\",\"isPartOf\":{\"@id\":\"https:\/\/hudo.com\/si\/#website\"},\"datePublished\":\"2021-07-14T06:43:58+00:00\",\"dateModified\":\"2021-07-14T06:43:58+00:00\",\"breadcrumb\":{\"@id\":\"https:\/\/hudo.com\/si\/aktualno\/slovenija\/od-jutri-vstop-v-slovenijo-za-vecino-potnikov-po-novem-mozen-le-s-potrdili-pct\/#breadcrumb\"},\"inLanguage\":\"sl-SI\",\"potentialAction\":[{\"@type\":\"ReadAction\",\"target\":[\"https:\/\/hudo.com\/si\/aktualno\/slovenija\/od-jutri-vstop-v-slovenijo-za-vecino-potnikov-po-novem-mozen-le-s-potrdili-pct\/\"]}]},{\"@type\":\"BreadcrumbList\",\"@id\":\"https:\/\/hudo.com\/si\/aktualno\/slovenija\/od-jutri-vstop-v-slovenijo-za-vecino-potnikov-po-novem-mozen-le-s-potrdili-pct\/#breadcrumb\",\"itemListElement\":[{\"@type\":\"ListItem\",\"position\":1,\"name\":\"Home\",\"item\":\"https:\/\/hudo.com\/si\/\"},{\"@type\":\"ListItem\",\"position\":2,\"name\":\"Od jutri vstop v Slovenijo za ve\u010dino potnikov po novem mo\u017een le s potrdili PCT\"}]},{\"@type\":\"WebSite\",\"@id\":\"https:\/\/hudo.com\/si\/#website\",\"url\":\"https:\/\/hudo.com\/si\/\",\"name\":\"Hudo Slovenija\",\"description\":\"Vse novice iz Slovenije in sveta\",\"publisher\":{\"@id\":\"https:\/\/hudo.com\/si\/#organization\"},\"potentialAction\":[{\"@type\":\"SearchAction\",\"target\":{\"@type\":\"EntryPoint\",\"urlTemplate\":\"https:\/\/hudo.com\/si\/?s={search_term_string}\"},\"query-input\":\"required name=search_term_string\"}],\"inLanguage\":\"sl-SI\"},{\"@type\":\"Organization\",\"@id\":\"https:\/\/hudo.com\/si\/#organization\",\"name\":\"VSN Media\",\"url\":\"https:\/\/hudo.com\/si\/\",\"logo\":{\"@type\":\"ImageObject\",\"inLanguage\":\"sl-SI\",\"@id\":\"https:\/\/hudo.com\/si\/#\/schema\/logo\/image\/\",\"url\":\"https:\/\/hudo.com\/si\/wp-content\/uploads\/sites\/2\/2021\/03\/hudo-app-2.png\",\"contentUrl\":\"https:\/\/hudo.com\/si\/wp-content\/uploads\/sites\/2\/2021\/03\/hudo-app-2.png\",\"width\":2185,\"height\":2167,\"caption\":\"VSN Media\"},\"image\":{\"@id\":\"https:\/\/hudo.com\/si\/#\/schema\/logo\/image\/\"},\"sameAs\":[\"https:\/\/www.facebook.com\/hudo.si\",\"https:\/\/twitter.com\/hudo_si\"]},{\"@type\":\"Person\",\"@id\":\"https:\/\/hudo.com\/si\/#\/schema\/person\/c2f10ce65d2e6ede2aeda5be2a0611fa\",\"name\":\"M. N., STA\",\"image\":{\"@type\":\"ImageObject\",\"inLanguage\":\"sl-SI\",\"@id\":\"https:\/\/hudo.com\/si\/#\/schema\/person\/image\/\",\"url\":\"https:\/\/secure.gravatar.com\/avatar\/f370d38daa10467f755c5c766a4cac20?s=96&d=mm&r=g\",\"contentUrl\":\"https:\/\/secure.gravatar.com\/avatar\/f370d38daa10467f755c5c766a4cac20?s=96&d=mm&r=g\",\"caption\":\"M. N., STA\"},\"url\":\"https:\/\/hudo.com\/si\/author\/mana\/\"}]}<\/script>\n<!-- \/ Yoast SEO plugin. -->","yoast_head_json":{"title":"Od jutri vstop v Slovenijo za ve\u010dino potnikov po novem mo\u017een le s potrdili PCT - Hudo Slovenija","robots":{"index":"index","follow":"follow","max-snippet":"max-snippet:-1","max-image-preview":"max-image-preview:large","max-video-preview":"max-video-preview:-1"},"canonical":"https:\/\/hudo.com\/si\/aktualno\/slovenija\/od-jutri-vstop-v-slovenijo-za-vecino-potnikov-po-novem-mozen-le-s-potrdili-pct\/","og_locale":"sl_SI","og_type":"article","og_title":"Od jutri vstop v Slovenijo za ve\u010dino potnikov po novem mo\u017een le s potrdili PCT - Hudo Slovenija","og_description":"V Sloveniji se bo v \u010detrtek za\u010del uporabljati nov odlok o prehajanju meje, ki ukinja seznam dr\u017eav in izena\u010duje pogoje za vstop v dr\u017eavo. Po novem bodo morali potniki predlo\u017eiti dokazilo o prebolelosti, cepljenju ali testiranju (PCT). To bo veljalo tudi za tranzitne potnike, saj ostajata le \u0161e dve izjemi, pri katerih dokazilo ne bo nujno.","og_url":"https:\/\/hudo.com\/si\/aktualno\/slovenija\/od-jutri-vstop-v-slovenijo-za-vecino-potnikov-po-novem-mozen-le-s-potrdili-pct\/","og_site_name":"Hudo Slovenija","article_publisher":"https:\/\/www.facebook.com\/hudo.si","article_published_time":"2021-07-14T06:43:58+00:00","og_image":[{"width":1250,"height":833,"url":"https:\/\/hudo.com\/si\/wp-content\/uploads\/sites\/2\/2021\/03\/profimedia-0555736517.jpg","type":"image\/jpeg"}],"author":"M. N., STA","twitter_card":"summary_large_image","twitter_creator":"@hudo_si","twitter_site":"@hudo_si","twitter_misc":{"Written by":"M. N., STA","Est. reading time":"2 minuti"},"schema":{"@context":"https:\/\/schema.org","@graph":[{"@type":"Article","@id":"https:\/\/hudo.com\/si\/aktualno\/slovenija\/od-jutri-vstop-v-slovenijo-za-vecino-potnikov-po-novem-mozen-le-s-potrdili-pct\/#article","isPartOf":{"@id":"https:\/\/hudo.com\/si\/aktualno\/slovenija\/od-jutri-vstop-v-slovenijo-za-vecino-potnikov-po-novem-mozen-le-s-potrdili-pct\/"},"author":{"name":"M. N., STA","@id":"https:\/\/hudo.com\/si\/#\/schema\/person\/c2f10ce65d2e6ede2aeda5be2a0611fa"},"headline":"Od jutri vstop v Slovenijo za ve\u010dino potnikov po novem mo\u017een le s potrdili PCT","datePublished":"2021-07-14T06:43:58+00:00","dateModified":"2021-07-14T06:43:58+00:00","mainEntityOfPage":{"@id":"https:\/\/hudo.com\/si\/aktualno\/slovenija\/od-jutri-vstop-v-slovenijo-za-vecino-potnikov-po-novem-mozen-le-s-potrdili-pct\/"},"wordCount":380,"publisher":{"@id":"https:\/\/hudo.com\/si\/#organization"},"keywords":["PCT","Slovenija"],"articleSection":["Slovenija"],"inLanguage":"sl-SI"},{"@type":"WebPage","@id":"https:\/\/hudo.com\/si\/aktualno\/slovenija\/od-jutri-vstop-v-slovenijo-za-vecino-potnikov-po-novem-mozen-le-s-potrdili-pct\/","url":"https:\/\/hudo.com\/si\/aktualno\/slovenija\/od-jutri-vstop-v-slovenijo-za-vecino-potnikov-po-novem-mozen-le-s-potrdili-pct\/","name":"Od jutri vstop v Slovenijo za ve\u010dino potnikov po novem mo\u017een le s potrdili PCT - Hudo Slovenija","isPartOf":{"@id":"https:\/\/hudo.com\/si\/#website"},"datePublished":"2021-07-14T06:43:58+00:00","dateModified":"2021-07-14T06:43:58+00:00","breadcrumb":{"@id":"https:\/\/hudo.com\/si\/aktualno\/slovenija\/od-jutri-vstop-v-slovenijo-za-vecino-potnikov-po-novem-mozen-le-s-potrdili-pct\/#breadcrumb"},"inLanguage":"sl-SI","potentialAction":[{"@type":"ReadAction","target":["https:\/\/hudo.com\/si\/aktualno\/slovenija\/od-jutri-vstop-v-slovenijo-za-vecino-potnikov-po-novem-mozen-le-s-potrdili-pct\/"]}]},{"@type":"BreadcrumbList","@id":"https:\/\/hudo.com\/si\/aktualno\/slovenija\/od-jutri-vstop-v-slovenijo-za-vecino-potnikov-po-novem-mozen-le-s-potrdili-pct\/#breadcrumb","itemListElement":[{"@type":"ListItem","position":1,"name":"Home","item":"https:\/\/hudo.com\/si\/"},{"@type":"ListItem","position":2,"name":"Od jutri vstop v Slovenijo za ve\u010dino potnikov po novem mo\u017een le s potrdili PCT"}]},{"@type":"WebSite","@id":"https:\/\/hudo.com\/si\/#website","url":"https:\/\/hudo.com\/si\/","name":"Hudo Slovenija","description":"Vse novice iz Slovenije in sveta","publisher":{"@id":"https:\/\/hudo.com\/si\/#organization"},"potentialAction":[{"@type":"SearchAction","target":{"@type":"EntryPoint","urlTemplate":"https:\/\/hudo.com\/si\/?s={search_term_string}"},"query-input":"required name=search_term_string"}],"inLanguage":"sl-SI"},{"@type":"Organization","@id":"https:\/\/hudo.com\/si\/#organization","name":"VSN Media","url":"https:\/\/hudo.com\/si\/","logo":{"@type":"ImageObject","inLanguage":"sl-SI","@id":"https:\/\/hudo.com\/si\/#\/schema\/logo\/image\/","url":"https:\/\/hudo.com\/si\/wp-content\/uploads\/sites\/2\/2021\/03\/hudo-app-2.png","contentUrl":"https:\/\/hudo.com\/si\/wp-content\/uploads\/sites\/2\/2021\/03\/hudo-app-2.png","width":2185,"height":2167,"caption":"VSN Media"},"image":{"@id":"https:\/\/hudo.com\/si\/#\/schema\/logo\/image\/"},"sameAs":["https:\/\/www.facebook.com\/hudo.si","https:\/\/twitter.com\/hudo_si"]},{"@type":"Person","@id":"https:\/\/hudo.com\/si\/#\/schema\/person\/c2f10ce65d2e6ede2aeda5be2a0611fa","name":"M. N., STA","image":{"@type":"ImageObject","inLanguage":"sl-SI","@id":"https:\/\/hudo.com\/si\/#\/schema\/person\/image\/","url":"https:\/\/secure.gravatar.com\/avatar\/f370d38daa10467f755c5c766a4cac20?s=96&d=mm&r=g","contentUrl":"https:\/\/secure.gravatar.com\/avatar\/f370d38daa10467f755c5c766a4cac20?s=96&d=mm&r=g","caption":"M. N., STA"},"url":"https:\/\/hudo.com\/si\/author\/mana\/"}]}},"amp_enabled":true,"_links":{"self":[{"href":"https:\/\/hudo.com\/si\/wp-json\/wp\/v2\/posts\/454683"}],"collection":[{"href":"https:\/\/hudo.com\/si\/wp-json\/wp\/v2\/posts"}],"about":[{"href":"https:\/\/hudo.com\/si\/wp-json\/wp\/v2\/types\/post"}],"author":[{"embeddable":true,"href":"https:\/\/hudo.com\/si\/wp-json\/wp\/v2\/users\/8"}],"replies":[{"embeddable":true,"href":"https:\/\/hudo.com\/si\/wp-json\/wp\/v2\/comments?post=454683"}],"version-history":[{"count":1,"href":"https:\/\/hudo.com\/si\/wp-json\/wp\/v2\/posts\/454683\/revisions"}],"predecessor-version":[{"id":454684,"href":"https:\/\/hudo.com\/si\/wp-json\/wp\/v2\/posts\/454683\/revisions\/454684"}],"wp:featuredmedia":[{"embeddable":true,"href":"https:\/\/hudo.com\/si\/wp-json\/wp\/v2\/media\/446969"}],"wp:attachment":[{"href":"https:\/\/hudo.com\/si\/wp-json\/wp\/v2\/media?parent=454683"}],"wp:term":[{"taxonomy":"category","embeddable":true,"href":"https:\/\/hudo.com\/si\/wp-json\/wp\/v2\/categories?post=454683"},{"taxonomy":"post_tag","embeddable":true,"href":"https:\/\/hudo.com\/si\/wp-json\/wp\/v2\/tags?post=454683"},{"taxonomy":"source","embeddable":true,"href":"https:\/\/hudo.com\/si\/wp-json\/wp\/v2\/source?post=454683"},{"taxonomy":"supertag","embeddable":true,"href":"https:\/\/hudo.com\/si\/wp-json\/wp\/v2\/supertag?post=454683"}],"curies":[{"name":"wp","href":"https:\/\/api.w.org\/{rel}","templated":true}]}}