{"id":454699,"date":"2021-07-14T09:45:25","date_gmt":"2021-07-14T07:45:25","guid":{"rendered":"https:\/\/hudo.com\/si\/?p=454699"},"modified":"2021-07-14T09:45:25","modified_gmt":"2021-07-14T07:45:25","slug":"na-bledu-so-zadovoljni-junija-letos-skoraj-enkrat-vec-nocitev-kot-junija-lani","status":"publish","type":"post","link":"https:\/\/hudo.com\/si\/aktualno\/na-bledu-so-zadovoljni-junija-letos-skoraj-enkrat-vec-nocitev-kot-junija-lani\/","title":{"rendered":"Na Bledu so zadovoljni: Junija letos skoraj enkrat ve\u010d no\u010ditev kot junija lani"},"content":{"rendered":"<p>Kot so sporo\u010dili iz Turizma Bled, so gostje na Bledu junija ustvarili 40.818 no\u010ditev, medtem ko je bilo v \u0161estem lanskem mesecu no\u010ditev 24.209. Vseeno so leto\u0161nje \u0161tevilke povsem neprimerljive s predkoronskim letom 2019, ko so junija gostje na Bledu ustvarili 142.000 no\u010ditev. Kljub temu so turisti\u010dni delavci z leto\u0161njim junijem zadovoljni.<\/p>\n<p>Najve\u010d no\u010ditev, in sicer 11.979 oziroma skoraj 30 odstotkov, so ustvarili slovenski gostje. Sledijo Nemci s 7217 oziroma 18 odstotki no\u010ditev. Mad\u017eari so ustvarili 4644 no\u010ditev, sledijo \u010cehi in Avstrijci s po nekaj ve\u010d kot 2000 no\u010ditvami. Poljaki so ustvarili 1990, Srbi 1249, Ameri\u010dani pa 1004 no\u010ditve. Najve\u010djo rast Bled bele\u017ei med gosti s Poljske, ki so junija lani opravili 83 no\u010ditev. Velik porast bele\u017eijo pri gostih iz Srbije in ZDA.<\/p>\n<p>Kot je predstavnica Turizma Bled Romana Purkart pojasnila za STA, jim julija glede na prve rezultate in napovedi ka\u017ee \u0161e bolje. Prihajajo Nizozemci in \u0161e ve\u010d Nemcev. Kapacitete se tako polnijo.<\/p>\n","protected":false},"excerpt":{"rendered":"<p>Na Bledu so zadovoljni z junijskim turisti\u010dnim obiskom. Zabele\u017eili so skoraj 41.000 no\u010ditev, kar je skoraj enkrat ve\u010d kot junija lani, vendar precej manj kot junija 2019. Najve\u010d no\u010ditev so ustvarili slovenski gostje, posebno pove\u010danje pa bele\u017eijo pri gostih iz Poljske. Obetavni so tudi prvi podatki in napovedi za julij.<\/p>\n","protected":false},"author":8,"featured_media":369951,"comment_status":"closed","ping_status":"closed","sticky":false,"template":"","format":"standard","meta":{"footnotes":""},"categories":[1179],"tags":[1773,1595,1917],"source":[4511],"supertag":[7541,5675],"acf":[],"yoast_head":"<!-- This site is optimized with the Yoast SEO plugin v21.3 - https:\/\/yoast.com\/wordpress\/plugins\/seo\/ -->\n<title>Na Bledu so zadovoljni: Junija letos skoraj enkrat ve\u010d no\u010ditev kot junija lani - Hudo Slovenija<\/title>\n<meta name=\"robots\" content=\"index, follow, max-snippet:-1, max-image-preview:large, max-video-preview:-1\" \/>\n<link rel=\"canonical\" href=\"https:\/\/hudo.com\/si\/aktualno\/na-bledu-so-zadovoljni-junija-letos-skoraj-enkrat-vec-nocitev-kot-junija-lani\/\" \/>\n<meta property=\"og:locale\" content=\"sl_SI\" \/>\n<meta property=\"og:type\" content=\"article\" \/>\n<meta property=\"og:title\" content=\"Na Bledu so zadovoljni: Junija letos skoraj enkrat ve\u010d no\u010ditev kot junija lani - Hudo Slovenija\" \/>\n<meta property=\"og:description\" content=\"Na Bledu so zadovoljni z junijskim turisti\u010dnim obiskom. Zabele\u017eili so skoraj 41.000 no\u010ditev, kar je skoraj enkrat ve\u010d kot junija lani, vendar precej manj kot junija 2019. Najve\u010d no\u010ditev so ustvarili slovenski gostje, posebno pove\u010danje pa bele\u017eijo pri gostih iz Poljske. Obetavni so tudi prvi podatki in napovedi za julij.\" \/>\n<meta property=\"og:url\" content=\"https:\/\/hudo.com\/si\/aktualno\/na-bledu-so-zadovoljni-junija-letos-skoraj-enkrat-vec-nocitev-kot-junija-lani\/\" \/>\n<meta property=\"og:site_name\" content=\"Hudo Slovenija\" \/>\n<meta property=\"article:publisher\" content=\"https:\/\/www.facebook.com\/hudo.si\" \/>\n<meta property=\"article:published_time\" content=\"2021-07-14T07:45:25+00:00\" \/>\n<meta property=\"og:image\" content=\"https:\/\/hudo.com\/si\/wp-content\/uploads\/sites\/2\/2018\/05\/profimedia-0070772115.jpg\" \/>\n\t<meta property=\"og:image:width\" content=\"1250\" \/>\n\t<meta property=\"og:image:height\" content=\"831\" \/>\n\t<meta property=\"og:image:type\" content=\"image\/jpeg\" \/>\n<meta name=\"author\" content=\"M. N., STA\" \/>\n<meta name=\"twitter:card\" content=\"summary_large_image\" \/>\n<meta name=\"twitter:creator\" content=\"@hudo_si\" \/>\n<meta name=\"twitter:site\" content=\"@hudo_si\" \/>\n<meta name=\"twitter:label1\" content=\"Written by\" \/>\n\t<meta name=\"twitter:data1\" content=\"M. N., STA\" \/>\n\t<meta name=\"twitter:label2\" content=\"Est. reading time\" \/>\n\t<meta name=\"twitter:data2\" content=\"1 minuta\" \/>\n<script type=\"application\/ld+json\" class=\"yoast-schema-graph\">{\"@context\":\"https:\/\/schema.org\",\"@graph\":[{\"@type\":\"Article\",\"@id\":\"https:\/\/hudo.com\/si\/aktualno\/na-bledu-so-zadovoljni-junija-letos-skoraj-enkrat-vec-nocitev-kot-junija-lani\/#article\",\"isPartOf\":{\"@id\":\"https:\/\/hudo.com\/si\/aktualno\/na-bledu-so-zadovoljni-junija-letos-skoraj-enkrat-vec-nocitev-kot-junija-lani\/\"},\"author\":{\"name\":\"M. N., STA\",\"@id\":\"https:\/\/hudo.com\/si\/#\/schema\/person\/c2f10ce65d2e6ede2aeda5be2a0611fa\"},\"headline\":\"Na Bledu so zadovoljni: Junija letos skoraj enkrat ve\u010d no\u010ditev kot junija lani\",\"datePublished\":\"2021-07-14T07:45:25+00:00\",\"dateModified\":\"2021-07-14T07:45:25+00:00\",\"mainEntityOfPage\":{\"@id\":\"https:\/\/hudo.com\/si\/aktualno\/na-bledu-so-zadovoljni-junija-letos-skoraj-enkrat-vec-nocitev-kot-junija-lani\/\"},\"wordCount\":173,\"publisher\":{\"@id\":\"https:\/\/hudo.com\/si\/#organization\"},\"keywords\":[\"Bled\",\"Slovenija\",\"turizem\"],\"articleSection\":[\"Aktualno\"],\"inLanguage\":\"sl-SI\"},{\"@type\":\"WebPage\",\"@id\":\"https:\/\/hudo.com\/si\/aktualno\/na-bledu-so-zadovoljni-junija-letos-skoraj-enkrat-vec-nocitev-kot-junija-lani\/\",\"url\":\"https:\/\/hudo.com\/si\/aktualno\/na-bledu-so-zadovoljni-junija-letos-skoraj-enkrat-vec-nocitev-kot-junija-lani\/\",\"name\":\"Na Bledu so zadovoljni: Junija letos skoraj enkrat ve\u010d no\u010ditev kot junija lani - Hudo Slovenija\",\"isPartOf\":{\"@id\":\"https:\/\/hudo.com\/si\/#website\"},\"datePublished\":\"2021-07-14T07:45:25+00:00\",\"dateModified\":\"2021-07-14T07:45:25+00:00\",\"breadcrumb\":{\"@id\":\"https:\/\/hudo.com\/si\/aktualno\/na-bledu-so-zadovoljni-junija-letos-skoraj-enkrat-vec-nocitev-kot-junija-lani\/#breadcrumb\"},\"inLanguage\":\"sl-SI\",\"potentialAction\":[{\"@type\":\"ReadAction\",\"target\":[\"https:\/\/hudo.com\/si\/aktualno\/na-bledu-so-zadovoljni-junija-letos-skoraj-enkrat-vec-nocitev-kot-junija-lani\/\"]}]},{\"@type\":\"BreadcrumbList\",\"@id\":\"https:\/\/hudo.com\/si\/aktualno\/na-bledu-so-zadovoljni-junija-letos-skoraj-enkrat-vec-nocitev-kot-junija-lani\/#breadcrumb\",\"itemListElement\":[{\"@type\":\"ListItem\",\"position\":1,\"name\":\"Home\",\"item\":\"https:\/\/hudo.com\/si\/\"},{\"@type\":\"ListItem\",\"position\":2,\"name\":\"Na Bledu so zadovoljni: Junija letos skoraj enkrat ve\u010d no\u010ditev kot junija lani\"}]},{\"@type\":\"WebSite\",\"@id\":\"https:\/\/hudo.com\/si\/#website\",\"url\":\"https:\/\/hudo.com\/si\/\",\"name\":\"Hudo Slovenija\",\"description\":\"Vse novice iz Slovenije in sveta\",\"publisher\":{\"@id\":\"https:\/\/hudo.com\/si\/#organization\"},\"potentialAction\":[{\"@type\":\"SearchAction\",\"target\":{\"@type\":\"EntryPoint\",\"urlTemplate\":\"https:\/\/hudo.com\/si\/?s={search_term_string}\"},\"query-input\":\"required name=search_term_string\"}],\"inLanguage\":\"sl-SI\"},{\"@type\":\"Organization\",\"@id\":\"https:\/\/hudo.com\/si\/#organization\",\"name\":\"VSN Media\",\"url\":\"https:\/\/hudo.com\/si\/\",\"logo\":{\"@type\":\"ImageObject\",\"inLanguage\":\"sl-SI\",\"@id\":\"https:\/\/hudo.com\/si\/#\/schema\/logo\/image\/\",\"url\":\"https:\/\/hudo.com\/si\/wp-content\/uploads\/sites\/2\/2021\/03\/hudo-app-2.png\",\"contentUrl\":\"https:\/\/hudo.com\/si\/wp-content\/uploads\/sites\/2\/2021\/03\/hudo-app-2.png\",\"width\":2185,\"height\":2167,\"caption\":\"VSN Media\"},\"image\":{\"@id\":\"https:\/\/hudo.com\/si\/#\/schema\/logo\/image\/\"},\"sameAs\":[\"https:\/\/www.facebook.com\/hudo.si\",\"https:\/\/twitter.com\/hudo_si\"]},{\"@type\":\"Person\",\"@id\":\"https:\/\/hudo.com\/si\/#\/schema\/person\/c2f10ce65d2e6ede2aeda5be2a0611fa\",\"name\":\"M. N., STA\",\"image\":{\"@type\":\"ImageObject\",\"inLanguage\":\"sl-SI\",\"@id\":\"https:\/\/hudo.com\/si\/#\/schema\/person\/image\/\",\"url\":\"https:\/\/secure.gravatar.com\/avatar\/f370d38daa10467f755c5c766a4cac20?s=96&d=mm&r=g\",\"contentUrl\":\"https:\/\/secure.gravatar.com\/avatar\/f370d38daa10467f755c5c766a4cac20?s=96&d=mm&r=g\",\"caption\":\"M. N., STA\"},\"url\":\"https:\/\/hudo.com\/si\/author\/mana\/\"}]}<\/script>\n<!-- \/ Yoast SEO plugin. -->","yoast_head_json":{"title":"Na Bledu so zadovoljni: Junija letos skoraj enkrat ve\u010d no\u010ditev kot junija lani - Hudo Slovenija","robots":{"index":"index","follow":"follow","max-snippet":"max-snippet:-1","max-image-preview":"max-image-preview:large","max-video-preview":"max-video-preview:-1"},"canonical":"https:\/\/hudo.com\/si\/aktualno\/na-bledu-so-zadovoljni-junija-letos-skoraj-enkrat-vec-nocitev-kot-junija-lani\/","og_locale":"sl_SI","og_type":"article","og_title":"Na Bledu so zadovoljni: Junija letos skoraj enkrat ve\u010d no\u010ditev kot junija lani - Hudo Slovenija","og_description":"Na Bledu so zadovoljni z junijskim turisti\u010dnim obiskom. Zabele\u017eili so skoraj 41.000 no\u010ditev, kar je skoraj enkrat ve\u010d kot junija lani, vendar precej manj kot junija 2019. Najve\u010d no\u010ditev so ustvarili slovenski gostje, posebno pove\u010danje pa bele\u017eijo pri gostih iz Poljske. Obetavni so tudi prvi podatki in napovedi za julij.","og_url":"https:\/\/hudo.com\/si\/aktualno\/na-bledu-so-zadovoljni-junija-letos-skoraj-enkrat-vec-nocitev-kot-junija-lani\/","og_site_name":"Hudo Slovenija","article_publisher":"https:\/\/www.facebook.com\/hudo.si","article_published_time":"2021-07-14T07:45:25+00:00","og_image":[{"width":1250,"height":831,"url":"https:\/\/hudo.com\/si\/wp-content\/uploads\/sites\/2\/2018\/05\/profimedia-0070772115.jpg","type":"image\/jpeg"}],"author":"M. N., STA","twitter_card":"summary_large_image","twitter_creator":"@hudo_si","twitter_site":"@hudo_si","twitter_misc":{"Written by":"M. N., STA","Est. reading time":"1 minuta"},"schema":{"@context":"https:\/\/schema.org","@graph":[{"@type":"Article","@id":"https:\/\/hudo.com\/si\/aktualno\/na-bledu-so-zadovoljni-junija-letos-skoraj-enkrat-vec-nocitev-kot-junija-lani\/#article","isPartOf":{"@id":"https:\/\/hudo.com\/si\/aktualno\/na-bledu-so-zadovoljni-junija-letos-skoraj-enkrat-vec-nocitev-kot-junija-lani\/"},"author":{"name":"M. N., STA","@id":"https:\/\/hudo.com\/si\/#\/schema\/person\/c2f10ce65d2e6ede2aeda5be2a0611fa"},"headline":"Na Bledu so zadovoljni: Junija letos skoraj enkrat ve\u010d no\u010ditev kot junija lani","datePublished":"2021-07-14T07:45:25+00:00","dateModified":"2021-07-14T07:45:25+00:00","mainEntityOfPage":{"@id":"https:\/\/hudo.com\/si\/aktualno\/na-bledu-so-zadovoljni-junija-letos-skoraj-enkrat-vec-nocitev-kot-junija-lani\/"},"wordCount":173,"publisher":{"@id":"https:\/\/hudo.com\/si\/#organization"},"keywords":["Bled","Slovenija","turizem"],"articleSection":["Aktualno"],"inLanguage":"sl-SI"},{"@type":"WebPage","@id":"https:\/\/hudo.com\/si\/aktualno\/na-bledu-so-zadovoljni-junija-letos-skoraj-enkrat-vec-nocitev-kot-junija-lani\/","url":"https:\/\/hudo.com\/si\/aktualno\/na-bledu-so-zadovoljni-junija-letos-skoraj-enkrat-vec-nocitev-kot-junija-lani\/","name":"Na Bledu so zadovoljni: Junija letos skoraj enkrat ve\u010d no\u010ditev kot junija lani - Hudo Slovenija","isPartOf":{"@id":"https:\/\/hudo.com\/si\/#website"},"datePublished":"2021-07-14T07:45:25+00:00","dateModified":"2021-07-14T07:45:25+00:00","breadcrumb":{"@id":"https:\/\/hudo.com\/si\/aktualno\/na-bledu-so-zadovoljni-junija-letos-skoraj-enkrat-vec-nocitev-kot-junija-lani\/#breadcrumb"},"inLanguage":"sl-SI","potentialAction":[{"@type":"ReadAction","target":["https:\/\/hudo.com\/si\/aktualno\/na-bledu-so-zadovoljni-junija-letos-skoraj-enkrat-vec-nocitev-kot-junija-lani\/"]}]},{"@type":"BreadcrumbList","@id":"https:\/\/hudo.com\/si\/aktualno\/na-bledu-so-zadovoljni-junija-letos-skoraj-enkrat-vec-nocitev-kot-junija-lani\/#breadcrumb","itemListElement":[{"@type":"ListItem","position":1,"name":"Home","item":"https:\/\/hudo.com\/si\/"},{"@type":"ListItem","position":2,"name":"Na Bledu so zadovoljni: Junija letos skoraj enkrat ve\u010d no\u010ditev kot junija lani"}]},{"@type":"WebSite","@id":"https:\/\/hudo.com\/si\/#website","url":"https:\/\/hudo.com\/si\/","name":"Hudo Slovenija","description":"Vse novice iz Slovenije in sveta","publisher":{"@id":"https:\/\/hudo.com\/si\/#organization"},"potentialAction":[{"@type":"SearchAction","target":{"@type":"EntryPoint","urlTemplate":"https:\/\/hudo.com\/si\/?s={search_term_string}"},"query-input":"required name=search_term_string"}],"inLanguage":"sl-SI"},{"@type":"Organization","@id":"https:\/\/hudo.com\/si\/#organization","name":"VSN Media","url":"https:\/\/hudo.com\/si\/","logo":{"@type":"ImageObject","inLanguage":"sl-SI","@id":"https:\/\/hudo.com\/si\/#\/schema\/logo\/image\/","url":"https:\/\/hudo.com\/si\/wp-content\/uploads\/sites\/2\/2021\/03\/hudo-app-2.png","contentUrl":"https:\/\/hudo.com\/si\/wp-content\/uploads\/sites\/2\/2021\/03\/hudo-app-2.png","width":2185,"height":2167,"caption":"VSN Media"},"image":{"@id":"https:\/\/hudo.com\/si\/#\/schema\/logo\/image\/"},"sameAs":["https:\/\/www.facebook.com\/hudo.si","https:\/\/twitter.com\/hudo_si"]},{"@type":"Person","@id":"https:\/\/hudo.com\/si\/#\/schema\/person\/c2f10ce65d2e6ede2aeda5be2a0611fa","name":"M. N., STA","image":{"@type":"ImageObject","inLanguage":"sl-SI","@id":"https:\/\/hudo.com\/si\/#\/schema\/person\/image\/","url":"https:\/\/secure.gravatar.com\/avatar\/f370d38daa10467f755c5c766a4cac20?s=96&d=mm&r=g","contentUrl":"https:\/\/secure.gravatar.com\/avatar\/f370d38daa10467f755c5c766a4cac20?s=96&d=mm&r=g","caption":"M. N., STA"},"url":"https:\/\/hudo.com\/si\/author\/mana\/"}]}},"amp_enabled":true,"_links":{"self":[{"href":"https:\/\/hudo.com\/si\/wp-json\/wp\/v2\/posts\/454699"}],"collection":[{"href":"https:\/\/hudo.com\/si\/wp-json\/wp\/v2\/posts"}],"about":[{"href":"https:\/\/hudo.com\/si\/wp-json\/wp\/v2\/types\/post"}],"author":[{"embeddable":true,"href":"https:\/\/hudo.com\/si\/wp-json\/wp\/v2\/users\/8"}],"replies":[{"embeddable":true,"href":"https:\/\/hudo.com\/si\/wp-json\/wp\/v2\/comments?post=454699"}],"version-history":[{"count":1,"href":"https:\/\/hudo.com\/si\/wp-json\/wp\/v2\/posts\/454699\/revisions"}],"predecessor-version":[{"id":454700,"href":"https:\/\/hudo.com\/si\/wp-json\/wp\/v2\/posts\/454699\/revisions\/454700"}],"wp:featuredmedia":[{"embeddable":true,"href":"https:\/\/hudo.com\/si\/wp-json\/wp\/v2\/media\/369951"}],"wp:attachment":[{"href":"https:\/\/hudo.com\/si\/wp-json\/wp\/v2\/media?parent=454699"}],"wp:term":[{"taxonomy":"category","embeddable":true,"href":"https:\/\/hudo.com\/si\/wp-json\/wp\/v2\/categories?post=454699"},{"taxonomy":"post_tag","embeddable":true,"href":"https:\/\/hudo.com\/si\/wp-json\/wp\/v2\/tags?post=454699"},{"taxonomy":"source","embeddable":true,"href":"https:\/\/hudo.com\/si\/wp-json\/wp\/v2\/source?post=454699"},{"taxonomy":"supertag","embeddable":true,"href":"https:\/\/hudo.com\/si\/wp-json\/wp\/v2\/supertag?post=454699"}],"curies":[{"name":"wp","href":"https:\/\/api.w.org\/{rel}","templated":true}]}}