{"id":454729,"date":"2021-07-14T13:05:13","date_gmt":"2021-07-14T11:05:13","guid":{"rendered":"https:\/\/hudo.com\/si\/?p=454729"},"modified":"2021-07-14T13:05:13","modified_gmt":"2021-07-14T11:05:13","slug":"financiranje-zasebnih-sol-znova-razburja-opozicija-nasprotuje-vladnem-predlogu-zakona","status":"publish","type":"post","link":"https:\/\/hudo.com\/si\/aktualno\/slovenija\/financiranje-zasebnih-sol-znova-razburja-opozicija-nasprotuje-vladnem-predlogu-zakona\/","title":{"rendered":"Financiranje zasebnih \u0161ol znova razburja, opozicija nasprotuje vladnem predlogu zakona"},"content":{"rendered":"<p>Predlog novele zakona o organizaciji in financiranju vzgoje in izobra\u017eevanja, ki so ga v za\u010detku maja v parlamentarno proceduro vlo\u017eili poslanci SDS, NSi in SMC, predvideva, da dr\u017eava zagotovi 100 odstotkov sredstev za obvezni program in 85 odstotkov sredstev za izvajanje raz\u0161irjenega programa, torej dopolnilnega pouka, podalj\u0161anega bivanja in jutranjega varstva v zasebnih osnovnih \u0161olah. Teh je v Sloveniji \u0161est, javnih osnovnih \u0161ol in podru\u017eni\u010dnih \u0161ol pa je v Sloveniji 448, so v dana\u0161nji razpravi v DZ izpostavili mnogi poslanci.<\/p>\n<p>Ustavno sodi\u0161\u010de je prvi\u010d leta 2014 odlo\u010dilo, da sedanji sistem, ko zasebne osnovne \u0161ole z javno veljavnim in akreditiranim programom niso enako financirane kot javne \u0161ole. V teh letih je neslavno propadlo ve\u010d predlogov za uresni\u010ditev odlo\u010ditve ustavnega sodi\u0161\u010da, ker nikoli ni bilo zadostne politi\u010dne podpore nobeni od predlaganih re\u0161itev. Z lansko dodatno ustavno odlo\u010dbo pa je odlo\u010dilo, da mora dr\u017eava 100-odstotno financirati obvezni del programa.<\/p>\n<p>Tokratno re\u0161itev, ki so jo pripravili koalicijski poslanci, podpirajo tudi v vladi. Dr\u017eavni sekretar na ministrstvu za izobra\u017eevanje, znanost in \u0161port Damir Orehovec je danes pojasnil, da re\u0161itev ustrezno sledi odlo\u010dbama ustavnega sodi\u0161\u010da.<\/p>\n<p>Mojca \u0160krinjar (SDS) je v imenu predlagateljev danes izpostavila, da njihov predlog novele zagotavlja uresni\u010devanje \u010dlovekove pravice do svobodne izbire izobra\u017eevanja, ustavno sodi\u0161\u010de pa je povedalo, da mora biti za izobra\u017eevanje zagotovljeno tudi primerno financiranje. Ob tem je poslanec SDS Toma\u017e Lisec ocenil, da &#8220;danes ne gre za nobeno razpravo o javnih in zasebnih \u0161olah, temve\u010d o tem, ali bomo spo\u0161tovali ustavni red ali ne&#8221;.<\/p>\n<p>Predlog novele podpirajo tudi v SMC. Mateja Udov\u010d je spomnila na odlo\u010dbi ustavnega sodi\u0161\u010da glede financiranja zasebnih \u0161ol in poudarila, da ker je osnovna \u0161ola obvezna, mora dr\u017eava v celoti financirati vse akreditirane osnovno\u0161olske programe, tudi zasebne.<\/p>\n<p>Da je cilj zakona uresni\u010ditev ustavne odlo\u010dbe, je poudarila tudi Iva Dimic (NSi). &#8220;V Sloveniji je \u0161est zasebnih \u0161ol in 448 dr\u017eavnih, zato je bojazen, da bi se javno osnovno\u0161olsko izobra\u017eevanje v Sloveniji uni\u010dilo, odve\u010d,&#8221; je zatrdila. Po njenih besedah gre za 300.000 evrov letno in za \u017ee drugo odlo\u010dbo ustavnega sodi\u0161\u010da v tej zadevi. &#8220;V NSi upo\u0161tevamo odlo\u010dbe ustavnega sodi\u0161\u010da,&#8221; je dejala poslanka.<\/p>\n<p>Ivan Hr\u0161ak je poudaril, da mora \u0161olanje po mnenju poslanske skupine DeSUS ostati svetovnonazorsko in versko nepristransko. &#8220;Izobrazba in zdravje sta namre\u010d temeljni \u017eivljenjski dobrini in na teh to\u010dkah ne gre dopu\u0161\u010dati polariziranja dr\u017eavljanov glede na njihove ekonomske zmo\u017enosti zagotavljanja si teh dobrin,&#8221; je dejal.<\/p>\n<p>Branislav Raji\u0107 (NeP) je spomnil, da je predlog, podoben danes obravnavanemu, \u017ee predstavila ministrica v vladi Mira Cerarja, a so mu takrat nasprotovali v vseh strankah. Sam tak predlog podpira, je pa po njegovem mnenju treba vpeljati varovalke glede ustanavljanja in delovanja zasebnih \u0161ol. Zato so nepovezani poslanci vlo\u017eili dopolnila k zakonskemu predlogu, s katerimi bi zasebnim \u0161olam postavili kriterije za njihovo upravi\u010denost do javnega financiranja.<\/p>\n<p>V SNS menijo, da ni vse javno slabo in ne vse zasebno dobro, je dejal Jani Ivanu\u0161a. Spomnil je, da je ustavno sodi\u0161\u010de v lanski odlo\u010dbi povedalo, da mora dr\u017eava v celoti financirati obvezni del programa zasebnih osnovnih \u0161ol, ne pa tudi raz\u0161irjenega programa v zasebnih osnovnih \u0161olah s pridobljenim javno veljavnim programom.<\/p>\n<p>Odlo\u010dno proti predlogu so v LM\u0160. Poslanec Alja\u017e Kova\u010di\u010d je zavrnil argumentacijo, da gre pri financiranju zasebnih osnovnih \u0161ol za samo 300.000 evrov. po njegovih besedah &#8220;v tem primeru ni vpra\u0161anje denar, ampak sistem, ki vsakemu otroku, ne glede na narodnost, raso, spol, jezik, vero, dru\u017ebeni polo\u017eaj, politi\u010dno ali katerokoli dru\u017ebeno prepri\u010danje zagotavlja kakovostno in dostopno izobra\u017eevanje&#8221;.<\/p>\n<p>Poslanec SD Marko Koprivc je zakonski predlog ozna\u010dil za poskus uni\u010denja javnega \u0161olstva. &#8220;V SD se bomo z vsemi mo\u010dmi borili proti temu. \u010ce ne bo danes prevladal razum, bomo uporabili vsa sredstva, da ta zakon ne stopi v veljavo. Ne izklju\u010dujemo niti mo\u017enosti referenduma,&#8221; je napovedal poslanec. Po njegovi oceni je financiranje raz\u0161irjenega programa v osnovnih \u0161olah zgolj politi\u010dna odlo\u010ditev in gre za neprimerna darila zasebnim \u0161olam.<\/p>\n<p>Da je predlagana re\u0161itev za financiranje zasebnih \u0161ol problemati\u010dna in ni edina mo\u017ena re\u0161itev za uresni\u010ditev ustavne odlo\u010dbe, je opozoril poslanec Levice Matej T. Vatovec. &#8220;Zasebne \u0161ole bodo po tem predlogu dobile zagon, da se za\u010dnejo \u0161iriti. Javno financiranje zasebnih interesov je v \u0161kodo \u0161iroke javne mre\u017ee \u0161ol in njihove dostopnosti,&#8221; je poudaril.<\/p>\n<p>Ma\u0161a Kociper (SAB) pa je spomnila, da na obmo\u010djih, kjer \u017eivi zelo malo ljudi, obstajajo le javne \u0161ole. Dr\u017eava zgradi objekte, pla\u010duje u\u010ditelje. &#8220;Zasebno \u0161olstvo je lahko le dopolnitev, ki naj ga financirajo tisti, ki to \u017eelijo. Dr\u017eava pa mora vlagati v javno \u0161olstvo,&#8221; je dejala.<\/p>\n<p>Poslanci nadaljujejo razpravo. Danes je za to to\u010dko predvidenih dobrih pet ur razprave, glasovanje o predlogu novele bo v \u010detrtek.<\/p>\n","protected":false},"excerpt":{"rendered":"<p>V dana\u0161nji razpravi DZ o predlogu novele za ureditev financiranja zasebnih \u0161ol, s katero \u017eelijo koalicijski poslanci uresni\u010diti odlo\u010dbi ustavnega sodi\u0161\u010da, se znova razgaljajo razli\u010dna prepri\u010danja o tem, kako urediti to podro\u010dje. DZ predlog novele obravnava po skraj\u0161anem postopku, o njem bodo glasovali v \u010detrtek.<\/p>\n","protected":false},"author":7,"featured_media":454731,"comment_status":"closed","ping_status":"closed","sticky":false,"template":"","format":"standard","meta":{"footnotes":""},"categories":[18201],"tags":[14930],"source":[4511],"supertag":[],"acf":[],"yoast_head":"<!-- This site is optimized with the Yoast SEO plugin v21.3 - https:\/\/yoast.com\/wordpress\/plugins\/seo\/ -->\n<title>Financiranje zasebnih \u0161ol znova razburja, opozicija nasprotuje vladnem predlogu zakona - Hudo Slovenija<\/title>\n<meta name=\"robots\" content=\"index, follow, max-snippet:-1, max-image-preview:large, max-video-preview:-1\" \/>\n<link rel=\"canonical\" href=\"https:\/\/hudo.com\/si\/aktualno\/slovenija\/financiranje-zasebnih-sol-znova-razburja-opozicija-nasprotuje-vladnem-predlogu-zakona\/\" \/>\n<meta property=\"og:locale\" content=\"sl_SI\" \/>\n<meta property=\"og:type\" content=\"article\" \/>\n<meta property=\"og:title\" content=\"Financiranje zasebnih \u0161ol znova razburja, opozicija nasprotuje vladnem predlogu zakona - Hudo Slovenija\" \/>\n<meta property=\"og:description\" content=\"V dana\u0161nji razpravi DZ o predlogu novele za ureditev financiranja zasebnih \u0161ol, s katero \u017eelijo koalicijski poslanci uresni\u010diti odlo\u010dbi ustavnega sodi\u0161\u010da, se znova razgaljajo razli\u010dna prepri\u010danja o tem, kako urediti to podro\u010dje. DZ predlog novele obravnava po skraj\u0161anem postopku, o njem bodo glasovali v \u010detrtek.\" \/>\n<meta property=\"og:url\" content=\"https:\/\/hudo.com\/si\/aktualno\/slovenija\/financiranje-zasebnih-sol-znova-razburja-opozicija-nasprotuje-vladnem-predlogu-zakona\/\" \/>\n<meta property=\"og:site_name\" content=\"Hudo Slovenija\" \/>\n<meta property=\"article:publisher\" content=\"https:\/\/www.facebook.com\/hudo.si\" \/>\n<meta property=\"article:published_time\" content=\"2021-07-14T11:05:13+00:00\" \/>\n<meta property=\"og:image\" content=\"https:\/\/hudo.com\/si\/wp-content\/uploads\/sites\/2\/2021\/07\/profimedia-0048856590.jpg\" \/>\n\t<meta property=\"og:image:width\" content=\"1250\" \/>\n\t<meta property=\"og:image:height\" content=\"831\" \/>\n\t<meta property=\"og:image:type\" content=\"image\/jpeg\" \/>\n<meta name=\"author\" content=\"A. P., STA\" \/>\n<meta name=\"twitter:card\" content=\"summary_large_image\" \/>\n<meta name=\"twitter:creator\" content=\"@hudo_si\" \/>\n<meta name=\"twitter:site\" content=\"@hudo_si\" \/>\n<meta name=\"twitter:label1\" content=\"Written by\" \/>\n\t<meta name=\"twitter:data1\" content=\"A. P., STA\" \/>\n\t<meta name=\"twitter:label2\" content=\"Est. reading time\" \/>\n\t<meta name=\"twitter:data2\" content=\"4 minute\" \/>\n<script type=\"application\/ld+json\" class=\"yoast-schema-graph\">{\"@context\":\"https:\/\/schema.org\",\"@graph\":[{\"@type\":\"Article\",\"@id\":\"https:\/\/hudo.com\/si\/aktualno\/slovenija\/financiranje-zasebnih-sol-znova-razburja-opozicija-nasprotuje-vladnem-predlogu-zakona\/#article\",\"isPartOf\":{\"@id\":\"https:\/\/hudo.com\/si\/aktualno\/slovenija\/financiranje-zasebnih-sol-znova-razburja-opozicija-nasprotuje-vladnem-predlogu-zakona\/\"},\"author\":{\"name\":\"A. P., STA\",\"@id\":\"https:\/\/hudo.com\/si\/#\/schema\/person\/18f09c02475ba9e606e941a565b80cff\"},\"headline\":\"Financiranje zasebnih \u0161ol znova razburja, opozicija nasprotuje vladnem predlogu zakona\",\"datePublished\":\"2021-07-14T11:05:13+00:00\",\"dateModified\":\"2021-07-14T11:05:13+00:00\",\"mainEntityOfPage\":{\"@id\":\"https:\/\/hudo.com\/si\/aktualno\/slovenija\/financiranje-zasebnih-sol-znova-razburja-opozicija-nasprotuje-vladnem-predlogu-zakona\/\"},\"wordCount\":845,\"publisher\":{\"@id\":\"https:\/\/hudo.com\/si\/#organization\"},\"keywords\":[\"zasebne \u0161ole\"],\"articleSection\":[\"Slovenija\"],\"inLanguage\":\"sl-SI\"},{\"@type\":\"WebPage\",\"@id\":\"https:\/\/hudo.com\/si\/aktualno\/slovenija\/financiranje-zasebnih-sol-znova-razburja-opozicija-nasprotuje-vladnem-predlogu-zakona\/\",\"url\":\"https:\/\/hudo.com\/si\/aktualno\/slovenija\/financiranje-zasebnih-sol-znova-razburja-opozicija-nasprotuje-vladnem-predlogu-zakona\/\",\"name\":\"Financiranje zasebnih \u0161ol znova razburja, opozicija nasprotuje vladnem predlogu zakona - Hudo Slovenija\",\"isPartOf\":{\"@id\":\"https:\/\/hudo.com\/si\/#website\"},\"datePublished\":\"2021-07-14T11:05:13+00:00\",\"dateModified\":\"2021-07-14T11:05:13+00:00\",\"breadcrumb\":{\"@id\":\"https:\/\/hudo.com\/si\/aktualno\/slovenija\/financiranje-zasebnih-sol-znova-razburja-opozicija-nasprotuje-vladnem-predlogu-zakona\/#breadcrumb\"},\"inLanguage\":\"sl-SI\",\"potentialAction\":[{\"@type\":\"ReadAction\",\"target\":[\"https:\/\/hudo.com\/si\/aktualno\/slovenija\/financiranje-zasebnih-sol-znova-razburja-opozicija-nasprotuje-vladnem-predlogu-zakona\/\"]}]},{\"@type\":\"BreadcrumbList\",\"@id\":\"https:\/\/hudo.com\/si\/aktualno\/slovenija\/financiranje-zasebnih-sol-znova-razburja-opozicija-nasprotuje-vladnem-predlogu-zakona\/#breadcrumb\",\"itemListElement\":[{\"@type\":\"ListItem\",\"position\":1,\"name\":\"Home\",\"item\":\"https:\/\/hudo.com\/si\/\"},{\"@type\":\"ListItem\",\"position\":2,\"name\":\"Financiranje zasebnih \u0161ol znova razburja, opozicija nasprotuje vladnem predlogu zakona\"}]},{\"@type\":\"WebSite\",\"@id\":\"https:\/\/hudo.com\/si\/#website\",\"url\":\"https:\/\/hudo.com\/si\/\",\"name\":\"Hudo Slovenija\",\"description\":\"Vse novice iz Slovenije in sveta\",\"publisher\":{\"@id\":\"https:\/\/hudo.com\/si\/#organization\"},\"potentialAction\":[{\"@type\":\"SearchAction\",\"target\":{\"@type\":\"EntryPoint\",\"urlTemplate\":\"https:\/\/hudo.com\/si\/?s={search_term_string}\"},\"query-input\":\"required name=search_term_string\"}],\"inLanguage\":\"sl-SI\"},{\"@type\":\"Organization\",\"@id\":\"https:\/\/hudo.com\/si\/#organization\",\"name\":\"VSN Media\",\"url\":\"https:\/\/hudo.com\/si\/\",\"logo\":{\"@type\":\"ImageObject\",\"inLanguage\":\"sl-SI\",\"@id\":\"https:\/\/hudo.com\/si\/#\/schema\/logo\/image\/\",\"url\":\"https:\/\/hudo.com\/si\/wp-content\/uploads\/sites\/2\/2021\/03\/hudo-app-2.png\",\"contentUrl\":\"https:\/\/hudo.com\/si\/wp-content\/uploads\/sites\/2\/2021\/03\/hudo-app-2.png\",\"width\":2185,\"height\":2167,\"caption\":\"VSN Media\"},\"image\":{\"@id\":\"https:\/\/hudo.com\/si\/#\/schema\/logo\/image\/\"},\"sameAs\":[\"https:\/\/www.facebook.com\/hudo.si\",\"https:\/\/twitter.com\/hudo_si\"]},{\"@type\":\"Person\",\"@id\":\"https:\/\/hudo.com\/si\/#\/schema\/person\/18f09c02475ba9e606e941a565b80cff\",\"name\":\"A. P., STA\",\"image\":{\"@type\":\"ImageObject\",\"inLanguage\":\"sl-SI\",\"@id\":\"https:\/\/hudo.com\/si\/#\/schema\/person\/image\/\",\"url\":\"https:\/\/secure.gravatar.com\/avatar\/03eac8e609f5f04383125d80eaeaaf3e?s=96&d=mm&r=g\",\"contentUrl\":\"https:\/\/secure.gravatar.com\/avatar\/03eac8e609f5f04383125d80eaeaaf3e?s=96&d=mm&r=g\",\"caption\":\"A. P., STA\"},\"url\":\"https:\/\/hudo.com\/si\/author\/lubu\/\"}]}<\/script>\n<!-- \/ Yoast SEO plugin. -->","yoast_head_json":{"title":"Financiranje zasebnih \u0161ol znova razburja, opozicija nasprotuje vladnem predlogu zakona - Hudo Slovenija","robots":{"index":"index","follow":"follow","max-snippet":"max-snippet:-1","max-image-preview":"max-image-preview:large","max-video-preview":"max-video-preview:-1"},"canonical":"https:\/\/hudo.com\/si\/aktualno\/slovenija\/financiranje-zasebnih-sol-znova-razburja-opozicija-nasprotuje-vladnem-predlogu-zakona\/","og_locale":"sl_SI","og_type":"article","og_title":"Financiranje zasebnih \u0161ol znova razburja, opozicija nasprotuje vladnem predlogu zakona - Hudo Slovenija","og_description":"V dana\u0161nji razpravi DZ o predlogu novele za ureditev financiranja zasebnih \u0161ol, s katero \u017eelijo koalicijski poslanci uresni\u010diti odlo\u010dbi ustavnega sodi\u0161\u010da, se znova razgaljajo razli\u010dna prepri\u010danja o tem, kako urediti to podro\u010dje. DZ predlog novele obravnava po skraj\u0161anem postopku, o njem bodo glasovali v \u010detrtek.","og_url":"https:\/\/hudo.com\/si\/aktualno\/slovenija\/financiranje-zasebnih-sol-znova-razburja-opozicija-nasprotuje-vladnem-predlogu-zakona\/","og_site_name":"Hudo Slovenija","article_publisher":"https:\/\/www.facebook.com\/hudo.si","article_published_time":"2021-07-14T11:05:13+00:00","og_image":[{"width":1250,"height":831,"url":"https:\/\/hudo.com\/si\/wp-content\/uploads\/sites\/2\/2021\/07\/profimedia-0048856590.jpg","type":"image\/jpeg"}],"author":"A. P., STA","twitter_card":"summary_large_image","twitter_creator":"@hudo_si","twitter_site":"@hudo_si","twitter_misc":{"Written by":"A. P., STA","Est. reading time":"4 minute"},"schema":{"@context":"https:\/\/schema.org","@graph":[{"@type":"Article","@id":"https:\/\/hudo.com\/si\/aktualno\/slovenija\/financiranje-zasebnih-sol-znova-razburja-opozicija-nasprotuje-vladnem-predlogu-zakona\/#article","isPartOf":{"@id":"https:\/\/hudo.com\/si\/aktualno\/slovenija\/financiranje-zasebnih-sol-znova-razburja-opozicija-nasprotuje-vladnem-predlogu-zakona\/"},"author":{"name":"A. P., STA","@id":"https:\/\/hudo.com\/si\/#\/schema\/person\/18f09c02475ba9e606e941a565b80cff"},"headline":"Financiranje zasebnih \u0161ol znova razburja, opozicija nasprotuje vladnem predlogu zakona","datePublished":"2021-07-14T11:05:13+00:00","dateModified":"2021-07-14T11:05:13+00:00","mainEntityOfPage":{"@id":"https:\/\/hudo.com\/si\/aktualno\/slovenija\/financiranje-zasebnih-sol-znova-razburja-opozicija-nasprotuje-vladnem-predlogu-zakona\/"},"wordCount":845,"publisher":{"@id":"https:\/\/hudo.com\/si\/#organization"},"keywords":["zasebne \u0161ole"],"articleSection":["Slovenija"],"inLanguage":"sl-SI"},{"@type":"WebPage","@id":"https:\/\/hudo.com\/si\/aktualno\/slovenija\/financiranje-zasebnih-sol-znova-razburja-opozicija-nasprotuje-vladnem-predlogu-zakona\/","url":"https:\/\/hudo.com\/si\/aktualno\/slovenija\/financiranje-zasebnih-sol-znova-razburja-opozicija-nasprotuje-vladnem-predlogu-zakona\/","name":"Financiranje zasebnih \u0161ol znova razburja, opozicija nasprotuje vladnem predlogu zakona - Hudo Slovenija","isPartOf":{"@id":"https:\/\/hudo.com\/si\/#website"},"datePublished":"2021-07-14T11:05:13+00:00","dateModified":"2021-07-14T11:05:13+00:00","breadcrumb":{"@id":"https:\/\/hudo.com\/si\/aktualno\/slovenija\/financiranje-zasebnih-sol-znova-razburja-opozicija-nasprotuje-vladnem-predlogu-zakona\/#breadcrumb"},"inLanguage":"sl-SI","potentialAction":[{"@type":"ReadAction","target":["https:\/\/hudo.com\/si\/aktualno\/slovenija\/financiranje-zasebnih-sol-znova-razburja-opozicija-nasprotuje-vladnem-predlogu-zakona\/"]}]},{"@type":"BreadcrumbList","@id":"https:\/\/hudo.com\/si\/aktualno\/slovenija\/financiranje-zasebnih-sol-znova-razburja-opozicija-nasprotuje-vladnem-predlogu-zakona\/#breadcrumb","itemListElement":[{"@type":"ListItem","position":1,"name":"Home","item":"https:\/\/hudo.com\/si\/"},{"@type":"ListItem","position":2,"name":"Financiranje zasebnih \u0161ol znova razburja, opozicija nasprotuje vladnem predlogu zakona"}]},{"@type":"WebSite","@id":"https:\/\/hudo.com\/si\/#website","url":"https:\/\/hudo.com\/si\/","name":"Hudo Slovenija","description":"Vse novice iz Slovenije in sveta","publisher":{"@id":"https:\/\/hudo.com\/si\/#organization"},"potentialAction":[{"@type":"SearchAction","target":{"@type":"EntryPoint","urlTemplate":"https:\/\/hudo.com\/si\/?s={search_term_string}"},"query-input":"required name=search_term_string"}],"inLanguage":"sl-SI"},{"@type":"Organization","@id":"https:\/\/hudo.com\/si\/#organization","name":"VSN Media","url":"https:\/\/hudo.com\/si\/","logo":{"@type":"ImageObject","inLanguage":"sl-SI","@id":"https:\/\/hudo.com\/si\/#\/schema\/logo\/image\/","url":"https:\/\/hudo.com\/si\/wp-content\/uploads\/sites\/2\/2021\/03\/hudo-app-2.png","contentUrl":"https:\/\/hudo.com\/si\/wp-content\/uploads\/sites\/2\/2021\/03\/hudo-app-2.png","width":2185,"height":2167,"caption":"VSN Media"},"image":{"@id":"https:\/\/hudo.com\/si\/#\/schema\/logo\/image\/"},"sameAs":["https:\/\/www.facebook.com\/hudo.si","https:\/\/twitter.com\/hudo_si"]},{"@type":"Person","@id":"https:\/\/hudo.com\/si\/#\/schema\/person\/18f09c02475ba9e606e941a565b80cff","name":"A. P., STA","image":{"@type":"ImageObject","inLanguage":"sl-SI","@id":"https:\/\/hudo.com\/si\/#\/schema\/person\/image\/","url":"https:\/\/secure.gravatar.com\/avatar\/03eac8e609f5f04383125d80eaeaaf3e?s=96&d=mm&r=g","contentUrl":"https:\/\/secure.gravatar.com\/avatar\/03eac8e609f5f04383125d80eaeaaf3e?s=96&d=mm&r=g","caption":"A. P., STA"},"url":"https:\/\/hudo.com\/si\/author\/lubu\/"}]}},"amp_enabled":true,"_links":{"self":[{"href":"https:\/\/hudo.com\/si\/wp-json\/wp\/v2\/posts\/454729"}],"collection":[{"href":"https:\/\/hudo.com\/si\/wp-json\/wp\/v2\/posts"}],"about":[{"href":"https:\/\/hudo.com\/si\/wp-json\/wp\/v2\/types\/post"}],"author":[{"embeddable":true,"href":"https:\/\/hudo.com\/si\/wp-json\/wp\/v2\/users\/7"}],"replies":[{"embeddable":true,"href":"https:\/\/hudo.com\/si\/wp-json\/wp\/v2\/comments?post=454729"}],"version-history":[{"count":1,"href":"https:\/\/hudo.com\/si\/wp-json\/wp\/v2\/posts\/454729\/revisions"}],"predecessor-version":[{"id":454732,"href":"https:\/\/hudo.com\/si\/wp-json\/wp\/v2\/posts\/454729\/revisions\/454732"}],"wp:featuredmedia":[{"embeddable":true,"href":"https:\/\/hudo.com\/si\/wp-json\/wp\/v2\/media\/454731"}],"wp:attachment":[{"href":"https:\/\/hudo.com\/si\/wp-json\/wp\/v2\/media?parent=454729"}],"wp:term":[{"taxonomy":"category","embeddable":true,"href":"https:\/\/hudo.com\/si\/wp-json\/wp\/v2\/categories?post=454729"},{"taxonomy":"post_tag","embeddable":true,"href":"https:\/\/hudo.com\/si\/wp-json\/wp\/v2\/tags?post=454729"},{"taxonomy":"source","embeddable":true,"href":"https:\/\/hudo.com\/si\/wp-json\/wp\/v2\/source?post=454729"},{"taxonomy":"supertag","embeddable":true,"href":"https:\/\/hudo.com\/si\/wp-json\/wp\/v2\/supertag?post=454729"}],"curies":[{"name":"wp","href":"https:\/\/api.w.org\/{rel}","templated":true}]}}